{"id":81233,"date":"2024-05-16T17:12:25","date_gmt":"2024-05-16T22:12:25","guid":{"rendered":"https:\/\/www.ucaldas.edu.co\/portal\/?p=81233"},"modified":"2024-05-16T17:12:25","modified_gmt":"2024-05-16T22:12:25","slug":"ips-de-la-universidad-de-caldas-aporto-al-estudio-de-interes-nacional-sobre-la-efectividad-de-las-vacunas-anti-covid-19","status":"publish","type":"post","link":"https:\/\/www.ucaldas.edu.co\/portal\/ips-de-la-universidad-de-caldas-aporto-al-estudio-de-interes-nacional-sobre-la-efectividad-de-las-vacunas-anti-covid-19\/","title":{"rendered":"IPS de la Universidad de Caldas aport\u00f3 al estudio de inter\u00e9s Nacional sobre la efectividad de las vacunas anti-COVID 19."},"content":{"rendered":"<p><img loading=\"lazy\" decoding=\"async\" class=\"alignnone size-medium wp-image-81235 aligncenter\" src=\"https:\/\/www.ucaldas.edu.co\/portal\/wp-content\/uploads\/2024\/05\/IPS-Universitaria-resultados-vacunas-300x200.jpg\" alt=\"Imagen de enferemera aplicando vacuna para nota sobre resultados de estudio de efectividad en las vacunas anti COVID 19, donde particip\u00f3 la IPS Universitaria de la Universidad de Caldas.\" width=\"300\" height=\"200\" srcset=\"https:\/\/www.ucaldas.edu.co\/portal\/wp-content\/uploads\/2024\/05\/IPS-Universitaria-resultados-vacunas-300x200.jpg 300w, https:\/\/www.ucaldas.edu.co\/portal\/wp-content\/uploads\/2024\/05\/IPS-Universitaria-resultados-vacunas-768x512.jpg 768w, https:\/\/www.ucaldas.edu.co\/portal\/wp-content\/uploads\/2024\/05\/IPS-Universitaria-resultados-vacunas.jpg 900w\" sizes=\"auto, (max-width: 300px) 100vw, 300px\" \/><\/p>\n<p style=\"text-align: justify;\">La IPS Universitaria de Caldas, en alianza con la Fundaci\u00f3n Santaf\u00e9 de Bogot\u00e1 y el Centro Internacional de Vacunas, hizo parte del proyecto de investigaci\u00f3n de efectividad e inmunogenecidad de las vacunas COVID 19, financiado por el Ministerio de Ciencia, Tecnolog\u00eda e Innovaci\u00f3n.<!--more--><\/p>\n<p style=\"text-align: justify;\">En el a\u00f1o 2021, la IPS Universitaria de Caldas fue la \u00fanica instituci\u00f3n del Eje Cafetero en participar de este importante proyecto, desplegando operaciones hasta diciembre de 2023. Durante ese tiempo se super\u00f3 la meta de voluntarios en la ciudad de Manizales y se alcanz\u00f3 una representaci\u00f3n del 15% del total de la poblaci\u00f3n participante a nivel nacional.<\/p>\n<p style=\"text-align: justify;\">De igual manera, se llevaron a cabo m\u00faltiples actividades educativas y empresariales para dar a conocer los objetivos del proyecto y captar a los 752 voluntarios necesarios. Posteriormente, se realiz\u00f3 un seguimiento activo y directo a los participantes, que contribuy\u00f3 significativamente a los resultados esperados.<\/p>\n<p style=\"text-align: justify;\"><strong>Expectativas cumplidas<\/strong><\/p>\n<ul style=\"text-align: justify;\">\n<li>Estimar la efectividad de cada una de las vacunas utilizadas en Colombia para prevenir admisi\u00f3n a hospitalizaci\u00f3n, v\u00eda urgencias, por COVID-19 en la poblaci\u00f3n mayor de 18 a\u00f1os, objetivo del Plan Nacional de Vacunaci\u00f3n.<\/li>\n<li>Evaluar la capacidad de la vacuna para generar anticuerpos espec\u00edficos contra diferentes prote\u00ednas del virus y la capacidad neutralizante de los mismos en personas vacunadas.<\/li>\n<li>Evaluar las diferencias entre la inmunidad natural inducida por el virus y la artificial inducida por las diferentes vacunas.<\/li>\n<\/ul>\n<p style=\"text-align: justify;\"><strong>Efectividad de las vacunas en cifras<\/strong><\/p>\n<p style=\"text-align: justify;\">Participaron 5015 adultos, siendo la mayor\u00eda mujeres (61.5%).<\/p>\n<p style=\"text-align: justify;\">El 89.5% complet\u00f3 el esquema inicial de vacunaci\u00f3n.<\/p>\n<p style=\"text-align: justify;\">Ning\u00fan participante requiri\u00f3 hospitalizaci\u00f3n ni falleci\u00f3 por COVID-19 durante el estudio.<\/p>\n<p><strong>\u00a0<\/strong><strong>Anexo<\/strong><\/p>\n<p><a href=\"https:\/\/www.ucaldas.edu.co\/portal\/wp-content\/uploads\/2024\/05\/Alejandro-Becerra-IPS-Universitaria.mp3\"><strong>-Audio l\u00edder de Mercadeo IPS Universitaria de Caldas, Alejandro Becerra.<\/strong><\/a><\/p>\n<audio class=\"wp-audio-shortcode\" id=\"audio-81233-1\" preload=\"none\" style=\"width: 100%;\" controls=\"controls\"><source type=\"audio\/mpeg\" src=\"https:\/\/www.ucaldas.edu.co\/portal\/wp-content\/uploads\/2024\/05\/Alejandro-Becerra-IPS-Universitaria.mp3?_=1\" \/><a href=\"https:\/\/www.ucaldas.edu.co\/portal\/wp-content\/uploads\/2024\/05\/Alejandro-Becerra-IPS-Universitaria.mp3\">https:\/\/www.ucaldas.edu.co\/portal\/wp-content\/uploads\/2024\/05\/Alejandro-Becerra-IPS-Universitaria.mp3<\/a><\/audio>\n","protected":false},"excerpt":{"rendered":"<p>La IPS Universitaria de Caldas, en alianza con la Fundaci\u00f3n Santaf\u00e9 de Bogot\u00e1 y el Centro Internacional de Vacunas, hizo parte del proyecto de investigaci\u00f3n de efectividad e inmunogenecidad de las vacunas COVID 19, financiado por el Ministerio de Ciencia, Tecnolog\u00eda e Innovaci\u00f3n.<\/p>\n","protected":false},"author":2,"featured_media":81235,"comment_status":"closed","ping_status":"open","sticky":false,"template":"","format":"standard","meta":{"footnotes":""},"categories":[48,53],"tags":[1227,5667,5799],"class_list":["post-81233","post","type-post","status-publish","format-standard","has-post-thumbnail","hentry","category-actualidad","category-universidad-al-dia","tag-ips-universitaria-de-caldas","tag-actualidad-en-salud","tag-vacunas"],"yoast_head":"<!-- This site is optimized with the Yoast SEO plugin v27.5 - https:\/\/yoast.com\/product\/yoast-seo-wordpress\/ -->\n<title>IPS de la Universidad de Caldas aport\u00f3 al estudio de inter\u00e9s Nacional sobre la efectividad de las vacunas anti-COVID 19. .<\/title>\n<meta name=\"robots\" content=\"index, follow, max-snippet:-1, max-image-preview:large, max-video-preview:-1\" \/>\n<link rel=\"canonical\" href=\"https:\/\/www.ucaldas.edu.co\/portal\/ips-de-la-universidad-de-caldas-aporto-al-estudio-de-interes-nacional-sobre-la-efectividad-de-las-vacunas-anti-covid-19\/\" \/>\n<script type=\"application\/ld+json\" class=\"yoast-schema-graph\">{\"@context\":\"https:\\\/\\\/schema.org\",\"@graph\":[{\"@type\":\"Article\",\"@id\":\"https:\\\/\\\/www.ucaldas.edu.co\\\/portal\\\/ips-de-la-universidad-de-caldas-aporto-al-estudio-de-interes-nacional-sobre-la-efectividad-de-las-vacunas-anti-covid-19\\\/#article\",\"isPartOf\":{\"@id\":\"https:\\\/\\\/www.ucaldas.edu.co\\\/portal\\\/ips-de-la-universidad-de-caldas-aporto-al-estudio-de-interes-nacional-sobre-la-efectividad-de-las-vacunas-anti-covid-19\\\/\"},\"author\":{\"name\":\"ofiprensa\",\"@id\":\"https:\\\/\\\/www.ucaldas.edu.co\\\/portal\\\/#\\\/schema\\\/person\\\/a1b482e23449158b4bc319926c074fdf\"},\"headline\":\"IPS de la Universidad de Caldas aport\u00f3 al estudio de inter\u00e9s Nacional sobre la efectividad de las vacunas anti-COVID 19.\",\"datePublished\":\"2024-05-16T22:12:25+00:00\",\"mainEntityOfPage\":{\"@id\":\"https:\\\/\\\/www.ucaldas.edu.co\\\/portal\\\/ips-de-la-universidad-de-caldas-aporto-al-estudio-de-interes-nacional-sobre-la-efectividad-de-las-vacunas-anti-covid-19\\\/\"},\"wordCount\":316,\"publisher\":{\"@id\":\"https:\\\/\\\/www.ucaldas.edu.co\\\/portal\\\/#organization\"},\"image\":{\"@id\":\"https:\\\/\\\/www.ucaldas.edu.co\\\/portal\\\/ips-de-la-universidad-de-caldas-aporto-al-estudio-de-interes-nacional-sobre-la-efectividad-de-las-vacunas-anti-covid-19\\\/#primaryimage\"},\"thumbnailUrl\":\"https:\\\/\\\/www.ucaldas.edu.co\\\/portal\\\/wp-content\\\/uploads\\\/2024\\\/05\\\/IPS-Universitaria-resultados-vacunas.jpg\",\"keywords\":[\"IPS Universitaria de Caldas\",\"actualidad en salud\",\"vacunas\"],\"articleSection\":[\"Actualidad\",\"Universidad al D\u00eda\"],\"inLanguage\":\"es\"},{\"@type\":\"WebPage\",\"@id\":\"https:\\\/\\\/www.ucaldas.edu.co\\\/portal\\\/ips-de-la-universidad-de-caldas-aporto-al-estudio-de-interes-nacional-sobre-la-efectividad-de-las-vacunas-anti-covid-19\\\/\",\"url\":\"https:\\\/\\\/www.ucaldas.edu.co\\\/portal\\\/ips-de-la-universidad-de-caldas-aporto-al-estudio-de-interes-nacional-sobre-la-efectividad-de-las-vacunas-anti-covid-19\\\/\",\"name\":\"IPS de la Universidad de Caldas aport\u00f3 al estudio de inter\u00e9s Nacional sobre la efectividad de las vacunas anti-COVID 19. .\",\"isPartOf\":{\"@id\":\"https:\\\/\\\/www.ucaldas.edu.co\\\/portal\\\/#website\"},\"primaryImageOfPage\":{\"@id\":\"https:\\\/\\\/www.ucaldas.edu.co\\\/portal\\\/ips-de-la-universidad-de-caldas-aporto-al-estudio-de-interes-nacional-sobre-la-efectividad-de-las-vacunas-anti-covid-19\\\/#primaryimage\"},\"image\":{\"@id\":\"https:\\\/\\\/www.ucaldas.edu.co\\\/portal\\\/ips-de-la-universidad-de-caldas-aporto-al-estudio-de-interes-nacional-sobre-la-efectividad-de-las-vacunas-anti-covid-19\\\/#primaryimage\"},\"thumbnailUrl\":\"https:\\\/\\\/www.ucaldas.edu.co\\\/portal\\\/wp-content\\\/uploads\\\/2024\\\/05\\\/IPS-Universitaria-resultados-vacunas.jpg\",\"datePublished\":\"2024-05-16T22:12:25+00:00\",\"breadcrumb\":{\"@id\":\"https:\\\/\\\/www.ucaldas.edu.co\\\/portal\\\/ips-de-la-universidad-de-caldas-aporto-al-estudio-de-interes-nacional-sobre-la-efectividad-de-las-vacunas-anti-covid-19\\\/#breadcrumb\"},\"inLanguage\":\"es\",\"potentialAction\":[{\"@type\":\"ReadAction\",\"target\":[\"https:\\\/\\\/www.ucaldas.edu.co\\\/portal\\\/ips-de-la-universidad-de-caldas-aporto-al-estudio-de-interes-nacional-sobre-la-efectividad-de-las-vacunas-anti-covid-19\\\/\"]}]},{\"@type\":\"ImageObject\",\"inLanguage\":\"es\",\"@id\":\"https:\\\/\\\/www.ucaldas.edu.co\\\/portal\\\/ips-de-la-universidad-de-caldas-aporto-al-estudio-de-interes-nacional-sobre-la-efectividad-de-las-vacunas-anti-covid-19\\\/#primaryimage\",\"url\":\"https:\\\/\\\/www.ucaldas.edu.co\\\/portal\\\/wp-content\\\/uploads\\\/2024\\\/05\\\/IPS-Universitaria-resultados-vacunas.jpg\",\"contentUrl\":\"https:\\\/\\\/www.ucaldas.edu.co\\\/portal\\\/wp-content\\\/uploads\\\/2024\\\/05\\\/IPS-Universitaria-resultados-vacunas.jpg\",\"width\":900,\"height\":600,\"caption\":\"Imagen de enferemera aplicando vacuna para nota sobre resultados de estudio de efectividad en las vacunas anti COVID 19, donde particip\u00f3 la IPS Universitaria de la Universidad de Caldas.\"},{\"@type\":\"BreadcrumbList\",\"@id\":\"https:\\\/\\\/www.ucaldas.edu.co\\\/portal\\\/ips-de-la-universidad-de-caldas-aporto-al-estudio-de-interes-nacional-sobre-la-efectividad-de-las-vacunas-anti-covid-19\\\/#breadcrumb\",\"itemListElement\":[{\"@type\":\"ListItem\",\"position\":1,\"name\":\"Portada\",\"item\":\"https:\\\/\\\/www.ucaldas.edu.co\\\/portal\\\/\"},{\"@type\":\"ListItem\",\"position\":2,\"name\":\"IPS de la Universidad de Caldas aport\u00f3 al estudio de inter\u00e9s Nacional sobre la efectividad de las vacunas anti-COVID 19.\"}]},{\"@type\":\"WebSite\",\"@id\":\"https:\\\/\\\/www.ucaldas.edu.co\\\/portal\\\/#website\",\"url\":\"https:\\\/\\\/www.ucaldas.edu.co\\\/portal\\\/\",\"name\":\"Universidad de Caldas\",\"description\":\"\",\"publisher\":{\"@id\":\"https:\\\/\\\/www.ucaldas.edu.co\\\/portal\\\/#organization\"},\"alternateName\":\"U. de Caldas\",\"potentialAction\":[{\"@type\":\"SearchAction\",\"target\":{\"@type\":\"EntryPoint\",\"urlTemplate\":\"https:\\\/\\\/www.ucaldas.edu.co\\\/portal\\\/?s={search_term_string}\"},\"query-input\":{\"@type\":\"PropertyValueSpecification\",\"valueRequired\":true,\"valueName\":\"search_term_string\"}}],\"inLanguage\":\"es\"},{\"@type\":\"Organization\",\"@id\":\"https:\\\/\\\/www.ucaldas.edu.co\\\/portal\\\/#organization\",\"name\":\"Universidad de Caldas\",\"alternateName\":\"U. de Caldas\",\"url\":\"https:\\\/\\\/www.ucaldas.edu.co\\\/portal\\\/\",\"logo\":{\"@type\":\"ImageObject\",\"inLanguage\":\"es\",\"@id\":\"https:\\\/\\\/www.ucaldas.edu.co\\\/portal\\\/#\\\/schema\\\/logo\\\/image\\\/\",\"url\":\"https:\\\/\\\/www.ucaldas.edu.co\\\/portal\\\/wp-content\\\/uploads\\\/2023\\\/11\\\/Logo_horizontal_oscuroU-2023.png\",\"contentUrl\":\"https:\\\/\\\/www.ucaldas.edu.co\\\/portal\\\/wp-content\\\/uploads\\\/2023\\\/11\\\/Logo_horizontal_oscuroU-2023.png\",\"width\":263,\"height\":101,\"caption\":\"Universidad de Caldas\"},\"image\":{\"@id\":\"https:\\\/\\\/www.ucaldas.edu.co\\\/portal\\\/#\\\/schema\\\/logo\\\/image\\\/\"},\"sameAs\":[\"https:\\\/\\\/www.facebook.com\\\/udecaldas\",\"https:\\\/\\\/x.com\\\/udecaldas\",\"https:\\\/\\\/www.youtube.com\\\/universidadcaldas\",\"https:\\\/\\\/www.instagram.com\\\/udecaldas\\\/\"]},{\"@type\":\"Person\",\"@id\":\"https:\\\/\\\/www.ucaldas.edu.co\\\/portal\\\/#\\\/schema\\\/person\\\/a1b482e23449158b4bc319926c074fdf\",\"name\":\"ofiprensa\",\"image\":{\"@type\":\"ImageObject\",\"inLanguage\":\"es\",\"@id\":\"https:\\\/\\\/www.ucaldas.edu.co\\\/portal\\\/wp-content\\\/litespeed\\\/avatar\\\/09ea5085e600095a7a811142c6944527.jpg?ver=1777497608\",\"url\":\"https:\\\/\\\/www.ucaldas.edu.co\\\/portal\\\/wp-content\\\/litespeed\\\/avatar\\\/09ea5085e600095a7a811142c6944527.jpg?ver=1777497608\",\"contentUrl\":\"https:\\\/\\\/www.ucaldas.edu.co\\\/portal\\\/wp-content\\\/litespeed\\\/avatar\\\/09ea5085e600095a7a811142c6944527.jpg?ver=1777497608\",\"caption\":\"ofiprensa\"},\"url\":\"https:\\\/\\\/www.ucaldas.edu.co\\\/portal\\\/author\\\/ofiprensa\\\/\"}]}<\/script>\n<!-- \/ Yoast SEO plugin. -->","yoast_head_json":{"title":"IPS de la Universidad de Caldas aport\u00f3 al estudio de inter\u00e9s Nacional sobre la efectividad de las vacunas anti-COVID 19. .","robots":{"index":"index","follow":"follow","max-snippet":"max-snippet:-1","max-image-preview":"max-image-preview:large","max-video-preview":"max-video-preview:-1"},"canonical":"https:\/\/www.ucaldas.edu.co\/portal\/ips-de-la-universidad-de-caldas-aporto-al-estudio-de-interes-nacional-sobre-la-efectividad-de-las-vacunas-anti-covid-19\/","schema":{"@context":"https:\/\/schema.org","@graph":[{"@type":"Article","@id":"https:\/\/www.ucaldas.edu.co\/portal\/ips-de-la-universidad-de-caldas-aporto-al-estudio-de-interes-nacional-sobre-la-efectividad-de-las-vacunas-anti-covid-19\/#article","isPartOf":{"@id":"https:\/\/www.ucaldas.edu.co\/portal\/ips-de-la-universidad-de-caldas-aporto-al-estudio-de-interes-nacional-sobre-la-efectividad-de-las-vacunas-anti-covid-19\/"},"author":{"name":"ofiprensa","@id":"https:\/\/www.ucaldas.edu.co\/portal\/#\/schema\/person\/a1b482e23449158b4bc319926c074fdf"},"headline":"IPS de la Universidad de Caldas aport\u00f3 al estudio de inter\u00e9s Nacional sobre la efectividad de las vacunas anti-COVID 19.","datePublished":"2024-05-16T22:12:25+00:00","mainEntityOfPage":{"@id":"https:\/\/www.ucaldas.edu.co\/portal\/ips-de-la-universidad-de-caldas-aporto-al-estudio-de-interes-nacional-sobre-la-efectividad-de-las-vacunas-anti-covid-19\/"},"wordCount":316,"publisher":{"@id":"https:\/\/www.ucaldas.edu.co\/portal\/#organization"},"image":{"@id":"https:\/\/www.ucaldas.edu.co\/portal\/ips-de-la-universidad-de-caldas-aporto-al-estudio-de-interes-nacional-sobre-la-efectividad-de-las-vacunas-anti-covid-19\/#primaryimage"},"thumbnailUrl":"https:\/\/www.ucaldas.edu.co\/portal\/wp-content\/uploads\/2024\/05\/IPS-Universitaria-resultados-vacunas.jpg","keywords":["IPS Universitaria de Caldas","actualidad en salud","vacunas"],"articleSection":["Actualidad","Universidad al D\u00eda"],"inLanguage":"es"},{"@type":"WebPage","@id":"https:\/\/www.ucaldas.edu.co\/portal\/ips-de-la-universidad-de-caldas-aporto-al-estudio-de-interes-nacional-sobre-la-efectividad-de-las-vacunas-anti-covid-19\/","url":"https:\/\/www.ucaldas.edu.co\/portal\/ips-de-la-universidad-de-caldas-aporto-al-estudio-de-interes-nacional-sobre-la-efectividad-de-las-vacunas-anti-covid-19\/","name":"IPS de la Universidad de Caldas aport\u00f3 al estudio de inter\u00e9s Nacional sobre la efectividad de las vacunas anti-COVID 19. .","isPartOf":{"@id":"https:\/\/www.ucaldas.edu.co\/portal\/#website"},"primaryImageOfPage":{"@id":"https:\/\/www.ucaldas.edu.co\/portal\/ips-de-la-universidad-de-caldas-aporto-al-estudio-de-interes-nacional-sobre-la-efectividad-de-las-vacunas-anti-covid-19\/#primaryimage"},"image":{"@id":"https:\/\/www.ucaldas.edu.co\/portal\/ips-de-la-universidad-de-caldas-aporto-al-estudio-de-interes-nacional-sobre-la-efectividad-de-las-vacunas-anti-covid-19\/#primaryimage"},"thumbnailUrl":"https:\/\/www.ucaldas.edu.co\/portal\/wp-content\/uploads\/2024\/05\/IPS-Universitaria-resultados-vacunas.jpg","datePublished":"2024-05-16T22:12:25+00:00","breadcrumb":{"@id":"https:\/\/www.ucaldas.edu.co\/portal\/ips-de-la-universidad-de-caldas-aporto-al-estudio-de-interes-nacional-sobre-la-efectividad-de-las-vacunas-anti-covid-19\/#breadcrumb"},"inLanguage":"es","potentialAction":[{"@type":"ReadAction","target":["https:\/\/www.ucaldas.edu.co\/portal\/ips-de-la-universidad-de-caldas-aporto-al-estudio-de-interes-nacional-sobre-la-efectividad-de-las-vacunas-anti-covid-19\/"]}]},{"@type":"ImageObject","inLanguage":"es","@id":"https:\/\/www.ucaldas.edu.co\/portal\/ips-de-la-universidad-de-caldas-aporto-al-estudio-de-interes-nacional-sobre-la-efectividad-de-las-vacunas-anti-covid-19\/#primaryimage","url":"https:\/\/www.ucaldas.edu.co\/portal\/wp-content\/uploads\/2024\/05\/IPS-Universitaria-resultados-vacunas.jpg","contentUrl":"https:\/\/www.ucaldas.edu.co\/portal\/wp-content\/uploads\/2024\/05\/IPS-Universitaria-resultados-vacunas.jpg","width":900,"height":600,"caption":"Imagen de enferemera aplicando vacuna para nota sobre resultados de estudio de efectividad en las vacunas anti COVID 19, donde particip\u00f3 la IPS Universitaria de la Universidad de Caldas."},{"@type":"BreadcrumbList","@id":"https:\/\/www.ucaldas.edu.co\/portal\/ips-de-la-universidad-de-caldas-aporto-al-estudio-de-interes-nacional-sobre-la-efectividad-de-las-vacunas-anti-covid-19\/#breadcrumb","itemListElement":[{"@type":"ListItem","position":1,"name":"Portada","item":"https:\/\/www.ucaldas.edu.co\/portal\/"},{"@type":"ListItem","position":2,"name":"IPS de la Universidad de Caldas aport\u00f3 al estudio de inter\u00e9s Nacional sobre la efectividad de las vacunas anti-COVID 19."}]},{"@type":"WebSite","@id":"https:\/\/www.ucaldas.edu.co\/portal\/#website","url":"https:\/\/www.ucaldas.edu.co\/portal\/","name":"Universidad de Caldas","description":"","publisher":{"@id":"https:\/\/www.ucaldas.edu.co\/portal\/#organization"},"alternateName":"U. de Caldas","potentialAction":[{"@type":"SearchAction","target":{"@type":"EntryPoint","urlTemplate":"https:\/\/www.ucaldas.edu.co\/portal\/?s={search_term_string}"},"query-input":{"@type":"PropertyValueSpecification","valueRequired":true,"valueName":"search_term_string"}}],"inLanguage":"es"},{"@type":"Organization","@id":"https:\/\/www.ucaldas.edu.co\/portal\/#organization","name":"Universidad de Caldas","alternateName":"U. de Caldas","url":"https:\/\/www.ucaldas.edu.co\/portal\/","logo":{"@type":"ImageObject","inLanguage":"es","@id":"https:\/\/www.ucaldas.edu.co\/portal\/#\/schema\/logo\/image\/","url":"https:\/\/www.ucaldas.edu.co\/portal\/wp-content\/uploads\/2023\/11\/Logo_horizontal_oscuroU-2023.png","contentUrl":"https:\/\/www.ucaldas.edu.co\/portal\/wp-content\/uploads\/2023\/11\/Logo_horizontal_oscuroU-2023.png","width":263,"height":101,"caption":"Universidad de Caldas"},"image":{"@id":"https:\/\/www.ucaldas.edu.co\/portal\/#\/schema\/logo\/image\/"},"sameAs":["https:\/\/www.facebook.com\/udecaldas","https:\/\/x.com\/udecaldas","https:\/\/www.youtube.com\/universidadcaldas","https:\/\/www.instagram.com\/udecaldas\/"]},{"@type":"Person","@id":"https:\/\/www.ucaldas.edu.co\/portal\/#\/schema\/person\/a1b482e23449158b4bc319926c074fdf","name":"ofiprensa","image":{"@type":"ImageObject","inLanguage":"es","@id":"https:\/\/www.ucaldas.edu.co\/portal\/wp-content\/litespeed\/avatar\/09ea5085e600095a7a811142c6944527.jpg?ver=1777497608","url":"https:\/\/www.ucaldas.edu.co\/portal\/wp-content\/litespeed\/avatar\/09ea5085e600095a7a811142c6944527.jpg?ver=1777497608","contentUrl":"https:\/\/www.ucaldas.edu.co\/portal\/wp-content\/litespeed\/avatar\/09ea5085e600095a7a811142c6944527.jpg?ver=1777497608","caption":"ofiprensa"},"url":"https:\/\/www.ucaldas.edu.co\/portal\/author\/ofiprensa\/"}]}},"_links":{"self":[{"href":"https:\/\/www.ucaldas.edu.co\/portal\/wp-json\/wp\/v2\/posts\/81233","targetHints":{"allow":["GET"]}}],"collection":[{"href":"https:\/\/www.ucaldas.edu.co\/portal\/wp-json\/wp\/v2\/posts"}],"about":[{"href":"https:\/\/www.ucaldas.edu.co\/portal\/wp-json\/wp\/v2\/types\/post"}],"author":[{"embeddable":true,"href":"https:\/\/www.ucaldas.edu.co\/portal\/wp-json\/wp\/v2\/users\/2"}],"replies":[{"embeddable":true,"href":"https:\/\/www.ucaldas.edu.co\/portal\/wp-json\/wp\/v2\/comments?post=81233"}],"version-history":[{"count":0,"href":"https:\/\/www.ucaldas.edu.co\/portal\/wp-json\/wp\/v2\/posts\/81233\/revisions"}],"wp:featuredmedia":[{"embeddable":true,"href":"https:\/\/www.ucaldas.edu.co\/portal\/wp-json\/wp\/v2\/media\/81235"}],"wp:attachment":[{"href":"https:\/\/www.ucaldas.edu.co\/portal\/wp-json\/wp\/v2\/media?parent=81233"}],"wp:term":[{"taxonomy":"category","embeddable":true,"href":"https:\/\/www.ucaldas.edu.co\/portal\/wp-json\/wp\/v2\/categories?post=81233"},{"taxonomy":"post_tag","embeddable":true,"href":"https:\/\/www.ucaldas.edu.co\/portal\/wp-json\/wp\/v2\/tags?post=81233"}],"curies":[{"name":"wp","href":"https:\/\/api.w.org\/{rel}","templated":true}]}}