{"id":81173,"date":"2024-05-14T18:32:01","date_gmt":"2024-05-14T23:32:01","guid":{"rendered":"https:\/\/www.ucaldas.edu.co\/portal\/?p=81173"},"modified":"2024-05-15T09:12:09","modified_gmt":"2024-05-15T14:12:09","slug":"ministra-de-ciencia-tecnologia-e-innovacion-escucha-las-inquietudes-de-investigadores-de-la-u-de-caldas","status":"publish","type":"post","link":"https:\/\/www.ucaldas.edu.co\/portal\/ministra-de-ciencia-tecnologia-e-innovacion-escucha-las-inquietudes-de-investigadores-de-la-u-de-caldas\/","title":{"rendered":"Ministra de Ciencia, Tecnolog\u00eda e Innovaci\u00f3n escucha las inquietudes de investigadores de la U. de Caldas."},"content":{"rendered":"<p><img loading=\"lazy\" decoding=\"async\" class=\"alignnone size-medium wp-image-81189 aligncenter\" src=\"https:\/\/www.ucaldas.edu.co\/portal\/wp-content\/uploads\/2024\/05\/WhatsApp-Image-2024-05-15-at-9.04.35-AM-300x225.jpeg\" alt=\"Foto de la ministra de Ciencia, Tecnolog\u00eda e Innovaci\u00f3n, \u00c1ngela Yesenia Olaya, con los l\u00edderes de centros e institutos de investigaci\u00f3n de la U. de Caldas.\" width=\"300\" height=\"225\" srcset=\"https:\/\/www.ucaldas.edu.co\/portal\/wp-content\/uploads\/2024\/05\/WhatsApp-Image-2024-05-15-at-9.04.35-AM-300x225.jpeg 300w, https:\/\/www.ucaldas.edu.co\/portal\/wp-content\/uploads\/2024\/05\/WhatsApp-Image-2024-05-15-at-9.04.35-AM-1024x768.jpeg 1024w, https:\/\/www.ucaldas.edu.co\/portal\/wp-content\/uploads\/2024\/05\/WhatsApp-Image-2024-05-15-at-9.04.35-AM-768x576.jpeg 768w, https:\/\/www.ucaldas.edu.co\/portal\/wp-content\/uploads\/2024\/05\/WhatsApp-Image-2024-05-15-at-9.04.35-AM.jpeg 1280w\" sizes=\"auto, (max-width: 300px) 100vw, 300px\" \/><\/p>\n<p style=\"text-align: justify;\">El pasado 9 de mayo, durante el encuentro de la Ministra de Ciencia, Tecnolog\u00eda e Innovaci\u00f3n, \u00c1ngela Yesenia Olaya Requene, con los l\u00edderes de los centros e institutos de investigaci\u00f3n de la Universidad de Caldas, se resolvieron preguntas y se plantearon horizontes de cara al ejercicio de los grupos de investigaci\u00f3n en la instituci\u00f3n que tambi\u00e9n fue el centro de formaci\u00f3n de esta soci\u00f3loga que ahora encabeza una importante entidad que vela por el desarrollo tecnol\u00f3gico y cient\u00edfico en el pa\u00eds.<!--more--><\/p>\n<p style=\"text-align: justify;\">Durante el encuentro en el auditorio del CCU Rogelio Salmona, promovido por la Vicerrector\u00eda Acad\u00e9mica\u00a0 y la Vicerrector\u00eda de Investigaciones y Posgrados, la Ministra expuso las pol\u00edticas nacionales de ciencia, tecnolog\u00eda e innovaci\u00f3n, as\u00ed como las distribuciones presupuestales. De igual forma, conoci\u00f3 las capacidades institucionales en torno a la investigaci\u00f3n, el desarrollo e innovaci\u00f3n desde los centros e institutos de la U. de Caldas.<\/p>\n<p style=\"text-align: justify;\">\u201cPara nosotros fue interesante haberle presentado a la Ministra las inquietudes que tenemos como investigadores. Cu\u00e1les son nuestros beneficios, m\u00e1s all\u00e1 del reconcomiendo p\u00fablico. De igual manera, le expusimos todas las dificultades que se presentan al querer entrar en una convocatoria, pues la gran cantidad de documentos, se\u00f1alan duda con respecto al equipo humano que se postula. Finalmente, le ofrecimos a la Ministra la posibilidad de acoger o adoptar el Consejo de Honor del Instituto de Investigaciones en Ciencias Sociales de la U. de Caldas, como un ente asesor del Ministerio, lo cual le pareci\u00f3 fant\u00e1stico\u201d, afirma la docente investigadora del Departamento de Artes y Humanidades, Claudia Leguizam\u00f3n.<\/p>\n<p style=\"text-align: justify;\"><strong>\u00c1reas con mayor enfoque<\/strong><\/p>\n<p style=\"text-align: justify;\">La Ministra resalt\u00f3 los cinco pilares o \u00e1reas macro en las cuales se tendr\u00e1 mayor aporte y compromiso por parte del Gobierno Nacional: transici\u00f3n energ\u00e9tica, bioeconom\u00eda, soberan\u00eda sanitaria, derecho humano a la alimentaci\u00f3n y ciencia para la paz. Finalmente, comparti\u00f3 la apuesta de pa\u00eds que tiene este Ministerio para que la investigaci\u00f3n que se hace desde el campo cient\u00edfico, creativo, innovador y social, est\u00e9 ligada a esas \u00e1reas macro en las que el Gobierno se ha comprometido.<\/p>\n<p style=\"text-align: justify;\">En el recinto, tambi\u00e9n estaban presentes estudiantes de distintos semilleros de investigaci\u00f3n que escucharon las estrategias e intereses del Gobierno para caminar hacia una verdadera sociedad del conocimiento.<\/p>\n<p style=\"text-align: justify;\"><strong>Anexo<\/strong><\/p>\n<p><a href=\"https:\/\/www.ucaldas.edu.co\/portal\/wp-content\/uploads\/2024\/05\/Claudia-Leguizamon-ministra.mp3\"><strong>Audio directora del Instituto de Investigaciones en Ciencias Sociales y Humanas, Claudia Leguizam\u00f3n.<\/strong><\/a><\/p>\n<audio class=\"wp-audio-shortcode\" id=\"audio-81173-1\" preload=\"none\" style=\"width: 100%;\" controls=\"controls\"><source type=\"audio\/mpeg\" src=\"https:\/\/www.ucaldas.edu.co\/portal\/wp-content\/uploads\/2024\/05\/Claudia-Leguizamon-ministra.mp3?_=1\" \/><a href=\"https:\/\/www.ucaldas.edu.co\/portal\/wp-content\/uploads\/2024\/05\/Claudia-Leguizamon-ministra.mp3\">https:\/\/www.ucaldas.edu.co\/portal\/wp-content\/uploads\/2024\/05\/Claudia-Leguizamon-ministra.mp3<\/a><\/audio>\n<p><a href=\"https:\/\/www.ucaldas.edu.co\/portal\/wp-content\/uploads\/2024\/05\/Maria-Fernanda-inves.-ministra.mp3\"><strong>Audio integrante del semillero <em>Textos y Discursos, comprensi\u00f3n y producci\u00f3n acad\u00e9mica,<\/em> Mar\u00eda Fernanda Mu\u00f1oz Blanco.<\/strong><\/a><\/p>\n<audio class=\"wp-audio-shortcode\" id=\"audio-81173-2\" preload=\"none\" style=\"width: 100%;\" controls=\"controls\"><source type=\"audio\/mpeg\" src=\"https:\/\/www.ucaldas.edu.co\/portal\/wp-content\/uploads\/2024\/05\/Maria-Fernanda-inves.-ministra.mp3?_=2\" \/><a href=\"https:\/\/www.ucaldas.edu.co\/portal\/wp-content\/uploads\/2024\/05\/Maria-Fernanda-inves.-ministra.mp3\">https:\/\/www.ucaldas.edu.co\/portal\/wp-content\/uploads\/2024\/05\/Maria-Fernanda-inves.-ministra.mp3<\/a><\/audio>\n<p><strong>\u00a0<\/strong><\/p>\n<p><strong>\u00a0<\/strong><\/p>\n","protected":false},"excerpt":{"rendered":"<p>El pasado 9 de mayo, durante el encuentro de la Ministra de Ciencia, Tecnolog\u00eda e Innovaci\u00f3n, \u00c1ngela Yesenia Olaya Requene, con los l\u00edderes de los centros e institutos de investigaci\u00f3n de la Universidad de Caldas, se resolvieron preguntas y se plantearon horizontes de cara al ejercicio de los grupos de investigaci\u00f3n en la instituci\u00f3n que [&hellip;]<\/p>\n","protected":false},"author":2,"featured_media":81189,"comment_status":"closed","ping_status":"open","sticky":false,"template":"","format":"standard","meta":{"footnotes":""},"categories":[48,53],"tags":[130,7860,9425],"class_list":["post-81173","post","type-post","status-publish","format-standard","has-post-thumbnail","hentry","category-actualidad","category-universidad-al-dia","tag-ciencia","tag-ministerio-de-ciencia-tecnologia-e-innovacion","tag-academia-e-investigacion"],"yoast_head":"<!-- This site is optimized with the Yoast SEO plugin v27.5 - https:\/\/yoast.com\/product\/yoast-seo-wordpress\/ -->\n<title>Ministra de Ciencia, Tecnolog\u00eda e Innovaci\u00f3n escucha las inquietudes de investigadores de la U. de Caldas. .<\/title>\n<meta name=\"robots\" content=\"index, follow, max-snippet:-1, max-image-preview:large, max-video-preview:-1\" \/>\n<link rel=\"canonical\" href=\"https:\/\/www.ucaldas.edu.co\/portal\/ministra-de-ciencia-tecnologia-e-innovacion-escucha-las-inquietudes-de-investigadores-de-la-u-de-caldas\/\" \/>\n<script type=\"application\/ld+json\" class=\"yoast-schema-graph\">{\"@context\":\"https:\\\/\\\/schema.org\",\"@graph\":[{\"@type\":\"Article\",\"@id\":\"https:\\\/\\\/www.ucaldas.edu.co\\\/portal\\\/ministra-de-ciencia-tecnologia-e-innovacion-escucha-las-inquietudes-de-investigadores-de-la-u-de-caldas\\\/#article\",\"isPartOf\":{\"@id\":\"https:\\\/\\\/www.ucaldas.edu.co\\\/portal\\\/ministra-de-ciencia-tecnologia-e-innovacion-escucha-las-inquietudes-de-investigadores-de-la-u-de-caldas\\\/\"},\"author\":{\"name\":\"ofiprensa\",\"@id\":\"https:\\\/\\\/www.ucaldas.edu.co\\\/portal\\\/#\\\/schema\\\/person\\\/a1b482e23449158b4bc319926c074fdf\"},\"headline\":\"Ministra de Ciencia, Tecnolog\u00eda e Innovaci\u00f3n escucha las inquietudes de investigadores de la U. de Caldas.\",\"datePublished\":\"2024-05-14T23:32:01+00:00\",\"dateModified\":\"2024-05-15T14:12:09+00:00\",\"mainEntityOfPage\":{\"@id\":\"https:\\\/\\\/www.ucaldas.edu.co\\\/portal\\\/ministra-de-ciencia-tecnologia-e-innovacion-escucha-las-inquietudes-de-investigadores-de-la-u-de-caldas\\\/\"},\"wordCount\":477,\"publisher\":{\"@id\":\"https:\\\/\\\/www.ucaldas.edu.co\\\/portal\\\/#organization\"},\"image\":{\"@id\":\"https:\\\/\\\/www.ucaldas.edu.co\\\/portal\\\/ministra-de-ciencia-tecnologia-e-innovacion-escucha-las-inquietudes-de-investigadores-de-la-u-de-caldas\\\/#primaryimage\"},\"thumbnailUrl\":\"https:\\\/\\\/www.ucaldas.edu.co\\\/portal\\\/wp-content\\\/uploads\\\/2024\\\/05\\\/WhatsApp-Image-2024-05-15-at-9.04.35-AM.jpeg\",\"keywords\":[\"ciencia\",\"Ministerio de Ciencia Tecnolog\u00eda e Innovaci\u00f3n\",\"academia e investigaci\u00f3n\"],\"articleSection\":[\"Actualidad\",\"Universidad al D\u00eda\"],\"inLanguage\":\"es\"},{\"@type\":\"WebPage\",\"@id\":\"https:\\\/\\\/www.ucaldas.edu.co\\\/portal\\\/ministra-de-ciencia-tecnologia-e-innovacion-escucha-las-inquietudes-de-investigadores-de-la-u-de-caldas\\\/\",\"url\":\"https:\\\/\\\/www.ucaldas.edu.co\\\/portal\\\/ministra-de-ciencia-tecnologia-e-innovacion-escucha-las-inquietudes-de-investigadores-de-la-u-de-caldas\\\/\",\"name\":\"Ministra de Ciencia, Tecnolog\u00eda e Innovaci\u00f3n escucha las inquietudes de investigadores de la U. de Caldas. .\",\"isPartOf\":{\"@id\":\"https:\\\/\\\/www.ucaldas.edu.co\\\/portal\\\/#website\"},\"primaryImageOfPage\":{\"@id\":\"https:\\\/\\\/www.ucaldas.edu.co\\\/portal\\\/ministra-de-ciencia-tecnologia-e-innovacion-escucha-las-inquietudes-de-investigadores-de-la-u-de-caldas\\\/#primaryimage\"},\"image\":{\"@id\":\"https:\\\/\\\/www.ucaldas.edu.co\\\/portal\\\/ministra-de-ciencia-tecnologia-e-innovacion-escucha-las-inquietudes-de-investigadores-de-la-u-de-caldas\\\/#primaryimage\"},\"thumbnailUrl\":\"https:\\\/\\\/www.ucaldas.edu.co\\\/portal\\\/wp-content\\\/uploads\\\/2024\\\/05\\\/WhatsApp-Image-2024-05-15-at-9.04.35-AM.jpeg\",\"datePublished\":\"2024-05-14T23:32:01+00:00\",\"dateModified\":\"2024-05-15T14:12:09+00:00\",\"breadcrumb\":{\"@id\":\"https:\\\/\\\/www.ucaldas.edu.co\\\/portal\\\/ministra-de-ciencia-tecnologia-e-innovacion-escucha-las-inquietudes-de-investigadores-de-la-u-de-caldas\\\/#breadcrumb\"},\"inLanguage\":\"es\",\"potentialAction\":[{\"@type\":\"ReadAction\",\"target\":[\"https:\\\/\\\/www.ucaldas.edu.co\\\/portal\\\/ministra-de-ciencia-tecnologia-e-innovacion-escucha-las-inquietudes-de-investigadores-de-la-u-de-caldas\\\/\"]}]},{\"@type\":\"ImageObject\",\"inLanguage\":\"es\",\"@id\":\"https:\\\/\\\/www.ucaldas.edu.co\\\/portal\\\/ministra-de-ciencia-tecnologia-e-innovacion-escucha-las-inquietudes-de-investigadores-de-la-u-de-caldas\\\/#primaryimage\",\"url\":\"https:\\\/\\\/www.ucaldas.edu.co\\\/portal\\\/wp-content\\\/uploads\\\/2024\\\/05\\\/WhatsApp-Image-2024-05-15-at-9.04.35-AM.jpeg\",\"contentUrl\":\"https:\\\/\\\/www.ucaldas.edu.co\\\/portal\\\/wp-content\\\/uploads\\\/2024\\\/05\\\/WhatsApp-Image-2024-05-15-at-9.04.35-AM.jpeg\",\"width\":1280,\"height\":960,\"caption\":\"Foto de la ministra de Ciencia, Tecnolog\u00eda e Innovaci\u00f3n, \u00c1ngela Yesenia Olaya, con los l\u00edderes de centros e institutos de investigaci\u00f3n de la U. de Caldas.\"},{\"@type\":\"BreadcrumbList\",\"@id\":\"https:\\\/\\\/www.ucaldas.edu.co\\\/portal\\\/ministra-de-ciencia-tecnologia-e-innovacion-escucha-las-inquietudes-de-investigadores-de-la-u-de-caldas\\\/#breadcrumb\",\"itemListElement\":[{\"@type\":\"ListItem\",\"position\":1,\"name\":\"Portada\",\"item\":\"https:\\\/\\\/www.ucaldas.edu.co\\\/portal\\\/\"},{\"@type\":\"ListItem\",\"position\":2,\"name\":\"Ministra de Ciencia, Tecnolog\u00eda e Innovaci\u00f3n escucha las inquietudes de investigadores de la U. de Caldas.\"}]},{\"@type\":\"WebSite\",\"@id\":\"https:\\\/\\\/www.ucaldas.edu.co\\\/portal\\\/#website\",\"url\":\"https:\\\/\\\/www.ucaldas.edu.co\\\/portal\\\/\",\"name\":\"Universidad de Caldas\",\"description\":\"\",\"publisher\":{\"@id\":\"https:\\\/\\\/www.ucaldas.edu.co\\\/portal\\\/#organization\"},\"alternateName\":\"U. de Caldas\",\"potentialAction\":[{\"@type\":\"SearchAction\",\"target\":{\"@type\":\"EntryPoint\",\"urlTemplate\":\"https:\\\/\\\/www.ucaldas.edu.co\\\/portal\\\/?s={search_term_string}\"},\"query-input\":{\"@type\":\"PropertyValueSpecification\",\"valueRequired\":true,\"valueName\":\"search_term_string\"}}],\"inLanguage\":\"es\"},{\"@type\":\"Organization\",\"@id\":\"https:\\\/\\\/www.ucaldas.edu.co\\\/portal\\\/#organization\",\"name\":\"Universidad de Caldas\",\"alternateName\":\"U. de Caldas\",\"url\":\"https:\\\/\\\/www.ucaldas.edu.co\\\/portal\\\/\",\"logo\":{\"@type\":\"ImageObject\",\"inLanguage\":\"es\",\"@id\":\"https:\\\/\\\/www.ucaldas.edu.co\\\/portal\\\/#\\\/schema\\\/logo\\\/image\\\/\",\"url\":\"https:\\\/\\\/www.ucaldas.edu.co\\\/portal\\\/wp-content\\\/uploads\\\/2023\\\/11\\\/Logo_horizontal_oscuroU-2023.png\",\"contentUrl\":\"https:\\\/\\\/www.ucaldas.edu.co\\\/portal\\\/wp-content\\\/uploads\\\/2023\\\/11\\\/Logo_horizontal_oscuroU-2023.png\",\"width\":263,\"height\":101,\"caption\":\"Universidad de Caldas\"},\"image\":{\"@id\":\"https:\\\/\\\/www.ucaldas.edu.co\\\/portal\\\/#\\\/schema\\\/logo\\\/image\\\/\"},\"sameAs\":[\"https:\\\/\\\/www.facebook.com\\\/udecaldas\",\"https:\\\/\\\/x.com\\\/udecaldas\",\"https:\\\/\\\/www.youtube.com\\\/universidadcaldas\",\"https:\\\/\\\/www.instagram.com\\\/udecaldas\\\/\"]},{\"@type\":\"Person\",\"@id\":\"https:\\\/\\\/www.ucaldas.edu.co\\\/portal\\\/#\\\/schema\\\/person\\\/a1b482e23449158b4bc319926c074fdf\",\"name\":\"ofiprensa\",\"image\":{\"@type\":\"ImageObject\",\"inLanguage\":\"es\",\"@id\":\"https:\\\/\\\/www.ucaldas.edu.co\\\/portal\\\/wp-content\\\/litespeed\\\/avatar\\\/09ea5085e600095a7a811142c6944527.jpg?ver=1777497608\",\"url\":\"https:\\\/\\\/www.ucaldas.edu.co\\\/portal\\\/wp-content\\\/litespeed\\\/avatar\\\/09ea5085e600095a7a811142c6944527.jpg?ver=1777497608\",\"contentUrl\":\"https:\\\/\\\/www.ucaldas.edu.co\\\/portal\\\/wp-content\\\/litespeed\\\/avatar\\\/09ea5085e600095a7a811142c6944527.jpg?ver=1777497608\",\"caption\":\"ofiprensa\"},\"url\":\"https:\\\/\\\/www.ucaldas.edu.co\\\/portal\\\/author\\\/ofiprensa\\\/\"}]}<\/script>\n<!-- \/ Yoast SEO plugin. -->","yoast_head_json":{"title":"Ministra de Ciencia, Tecnolog\u00eda e Innovaci\u00f3n escucha las inquietudes de investigadores de la U. de Caldas. .","robots":{"index":"index","follow":"follow","max-snippet":"max-snippet:-1","max-image-preview":"max-image-preview:large","max-video-preview":"max-video-preview:-1"},"canonical":"https:\/\/www.ucaldas.edu.co\/portal\/ministra-de-ciencia-tecnologia-e-innovacion-escucha-las-inquietudes-de-investigadores-de-la-u-de-caldas\/","schema":{"@context":"https:\/\/schema.org","@graph":[{"@type":"Article","@id":"https:\/\/www.ucaldas.edu.co\/portal\/ministra-de-ciencia-tecnologia-e-innovacion-escucha-las-inquietudes-de-investigadores-de-la-u-de-caldas\/#article","isPartOf":{"@id":"https:\/\/www.ucaldas.edu.co\/portal\/ministra-de-ciencia-tecnologia-e-innovacion-escucha-las-inquietudes-de-investigadores-de-la-u-de-caldas\/"},"author":{"name":"ofiprensa","@id":"https:\/\/www.ucaldas.edu.co\/portal\/#\/schema\/person\/a1b482e23449158b4bc319926c074fdf"},"headline":"Ministra de Ciencia, Tecnolog\u00eda e Innovaci\u00f3n escucha las inquietudes de investigadores de la U. de Caldas.","datePublished":"2024-05-14T23:32:01+00:00","dateModified":"2024-05-15T14:12:09+00:00","mainEntityOfPage":{"@id":"https:\/\/www.ucaldas.edu.co\/portal\/ministra-de-ciencia-tecnologia-e-innovacion-escucha-las-inquietudes-de-investigadores-de-la-u-de-caldas\/"},"wordCount":477,"publisher":{"@id":"https:\/\/www.ucaldas.edu.co\/portal\/#organization"},"image":{"@id":"https:\/\/www.ucaldas.edu.co\/portal\/ministra-de-ciencia-tecnologia-e-innovacion-escucha-las-inquietudes-de-investigadores-de-la-u-de-caldas\/#primaryimage"},"thumbnailUrl":"https:\/\/www.ucaldas.edu.co\/portal\/wp-content\/uploads\/2024\/05\/WhatsApp-Image-2024-05-15-at-9.04.35-AM.jpeg","keywords":["ciencia","Ministerio de Ciencia Tecnolog\u00eda e Innovaci\u00f3n","academia e investigaci\u00f3n"],"articleSection":["Actualidad","Universidad al D\u00eda"],"inLanguage":"es"},{"@type":"WebPage","@id":"https:\/\/www.ucaldas.edu.co\/portal\/ministra-de-ciencia-tecnologia-e-innovacion-escucha-las-inquietudes-de-investigadores-de-la-u-de-caldas\/","url":"https:\/\/www.ucaldas.edu.co\/portal\/ministra-de-ciencia-tecnologia-e-innovacion-escucha-las-inquietudes-de-investigadores-de-la-u-de-caldas\/","name":"Ministra de Ciencia, Tecnolog\u00eda e Innovaci\u00f3n escucha las inquietudes de investigadores de la U. de Caldas. .","isPartOf":{"@id":"https:\/\/www.ucaldas.edu.co\/portal\/#website"},"primaryImageOfPage":{"@id":"https:\/\/www.ucaldas.edu.co\/portal\/ministra-de-ciencia-tecnologia-e-innovacion-escucha-las-inquietudes-de-investigadores-de-la-u-de-caldas\/#primaryimage"},"image":{"@id":"https:\/\/www.ucaldas.edu.co\/portal\/ministra-de-ciencia-tecnologia-e-innovacion-escucha-las-inquietudes-de-investigadores-de-la-u-de-caldas\/#primaryimage"},"thumbnailUrl":"https:\/\/www.ucaldas.edu.co\/portal\/wp-content\/uploads\/2024\/05\/WhatsApp-Image-2024-05-15-at-9.04.35-AM.jpeg","datePublished":"2024-05-14T23:32:01+00:00","dateModified":"2024-05-15T14:12:09+00:00","breadcrumb":{"@id":"https:\/\/www.ucaldas.edu.co\/portal\/ministra-de-ciencia-tecnologia-e-innovacion-escucha-las-inquietudes-de-investigadores-de-la-u-de-caldas\/#breadcrumb"},"inLanguage":"es","potentialAction":[{"@type":"ReadAction","target":["https:\/\/www.ucaldas.edu.co\/portal\/ministra-de-ciencia-tecnologia-e-innovacion-escucha-las-inquietudes-de-investigadores-de-la-u-de-caldas\/"]}]},{"@type":"ImageObject","inLanguage":"es","@id":"https:\/\/www.ucaldas.edu.co\/portal\/ministra-de-ciencia-tecnologia-e-innovacion-escucha-las-inquietudes-de-investigadores-de-la-u-de-caldas\/#primaryimage","url":"https:\/\/www.ucaldas.edu.co\/portal\/wp-content\/uploads\/2024\/05\/WhatsApp-Image-2024-05-15-at-9.04.35-AM.jpeg","contentUrl":"https:\/\/www.ucaldas.edu.co\/portal\/wp-content\/uploads\/2024\/05\/WhatsApp-Image-2024-05-15-at-9.04.35-AM.jpeg","width":1280,"height":960,"caption":"Foto de la ministra de Ciencia, Tecnolog\u00eda e Innovaci\u00f3n, \u00c1ngela Yesenia Olaya, con los l\u00edderes de centros e institutos de investigaci\u00f3n de la U. de Caldas."},{"@type":"BreadcrumbList","@id":"https:\/\/www.ucaldas.edu.co\/portal\/ministra-de-ciencia-tecnologia-e-innovacion-escucha-las-inquietudes-de-investigadores-de-la-u-de-caldas\/#breadcrumb","itemListElement":[{"@type":"ListItem","position":1,"name":"Portada","item":"https:\/\/www.ucaldas.edu.co\/portal\/"},{"@type":"ListItem","position":2,"name":"Ministra de Ciencia, Tecnolog\u00eda e Innovaci\u00f3n escucha las inquietudes de investigadores de la U. de Caldas."}]},{"@type":"WebSite","@id":"https:\/\/www.ucaldas.edu.co\/portal\/#website","url":"https:\/\/www.ucaldas.edu.co\/portal\/","name":"Universidad de Caldas","description":"","publisher":{"@id":"https:\/\/www.ucaldas.edu.co\/portal\/#organization"},"alternateName":"U. de Caldas","potentialAction":[{"@type":"SearchAction","target":{"@type":"EntryPoint","urlTemplate":"https:\/\/www.ucaldas.edu.co\/portal\/?s={search_term_string}"},"query-input":{"@type":"PropertyValueSpecification","valueRequired":true,"valueName":"search_term_string"}}],"inLanguage":"es"},{"@type":"Organization","@id":"https:\/\/www.ucaldas.edu.co\/portal\/#organization","name":"Universidad de Caldas","alternateName":"U. de Caldas","url":"https:\/\/www.ucaldas.edu.co\/portal\/","logo":{"@type":"ImageObject","inLanguage":"es","@id":"https:\/\/www.ucaldas.edu.co\/portal\/#\/schema\/logo\/image\/","url":"https:\/\/www.ucaldas.edu.co\/portal\/wp-content\/uploads\/2023\/11\/Logo_horizontal_oscuroU-2023.png","contentUrl":"https:\/\/www.ucaldas.edu.co\/portal\/wp-content\/uploads\/2023\/11\/Logo_horizontal_oscuroU-2023.png","width":263,"height":101,"caption":"Universidad de Caldas"},"image":{"@id":"https:\/\/www.ucaldas.edu.co\/portal\/#\/schema\/logo\/image\/"},"sameAs":["https:\/\/www.facebook.com\/udecaldas","https:\/\/x.com\/udecaldas","https:\/\/www.youtube.com\/universidadcaldas","https:\/\/www.instagram.com\/udecaldas\/"]},{"@type":"Person","@id":"https:\/\/www.ucaldas.edu.co\/portal\/#\/schema\/person\/a1b482e23449158b4bc319926c074fdf","name":"ofiprensa","image":{"@type":"ImageObject","inLanguage":"es","@id":"https:\/\/www.ucaldas.edu.co\/portal\/wp-content\/litespeed\/avatar\/09ea5085e600095a7a811142c6944527.jpg?ver=1777497608","url":"https:\/\/www.ucaldas.edu.co\/portal\/wp-content\/litespeed\/avatar\/09ea5085e600095a7a811142c6944527.jpg?ver=1777497608","contentUrl":"https:\/\/www.ucaldas.edu.co\/portal\/wp-content\/litespeed\/avatar\/09ea5085e600095a7a811142c6944527.jpg?ver=1777497608","caption":"ofiprensa"},"url":"https:\/\/www.ucaldas.edu.co\/portal\/author\/ofiprensa\/"}]}},"_links":{"self":[{"href":"https:\/\/www.ucaldas.edu.co\/portal\/wp-json\/wp\/v2\/posts\/81173","targetHints":{"allow":["GET"]}}],"collection":[{"href":"https:\/\/www.ucaldas.edu.co\/portal\/wp-json\/wp\/v2\/posts"}],"about":[{"href":"https:\/\/www.ucaldas.edu.co\/portal\/wp-json\/wp\/v2\/types\/post"}],"author":[{"embeddable":true,"href":"https:\/\/www.ucaldas.edu.co\/portal\/wp-json\/wp\/v2\/users\/2"}],"replies":[{"embeddable":true,"href":"https:\/\/www.ucaldas.edu.co\/portal\/wp-json\/wp\/v2\/comments?post=81173"}],"version-history":[{"count":0,"href":"https:\/\/www.ucaldas.edu.co\/portal\/wp-json\/wp\/v2\/posts\/81173\/revisions"}],"wp:featuredmedia":[{"embeddable":true,"href":"https:\/\/www.ucaldas.edu.co\/portal\/wp-json\/wp\/v2\/media\/81189"}],"wp:attachment":[{"href":"https:\/\/www.ucaldas.edu.co\/portal\/wp-json\/wp\/v2\/media?parent=81173"}],"wp:term":[{"taxonomy":"category","embeddable":true,"href":"https:\/\/www.ucaldas.edu.co\/portal\/wp-json\/wp\/v2\/categories?post=81173"},{"taxonomy":"post_tag","embeddable":true,"href":"https:\/\/www.ucaldas.edu.co\/portal\/wp-json\/wp\/v2\/tags?post=81173"}],"curies":[{"name":"wp","href":"https:\/\/api.w.org\/{rel}","templated":true}]}}