{"id":80857,"date":"2024-05-02T16:55:28","date_gmt":"2024-05-02T21:55:28","guid":{"rendered":"https:\/\/www.ucaldas.edu.co\/portal\/?p=80857"},"modified":"2024-05-02T17:11:25","modified_gmt":"2024-05-02T22:11:25","slug":"gebiome-de-la-u-de-caldas-entre-los-mejores-grupos-de-investigacion-art-2023-2024","status":"publish","type":"post","link":"https:\/\/www.ucaldas.edu.co\/portal\/gebiome-de-la-u-de-caldas-entre-los-mejores-grupos-de-investigacion-art-2023-2024\/","title":{"rendered":"GEBIOME de la U. de Caldas, entre los mejores grupos de investigaci\u00f3n ART 2023 -2024"},"content":{"rendered":"<p><img loading=\"lazy\" decoding=\"async\" class=\"size-medium wp-image-80863 aligncenter\" src=\"https:\/\/www.ucaldas.edu.co\/portal\/wp-content\/uploads\/2024\/05\/pajaros-300x272.jpg\" alt=\"\" width=\"300\" height=\"272\" srcset=\"https:\/\/www.ucaldas.edu.co\/portal\/wp-content\/uploads\/2024\/05\/pajaros-300x272.jpg 300w, https:\/\/www.ucaldas.edu.co\/portal\/wp-content\/uploads\/2024\/05\/pajaros-768x695.jpg 768w, https:\/\/www.ucaldas.edu.co\/portal\/wp-content\/uploads\/2024\/05\/pajaros.jpg 1024w\" sizes=\"auto, (max-width: 300px) 100vw, 300px\" \/><\/p>\n<p style=\"text-align: justify;\">El Grupo de Investigaci\u00f3n en Gen\u00e9tica, Biodiversidad y Manejo de Ecosistemas \u00abGEBIOME\u00bb, se ubica en la posici\u00f3n n\u00famero 15, a nivel nacional, entre 5000 Grupos analizados. Esta ubicaci\u00f3n los destaca por la cantidad y calidad de art\u00edculos publicados en revistas cient\u00edficas. GEBIOME, adem\u00e1s, es el \u00fanico grupo de investigaci\u00f3n del Eje Cafetero que aparece en el listado \u00abMejores Grupos ART 2023-2024\u00bb.<!--more--><\/p>\n<p style=\"text-align: justify;\">Los Mejores Grupos ART, es la clasificaci\u00f3n de los mejores grupos de investigaci\u00f3n de instituciones educativas colombianas, seg\u00fan su producci\u00f3n de art\u00edculos cient\u00edficos, publicados en revistas especializadas y con los mayores factores de impacto, que generalmente corresponden a publicaciones en idioma ingl\u00e9s. Esta clasificaci\u00f3n se divulga cada a\u00f1o por la firma de consultor\u00eda Sapiens Research, reconocida por el observatorio internacional IREG.<\/p>\n<p style=\"text-align: justify;\">GEBIOME inici\u00f3 sus actividades investigativas en el a\u00f1o 2007, con el objetivo de realizar estudios en biodiversidad y generar oportunidades investigativas para los estudiantes del Programa de Biolog\u00eda de la Universidad de Caldas, creado en el a\u00f1o 2002. A partir de entonces, el grupo ha trabajado en red con investigadores de otras instituciones de Colombia y del exterior, lo que ha permitido la movilidad entrante y saliente de investigadores. \u201cEste trabajo en equipo ha permitido formar una verdadera escuela, que reconoce sus aciertos y debilidades y donde participan unos inquietos y excelentes estudiantes investigadores del Programa de Biolog\u00eda, la Maestr\u00eda en Ciencias Biol\u00f3gicas y el Doctorado en Ciencias de la Universidad de Caldas\u201d, expresa el profesor y director de este grupo de investigaci\u00f3n, Fredy Arvey Rivera P\u00e1ez.<\/p>\n<p style=\"text-align: justify;\">El apoyo institucional y la participaci\u00f3n continua en convocatorias de financiaci\u00f3n externas, le ha permitido a GEBIOME tener recursos para los trabajos de campo y laboratorio, as\u00ed como apoyo econ\u00f3mico en becas para los estudiantes. Otro aspecto importante, es la formaci\u00f3n a nivel doctoral en reconocidas universidades del exterior de un buen n\u00famero de l\u00edderes del Grupo, donde las din\u00e1micas en estos pa\u00edses es la publicaci\u00f3n en revistas especializadas de alto impacto.<\/p>\n<p style=\"text-align: justify;\"><strong>Lo que hace GEBIOME<\/strong><\/p>\n<ul>\n<li style=\"text-align: justify;\">En la clasificaci\u00f3n de los \u00abMejores Grupos ART 2023-2024\u00bb aparece con 28 art\u00edculos publicados en 11 pa\u00edses del mundo y un 93 % de los casos en idioma ingl\u00e9s.<\/li>\n<li style=\"text-align: justify;\">La gran mayor\u00eda de sus publicaciones corresponden a revistas Scopus de los primeros cuartiles: Q1, Q2. Los cuartiles ordenan las revistas de mayor a menor, en cuanto al factor de impacto.<\/li>\n<li style=\"text-align: justify;\">Como resultado de los esfuerzos de campo y laboratorio, han podido generar informaci\u00f3n valiosa sobre carn\u00edvoros y primates amenazados.<\/li>\n<li style=\"text-align: justify;\">Algunas de sus investigaciones han contribuido a describir nuevas especies de \u00e1caros, murci\u00e9lagos y anfibios, y revalidar el estatus taxon\u00f3mico de varios grupos de vertebrados e invertebrados.<\/li>\n<li style=\"text-align: justify;\">Han venido desarrollando esfuerzos para evaluar el impacto del cambio clim\u00e1tico en la distribuci\u00f3n de varias especies y c\u00f3mo se pueden afectar las din\u00e1micas ecol\u00f3gicas.<\/li>\n<li style=\"text-align: justify;\">Sus investigaciones tambi\u00e9n exploran escalas microsc\u00f3picas mediante la evaluaci\u00f3n de la diversidad de los microbiomas asociados a vertebrados y sus ectopar\u00e1sitos.<\/li>\n<\/ul>\n<p><strong>Anexo<\/strong><\/p>\n<p><a href=\"https:\/\/www.ucaldas.edu.co\/portal\/wp-content\/uploads\/2024\/05\/Decana-Elvira-GEBIOME.mp3\"><strong>-Audio Decana de la Facultad de Ciencias Exactas y Naturales, Elvira Cristina Ruiz Jim\u00e9nez.<\/strong><\/a><\/p>\n<audio class=\"wp-audio-shortcode\" id=\"audio-80857-1\" preload=\"none\" style=\"width: 100%;\" controls=\"controls\"><source type=\"audio\/mpeg\" src=\"https:\/\/www.ucaldas.edu.co\/portal\/wp-content\/uploads\/2024\/05\/Decana-Elvira-GEBIOME.mp3?_=1\" \/><a href=\"https:\/\/www.ucaldas.edu.co\/portal\/wp-content\/uploads\/2024\/05\/Decana-Elvira-GEBIOME.mp3\">https:\/\/www.ucaldas.edu.co\/portal\/wp-content\/uploads\/2024\/05\/Decana-Elvira-GEBIOME.mp3<\/a><\/audio>\n<p>&nbsp;<\/p>\n<p><a href=\"https:\/\/www.ucaldas.edu.co\/portal\/wp-content\/uploads\/2024\/05\/vicerrector-GEBIOME-1.mp3\"><strong>-Audio Vicerrector Acad\u00e9mico de la Universidad de Caldas, Germ\u00e1n G\u00f3mez Londo\u00f1o.<\/strong><\/a><\/p>\n<audio class=\"wp-audio-shortcode\" id=\"audio-80857-2\" preload=\"none\" style=\"width: 100%;\" controls=\"controls\"><source type=\"audio\/mpeg\" src=\"https:\/\/www.ucaldas.edu.co\/portal\/wp-content\/uploads\/2024\/05\/vicerrector-GEBIOME-1.mp3?_=2\" \/><a href=\"https:\/\/www.ucaldas.edu.co\/portal\/wp-content\/uploads\/2024\/05\/vicerrector-GEBIOME-1.mp3\">https:\/\/www.ucaldas.edu.co\/portal\/wp-content\/uploads\/2024\/05\/vicerrector-GEBIOME-1.mp3<\/a><\/audio>\n","protected":false},"excerpt":{"rendered":"<p>El Grupo de Investigaci\u00f3n en Gen\u00e9tica, Biodiversidad y Manejo de Ecosistemas \u00abGEBIOME\u00bb, se ubica en la posici\u00f3n n\u00famero 15, a nivel nacional, entre 5000 Grupos analizados. Esta ubicaci\u00f3n los destaca por la cantidad y calidad de art\u00edculos publicados en revistas cient\u00edficas. GEBIOME, adem\u00e1s, es el \u00fanico grupo de investigaci\u00f3n del Eje Cafetero que aparece en [&hellip;]<\/p>\n","protected":false},"author":2,"featured_media":80863,"comment_status":"closed","ping_status":"open","sticky":false,"template":"","format":"standard","meta":{"footnotes":""},"categories":[48,53],"tags":[129,5653,6502],"class_list":["post-80857","post","type-post","status-publish","format-standard","has-post-thumbnail","hentry","category-actualidad","category-universidad-al-dia","tag-reconocimiento","tag-articulos-de-investigacion","tag-grupo-gebiome"],"yoast_head":"<!-- This site is optimized with the Yoast SEO plugin v27.5 - https:\/\/yoast.com\/product\/yoast-seo-wordpress\/ -->\n<title>GEBIOME de la U. de Caldas, entre los mejores grupos de investigaci\u00f3n ART 2023 -2024 .<\/title>\n<meta name=\"robots\" content=\"index, follow, max-snippet:-1, max-image-preview:large, max-video-preview:-1\" \/>\n<link rel=\"canonical\" href=\"https:\/\/www.ucaldas.edu.co\/portal\/gebiome-de-la-u-de-caldas-entre-los-mejores-grupos-de-investigacion-art-2023-2024\/\" \/>\n<script type=\"application\/ld+json\" class=\"yoast-schema-graph\">{\"@context\":\"https:\\\/\\\/schema.org\",\"@graph\":[{\"@type\":\"Article\",\"@id\":\"https:\\\/\\\/www.ucaldas.edu.co\\\/portal\\\/gebiome-de-la-u-de-caldas-entre-los-mejores-grupos-de-investigacion-art-2023-2024\\\/#article\",\"isPartOf\":{\"@id\":\"https:\\\/\\\/www.ucaldas.edu.co\\\/portal\\\/gebiome-de-la-u-de-caldas-entre-los-mejores-grupos-de-investigacion-art-2023-2024\\\/\"},\"author\":{\"name\":\"ofiprensa\",\"@id\":\"https:\\\/\\\/www.ucaldas.edu.co\\\/portal\\\/#\\\/schema\\\/person\\\/a1b482e23449158b4bc319926c074fdf\"},\"headline\":\"GEBIOME de la U. de Caldas, entre los mejores grupos de investigaci\u00f3n ART 2023 -2024\",\"datePublished\":\"2024-05-02T21:55:28+00:00\",\"dateModified\":\"2024-05-02T22:11:25+00:00\",\"mainEntityOfPage\":{\"@id\":\"https:\\\/\\\/www.ucaldas.edu.co\\\/portal\\\/gebiome-de-la-u-de-caldas-entre-los-mejores-grupos-de-investigacion-art-2023-2024\\\/\"},\"wordCount\":596,\"publisher\":{\"@id\":\"https:\\\/\\\/www.ucaldas.edu.co\\\/portal\\\/#organization\"},\"image\":{\"@id\":\"https:\\\/\\\/www.ucaldas.edu.co\\\/portal\\\/gebiome-de-la-u-de-caldas-entre-los-mejores-grupos-de-investigacion-art-2023-2024\\\/#primaryimage\"},\"thumbnailUrl\":\"https:\\\/\\\/www.ucaldas.edu.co\\\/portal\\\/wp-content\\\/uploads\\\/2024\\\/05\\\/pajaros.jpg\",\"keywords\":[\"Reconocimiento\",\"art\u00edculos de investigaci\u00f3n\",\"grupo gebiome\"],\"articleSection\":[\"Actualidad\",\"Universidad al D\u00eda\"],\"inLanguage\":\"es\"},{\"@type\":\"WebPage\",\"@id\":\"https:\\\/\\\/www.ucaldas.edu.co\\\/portal\\\/gebiome-de-la-u-de-caldas-entre-los-mejores-grupos-de-investigacion-art-2023-2024\\\/\",\"url\":\"https:\\\/\\\/www.ucaldas.edu.co\\\/portal\\\/gebiome-de-la-u-de-caldas-entre-los-mejores-grupos-de-investigacion-art-2023-2024\\\/\",\"name\":\"GEBIOME de la U. de Caldas, entre los mejores grupos de investigaci\u00f3n ART 2023 -2024 .\",\"isPartOf\":{\"@id\":\"https:\\\/\\\/www.ucaldas.edu.co\\\/portal\\\/#website\"},\"primaryImageOfPage\":{\"@id\":\"https:\\\/\\\/www.ucaldas.edu.co\\\/portal\\\/gebiome-de-la-u-de-caldas-entre-los-mejores-grupos-de-investigacion-art-2023-2024\\\/#primaryimage\"},\"image\":{\"@id\":\"https:\\\/\\\/www.ucaldas.edu.co\\\/portal\\\/gebiome-de-la-u-de-caldas-entre-los-mejores-grupos-de-investigacion-art-2023-2024\\\/#primaryimage\"},\"thumbnailUrl\":\"https:\\\/\\\/www.ucaldas.edu.co\\\/portal\\\/wp-content\\\/uploads\\\/2024\\\/05\\\/pajaros.jpg\",\"datePublished\":\"2024-05-02T21:55:28+00:00\",\"dateModified\":\"2024-05-02T22:11:25+00:00\",\"breadcrumb\":{\"@id\":\"https:\\\/\\\/www.ucaldas.edu.co\\\/portal\\\/gebiome-de-la-u-de-caldas-entre-los-mejores-grupos-de-investigacion-art-2023-2024\\\/#breadcrumb\"},\"inLanguage\":\"es\",\"potentialAction\":[{\"@type\":\"ReadAction\",\"target\":[\"https:\\\/\\\/www.ucaldas.edu.co\\\/portal\\\/gebiome-de-la-u-de-caldas-entre-los-mejores-grupos-de-investigacion-art-2023-2024\\\/\"]}]},{\"@type\":\"ImageObject\",\"inLanguage\":\"es\",\"@id\":\"https:\\\/\\\/www.ucaldas.edu.co\\\/portal\\\/gebiome-de-la-u-de-caldas-entre-los-mejores-grupos-de-investigacion-art-2023-2024\\\/#primaryimage\",\"url\":\"https:\\\/\\\/www.ucaldas.edu.co\\\/portal\\\/wp-content\\\/uploads\\\/2024\\\/05\\\/pajaros.jpg\",\"contentUrl\":\"https:\\\/\\\/www.ucaldas.edu.co\\\/portal\\\/wp-content\\\/uploads\\\/2024\\\/05\\\/pajaros.jpg\",\"width\":1024,\"height\":927},{\"@type\":\"BreadcrumbList\",\"@id\":\"https:\\\/\\\/www.ucaldas.edu.co\\\/portal\\\/gebiome-de-la-u-de-caldas-entre-los-mejores-grupos-de-investigacion-art-2023-2024\\\/#breadcrumb\",\"itemListElement\":[{\"@type\":\"ListItem\",\"position\":1,\"name\":\"Portada\",\"item\":\"https:\\\/\\\/www.ucaldas.edu.co\\\/portal\\\/\"},{\"@type\":\"ListItem\",\"position\":2,\"name\":\"GEBIOME de la U. de Caldas, entre los mejores grupos de investigaci\u00f3n ART 2023 -2024\"}]},{\"@type\":\"WebSite\",\"@id\":\"https:\\\/\\\/www.ucaldas.edu.co\\\/portal\\\/#website\",\"url\":\"https:\\\/\\\/www.ucaldas.edu.co\\\/portal\\\/\",\"name\":\"Universidad de Caldas\",\"description\":\"\",\"publisher\":{\"@id\":\"https:\\\/\\\/www.ucaldas.edu.co\\\/portal\\\/#organization\"},\"alternateName\":\"U. de Caldas\",\"potentialAction\":[{\"@type\":\"SearchAction\",\"target\":{\"@type\":\"EntryPoint\",\"urlTemplate\":\"https:\\\/\\\/www.ucaldas.edu.co\\\/portal\\\/?s={search_term_string}\"},\"query-input\":{\"@type\":\"PropertyValueSpecification\",\"valueRequired\":true,\"valueName\":\"search_term_string\"}}],\"inLanguage\":\"es\"},{\"@type\":\"Organization\",\"@id\":\"https:\\\/\\\/www.ucaldas.edu.co\\\/portal\\\/#organization\",\"name\":\"Universidad de Caldas\",\"alternateName\":\"U. de Caldas\",\"url\":\"https:\\\/\\\/www.ucaldas.edu.co\\\/portal\\\/\",\"logo\":{\"@type\":\"ImageObject\",\"inLanguage\":\"es\",\"@id\":\"https:\\\/\\\/www.ucaldas.edu.co\\\/portal\\\/#\\\/schema\\\/logo\\\/image\\\/\",\"url\":\"https:\\\/\\\/www.ucaldas.edu.co\\\/portal\\\/wp-content\\\/uploads\\\/2023\\\/11\\\/Logo_horizontal_oscuroU-2023.png\",\"contentUrl\":\"https:\\\/\\\/www.ucaldas.edu.co\\\/portal\\\/wp-content\\\/uploads\\\/2023\\\/11\\\/Logo_horizontal_oscuroU-2023.png\",\"width\":263,\"height\":101,\"caption\":\"Universidad de Caldas\"},\"image\":{\"@id\":\"https:\\\/\\\/www.ucaldas.edu.co\\\/portal\\\/#\\\/schema\\\/logo\\\/image\\\/\"},\"sameAs\":[\"https:\\\/\\\/www.facebook.com\\\/udecaldas\",\"https:\\\/\\\/x.com\\\/udecaldas\",\"https:\\\/\\\/www.youtube.com\\\/universidadcaldas\",\"https:\\\/\\\/www.instagram.com\\\/udecaldas\\\/\"]},{\"@type\":\"Person\",\"@id\":\"https:\\\/\\\/www.ucaldas.edu.co\\\/portal\\\/#\\\/schema\\\/person\\\/a1b482e23449158b4bc319926c074fdf\",\"name\":\"ofiprensa\",\"image\":{\"@type\":\"ImageObject\",\"inLanguage\":\"es\",\"@id\":\"https:\\\/\\\/www.ucaldas.edu.co\\\/portal\\\/wp-content\\\/litespeed\\\/avatar\\\/09ea5085e600095a7a811142c6944527.jpg?ver=1777497608\",\"url\":\"https:\\\/\\\/www.ucaldas.edu.co\\\/portal\\\/wp-content\\\/litespeed\\\/avatar\\\/09ea5085e600095a7a811142c6944527.jpg?ver=1777497608\",\"contentUrl\":\"https:\\\/\\\/www.ucaldas.edu.co\\\/portal\\\/wp-content\\\/litespeed\\\/avatar\\\/09ea5085e600095a7a811142c6944527.jpg?ver=1777497608\",\"caption\":\"ofiprensa\"},\"url\":\"https:\\\/\\\/www.ucaldas.edu.co\\\/portal\\\/author\\\/ofiprensa\\\/\"}]}<\/script>\n<!-- \/ Yoast SEO plugin. -->","yoast_head_json":{"title":"GEBIOME de la U. de Caldas, entre los mejores grupos de investigaci\u00f3n ART 2023 -2024 .","robots":{"index":"index","follow":"follow","max-snippet":"max-snippet:-1","max-image-preview":"max-image-preview:large","max-video-preview":"max-video-preview:-1"},"canonical":"https:\/\/www.ucaldas.edu.co\/portal\/gebiome-de-la-u-de-caldas-entre-los-mejores-grupos-de-investigacion-art-2023-2024\/","schema":{"@context":"https:\/\/schema.org","@graph":[{"@type":"Article","@id":"https:\/\/www.ucaldas.edu.co\/portal\/gebiome-de-la-u-de-caldas-entre-los-mejores-grupos-de-investigacion-art-2023-2024\/#article","isPartOf":{"@id":"https:\/\/www.ucaldas.edu.co\/portal\/gebiome-de-la-u-de-caldas-entre-los-mejores-grupos-de-investigacion-art-2023-2024\/"},"author":{"name":"ofiprensa","@id":"https:\/\/www.ucaldas.edu.co\/portal\/#\/schema\/person\/a1b482e23449158b4bc319926c074fdf"},"headline":"GEBIOME de la U. de Caldas, entre los mejores grupos de investigaci\u00f3n ART 2023 -2024","datePublished":"2024-05-02T21:55:28+00:00","dateModified":"2024-05-02T22:11:25+00:00","mainEntityOfPage":{"@id":"https:\/\/www.ucaldas.edu.co\/portal\/gebiome-de-la-u-de-caldas-entre-los-mejores-grupos-de-investigacion-art-2023-2024\/"},"wordCount":596,"publisher":{"@id":"https:\/\/www.ucaldas.edu.co\/portal\/#organization"},"image":{"@id":"https:\/\/www.ucaldas.edu.co\/portal\/gebiome-de-la-u-de-caldas-entre-los-mejores-grupos-de-investigacion-art-2023-2024\/#primaryimage"},"thumbnailUrl":"https:\/\/www.ucaldas.edu.co\/portal\/wp-content\/uploads\/2024\/05\/pajaros.jpg","keywords":["Reconocimiento","art\u00edculos de investigaci\u00f3n","grupo gebiome"],"articleSection":["Actualidad","Universidad al D\u00eda"],"inLanguage":"es"},{"@type":"WebPage","@id":"https:\/\/www.ucaldas.edu.co\/portal\/gebiome-de-la-u-de-caldas-entre-los-mejores-grupos-de-investigacion-art-2023-2024\/","url":"https:\/\/www.ucaldas.edu.co\/portal\/gebiome-de-la-u-de-caldas-entre-los-mejores-grupos-de-investigacion-art-2023-2024\/","name":"GEBIOME de la U. de Caldas, entre los mejores grupos de investigaci\u00f3n ART 2023 -2024 .","isPartOf":{"@id":"https:\/\/www.ucaldas.edu.co\/portal\/#website"},"primaryImageOfPage":{"@id":"https:\/\/www.ucaldas.edu.co\/portal\/gebiome-de-la-u-de-caldas-entre-los-mejores-grupos-de-investigacion-art-2023-2024\/#primaryimage"},"image":{"@id":"https:\/\/www.ucaldas.edu.co\/portal\/gebiome-de-la-u-de-caldas-entre-los-mejores-grupos-de-investigacion-art-2023-2024\/#primaryimage"},"thumbnailUrl":"https:\/\/www.ucaldas.edu.co\/portal\/wp-content\/uploads\/2024\/05\/pajaros.jpg","datePublished":"2024-05-02T21:55:28+00:00","dateModified":"2024-05-02T22:11:25+00:00","breadcrumb":{"@id":"https:\/\/www.ucaldas.edu.co\/portal\/gebiome-de-la-u-de-caldas-entre-los-mejores-grupos-de-investigacion-art-2023-2024\/#breadcrumb"},"inLanguage":"es","potentialAction":[{"@type":"ReadAction","target":["https:\/\/www.ucaldas.edu.co\/portal\/gebiome-de-la-u-de-caldas-entre-los-mejores-grupos-de-investigacion-art-2023-2024\/"]}]},{"@type":"ImageObject","inLanguage":"es","@id":"https:\/\/www.ucaldas.edu.co\/portal\/gebiome-de-la-u-de-caldas-entre-los-mejores-grupos-de-investigacion-art-2023-2024\/#primaryimage","url":"https:\/\/www.ucaldas.edu.co\/portal\/wp-content\/uploads\/2024\/05\/pajaros.jpg","contentUrl":"https:\/\/www.ucaldas.edu.co\/portal\/wp-content\/uploads\/2024\/05\/pajaros.jpg","width":1024,"height":927},{"@type":"BreadcrumbList","@id":"https:\/\/www.ucaldas.edu.co\/portal\/gebiome-de-la-u-de-caldas-entre-los-mejores-grupos-de-investigacion-art-2023-2024\/#breadcrumb","itemListElement":[{"@type":"ListItem","position":1,"name":"Portada","item":"https:\/\/www.ucaldas.edu.co\/portal\/"},{"@type":"ListItem","position":2,"name":"GEBIOME de la U. de Caldas, entre los mejores grupos de investigaci\u00f3n ART 2023 -2024"}]},{"@type":"WebSite","@id":"https:\/\/www.ucaldas.edu.co\/portal\/#website","url":"https:\/\/www.ucaldas.edu.co\/portal\/","name":"Universidad de Caldas","description":"","publisher":{"@id":"https:\/\/www.ucaldas.edu.co\/portal\/#organization"},"alternateName":"U. de Caldas","potentialAction":[{"@type":"SearchAction","target":{"@type":"EntryPoint","urlTemplate":"https:\/\/www.ucaldas.edu.co\/portal\/?s={search_term_string}"},"query-input":{"@type":"PropertyValueSpecification","valueRequired":true,"valueName":"search_term_string"}}],"inLanguage":"es"},{"@type":"Organization","@id":"https:\/\/www.ucaldas.edu.co\/portal\/#organization","name":"Universidad de Caldas","alternateName":"U. de Caldas","url":"https:\/\/www.ucaldas.edu.co\/portal\/","logo":{"@type":"ImageObject","inLanguage":"es","@id":"https:\/\/www.ucaldas.edu.co\/portal\/#\/schema\/logo\/image\/","url":"https:\/\/www.ucaldas.edu.co\/portal\/wp-content\/uploads\/2023\/11\/Logo_horizontal_oscuroU-2023.png","contentUrl":"https:\/\/www.ucaldas.edu.co\/portal\/wp-content\/uploads\/2023\/11\/Logo_horizontal_oscuroU-2023.png","width":263,"height":101,"caption":"Universidad de Caldas"},"image":{"@id":"https:\/\/www.ucaldas.edu.co\/portal\/#\/schema\/logo\/image\/"},"sameAs":["https:\/\/www.facebook.com\/udecaldas","https:\/\/x.com\/udecaldas","https:\/\/www.youtube.com\/universidadcaldas","https:\/\/www.instagram.com\/udecaldas\/"]},{"@type":"Person","@id":"https:\/\/www.ucaldas.edu.co\/portal\/#\/schema\/person\/a1b482e23449158b4bc319926c074fdf","name":"ofiprensa","image":{"@type":"ImageObject","inLanguage":"es","@id":"https:\/\/www.ucaldas.edu.co\/portal\/wp-content\/litespeed\/avatar\/09ea5085e600095a7a811142c6944527.jpg?ver=1777497608","url":"https:\/\/www.ucaldas.edu.co\/portal\/wp-content\/litespeed\/avatar\/09ea5085e600095a7a811142c6944527.jpg?ver=1777497608","contentUrl":"https:\/\/www.ucaldas.edu.co\/portal\/wp-content\/litespeed\/avatar\/09ea5085e600095a7a811142c6944527.jpg?ver=1777497608","caption":"ofiprensa"},"url":"https:\/\/www.ucaldas.edu.co\/portal\/author\/ofiprensa\/"}]}},"_links":{"self":[{"href":"https:\/\/www.ucaldas.edu.co\/portal\/wp-json\/wp\/v2\/posts\/80857","targetHints":{"allow":["GET"]}}],"collection":[{"href":"https:\/\/www.ucaldas.edu.co\/portal\/wp-json\/wp\/v2\/posts"}],"about":[{"href":"https:\/\/www.ucaldas.edu.co\/portal\/wp-json\/wp\/v2\/types\/post"}],"author":[{"embeddable":true,"href":"https:\/\/www.ucaldas.edu.co\/portal\/wp-json\/wp\/v2\/users\/2"}],"replies":[{"embeddable":true,"href":"https:\/\/www.ucaldas.edu.co\/portal\/wp-json\/wp\/v2\/comments?post=80857"}],"version-history":[{"count":0,"href":"https:\/\/www.ucaldas.edu.co\/portal\/wp-json\/wp\/v2\/posts\/80857\/revisions"}],"wp:featuredmedia":[{"embeddable":true,"href":"https:\/\/www.ucaldas.edu.co\/portal\/wp-json\/wp\/v2\/media\/80863"}],"wp:attachment":[{"href":"https:\/\/www.ucaldas.edu.co\/portal\/wp-json\/wp\/v2\/media?parent=80857"}],"wp:term":[{"taxonomy":"category","embeddable":true,"href":"https:\/\/www.ucaldas.edu.co\/portal\/wp-json\/wp\/v2\/categories?post=80857"},{"taxonomy":"post_tag","embeddable":true,"href":"https:\/\/www.ucaldas.edu.co\/portal\/wp-json\/wp\/v2\/tags?post=80857"}],"curies":[{"name":"wp","href":"https:\/\/api.w.org\/{rel}","templated":true}]}}