{"id":80613,"date":"2024-04-24T17:44:00","date_gmt":"2024-04-24T22:44:00","guid":{"rendered":"https:\/\/www.ucaldas.edu.co\/portal\/?p=80613"},"modified":"2024-04-24T17:44:00","modified_gmt":"2024-04-24T22:44:00","slug":"rhinella-kumanday-es-la-nueva-especie-de-sapo-que-investigadores-de-la-u-de-caldas-descubren-para-el-pais","status":"publish","type":"post","link":"https:\/\/www.ucaldas.edu.co\/portal\/rhinella-kumanday-es-la-nueva-especie-de-sapo-que-investigadores-de-la-u-de-caldas-descubren-para-el-pais\/","title":{"rendered":"Rhinella kumanday es la nueva especie de sapo que investigadores de la U. de Caldas descubren para el pa\u00eds"},"content":{"rendered":"<p><img loading=\"lazy\" decoding=\"async\" class=\"alignnone size-medium wp-image-80616 aligncenter\" src=\"https:\/\/www.ucaldas.edu.co\/portal\/wp-content\/uploads\/2024\/04\/Nuevo-sapito-1-1-1-300x217.jpg\" alt=\"\" width=\"300\" height=\"217\" srcset=\"https:\/\/www.ucaldas.edu.co\/portal\/wp-content\/uploads\/2024\/04\/Nuevo-sapito-1-1-1-300x217.jpg 300w, https:\/\/www.ucaldas.edu.co\/portal\/wp-content\/uploads\/2024\/04\/Nuevo-sapito-1-1-1-1024x741.jpg 1024w, https:\/\/www.ucaldas.edu.co\/portal\/wp-content\/uploads\/2024\/04\/Nuevo-sapito-1-1-1-768x556.jpg 768w, https:\/\/www.ucaldas.edu.co\/portal\/wp-content\/uploads\/2024\/04\/Nuevo-sapito-1-1-1.jpg 1206w\" sizes=\"auto, (max-width: 300px) 100vw, 300px\" \/><\/p>\n<p style=\"text-align: justify;\">Un aplicado art\u00edculo cient\u00edfico y varios ejemplares de este nuevo anfibio depositados en la Colecci\u00f3n de Vertebrados del Museo de Historia Natural de la Universidad de Caldas, son el resultado del trabajo en campo y laboratorio de un\u00a0 equipo de investigadores del programa de Biolog\u00eda, apoyado por el <em>Fondo para la conservaci\u00f3n de especies Mohamed bin Zayed<\/em>, que busca potenciar los esfuerzos de conservaci\u00f3n de especies a nivel mundial.<!--more--><\/p>\n<p style=\"text-align: justify;\">Para el estudiante de pregrado, Jose Jaime Henao Osorio; los docentes, Paula Andrea Ossa L\u00f3pez, H\u00e9ctor E. Ram\u00edrez-Chaves y Freddy Rivera P\u00e1ez, el estudiante del Doctorado en Ciencias, Juli\u00e1n Andr\u00e9s Rojas Morales, y los egresados, Luis Santiago Caicedo Mart\u00ednez y H\u00e9ctor Fabio Arias Monsalve, este hallazgo fue una gran emoci\u00f3n, no s\u00f3lo por el reto acad\u00e9mico y profesional que ello supon\u00eda, sino por haber encontrado una especie nueva para el pa\u00eds que habita los suelos del Parque Nacional Natural Los Nevados.<\/p>\n<p style=\"text-align: justify;\">El prop\u00f3sito inicial del equipo es documentar la diversidad de anfibios presentes en los Andes colombianos que est\u00e1n bastante amenazados. Al encontrarse con este sapito en un pa\u00eds tan megadiverso como Colombia, el proceso de investigaci\u00f3n que ven\u00edan realizando le abri\u00f3 paso a otros estudios que permitieron darle nombre a esta nueva especie.<\/p>\n<p style=\"text-align: justify;\">Luego del hallazgo de la <em>Rhinella kumanday<\/em>, que pertenece al grupo de especies <em>Rinella festae,<\/em> un conjunto de m\u00e1s de 20 especies distribuidas en Colombia, Ecuador, Per\u00fa y Bolivia, asociadas a las tierras altas de los Andes, se espera seguir documentando la diversidad de especies que habitan en esta zona concentr\u00e1ndose en los Andes colombianos, con el fin de promover planes de conservaci\u00f3n y manejo que mantengan estables sus poblaciones a lo largo del tiempo.<\/p>\n<p style=\"text-align: justify;\"><img loading=\"lazy\" decoding=\"async\" class=\"alignnone size-medium wp-image-80615\" src=\"https:\/\/www.ucaldas.edu.co\/portal\/wp-content\/uploads\/2024\/04\/Nuevo-sapito-1-2-1-300x291.jpg\" alt=\"\" width=\"300\" height=\"291\" srcset=\"https:\/\/www.ucaldas.edu.co\/portal\/wp-content\/uploads\/2024\/04\/Nuevo-sapito-1-2-1-300x291.jpg 300w, https:\/\/www.ucaldas.edu.co\/portal\/wp-content\/uploads\/2024\/04\/Nuevo-sapito-1-2-1-768x744.jpg 768w, https:\/\/www.ucaldas.edu.co\/portal\/wp-content\/uploads\/2024\/04\/Nuevo-sapito-1-2-1.jpg 988w\" sizes=\"auto, (max-width: 300px) 100vw, 300px\" \/><\/p>\n<p style=\"text-align: justify;\">\u201cEl ecosistema de este sapito est\u00e1 amenazado, pues debido a los cambios en el uso del suelo, se ha perdido mucho bosque primario. Entre otras causas, los usos de explotaci\u00f3n agr\u00edcola y ganadera afectan los ecosistemas naturales. Esta situaci\u00f3n pone en riesgo animales tan sensibles como los anfibios y, en este caso, especies con distribuciones tan restringidas como la <em>Rhinella kumanday<\/em>. Lo que nos preocupa es que si sigue perdiendo h\u00e1bitat, esta especie end\u00e9mica podr\u00e1 extinguirse\u201d, afirma Luis Santiago Caicedo Mart\u00ednez, egresado del programa de Biolog\u00eda.<\/p>\n<p style=\"text-align: justify;\">A\u00fan falta mucho para consolidar la hoja de vida de la Rhinella kumanday, como sus interacciones ecol\u00f3gicas, su modo de reproducci\u00f3n, la cantidad de huevos que pone y si tienen fase larval. Pero mientras se resuelven estas y otras inquietudes, queda claro que se ha descubierto una nueva especie de anfibio en Caldas y que as\u00ed como cuidamos y amamos nuestro Parque Nacional Natural Los Nevados, debemos hacer y sentir lo mismo por las especies que lo habitan. Esa es la \u00fanica manera de preservar la vida en el territorio.<\/p>\n<p style=\"text-align: justify;\"><strong>\u00bfC\u00f3mo saber si una especie es nueva para la Ciencia?<\/strong><\/p>\n<p style=\"text-align: justify;\">Se debe hacer un estudio integrativo con diferentes fuentes de evidencia:<\/p>\n<ul style=\"text-align: justify;\">\n<li>Primero se realizan los estudios morfol\u00f3gicos, relacionados con las formas y estructuras de los seres vivos. En esta fuente de evidencia cl\u00e1sica se describen las caracter\u00edsticas f\u00edsicas, y en ocasiones funcionales, de una especie. Por ejemplo, el estudio osteol\u00f3gico puede confirmar, a partir del n\u00famero de v\u00e9rtebras y las osificaciones en la cabeza, que se trata de una especie nueva.<\/li>\n<li>Luego se da paso a los estudios gen\u00e9ticos, donde se hace la extracci\u00f3n del ADN para compararlo con genes secuenciados de otras especies. En el caso de la <em>Rhinella kumanday<\/em> se encontr\u00f3 una diferencia aproximada del 5 % en los genes evaluados.<\/li>\n<li>A continuaci\u00f3n, se le asigna un nombre a la especie siguiendo los criterios y normas del C\u00f3digo Internacional de Nomenclatura Zool\u00f3gica.<\/li>\n<li>Finalmente, los resultados se env\u00edan a publicaci\u00f3n que conlleva una revisi\u00f3n por pares expertos quienes opinan sobre la pertinencia del estudio.<\/li>\n<\/ul>\n<p style=\"text-align: justify;\"><strong>Perfil <\/strong><\/p>\n<p style=\"text-align: justify;\">La Rhinella kumanday tiene el hocico puntiagudo. Por esto recibe el nombre com\u00fan de <em>sapo picudo de Kumanday<\/em>.\u00a0 Es una especie con coloraci\u00f3n cr\u00edptica; es decir, no tiene colores vistosos. Camina y apenas da brinquitos. Es algo t\u00edmida, pues suele esconderse debajo de piedras o al lado de ca\u00f1os. El \u00fanico depredador conocido hasta ahora para esta especie es la falsa coral<em>,<\/em> que tambi\u00e9n habita en los Andes colombianos<\/p>\n<p>Consulte el art\u00edculo cient\u00edfico <a href=\"https:\/\/zookeys.pensoft.net\/article\/114861\/\">aqu\u00ed<\/a><\/p>\n<p>Consulte las redes del equipo de investigaci\u00f3n <a href=\"https:\/\/www.instagram.com\/izbd_lab?igsh=MXNueW1rN2xyM2VwYw%3D%3D\">aqu\u00ed<\/a><\/p>\n<p><strong>Anexo:<\/strong><\/p>\n<p><strong><a href=\"https:\/\/www.ucaldas.edu.co\/portal\/wp-content\/uploads\/2024\/04\/Santiago-Nueva-especie-de-Sapo-1.mp3\">-Audio Egresado del programa de Biolog\u00eda, Luis Santiago Caicedo Mart\u00ednez<\/a>.<\/strong><\/p>\n<audio class=\"wp-audio-shortcode\" id=\"audio-80613-1\" preload=\"none\" style=\"width: 100%;\" controls=\"controls\"><source type=\"audio\/mpeg\" src=\"https:\/\/www.ucaldas.edu.co\/portal\/wp-content\/uploads\/2024\/04\/Santiago-Nueva-especie-de-Sapo-1.mp3?_=1\" \/><a href=\"https:\/\/www.ucaldas.edu.co\/portal\/wp-content\/uploads\/2024\/04\/Santiago-Nueva-especie-de-Sapo-1.mp3\">https:\/\/www.ucaldas.edu.co\/portal\/wp-content\/uploads\/2024\/04\/Santiago-Nueva-especie-de-Sapo-1.mp3<\/a><\/audio>\n<p><strong>\u00a0<\/strong><\/p>\n","protected":false},"excerpt":{"rendered":"<p>Un aplicado art\u00edculo cient\u00edfico y varios ejemplares de este nuevo anfibio depositados en la Colecci\u00f3n de Vertebrados del Museo de Historia Natural de la Universidad de Caldas, son el resultado del trabajo en campo y laboratorio de un\u00a0 equipo de investigadores del programa de Biolog\u00eda, apoyado por el Fondo para la conservaci\u00f3n de especies Mohamed [&hellip;]<\/p>\n","protected":false},"author":2,"featured_media":80616,"comment_status":"closed","ping_status":"open","sticky":false,"template":"","format":"standard","meta":{"footnotes":""},"categories":[48,53],"tags":[6050,7067,7722],"class_list":["post-80613","post","type-post","status-publish","format-standard","has-post-thumbnail","hentry","category-actualidad","category-universidad-al-dia","tag-coleccion-de-vertebrados","tag-conservacion-medio-ambiente","tag-actividades-de-investigacion"],"yoast_head":"<!-- This site is optimized with the Yoast SEO plugin v27.5 - https:\/\/yoast.com\/product\/yoast-seo-wordpress\/ -->\n<title>Rhinella kumanday es la nueva especie de sapo que investigadores de la U. de Caldas descubren para el pa\u00eds .<\/title>\n<meta name=\"robots\" content=\"index, follow, max-snippet:-1, max-image-preview:large, max-video-preview:-1\" \/>\n<link rel=\"canonical\" href=\"https:\/\/www.ucaldas.edu.co\/portal\/rhinella-kumanday-es-la-nueva-especie-de-sapo-que-investigadores-de-la-u-de-caldas-descubren-para-el-pais\/\" \/>\n<script type=\"application\/ld+json\" class=\"yoast-schema-graph\">{\"@context\":\"https:\\\/\\\/schema.org\",\"@graph\":[{\"@type\":\"Article\",\"@id\":\"https:\\\/\\\/www.ucaldas.edu.co\\\/portal\\\/rhinella-kumanday-es-la-nueva-especie-de-sapo-que-investigadores-de-la-u-de-caldas-descubren-para-el-pais\\\/#article\",\"isPartOf\":{\"@id\":\"https:\\\/\\\/www.ucaldas.edu.co\\\/portal\\\/rhinella-kumanday-es-la-nueva-especie-de-sapo-que-investigadores-de-la-u-de-caldas-descubren-para-el-pais\\\/\"},\"author\":{\"name\":\"ofiprensa\",\"@id\":\"https:\\\/\\\/www.ucaldas.edu.co\\\/portal\\\/#\\\/schema\\\/person\\\/a1b482e23449158b4bc319926c074fdf\"},\"headline\":\"Rhinella kumanday es la nueva especie de sapo que investigadores de la U. de Caldas descubren para el pa\u00eds\",\"datePublished\":\"2024-04-24T22:44:00+00:00\",\"mainEntityOfPage\":{\"@id\":\"https:\\\/\\\/www.ucaldas.edu.co\\\/portal\\\/rhinella-kumanday-es-la-nueva-especie-de-sapo-que-investigadores-de-la-u-de-caldas-descubren-para-el-pais\\\/\"},\"wordCount\":807,\"publisher\":{\"@id\":\"https:\\\/\\\/www.ucaldas.edu.co\\\/portal\\\/#organization\"},\"image\":{\"@id\":\"https:\\\/\\\/www.ucaldas.edu.co\\\/portal\\\/rhinella-kumanday-es-la-nueva-especie-de-sapo-que-investigadores-de-la-u-de-caldas-descubren-para-el-pais\\\/#primaryimage\"},\"thumbnailUrl\":\"https:\\\/\\\/www.ucaldas.edu.co\\\/portal\\\/wp-content\\\/uploads\\\/2024\\\/04\\\/Nuevo-sapito-1-1-1.jpg\",\"keywords\":[\"colecci\u00f3n de vertebrados\",\"conservaci\u00f3n medio ambiente\",\"actividades de investigaci\u00f3n\"],\"articleSection\":[\"Actualidad\",\"Universidad al D\u00eda\"],\"inLanguage\":\"es\"},{\"@type\":\"WebPage\",\"@id\":\"https:\\\/\\\/www.ucaldas.edu.co\\\/portal\\\/rhinella-kumanday-es-la-nueva-especie-de-sapo-que-investigadores-de-la-u-de-caldas-descubren-para-el-pais\\\/\",\"url\":\"https:\\\/\\\/www.ucaldas.edu.co\\\/portal\\\/rhinella-kumanday-es-la-nueva-especie-de-sapo-que-investigadores-de-la-u-de-caldas-descubren-para-el-pais\\\/\",\"name\":\"Rhinella kumanday es la nueva especie de sapo que investigadores de la U. de Caldas descubren para el pa\u00eds .\",\"isPartOf\":{\"@id\":\"https:\\\/\\\/www.ucaldas.edu.co\\\/portal\\\/#website\"},\"primaryImageOfPage\":{\"@id\":\"https:\\\/\\\/www.ucaldas.edu.co\\\/portal\\\/rhinella-kumanday-es-la-nueva-especie-de-sapo-que-investigadores-de-la-u-de-caldas-descubren-para-el-pais\\\/#primaryimage\"},\"image\":{\"@id\":\"https:\\\/\\\/www.ucaldas.edu.co\\\/portal\\\/rhinella-kumanday-es-la-nueva-especie-de-sapo-que-investigadores-de-la-u-de-caldas-descubren-para-el-pais\\\/#primaryimage\"},\"thumbnailUrl\":\"https:\\\/\\\/www.ucaldas.edu.co\\\/portal\\\/wp-content\\\/uploads\\\/2024\\\/04\\\/Nuevo-sapito-1-1-1.jpg\",\"datePublished\":\"2024-04-24T22:44:00+00:00\",\"breadcrumb\":{\"@id\":\"https:\\\/\\\/www.ucaldas.edu.co\\\/portal\\\/rhinella-kumanday-es-la-nueva-especie-de-sapo-que-investigadores-de-la-u-de-caldas-descubren-para-el-pais\\\/#breadcrumb\"},\"inLanguage\":\"es\",\"potentialAction\":[{\"@type\":\"ReadAction\",\"target\":[\"https:\\\/\\\/www.ucaldas.edu.co\\\/portal\\\/rhinella-kumanday-es-la-nueva-especie-de-sapo-que-investigadores-de-la-u-de-caldas-descubren-para-el-pais\\\/\"]}]},{\"@type\":\"ImageObject\",\"inLanguage\":\"es\",\"@id\":\"https:\\\/\\\/www.ucaldas.edu.co\\\/portal\\\/rhinella-kumanday-es-la-nueva-especie-de-sapo-que-investigadores-de-la-u-de-caldas-descubren-para-el-pais\\\/#primaryimage\",\"url\":\"https:\\\/\\\/www.ucaldas.edu.co\\\/portal\\\/wp-content\\\/uploads\\\/2024\\\/04\\\/Nuevo-sapito-1-1-1.jpg\",\"contentUrl\":\"https:\\\/\\\/www.ucaldas.edu.co\\\/portal\\\/wp-content\\\/uploads\\\/2024\\\/04\\\/Nuevo-sapito-1-1-1.jpg\",\"width\":1206,\"height\":873},{\"@type\":\"BreadcrumbList\",\"@id\":\"https:\\\/\\\/www.ucaldas.edu.co\\\/portal\\\/rhinella-kumanday-es-la-nueva-especie-de-sapo-que-investigadores-de-la-u-de-caldas-descubren-para-el-pais\\\/#breadcrumb\",\"itemListElement\":[{\"@type\":\"ListItem\",\"position\":1,\"name\":\"Portada\",\"item\":\"https:\\\/\\\/www.ucaldas.edu.co\\\/portal\\\/\"},{\"@type\":\"ListItem\",\"position\":2,\"name\":\"Rhinella kumanday es la nueva especie de sapo que investigadores de la U. de Caldas descubren para el pa\u00eds\"}]},{\"@type\":\"WebSite\",\"@id\":\"https:\\\/\\\/www.ucaldas.edu.co\\\/portal\\\/#website\",\"url\":\"https:\\\/\\\/www.ucaldas.edu.co\\\/portal\\\/\",\"name\":\"Universidad de Caldas\",\"description\":\"\",\"publisher\":{\"@id\":\"https:\\\/\\\/www.ucaldas.edu.co\\\/portal\\\/#organization\"},\"alternateName\":\"U. de Caldas\",\"potentialAction\":[{\"@type\":\"SearchAction\",\"target\":{\"@type\":\"EntryPoint\",\"urlTemplate\":\"https:\\\/\\\/www.ucaldas.edu.co\\\/portal\\\/?s={search_term_string}\"},\"query-input\":{\"@type\":\"PropertyValueSpecification\",\"valueRequired\":true,\"valueName\":\"search_term_string\"}}],\"inLanguage\":\"es\"},{\"@type\":\"Organization\",\"@id\":\"https:\\\/\\\/www.ucaldas.edu.co\\\/portal\\\/#organization\",\"name\":\"Universidad de Caldas\",\"alternateName\":\"U. de Caldas\",\"url\":\"https:\\\/\\\/www.ucaldas.edu.co\\\/portal\\\/\",\"logo\":{\"@type\":\"ImageObject\",\"inLanguage\":\"es\",\"@id\":\"https:\\\/\\\/www.ucaldas.edu.co\\\/portal\\\/#\\\/schema\\\/logo\\\/image\\\/\",\"url\":\"https:\\\/\\\/www.ucaldas.edu.co\\\/portal\\\/wp-content\\\/uploads\\\/2023\\\/11\\\/Logo_horizontal_oscuroU-2023.png\",\"contentUrl\":\"https:\\\/\\\/www.ucaldas.edu.co\\\/portal\\\/wp-content\\\/uploads\\\/2023\\\/11\\\/Logo_horizontal_oscuroU-2023.png\",\"width\":263,\"height\":101,\"caption\":\"Universidad de Caldas\"},\"image\":{\"@id\":\"https:\\\/\\\/www.ucaldas.edu.co\\\/portal\\\/#\\\/schema\\\/logo\\\/image\\\/\"},\"sameAs\":[\"https:\\\/\\\/www.facebook.com\\\/udecaldas\",\"https:\\\/\\\/x.com\\\/udecaldas\",\"https:\\\/\\\/www.youtube.com\\\/universidadcaldas\",\"https:\\\/\\\/www.instagram.com\\\/udecaldas\\\/\"]},{\"@type\":\"Person\",\"@id\":\"https:\\\/\\\/www.ucaldas.edu.co\\\/portal\\\/#\\\/schema\\\/person\\\/a1b482e23449158b4bc319926c074fdf\",\"name\":\"ofiprensa\",\"image\":{\"@type\":\"ImageObject\",\"inLanguage\":\"es\",\"@id\":\"https:\\\/\\\/www.ucaldas.edu.co\\\/portal\\\/wp-content\\\/litespeed\\\/avatar\\\/09ea5085e600095a7a811142c6944527.jpg?ver=1777497608\",\"url\":\"https:\\\/\\\/www.ucaldas.edu.co\\\/portal\\\/wp-content\\\/litespeed\\\/avatar\\\/09ea5085e600095a7a811142c6944527.jpg?ver=1777497608\",\"contentUrl\":\"https:\\\/\\\/www.ucaldas.edu.co\\\/portal\\\/wp-content\\\/litespeed\\\/avatar\\\/09ea5085e600095a7a811142c6944527.jpg?ver=1777497608\",\"caption\":\"ofiprensa\"},\"url\":\"https:\\\/\\\/www.ucaldas.edu.co\\\/portal\\\/author\\\/ofiprensa\\\/\"}]}<\/script>\n<!-- \/ Yoast SEO plugin. -->","yoast_head_json":{"title":"Rhinella kumanday es la nueva especie de sapo que investigadores de la U. de Caldas descubren para el pa\u00eds .","robots":{"index":"index","follow":"follow","max-snippet":"max-snippet:-1","max-image-preview":"max-image-preview:large","max-video-preview":"max-video-preview:-1"},"canonical":"https:\/\/www.ucaldas.edu.co\/portal\/rhinella-kumanday-es-la-nueva-especie-de-sapo-que-investigadores-de-la-u-de-caldas-descubren-para-el-pais\/","schema":{"@context":"https:\/\/schema.org","@graph":[{"@type":"Article","@id":"https:\/\/www.ucaldas.edu.co\/portal\/rhinella-kumanday-es-la-nueva-especie-de-sapo-que-investigadores-de-la-u-de-caldas-descubren-para-el-pais\/#article","isPartOf":{"@id":"https:\/\/www.ucaldas.edu.co\/portal\/rhinella-kumanday-es-la-nueva-especie-de-sapo-que-investigadores-de-la-u-de-caldas-descubren-para-el-pais\/"},"author":{"name":"ofiprensa","@id":"https:\/\/www.ucaldas.edu.co\/portal\/#\/schema\/person\/a1b482e23449158b4bc319926c074fdf"},"headline":"Rhinella kumanday es la nueva especie de sapo que investigadores de la U. de Caldas descubren para el pa\u00eds","datePublished":"2024-04-24T22:44:00+00:00","mainEntityOfPage":{"@id":"https:\/\/www.ucaldas.edu.co\/portal\/rhinella-kumanday-es-la-nueva-especie-de-sapo-que-investigadores-de-la-u-de-caldas-descubren-para-el-pais\/"},"wordCount":807,"publisher":{"@id":"https:\/\/www.ucaldas.edu.co\/portal\/#organization"},"image":{"@id":"https:\/\/www.ucaldas.edu.co\/portal\/rhinella-kumanday-es-la-nueva-especie-de-sapo-que-investigadores-de-la-u-de-caldas-descubren-para-el-pais\/#primaryimage"},"thumbnailUrl":"https:\/\/www.ucaldas.edu.co\/portal\/wp-content\/uploads\/2024\/04\/Nuevo-sapito-1-1-1.jpg","keywords":["colecci\u00f3n de vertebrados","conservaci\u00f3n medio ambiente","actividades de investigaci\u00f3n"],"articleSection":["Actualidad","Universidad al D\u00eda"],"inLanguage":"es"},{"@type":"WebPage","@id":"https:\/\/www.ucaldas.edu.co\/portal\/rhinella-kumanday-es-la-nueva-especie-de-sapo-que-investigadores-de-la-u-de-caldas-descubren-para-el-pais\/","url":"https:\/\/www.ucaldas.edu.co\/portal\/rhinella-kumanday-es-la-nueva-especie-de-sapo-que-investigadores-de-la-u-de-caldas-descubren-para-el-pais\/","name":"Rhinella kumanday es la nueva especie de sapo que investigadores de la U. de Caldas descubren para el pa\u00eds .","isPartOf":{"@id":"https:\/\/www.ucaldas.edu.co\/portal\/#website"},"primaryImageOfPage":{"@id":"https:\/\/www.ucaldas.edu.co\/portal\/rhinella-kumanday-es-la-nueva-especie-de-sapo-que-investigadores-de-la-u-de-caldas-descubren-para-el-pais\/#primaryimage"},"image":{"@id":"https:\/\/www.ucaldas.edu.co\/portal\/rhinella-kumanday-es-la-nueva-especie-de-sapo-que-investigadores-de-la-u-de-caldas-descubren-para-el-pais\/#primaryimage"},"thumbnailUrl":"https:\/\/www.ucaldas.edu.co\/portal\/wp-content\/uploads\/2024\/04\/Nuevo-sapito-1-1-1.jpg","datePublished":"2024-04-24T22:44:00+00:00","breadcrumb":{"@id":"https:\/\/www.ucaldas.edu.co\/portal\/rhinella-kumanday-es-la-nueva-especie-de-sapo-que-investigadores-de-la-u-de-caldas-descubren-para-el-pais\/#breadcrumb"},"inLanguage":"es","potentialAction":[{"@type":"ReadAction","target":["https:\/\/www.ucaldas.edu.co\/portal\/rhinella-kumanday-es-la-nueva-especie-de-sapo-que-investigadores-de-la-u-de-caldas-descubren-para-el-pais\/"]}]},{"@type":"ImageObject","inLanguage":"es","@id":"https:\/\/www.ucaldas.edu.co\/portal\/rhinella-kumanday-es-la-nueva-especie-de-sapo-que-investigadores-de-la-u-de-caldas-descubren-para-el-pais\/#primaryimage","url":"https:\/\/www.ucaldas.edu.co\/portal\/wp-content\/uploads\/2024\/04\/Nuevo-sapito-1-1-1.jpg","contentUrl":"https:\/\/www.ucaldas.edu.co\/portal\/wp-content\/uploads\/2024\/04\/Nuevo-sapito-1-1-1.jpg","width":1206,"height":873},{"@type":"BreadcrumbList","@id":"https:\/\/www.ucaldas.edu.co\/portal\/rhinella-kumanday-es-la-nueva-especie-de-sapo-que-investigadores-de-la-u-de-caldas-descubren-para-el-pais\/#breadcrumb","itemListElement":[{"@type":"ListItem","position":1,"name":"Portada","item":"https:\/\/www.ucaldas.edu.co\/portal\/"},{"@type":"ListItem","position":2,"name":"Rhinella kumanday es la nueva especie de sapo que investigadores de la U. de Caldas descubren para el pa\u00eds"}]},{"@type":"WebSite","@id":"https:\/\/www.ucaldas.edu.co\/portal\/#website","url":"https:\/\/www.ucaldas.edu.co\/portal\/","name":"Universidad de Caldas","description":"","publisher":{"@id":"https:\/\/www.ucaldas.edu.co\/portal\/#organization"},"alternateName":"U. de Caldas","potentialAction":[{"@type":"SearchAction","target":{"@type":"EntryPoint","urlTemplate":"https:\/\/www.ucaldas.edu.co\/portal\/?s={search_term_string}"},"query-input":{"@type":"PropertyValueSpecification","valueRequired":true,"valueName":"search_term_string"}}],"inLanguage":"es"},{"@type":"Organization","@id":"https:\/\/www.ucaldas.edu.co\/portal\/#organization","name":"Universidad de Caldas","alternateName":"U. de Caldas","url":"https:\/\/www.ucaldas.edu.co\/portal\/","logo":{"@type":"ImageObject","inLanguage":"es","@id":"https:\/\/www.ucaldas.edu.co\/portal\/#\/schema\/logo\/image\/","url":"https:\/\/www.ucaldas.edu.co\/portal\/wp-content\/uploads\/2023\/11\/Logo_horizontal_oscuroU-2023.png","contentUrl":"https:\/\/www.ucaldas.edu.co\/portal\/wp-content\/uploads\/2023\/11\/Logo_horizontal_oscuroU-2023.png","width":263,"height":101,"caption":"Universidad de Caldas"},"image":{"@id":"https:\/\/www.ucaldas.edu.co\/portal\/#\/schema\/logo\/image\/"},"sameAs":["https:\/\/www.facebook.com\/udecaldas","https:\/\/x.com\/udecaldas","https:\/\/www.youtube.com\/universidadcaldas","https:\/\/www.instagram.com\/udecaldas\/"]},{"@type":"Person","@id":"https:\/\/www.ucaldas.edu.co\/portal\/#\/schema\/person\/a1b482e23449158b4bc319926c074fdf","name":"ofiprensa","image":{"@type":"ImageObject","inLanguage":"es","@id":"https:\/\/www.ucaldas.edu.co\/portal\/wp-content\/litespeed\/avatar\/09ea5085e600095a7a811142c6944527.jpg?ver=1777497608","url":"https:\/\/www.ucaldas.edu.co\/portal\/wp-content\/litespeed\/avatar\/09ea5085e600095a7a811142c6944527.jpg?ver=1777497608","contentUrl":"https:\/\/www.ucaldas.edu.co\/portal\/wp-content\/litespeed\/avatar\/09ea5085e600095a7a811142c6944527.jpg?ver=1777497608","caption":"ofiprensa"},"url":"https:\/\/www.ucaldas.edu.co\/portal\/author\/ofiprensa\/"}]}},"_links":{"self":[{"href":"https:\/\/www.ucaldas.edu.co\/portal\/wp-json\/wp\/v2\/posts\/80613","targetHints":{"allow":["GET"]}}],"collection":[{"href":"https:\/\/www.ucaldas.edu.co\/portal\/wp-json\/wp\/v2\/posts"}],"about":[{"href":"https:\/\/www.ucaldas.edu.co\/portal\/wp-json\/wp\/v2\/types\/post"}],"author":[{"embeddable":true,"href":"https:\/\/www.ucaldas.edu.co\/portal\/wp-json\/wp\/v2\/users\/2"}],"replies":[{"embeddable":true,"href":"https:\/\/www.ucaldas.edu.co\/portal\/wp-json\/wp\/v2\/comments?post=80613"}],"version-history":[{"count":0,"href":"https:\/\/www.ucaldas.edu.co\/portal\/wp-json\/wp\/v2\/posts\/80613\/revisions"}],"wp:featuredmedia":[{"embeddable":true,"href":"https:\/\/www.ucaldas.edu.co\/portal\/wp-json\/wp\/v2\/media\/80616"}],"wp:attachment":[{"href":"https:\/\/www.ucaldas.edu.co\/portal\/wp-json\/wp\/v2\/media?parent=80613"}],"wp:term":[{"taxonomy":"category","embeddable":true,"href":"https:\/\/www.ucaldas.edu.co\/portal\/wp-json\/wp\/v2\/categories?post=80613"},{"taxonomy":"post_tag","embeddable":true,"href":"https:\/\/www.ucaldas.edu.co\/portal\/wp-json\/wp\/v2\/tags?post=80613"}],"curies":[{"name":"wp","href":"https:\/\/api.w.org\/{rel}","templated":true}]}}