{"id":80458,"date":"2024-04-22T17:41:45","date_gmt":"2024-04-22T22:41:45","guid":{"rendered":"https:\/\/www.ucaldas.edu.co\/portal\/?p=80458"},"modified":"2024-04-29T15:36:43","modified_gmt":"2024-04-29T20:36:43","slug":"el-dia-de-la-tierra-le-abrio-las-puertas-al-laboratorio-de-cambio-climatico-e-innovacion-social","status":"publish","type":"post","link":"https:\/\/www.ucaldas.edu.co\/portal\/el-dia-de-la-tierra-le-abrio-las-puertas-al-laboratorio-de-cambio-climatico-e-innovacion-social\/","title":{"rendered":"El D\u00eda de la Tierra le abri\u00f3 las puertas al Laboratorio de Cambio Clim\u00e1tico e Innovaci\u00f3n Social."},"content":{"rendered":"<p><img loading=\"lazy\" decoding=\"async\" class=\"alignnone size-medium wp-image-80461 aligncenter\" src=\"https:\/\/www.ucaldas.edu.co\/portal\/wp-content\/uploads\/2024\/04\/Innovalab-1-300x200.jpg\" alt=\"\" width=\"300\" height=\"200\" srcset=\"https:\/\/www.ucaldas.edu.co\/portal\/wp-content\/uploads\/2024\/04\/Innovalab-1-300x200.jpg 300w, https:\/\/www.ucaldas.edu.co\/portal\/wp-content\/uploads\/2024\/04\/Innovalab-1-1024x683.jpg 1024w, https:\/\/www.ucaldas.edu.co\/portal\/wp-content\/uploads\/2024\/04\/Innovalab-1-768x512.jpg 768w, https:\/\/www.ucaldas.edu.co\/portal\/wp-content\/uploads\/2024\/04\/Innovalab-1-1536x1024.jpg 1536w, https:\/\/www.ucaldas.edu.co\/portal\/wp-content\/uploads\/2024\/04\/Innovalab-1-2048x1365.jpg 2048w\" sizes=\"auto, (max-width: 300px) 100vw, 300px\" \/><\/p>\n<p style=\"text-align: justify;\">Con la presencia de representantes de todas las entidades comprometidas con la sostenibilidad en la Regi\u00f3n, este 22 de abril se dio la apertura oficial del Laboratorio Innovalab Clim\u00e1tica, lugar de convergencia institucional y ciudadana en torno al abordaje de las actuales problem\u00e1ticas ambientales derivadas del cambio clim\u00e1tico.<!--more--><\/p>\n<p style=\"text-align: justify;\">Para nadie es un secreto que las lluvias constantes, las condiciones cr\u00edticas de sequ\u00eda, los incendios forestales, el desabastecimiento de alimentos o las intensas oleadas de calor, son llamados urgentes para reinventarnos por la vida y generar propuestas conjuntas de mitigaci\u00f3n y adaptaci\u00f3n frente a las nuevas condiciones ambientales.<\/p>\n<p style=\"text-align: justify;\">El Laboratorio, que funcionar\u00e1 desde hoy en una de las salas de entrada al Jard\u00edn Bot\u00e1nico, est\u00e1 equipado con tabletas de \u00faltima tecnolog\u00eda, equipos multimedia para exposiciones y reuniones virtuales y un mobiliario que, junto a ventanas y puertas que miran hacia un bello paisaje natural, invita a la cocreaci\u00f3n y la apropiaci\u00f3n de conocimientos.<\/p>\n<p style=\"text-align: justify;\">\u201cEste espacio servir\u00e1 de plataforma para reunir todos los esfuerzos que se est\u00e1n haciendo, no solo desde los programas acad\u00e9micos de la U. de Caldas, sino desde las instituciones externas y aquellas comunidades que construyen sus proyectos de cara al cambio clim\u00e1tico\u201d, afirma el director del Laboratorio Innovalab, Daniel Hernando Vanegas Ram\u00edrez.<\/p>\n<p style=\"text-align: justify;\">El Laboratorio de Cambio Clim\u00e1tico e Innovaci\u00f3n Social tendr\u00e1 cuatro prop\u00f3sitos de trabajo interdisciplinar:<\/p>\n<p style=\"text-align: justify;\"><strong>\u00a01. <\/strong><strong>Intervenci\u00f3n curricular:<\/strong> para consolidar una base de estudio en la interpretaci\u00f3n del Cambio Clim\u00e1tico. Hoy en d\u00eda, los profesionales de todas las \u00e1reas tienen algo que aportar y qu\u00e9 decir frente a esta compleja situaci\u00f3n ambiental. Para ello, se crear\u00e1n propuestas de intervenci\u00f3n curricular, ya sea desde la formaci\u00f3n profesional o desde distintos eventos que se promuevan desde la U. de Caldas.<\/p>\n<p><strong>2. Formulaci\u00f3n de proyectos interdisciplinarios:<\/strong> para desarrollar apuestas integrales de cara a esta tem\u00e1tica mundial que supone complejidad y merece distintos enfoques.<\/p>\n<p style=\"text-align: justify;\"><strong>3. <\/strong><strong>Intervenci\u00f3n con la comunidad:<\/strong> para potenciar el trabajo que hacen las comunidades frente al cambio clim\u00e1tico. Es hora de abandonar esa mirada vertical y establecer un di\u00e1logo horizontal entre los distintos actores, con el fin de generar ideas e intervenciones.<\/p>\n<p><strong>4. Cualificaci\u00f3n de la pol\u00edtica p\u00fablica basada en evidencias:<\/strong> se pondr\u00e1n a disposici\u00f3n las investigaciones, los proyectos y los datos que arrojen los proyectos de la U. de Caldas, con el fin de que los tomadores de decisiones hagan sus gestiones y fortalezcan lo que vienen haciendo en el territorio.<\/p>\n<div dir=\"auto\" style=\"text-align: justify;\">En el lanzamiento del Laboratorio, el proyecto CLIMAR \u00abFortalecimiento de la investigaci\u00f3n, la innovaci\u00f3n y la transferencia de conocimiento sobre Cambio Clim\u00e1tico y Turismo en las Instituciones de Educaci\u00f3n Superior de Am\u00e9rica Latina\u00bb, financiado por el Programa Erasmus+, particip\u00f3 de la conmemoraci\u00f3n por el D\u00eda de la Tierra con la ponencia del Director del proyecto, Dr. Bernado Rivera Sanchez, donde se expuso la pertinencia de estas iniciativas en un sector de creciente inter\u00e9s como lo es el turismo en Caldas y se socializaron los objetivos de CLIMAR de cara a las necesidades de la regi\u00f3n frente a la articulaci\u00f3n del cambio clim\u00e1tico y la econom\u00eda circular.<\/div>\n<div dir=\"auto\"><\/div>\n<p style=\"text-align: justify;\"><strong>\u00bfC\u00f3mo va la Tierra?<\/strong><\/p>\n<p style=\"text-align: justify;\"><strong>\u00a0<\/strong>Hoy por hoy, se hacen evidentes las alteraciones en los patrones de migraci\u00f3n de los animales y los ciclos reproductivos, as\u00ed como en la distribuci\u00f3n y disminuci\u00f3n de las especies.<\/p>\n<p style=\"text-align: justify;\">De la misma manera, surgen interrelaciones que muchos desconocemos, como la que se produce entre el transporte y el cambio clim\u00e1tico. El primero no solo genera gases de efecto invernadero, sino que la alta demanda de este tipo de veh\u00edculos, exige construir m\u00e1s carreteras. Esto, a su vez, genera la expansi\u00f3n de centros urbanos que impactan las poblaciones silvestres y aumentan los problemas econ\u00f3micos, sociales y ambientales.<\/p>\n<p style=\"text-align: justify;\">\u201cDe ah\u00ed que las consecuencias del cambio clim\u00e1tico no solo son ambientales. Seg\u00fan datos de la Organizaci\u00f3n Mundial de la Salud, ya hay 3.600 millones de personas que viven en zonas vulnerables en el mundo. En cuanto a las \u00faltimas predicciones, se estima que entre el 2030 y el 2050 tendremos 250 mil muertes cada a\u00f1o por efecto del deterioro ambiental\u201d, explica la docente del Departamento de Ciencias Biol\u00f3gicas, Beatriz Edilma Toro Restrepo.<\/p>\n<p><strong>Anexo<\/strong><\/p>\n<p><strong>\u00a0<\/strong><strong>&#8211;<a href=\"https:\/\/www.ucaldas.edu.co\/portal\/wp-content\/uploads\/2024\/04\/Daniel-Vanegas-si-1.mp3\">Audio del Director del Laboratorio Innovalab, Daniel Hernando Vanegas Ram\u00edrez.<\/a><\/strong><\/p>\n<audio class=\"wp-audio-shortcode\" id=\"audio-80458-1\" preload=\"none\" style=\"width: 100%;\" controls=\"controls\"><source type=\"audio\/mpeg\" src=\"https:\/\/www.ucaldas.edu.co\/portal\/wp-content\/uploads\/2024\/04\/Daniel-Vanegas-si-1.mp3?_=1\" \/><a href=\"https:\/\/www.ucaldas.edu.co\/portal\/wp-content\/uploads\/2024\/04\/Daniel-Vanegas-si-1.mp3\">https:\/\/www.ucaldas.edu.co\/portal\/wp-content\/uploads\/2024\/04\/Daniel-Vanegas-si-1.mp3<\/a><\/audio>\n<p><a href=\"https:\/\/www.ucaldas.edu.co\/portal\/wp-content\/uploads\/2024\/04\/luciano-aguas-si-1.mp3\"><strong>\u00a0<\/strong><strong>-Audio l\u00edder de Gesti\u00f3n Ambiental encargado de Aguas de Manizales, Luciano Signore.<\/strong><\/a><\/p>\n<audio class=\"wp-audio-shortcode\" id=\"audio-80458-2\" preload=\"none\" style=\"width: 100%;\" controls=\"controls\"><source type=\"audio\/mpeg\" src=\"https:\/\/www.ucaldas.edu.co\/portal\/wp-content\/uploads\/2024\/04\/luciano-aguas-si-1.mp3?_=2\" \/><a href=\"https:\/\/www.ucaldas.edu.co\/portal\/wp-content\/uploads\/2024\/04\/luciano-aguas-si-1.mp3\">https:\/\/www.ucaldas.edu.co\/portal\/wp-content\/uploads\/2024\/04\/luciano-aguas-si-1.mp3<\/a><\/audio>\n<p><strong>\u00a0<\/strong><\/p>\n<p><strong>\u00a0<\/strong><\/p>\n<p><strong>\u00a0<\/strong><\/p>\n","protected":false},"excerpt":{"rendered":"<p>Con la presencia de representantes de todas las entidades comprometidas con la sostenibilidad en la Regi\u00f3n, este 22 de abril se dio la apertura oficial del Laboratorio Innovalab Clim\u00e1tica, lugar de convergencia institucional y ciudadana en torno al abordaje de las actuales problem\u00e1ticas ambientales derivadas del cambio clim\u00e1tico.<\/p>\n","protected":false},"author":2,"featured_media":80461,"comment_status":"closed","ping_status":"open","sticky":false,"template":"","format":"standard","meta":{"footnotes":""},"categories":[48,53],"tags":[1632,3046],"class_list":["post-80458","post","type-post","status-publish","format-standard","has-post-thumbnail","hentry","category-actualidad","category-universidad-al-dia","tag-cambio-climatico","tag-centro-de-innovacion"],"yoast_head":"<!-- This site is optimized with the Yoast SEO plugin v27.5 - https:\/\/yoast.com\/product\/yoast-seo-wordpress\/ -->\n<title>El D\u00eda de la Tierra le abri\u00f3 las puertas al Laboratorio de Cambio Clim\u00e1tico e Innovaci\u00f3n Social. .<\/title>\n<meta name=\"robots\" content=\"index, follow, max-snippet:-1, max-image-preview:large, max-video-preview:-1\" \/>\n<link rel=\"canonical\" href=\"https:\/\/www.ucaldas.edu.co\/portal\/el-dia-de-la-tierra-le-abrio-las-puertas-al-laboratorio-de-cambio-climatico-e-innovacion-social\/\" \/>\n<script type=\"application\/ld+json\" class=\"yoast-schema-graph\">{\"@context\":\"https:\\\/\\\/schema.org\",\"@graph\":[{\"@type\":\"Article\",\"@id\":\"https:\\\/\\\/www.ucaldas.edu.co\\\/portal\\\/el-dia-de-la-tierra-le-abrio-las-puertas-al-laboratorio-de-cambio-climatico-e-innovacion-social\\\/#article\",\"isPartOf\":{\"@id\":\"https:\\\/\\\/www.ucaldas.edu.co\\\/portal\\\/el-dia-de-la-tierra-le-abrio-las-puertas-al-laboratorio-de-cambio-climatico-e-innovacion-social\\\/\"},\"author\":{\"name\":\"ofiprensa\",\"@id\":\"https:\\\/\\\/www.ucaldas.edu.co\\\/portal\\\/#\\\/schema\\\/person\\\/a1b482e23449158b4bc319926c074fdf\"},\"headline\":\"El D\u00eda de la Tierra le abri\u00f3 las puertas al Laboratorio de Cambio Clim\u00e1tico e Innovaci\u00f3n Social.\",\"datePublished\":\"2024-04-22T22:41:45+00:00\",\"dateModified\":\"2024-04-29T20:36:43+00:00\",\"mainEntityOfPage\":{\"@id\":\"https:\\\/\\\/www.ucaldas.edu.co\\\/portal\\\/el-dia-de-la-tierra-le-abrio-las-puertas-al-laboratorio-de-cambio-climatico-e-innovacion-social\\\/\"},\"wordCount\":801,\"publisher\":{\"@id\":\"https:\\\/\\\/www.ucaldas.edu.co\\\/portal\\\/#organization\"},\"image\":{\"@id\":\"https:\\\/\\\/www.ucaldas.edu.co\\\/portal\\\/el-dia-de-la-tierra-le-abrio-las-puertas-al-laboratorio-de-cambio-climatico-e-innovacion-social\\\/#primaryimage\"},\"thumbnailUrl\":\"https:\\\/\\\/www.ucaldas.edu.co\\\/portal\\\/wp-content\\\/uploads\\\/2024\\\/04\\\/Innovalab-1-scaled.jpg\",\"keywords\":[\"Cambio Clim\u00e1tico\",\"centro de innovaci\u00f3n\"],\"articleSection\":[\"Actualidad\",\"Universidad al D\u00eda\"],\"inLanguage\":\"es\"},{\"@type\":\"WebPage\",\"@id\":\"https:\\\/\\\/www.ucaldas.edu.co\\\/portal\\\/el-dia-de-la-tierra-le-abrio-las-puertas-al-laboratorio-de-cambio-climatico-e-innovacion-social\\\/\",\"url\":\"https:\\\/\\\/www.ucaldas.edu.co\\\/portal\\\/el-dia-de-la-tierra-le-abrio-las-puertas-al-laboratorio-de-cambio-climatico-e-innovacion-social\\\/\",\"name\":\"El D\u00eda de la Tierra le abri\u00f3 las puertas al Laboratorio de Cambio Clim\u00e1tico e Innovaci\u00f3n Social. .\",\"isPartOf\":{\"@id\":\"https:\\\/\\\/www.ucaldas.edu.co\\\/portal\\\/#website\"},\"primaryImageOfPage\":{\"@id\":\"https:\\\/\\\/www.ucaldas.edu.co\\\/portal\\\/el-dia-de-la-tierra-le-abrio-las-puertas-al-laboratorio-de-cambio-climatico-e-innovacion-social\\\/#primaryimage\"},\"image\":{\"@id\":\"https:\\\/\\\/www.ucaldas.edu.co\\\/portal\\\/el-dia-de-la-tierra-le-abrio-las-puertas-al-laboratorio-de-cambio-climatico-e-innovacion-social\\\/#primaryimage\"},\"thumbnailUrl\":\"https:\\\/\\\/www.ucaldas.edu.co\\\/portal\\\/wp-content\\\/uploads\\\/2024\\\/04\\\/Innovalab-1-scaled.jpg\",\"datePublished\":\"2024-04-22T22:41:45+00:00\",\"dateModified\":\"2024-04-29T20:36:43+00:00\",\"breadcrumb\":{\"@id\":\"https:\\\/\\\/www.ucaldas.edu.co\\\/portal\\\/el-dia-de-la-tierra-le-abrio-las-puertas-al-laboratorio-de-cambio-climatico-e-innovacion-social\\\/#breadcrumb\"},\"inLanguage\":\"es\",\"potentialAction\":[{\"@type\":\"ReadAction\",\"target\":[\"https:\\\/\\\/www.ucaldas.edu.co\\\/portal\\\/el-dia-de-la-tierra-le-abrio-las-puertas-al-laboratorio-de-cambio-climatico-e-innovacion-social\\\/\"]}]},{\"@type\":\"ImageObject\",\"inLanguage\":\"es\",\"@id\":\"https:\\\/\\\/www.ucaldas.edu.co\\\/portal\\\/el-dia-de-la-tierra-le-abrio-las-puertas-al-laboratorio-de-cambio-climatico-e-innovacion-social\\\/#primaryimage\",\"url\":\"https:\\\/\\\/www.ucaldas.edu.co\\\/portal\\\/wp-content\\\/uploads\\\/2024\\\/04\\\/Innovalab-1-scaled.jpg\",\"contentUrl\":\"https:\\\/\\\/www.ucaldas.edu.co\\\/portal\\\/wp-content\\\/uploads\\\/2024\\\/04\\\/Innovalab-1-scaled.jpg\",\"width\":2560,\"height\":1707},{\"@type\":\"BreadcrumbList\",\"@id\":\"https:\\\/\\\/www.ucaldas.edu.co\\\/portal\\\/el-dia-de-la-tierra-le-abrio-las-puertas-al-laboratorio-de-cambio-climatico-e-innovacion-social\\\/#breadcrumb\",\"itemListElement\":[{\"@type\":\"ListItem\",\"position\":1,\"name\":\"Portada\",\"item\":\"https:\\\/\\\/www.ucaldas.edu.co\\\/portal\\\/\"},{\"@type\":\"ListItem\",\"position\":2,\"name\":\"El D\u00eda de la Tierra le abri\u00f3 las puertas al Laboratorio de Cambio Clim\u00e1tico e Innovaci\u00f3n Social.\"}]},{\"@type\":\"WebSite\",\"@id\":\"https:\\\/\\\/www.ucaldas.edu.co\\\/portal\\\/#website\",\"url\":\"https:\\\/\\\/www.ucaldas.edu.co\\\/portal\\\/\",\"name\":\"Universidad de Caldas\",\"description\":\"\",\"publisher\":{\"@id\":\"https:\\\/\\\/www.ucaldas.edu.co\\\/portal\\\/#organization\"},\"alternateName\":\"U. de Caldas\",\"potentialAction\":[{\"@type\":\"SearchAction\",\"target\":{\"@type\":\"EntryPoint\",\"urlTemplate\":\"https:\\\/\\\/www.ucaldas.edu.co\\\/portal\\\/?s={search_term_string}\"},\"query-input\":{\"@type\":\"PropertyValueSpecification\",\"valueRequired\":true,\"valueName\":\"search_term_string\"}}],\"inLanguage\":\"es\"},{\"@type\":\"Organization\",\"@id\":\"https:\\\/\\\/www.ucaldas.edu.co\\\/portal\\\/#organization\",\"name\":\"Universidad de Caldas\",\"alternateName\":\"U. de Caldas\",\"url\":\"https:\\\/\\\/www.ucaldas.edu.co\\\/portal\\\/\",\"logo\":{\"@type\":\"ImageObject\",\"inLanguage\":\"es\",\"@id\":\"https:\\\/\\\/www.ucaldas.edu.co\\\/portal\\\/#\\\/schema\\\/logo\\\/image\\\/\",\"url\":\"https:\\\/\\\/www.ucaldas.edu.co\\\/portal\\\/wp-content\\\/uploads\\\/2023\\\/11\\\/Logo_horizontal_oscuroU-2023.png\",\"contentUrl\":\"https:\\\/\\\/www.ucaldas.edu.co\\\/portal\\\/wp-content\\\/uploads\\\/2023\\\/11\\\/Logo_horizontal_oscuroU-2023.png\",\"width\":263,\"height\":101,\"caption\":\"Universidad de Caldas\"},\"image\":{\"@id\":\"https:\\\/\\\/www.ucaldas.edu.co\\\/portal\\\/#\\\/schema\\\/logo\\\/image\\\/\"},\"sameAs\":[\"https:\\\/\\\/www.facebook.com\\\/udecaldas\",\"https:\\\/\\\/x.com\\\/udecaldas\",\"https:\\\/\\\/www.youtube.com\\\/universidadcaldas\",\"https:\\\/\\\/www.instagram.com\\\/udecaldas\\\/\"]},{\"@type\":\"Person\",\"@id\":\"https:\\\/\\\/www.ucaldas.edu.co\\\/portal\\\/#\\\/schema\\\/person\\\/a1b482e23449158b4bc319926c074fdf\",\"name\":\"ofiprensa\",\"image\":{\"@type\":\"ImageObject\",\"inLanguage\":\"es\",\"@id\":\"https:\\\/\\\/www.ucaldas.edu.co\\\/portal\\\/wp-content\\\/litespeed\\\/avatar\\\/09ea5085e600095a7a811142c6944527.jpg?ver=1777497608\",\"url\":\"https:\\\/\\\/www.ucaldas.edu.co\\\/portal\\\/wp-content\\\/litespeed\\\/avatar\\\/09ea5085e600095a7a811142c6944527.jpg?ver=1777497608\",\"contentUrl\":\"https:\\\/\\\/www.ucaldas.edu.co\\\/portal\\\/wp-content\\\/litespeed\\\/avatar\\\/09ea5085e600095a7a811142c6944527.jpg?ver=1777497608\",\"caption\":\"ofiprensa\"},\"url\":\"https:\\\/\\\/www.ucaldas.edu.co\\\/portal\\\/author\\\/ofiprensa\\\/\"}]}<\/script>\n<!-- \/ Yoast SEO plugin. -->","yoast_head_json":{"title":"El D\u00eda de la Tierra le abri\u00f3 las puertas al Laboratorio de Cambio Clim\u00e1tico e Innovaci\u00f3n Social. .","robots":{"index":"index","follow":"follow","max-snippet":"max-snippet:-1","max-image-preview":"max-image-preview:large","max-video-preview":"max-video-preview:-1"},"canonical":"https:\/\/www.ucaldas.edu.co\/portal\/el-dia-de-la-tierra-le-abrio-las-puertas-al-laboratorio-de-cambio-climatico-e-innovacion-social\/","schema":{"@context":"https:\/\/schema.org","@graph":[{"@type":"Article","@id":"https:\/\/www.ucaldas.edu.co\/portal\/el-dia-de-la-tierra-le-abrio-las-puertas-al-laboratorio-de-cambio-climatico-e-innovacion-social\/#article","isPartOf":{"@id":"https:\/\/www.ucaldas.edu.co\/portal\/el-dia-de-la-tierra-le-abrio-las-puertas-al-laboratorio-de-cambio-climatico-e-innovacion-social\/"},"author":{"name":"ofiprensa","@id":"https:\/\/www.ucaldas.edu.co\/portal\/#\/schema\/person\/a1b482e23449158b4bc319926c074fdf"},"headline":"El D\u00eda de la Tierra le abri\u00f3 las puertas al Laboratorio de Cambio Clim\u00e1tico e Innovaci\u00f3n Social.","datePublished":"2024-04-22T22:41:45+00:00","dateModified":"2024-04-29T20:36:43+00:00","mainEntityOfPage":{"@id":"https:\/\/www.ucaldas.edu.co\/portal\/el-dia-de-la-tierra-le-abrio-las-puertas-al-laboratorio-de-cambio-climatico-e-innovacion-social\/"},"wordCount":801,"publisher":{"@id":"https:\/\/www.ucaldas.edu.co\/portal\/#organization"},"image":{"@id":"https:\/\/www.ucaldas.edu.co\/portal\/el-dia-de-la-tierra-le-abrio-las-puertas-al-laboratorio-de-cambio-climatico-e-innovacion-social\/#primaryimage"},"thumbnailUrl":"https:\/\/www.ucaldas.edu.co\/portal\/wp-content\/uploads\/2024\/04\/Innovalab-1-scaled.jpg","keywords":["Cambio Clim\u00e1tico","centro de innovaci\u00f3n"],"articleSection":["Actualidad","Universidad al D\u00eda"],"inLanguage":"es"},{"@type":"WebPage","@id":"https:\/\/www.ucaldas.edu.co\/portal\/el-dia-de-la-tierra-le-abrio-las-puertas-al-laboratorio-de-cambio-climatico-e-innovacion-social\/","url":"https:\/\/www.ucaldas.edu.co\/portal\/el-dia-de-la-tierra-le-abrio-las-puertas-al-laboratorio-de-cambio-climatico-e-innovacion-social\/","name":"El D\u00eda de la Tierra le abri\u00f3 las puertas al Laboratorio de Cambio Clim\u00e1tico e Innovaci\u00f3n Social. .","isPartOf":{"@id":"https:\/\/www.ucaldas.edu.co\/portal\/#website"},"primaryImageOfPage":{"@id":"https:\/\/www.ucaldas.edu.co\/portal\/el-dia-de-la-tierra-le-abrio-las-puertas-al-laboratorio-de-cambio-climatico-e-innovacion-social\/#primaryimage"},"image":{"@id":"https:\/\/www.ucaldas.edu.co\/portal\/el-dia-de-la-tierra-le-abrio-las-puertas-al-laboratorio-de-cambio-climatico-e-innovacion-social\/#primaryimage"},"thumbnailUrl":"https:\/\/www.ucaldas.edu.co\/portal\/wp-content\/uploads\/2024\/04\/Innovalab-1-scaled.jpg","datePublished":"2024-04-22T22:41:45+00:00","dateModified":"2024-04-29T20:36:43+00:00","breadcrumb":{"@id":"https:\/\/www.ucaldas.edu.co\/portal\/el-dia-de-la-tierra-le-abrio-las-puertas-al-laboratorio-de-cambio-climatico-e-innovacion-social\/#breadcrumb"},"inLanguage":"es","potentialAction":[{"@type":"ReadAction","target":["https:\/\/www.ucaldas.edu.co\/portal\/el-dia-de-la-tierra-le-abrio-las-puertas-al-laboratorio-de-cambio-climatico-e-innovacion-social\/"]}]},{"@type":"ImageObject","inLanguage":"es","@id":"https:\/\/www.ucaldas.edu.co\/portal\/el-dia-de-la-tierra-le-abrio-las-puertas-al-laboratorio-de-cambio-climatico-e-innovacion-social\/#primaryimage","url":"https:\/\/www.ucaldas.edu.co\/portal\/wp-content\/uploads\/2024\/04\/Innovalab-1-scaled.jpg","contentUrl":"https:\/\/www.ucaldas.edu.co\/portal\/wp-content\/uploads\/2024\/04\/Innovalab-1-scaled.jpg","width":2560,"height":1707},{"@type":"BreadcrumbList","@id":"https:\/\/www.ucaldas.edu.co\/portal\/el-dia-de-la-tierra-le-abrio-las-puertas-al-laboratorio-de-cambio-climatico-e-innovacion-social\/#breadcrumb","itemListElement":[{"@type":"ListItem","position":1,"name":"Portada","item":"https:\/\/www.ucaldas.edu.co\/portal\/"},{"@type":"ListItem","position":2,"name":"El D\u00eda de la Tierra le abri\u00f3 las puertas al Laboratorio de Cambio Clim\u00e1tico e Innovaci\u00f3n Social."}]},{"@type":"WebSite","@id":"https:\/\/www.ucaldas.edu.co\/portal\/#website","url":"https:\/\/www.ucaldas.edu.co\/portal\/","name":"Universidad de Caldas","description":"","publisher":{"@id":"https:\/\/www.ucaldas.edu.co\/portal\/#organization"},"alternateName":"U. de Caldas","potentialAction":[{"@type":"SearchAction","target":{"@type":"EntryPoint","urlTemplate":"https:\/\/www.ucaldas.edu.co\/portal\/?s={search_term_string}"},"query-input":{"@type":"PropertyValueSpecification","valueRequired":true,"valueName":"search_term_string"}}],"inLanguage":"es"},{"@type":"Organization","@id":"https:\/\/www.ucaldas.edu.co\/portal\/#organization","name":"Universidad de Caldas","alternateName":"U. de Caldas","url":"https:\/\/www.ucaldas.edu.co\/portal\/","logo":{"@type":"ImageObject","inLanguage":"es","@id":"https:\/\/www.ucaldas.edu.co\/portal\/#\/schema\/logo\/image\/","url":"https:\/\/www.ucaldas.edu.co\/portal\/wp-content\/uploads\/2023\/11\/Logo_horizontal_oscuroU-2023.png","contentUrl":"https:\/\/www.ucaldas.edu.co\/portal\/wp-content\/uploads\/2023\/11\/Logo_horizontal_oscuroU-2023.png","width":263,"height":101,"caption":"Universidad de Caldas"},"image":{"@id":"https:\/\/www.ucaldas.edu.co\/portal\/#\/schema\/logo\/image\/"},"sameAs":["https:\/\/www.facebook.com\/udecaldas","https:\/\/x.com\/udecaldas","https:\/\/www.youtube.com\/universidadcaldas","https:\/\/www.instagram.com\/udecaldas\/"]},{"@type":"Person","@id":"https:\/\/www.ucaldas.edu.co\/portal\/#\/schema\/person\/a1b482e23449158b4bc319926c074fdf","name":"ofiprensa","image":{"@type":"ImageObject","inLanguage":"es","@id":"https:\/\/www.ucaldas.edu.co\/portal\/wp-content\/litespeed\/avatar\/09ea5085e600095a7a811142c6944527.jpg?ver=1777497608","url":"https:\/\/www.ucaldas.edu.co\/portal\/wp-content\/litespeed\/avatar\/09ea5085e600095a7a811142c6944527.jpg?ver=1777497608","contentUrl":"https:\/\/www.ucaldas.edu.co\/portal\/wp-content\/litespeed\/avatar\/09ea5085e600095a7a811142c6944527.jpg?ver=1777497608","caption":"ofiprensa"},"url":"https:\/\/www.ucaldas.edu.co\/portal\/author\/ofiprensa\/"}]}},"_links":{"self":[{"href":"https:\/\/www.ucaldas.edu.co\/portal\/wp-json\/wp\/v2\/posts\/80458","targetHints":{"allow":["GET"]}}],"collection":[{"href":"https:\/\/www.ucaldas.edu.co\/portal\/wp-json\/wp\/v2\/posts"}],"about":[{"href":"https:\/\/www.ucaldas.edu.co\/portal\/wp-json\/wp\/v2\/types\/post"}],"author":[{"embeddable":true,"href":"https:\/\/www.ucaldas.edu.co\/portal\/wp-json\/wp\/v2\/users\/2"}],"replies":[{"embeddable":true,"href":"https:\/\/www.ucaldas.edu.co\/portal\/wp-json\/wp\/v2\/comments?post=80458"}],"version-history":[{"count":0,"href":"https:\/\/www.ucaldas.edu.co\/portal\/wp-json\/wp\/v2\/posts\/80458\/revisions"}],"wp:featuredmedia":[{"embeddable":true,"href":"https:\/\/www.ucaldas.edu.co\/portal\/wp-json\/wp\/v2\/media\/80461"}],"wp:attachment":[{"href":"https:\/\/www.ucaldas.edu.co\/portal\/wp-json\/wp\/v2\/media?parent=80458"}],"wp:term":[{"taxonomy":"category","embeddable":true,"href":"https:\/\/www.ucaldas.edu.co\/portal\/wp-json\/wp\/v2\/categories?post=80458"},{"taxonomy":"post_tag","embeddable":true,"href":"https:\/\/www.ucaldas.edu.co\/portal\/wp-json\/wp\/v2\/tags?post=80458"}],"curies":[{"name":"wp","href":"https:\/\/api.w.org\/{rel}","templated":true}]}}