{"id":80339,"date":"2024-04-17T16:44:48","date_gmt":"2024-04-17T21:44:48","guid":{"rendered":"https:\/\/www.ucaldas.edu.co\/portal\/?p=80339"},"modified":"2024-04-23T09:48:02","modified_gmt":"2024-04-23T14:48:02","slug":"todo-listo-para-el-encuentro-de-profesoras-y-profesores-de-filosofia-de-educacion-secundaria-de-manizales-y-caldas","status":"publish","type":"post","link":"https:\/\/www.ucaldas.edu.co\/portal\/todo-listo-para-el-encuentro-de-profesoras-y-profesores-de-filosofia-de-educacion-secundaria-de-manizales-y-caldas\/","title":{"rendered":"Todo listo para el Encuentro de profesoras y profesores de Filosof\u00eda de educaci\u00f3n secundaria de Manizales y Caldas"},"content":{"rendered":"<p><img loading=\"lazy\" decoding=\"async\" class=\"alignnone size-medium wp-image-80340 aligncenter\" src=\"https:\/\/www.ucaldas.edu.co\/portal\/wp-content\/uploads\/2024\/04\/afiche-encuentro-de-profesores-filosofia-300x300.jpeg\" alt=\"\" width=\"300\" height=\"300\" srcset=\"https:\/\/www.ucaldas.edu.co\/portal\/wp-content\/uploads\/2024\/04\/afiche-encuentro-de-profesores-filosofia-300x300.jpeg 300w, https:\/\/www.ucaldas.edu.co\/portal\/wp-content\/uploads\/2024\/04\/afiche-encuentro-de-profesores-filosofia-1024x1024.jpeg 1024w, https:\/\/www.ucaldas.edu.co\/portal\/wp-content\/uploads\/2024\/04\/afiche-encuentro-de-profesores-filosofia-150x150.jpeg 150w, https:\/\/www.ucaldas.edu.co\/portal\/wp-content\/uploads\/2024\/04\/afiche-encuentro-de-profesores-filosofia-768x768.jpeg 768w, https:\/\/www.ucaldas.edu.co\/portal\/wp-content\/uploads\/2024\/04\/afiche-encuentro-de-profesores-filosofia.jpeg 1080w\" sizes=\"auto, (max-width: 300px) 100vw, 300px\" \/><\/p>\n<p style=\"text-align: justify;\">El Departamento de Filosof\u00eda de la Universidad de Caldas extiende su invitaci\u00f3n al E<strong><em>ncuentro de profesoras y profesores de Filosof\u00eda de educaci\u00f3n secundaria<\/em><\/strong>, que se llevar\u00e1 a cabo el pr\u00f3ximo 24 y 25 de abril en el Centro Cultural Rogelio Salmona. Mar\u00eda Luisa Femen\u00edas, de la Universidad Nacional de La Plata, Argentina, ser\u00e1 la invitada de honor a este evento de disertaci\u00f3n alrededor de la formaci\u00f3n filos\u00f3fica en los colegios.<\/p>\n<p style=\"text-align: justify;\">Entre las 8:00 a.m. y la 1:00 p.m. se abrir\u00e1n los di\u00e1logos a partir de esta disciplina de la cultura que, tradicionalmente, se percibe como compleja e intimidante, pero que desde el Departamento de Filosof\u00eda de la U. de Caldas se asume con miradas distintas para que la ense\u00f1anza y el quehacer filos\u00f3fico sean del disfrute de estudiantes, profesoras y profesores de todas las edades.<\/p>\n<p style=\"text-align: justify;\">Por eso esta unidad acad\u00e9mica ha puesto en marcha eventos como el Festival Internacional de Filosof\u00eda, los Conversatorios de las hijas de Lilith o el Campamento de Filosof\u00eda, donde se evidencia que s\u00ed es posible hacer filosof\u00eda en distintos escenarios y de diversas formas. \u201cLo que caracteriza el pensamiento filos\u00f3fico es una actitud cr\u00edtica frente a la realidad. Nos ayuda a pensar, por ejemplo, qu\u00e9 conceptos usamos para ver el mundo y para relacionarnos. Esto es fundamental cultivarlo desde temprana edad porque configuramos el mundo, en gran medida, a partir de nuestros conceptos e ideas\u201d, afirma la profesora del Departamento de Filosof\u00eda de la U. de Caldas, Diana Hoyos Vald\u00e9s.<\/p>\n<p style=\"text-align: justify;\">En este encuentro se contar\u00e1 con la presencia de la fil\u00f3sofa argentina Mar\u00eda Luisa Femen\u00edas. Su texto titulado <em>Ellas lo pensaron antes<\/em>, ser\u00e1 el referente para pensar en la filosof\u00eda hecha por mujeres, la cual ha sido excluida, durante mucho tiempo, de la formaci\u00f3n en colegios y universidades. As\u00ed mismo, se trabajar\u00e1 en un texto piloto, en proceso de escritura por parte de Las Hijas de Lilith, por ahora titulado <em>El otro canon de la filosof\u00eda: reconstrucci\u00f3n de la historia de la filosof\u00eda hecha por mujeres.<\/em><\/p>\n<p style=\"text-align: justify;\">Para la segunda jornada se realizar\u00e1 una prueba piloto del juego <em>Pikos y Lukas,<\/em> que las y los estudiantes de filosof\u00eda del Semillero de Investigaci\u00f3n El Ornitorrinco han desarrollado para ayudar a entender y experimentar opresiones sociales causadas por el entrecruzamiento del g\u00e9nero y la clase social. Para finalizar, \u201cQueremos escuchar a las y los profesores de los colegios, saber qu\u00e9 est\u00e1n haciendo y qu\u00e9 les parece importante que hagamos desde la Universidad y en colaboraci\u00f3n con las instituciones de educaci\u00f3n secundaria, pues eso nos enriquece en doble v\u00eda\u201d, concluye Hoyos Vald\u00e9s.<\/p>\n<p><strong>Consulte <a href=\"https:\/\/bit.ly\/4cYNsTf\">aqu\u00ed<\/a> sobre el texto de Mar\u00eda Luisa Femen\u00edas<\/strong><\/p>\n<p><strong>Anexos<\/strong><\/p>\n<p><a href=\"https:\/\/www.ucaldas.edu.co\/portal\/wp-content\/uploads\/2024\/04\/Diana-Hoyos-Encuentro-Filosofia-1.mp3\"><strong>-Audio profesora del Departamento de Filosof\u00eda de la U. de Caldas, Diana Hoyos Vald\u00e9s.<\/strong><\/a><\/p>\n<audio class=\"wp-audio-shortcode\" id=\"audio-80339-1\" preload=\"none\" style=\"width: 100%;\" controls=\"controls\"><source type=\"audio\/mpeg\" src=\"https:\/\/www.ucaldas.edu.co\/portal\/wp-content\/uploads\/2024\/04\/Diana-Hoyos-Encuentro-Filosofia-1.mp3?_=1\" \/><a href=\"https:\/\/www.ucaldas.edu.co\/portal\/wp-content\/uploads\/2024\/04\/Diana-Hoyos-Encuentro-Filosofia-1.mp3\">https:\/\/www.ucaldas.edu.co\/portal\/wp-content\/uploads\/2024\/04\/Diana-Hoyos-Encuentro-Filosofia-1.mp3<\/a><\/audio>\n","protected":false},"excerpt":{"rendered":"<p>El Departamento de Filosof\u00eda de la Universidad de Caldas extiende su invitaci\u00f3n al Encuentro de profesoras y profesores de Filosof\u00eda de educaci\u00f3n secundaria, que se llevar\u00e1 a cabo el pr\u00f3ximo 24 y 25 de abril en el Centro Cultural Rogelio Salmona. Mar\u00eda Luisa Femen\u00edas, de la Universidad Nacional de La Plata, Argentina, ser\u00e1 la invitada [&hellip;]<\/p>\n","protected":false},"author":2,"featured_media":80340,"comment_status":"closed","ping_status":"open","sticky":false,"template":"","format":"standard","meta":{"footnotes":""},"categories":[48,53],"tags":[6487,6940,8902],"class_list":["post-80339","post","type-post","status-publish","format-standard","has-post-thumbnail","hentry","category-actualidad","category-universidad-al-dia","tag-las-hijas-de-lilith","tag-convocatoria-filosofia","tag-actualidad-educacion"],"yoast_head":"<!-- This site is optimized with the Yoast SEO plugin v27.5 - https:\/\/yoast.com\/product\/yoast-seo-wordpress\/ -->\n<title>Todo listo para el Encuentro de profesoras y profesores de Filosof\u00eda de educaci\u00f3n secundaria de Manizales y Caldas .<\/title>\n<meta name=\"robots\" content=\"index, follow, max-snippet:-1, max-image-preview:large, max-video-preview:-1\" \/>\n<link rel=\"canonical\" href=\"https:\/\/www.ucaldas.edu.co\/portal\/todo-listo-para-el-encuentro-de-profesoras-y-profesores-de-filosofia-de-educacion-secundaria-de-manizales-y-caldas\/\" \/>\n<script type=\"application\/ld+json\" class=\"yoast-schema-graph\">{\"@context\":\"https:\\\/\\\/schema.org\",\"@graph\":[{\"@type\":\"Article\",\"@id\":\"https:\\\/\\\/www.ucaldas.edu.co\\\/portal\\\/todo-listo-para-el-encuentro-de-profesoras-y-profesores-de-filosofia-de-educacion-secundaria-de-manizales-y-caldas\\\/#article\",\"isPartOf\":{\"@id\":\"https:\\\/\\\/www.ucaldas.edu.co\\\/portal\\\/todo-listo-para-el-encuentro-de-profesoras-y-profesores-de-filosofia-de-educacion-secundaria-de-manizales-y-caldas\\\/\"},\"author\":{\"name\":\"ofiprensa\",\"@id\":\"https:\\\/\\\/www.ucaldas.edu.co\\\/portal\\\/#\\\/schema\\\/person\\\/a1b482e23449158b4bc319926c074fdf\"},\"headline\":\"Todo listo para el Encuentro de profesoras y profesores de Filosof\u00eda de educaci\u00f3n secundaria de Manizales y Caldas\",\"datePublished\":\"2024-04-17T21:44:48+00:00\",\"dateModified\":\"2024-04-23T14:48:02+00:00\",\"mainEntityOfPage\":{\"@id\":\"https:\\\/\\\/www.ucaldas.edu.co\\\/portal\\\/todo-listo-para-el-encuentro-de-profesoras-y-profesores-de-filosofia-de-educacion-secundaria-de-manizales-y-caldas\\\/\"},\"wordCount\":522,\"publisher\":{\"@id\":\"https:\\\/\\\/www.ucaldas.edu.co\\\/portal\\\/#organization\"},\"image\":{\"@id\":\"https:\\\/\\\/www.ucaldas.edu.co\\\/portal\\\/todo-listo-para-el-encuentro-de-profesoras-y-profesores-de-filosofia-de-educacion-secundaria-de-manizales-y-caldas\\\/#primaryimage\"},\"thumbnailUrl\":\"https:\\\/\\\/www.ucaldas.edu.co\\\/portal\\\/wp-content\\\/uploads\\\/2024\\\/04\\\/afiche-encuentro-de-profesores-filosofia.jpeg\",\"keywords\":[\"las hijas de lilith\",\"convocatoria filosof\u00eda\",\"actualidad educaci\u00f3n\"],\"articleSection\":[\"Actualidad\",\"Universidad al D\u00eda\"],\"inLanguage\":\"es\"},{\"@type\":\"WebPage\",\"@id\":\"https:\\\/\\\/www.ucaldas.edu.co\\\/portal\\\/todo-listo-para-el-encuentro-de-profesoras-y-profesores-de-filosofia-de-educacion-secundaria-de-manizales-y-caldas\\\/\",\"url\":\"https:\\\/\\\/www.ucaldas.edu.co\\\/portal\\\/todo-listo-para-el-encuentro-de-profesoras-y-profesores-de-filosofia-de-educacion-secundaria-de-manizales-y-caldas\\\/\",\"name\":\"Todo listo para el Encuentro de profesoras y profesores de Filosof\u00eda de educaci\u00f3n secundaria de Manizales y Caldas .\",\"isPartOf\":{\"@id\":\"https:\\\/\\\/www.ucaldas.edu.co\\\/portal\\\/#website\"},\"primaryImageOfPage\":{\"@id\":\"https:\\\/\\\/www.ucaldas.edu.co\\\/portal\\\/todo-listo-para-el-encuentro-de-profesoras-y-profesores-de-filosofia-de-educacion-secundaria-de-manizales-y-caldas\\\/#primaryimage\"},\"image\":{\"@id\":\"https:\\\/\\\/www.ucaldas.edu.co\\\/portal\\\/todo-listo-para-el-encuentro-de-profesoras-y-profesores-de-filosofia-de-educacion-secundaria-de-manizales-y-caldas\\\/#primaryimage\"},\"thumbnailUrl\":\"https:\\\/\\\/www.ucaldas.edu.co\\\/portal\\\/wp-content\\\/uploads\\\/2024\\\/04\\\/afiche-encuentro-de-profesores-filosofia.jpeg\",\"datePublished\":\"2024-04-17T21:44:48+00:00\",\"dateModified\":\"2024-04-23T14:48:02+00:00\",\"breadcrumb\":{\"@id\":\"https:\\\/\\\/www.ucaldas.edu.co\\\/portal\\\/todo-listo-para-el-encuentro-de-profesoras-y-profesores-de-filosofia-de-educacion-secundaria-de-manizales-y-caldas\\\/#breadcrumb\"},\"inLanguage\":\"es\",\"potentialAction\":[{\"@type\":\"ReadAction\",\"target\":[\"https:\\\/\\\/www.ucaldas.edu.co\\\/portal\\\/todo-listo-para-el-encuentro-de-profesoras-y-profesores-de-filosofia-de-educacion-secundaria-de-manizales-y-caldas\\\/\"]}]},{\"@type\":\"ImageObject\",\"inLanguage\":\"es\",\"@id\":\"https:\\\/\\\/www.ucaldas.edu.co\\\/portal\\\/todo-listo-para-el-encuentro-de-profesoras-y-profesores-de-filosofia-de-educacion-secundaria-de-manizales-y-caldas\\\/#primaryimage\",\"url\":\"https:\\\/\\\/www.ucaldas.edu.co\\\/portal\\\/wp-content\\\/uploads\\\/2024\\\/04\\\/afiche-encuentro-de-profesores-filosofia.jpeg\",\"contentUrl\":\"https:\\\/\\\/www.ucaldas.edu.co\\\/portal\\\/wp-content\\\/uploads\\\/2024\\\/04\\\/afiche-encuentro-de-profesores-filosofia.jpeg\",\"width\":1080,\"height\":1080},{\"@type\":\"BreadcrumbList\",\"@id\":\"https:\\\/\\\/www.ucaldas.edu.co\\\/portal\\\/todo-listo-para-el-encuentro-de-profesoras-y-profesores-de-filosofia-de-educacion-secundaria-de-manizales-y-caldas\\\/#breadcrumb\",\"itemListElement\":[{\"@type\":\"ListItem\",\"position\":1,\"name\":\"Portada\",\"item\":\"https:\\\/\\\/www.ucaldas.edu.co\\\/portal\\\/\"},{\"@type\":\"ListItem\",\"position\":2,\"name\":\"Todo listo para el Encuentro de profesoras y profesores de Filosof\u00eda de educaci\u00f3n secundaria de Manizales y Caldas\"}]},{\"@type\":\"WebSite\",\"@id\":\"https:\\\/\\\/www.ucaldas.edu.co\\\/portal\\\/#website\",\"url\":\"https:\\\/\\\/www.ucaldas.edu.co\\\/portal\\\/\",\"name\":\"Universidad de Caldas\",\"description\":\"\",\"publisher\":{\"@id\":\"https:\\\/\\\/www.ucaldas.edu.co\\\/portal\\\/#organization\"},\"alternateName\":\"U. de Caldas\",\"potentialAction\":[{\"@type\":\"SearchAction\",\"target\":{\"@type\":\"EntryPoint\",\"urlTemplate\":\"https:\\\/\\\/www.ucaldas.edu.co\\\/portal\\\/?s={search_term_string}\"},\"query-input\":{\"@type\":\"PropertyValueSpecification\",\"valueRequired\":true,\"valueName\":\"search_term_string\"}}],\"inLanguage\":\"es\"},{\"@type\":\"Organization\",\"@id\":\"https:\\\/\\\/www.ucaldas.edu.co\\\/portal\\\/#organization\",\"name\":\"Universidad de Caldas\",\"alternateName\":\"U. de Caldas\",\"url\":\"https:\\\/\\\/www.ucaldas.edu.co\\\/portal\\\/\",\"logo\":{\"@type\":\"ImageObject\",\"inLanguage\":\"es\",\"@id\":\"https:\\\/\\\/www.ucaldas.edu.co\\\/portal\\\/#\\\/schema\\\/logo\\\/image\\\/\",\"url\":\"https:\\\/\\\/www.ucaldas.edu.co\\\/portal\\\/wp-content\\\/uploads\\\/2023\\\/11\\\/Logo_horizontal_oscuroU-2023.png\",\"contentUrl\":\"https:\\\/\\\/www.ucaldas.edu.co\\\/portal\\\/wp-content\\\/uploads\\\/2023\\\/11\\\/Logo_horizontal_oscuroU-2023.png\",\"width\":263,\"height\":101,\"caption\":\"Universidad de Caldas\"},\"image\":{\"@id\":\"https:\\\/\\\/www.ucaldas.edu.co\\\/portal\\\/#\\\/schema\\\/logo\\\/image\\\/\"},\"sameAs\":[\"https:\\\/\\\/www.facebook.com\\\/udecaldas\",\"https:\\\/\\\/x.com\\\/udecaldas\",\"https:\\\/\\\/www.youtube.com\\\/universidadcaldas\",\"https:\\\/\\\/www.instagram.com\\\/udecaldas\\\/\"]},{\"@type\":\"Person\",\"@id\":\"https:\\\/\\\/www.ucaldas.edu.co\\\/portal\\\/#\\\/schema\\\/person\\\/a1b482e23449158b4bc319926c074fdf\",\"name\":\"ofiprensa\",\"image\":{\"@type\":\"ImageObject\",\"inLanguage\":\"es\",\"@id\":\"https:\\\/\\\/www.ucaldas.edu.co\\\/portal\\\/wp-content\\\/litespeed\\\/avatar\\\/09ea5085e600095a7a811142c6944527.jpg?ver=1777497608\",\"url\":\"https:\\\/\\\/www.ucaldas.edu.co\\\/portal\\\/wp-content\\\/litespeed\\\/avatar\\\/09ea5085e600095a7a811142c6944527.jpg?ver=1777497608\",\"contentUrl\":\"https:\\\/\\\/www.ucaldas.edu.co\\\/portal\\\/wp-content\\\/litespeed\\\/avatar\\\/09ea5085e600095a7a811142c6944527.jpg?ver=1777497608\",\"caption\":\"ofiprensa\"},\"url\":\"https:\\\/\\\/www.ucaldas.edu.co\\\/portal\\\/author\\\/ofiprensa\\\/\"}]}<\/script>\n<!-- \/ Yoast SEO plugin. -->","yoast_head_json":{"title":"Todo listo para el Encuentro de profesoras y profesores de Filosof\u00eda de educaci\u00f3n secundaria de Manizales y Caldas .","robots":{"index":"index","follow":"follow","max-snippet":"max-snippet:-1","max-image-preview":"max-image-preview:large","max-video-preview":"max-video-preview:-1"},"canonical":"https:\/\/www.ucaldas.edu.co\/portal\/todo-listo-para-el-encuentro-de-profesoras-y-profesores-de-filosofia-de-educacion-secundaria-de-manizales-y-caldas\/","schema":{"@context":"https:\/\/schema.org","@graph":[{"@type":"Article","@id":"https:\/\/www.ucaldas.edu.co\/portal\/todo-listo-para-el-encuentro-de-profesoras-y-profesores-de-filosofia-de-educacion-secundaria-de-manizales-y-caldas\/#article","isPartOf":{"@id":"https:\/\/www.ucaldas.edu.co\/portal\/todo-listo-para-el-encuentro-de-profesoras-y-profesores-de-filosofia-de-educacion-secundaria-de-manizales-y-caldas\/"},"author":{"name":"ofiprensa","@id":"https:\/\/www.ucaldas.edu.co\/portal\/#\/schema\/person\/a1b482e23449158b4bc319926c074fdf"},"headline":"Todo listo para el Encuentro de profesoras y profesores de Filosof\u00eda de educaci\u00f3n secundaria de Manizales y Caldas","datePublished":"2024-04-17T21:44:48+00:00","dateModified":"2024-04-23T14:48:02+00:00","mainEntityOfPage":{"@id":"https:\/\/www.ucaldas.edu.co\/portal\/todo-listo-para-el-encuentro-de-profesoras-y-profesores-de-filosofia-de-educacion-secundaria-de-manizales-y-caldas\/"},"wordCount":522,"publisher":{"@id":"https:\/\/www.ucaldas.edu.co\/portal\/#organization"},"image":{"@id":"https:\/\/www.ucaldas.edu.co\/portal\/todo-listo-para-el-encuentro-de-profesoras-y-profesores-de-filosofia-de-educacion-secundaria-de-manizales-y-caldas\/#primaryimage"},"thumbnailUrl":"https:\/\/www.ucaldas.edu.co\/portal\/wp-content\/uploads\/2024\/04\/afiche-encuentro-de-profesores-filosofia.jpeg","keywords":["las hijas de lilith","convocatoria filosof\u00eda","actualidad educaci\u00f3n"],"articleSection":["Actualidad","Universidad al D\u00eda"],"inLanguage":"es"},{"@type":"WebPage","@id":"https:\/\/www.ucaldas.edu.co\/portal\/todo-listo-para-el-encuentro-de-profesoras-y-profesores-de-filosofia-de-educacion-secundaria-de-manizales-y-caldas\/","url":"https:\/\/www.ucaldas.edu.co\/portal\/todo-listo-para-el-encuentro-de-profesoras-y-profesores-de-filosofia-de-educacion-secundaria-de-manizales-y-caldas\/","name":"Todo listo para el Encuentro de profesoras y profesores de Filosof\u00eda de educaci\u00f3n secundaria de Manizales y Caldas .","isPartOf":{"@id":"https:\/\/www.ucaldas.edu.co\/portal\/#website"},"primaryImageOfPage":{"@id":"https:\/\/www.ucaldas.edu.co\/portal\/todo-listo-para-el-encuentro-de-profesoras-y-profesores-de-filosofia-de-educacion-secundaria-de-manizales-y-caldas\/#primaryimage"},"image":{"@id":"https:\/\/www.ucaldas.edu.co\/portal\/todo-listo-para-el-encuentro-de-profesoras-y-profesores-de-filosofia-de-educacion-secundaria-de-manizales-y-caldas\/#primaryimage"},"thumbnailUrl":"https:\/\/www.ucaldas.edu.co\/portal\/wp-content\/uploads\/2024\/04\/afiche-encuentro-de-profesores-filosofia.jpeg","datePublished":"2024-04-17T21:44:48+00:00","dateModified":"2024-04-23T14:48:02+00:00","breadcrumb":{"@id":"https:\/\/www.ucaldas.edu.co\/portal\/todo-listo-para-el-encuentro-de-profesoras-y-profesores-de-filosofia-de-educacion-secundaria-de-manizales-y-caldas\/#breadcrumb"},"inLanguage":"es","potentialAction":[{"@type":"ReadAction","target":["https:\/\/www.ucaldas.edu.co\/portal\/todo-listo-para-el-encuentro-de-profesoras-y-profesores-de-filosofia-de-educacion-secundaria-de-manizales-y-caldas\/"]}]},{"@type":"ImageObject","inLanguage":"es","@id":"https:\/\/www.ucaldas.edu.co\/portal\/todo-listo-para-el-encuentro-de-profesoras-y-profesores-de-filosofia-de-educacion-secundaria-de-manizales-y-caldas\/#primaryimage","url":"https:\/\/www.ucaldas.edu.co\/portal\/wp-content\/uploads\/2024\/04\/afiche-encuentro-de-profesores-filosofia.jpeg","contentUrl":"https:\/\/www.ucaldas.edu.co\/portal\/wp-content\/uploads\/2024\/04\/afiche-encuentro-de-profesores-filosofia.jpeg","width":1080,"height":1080},{"@type":"BreadcrumbList","@id":"https:\/\/www.ucaldas.edu.co\/portal\/todo-listo-para-el-encuentro-de-profesoras-y-profesores-de-filosofia-de-educacion-secundaria-de-manizales-y-caldas\/#breadcrumb","itemListElement":[{"@type":"ListItem","position":1,"name":"Portada","item":"https:\/\/www.ucaldas.edu.co\/portal\/"},{"@type":"ListItem","position":2,"name":"Todo listo para el Encuentro de profesoras y profesores de Filosof\u00eda de educaci\u00f3n secundaria de Manizales y Caldas"}]},{"@type":"WebSite","@id":"https:\/\/www.ucaldas.edu.co\/portal\/#website","url":"https:\/\/www.ucaldas.edu.co\/portal\/","name":"Universidad de Caldas","description":"","publisher":{"@id":"https:\/\/www.ucaldas.edu.co\/portal\/#organization"},"alternateName":"U. de Caldas","potentialAction":[{"@type":"SearchAction","target":{"@type":"EntryPoint","urlTemplate":"https:\/\/www.ucaldas.edu.co\/portal\/?s={search_term_string}"},"query-input":{"@type":"PropertyValueSpecification","valueRequired":true,"valueName":"search_term_string"}}],"inLanguage":"es"},{"@type":"Organization","@id":"https:\/\/www.ucaldas.edu.co\/portal\/#organization","name":"Universidad de Caldas","alternateName":"U. de Caldas","url":"https:\/\/www.ucaldas.edu.co\/portal\/","logo":{"@type":"ImageObject","inLanguage":"es","@id":"https:\/\/www.ucaldas.edu.co\/portal\/#\/schema\/logo\/image\/","url":"https:\/\/www.ucaldas.edu.co\/portal\/wp-content\/uploads\/2023\/11\/Logo_horizontal_oscuroU-2023.png","contentUrl":"https:\/\/www.ucaldas.edu.co\/portal\/wp-content\/uploads\/2023\/11\/Logo_horizontal_oscuroU-2023.png","width":263,"height":101,"caption":"Universidad de Caldas"},"image":{"@id":"https:\/\/www.ucaldas.edu.co\/portal\/#\/schema\/logo\/image\/"},"sameAs":["https:\/\/www.facebook.com\/udecaldas","https:\/\/x.com\/udecaldas","https:\/\/www.youtube.com\/universidadcaldas","https:\/\/www.instagram.com\/udecaldas\/"]},{"@type":"Person","@id":"https:\/\/www.ucaldas.edu.co\/portal\/#\/schema\/person\/a1b482e23449158b4bc319926c074fdf","name":"ofiprensa","image":{"@type":"ImageObject","inLanguage":"es","@id":"https:\/\/www.ucaldas.edu.co\/portal\/wp-content\/litespeed\/avatar\/09ea5085e600095a7a811142c6944527.jpg?ver=1777497608","url":"https:\/\/www.ucaldas.edu.co\/portal\/wp-content\/litespeed\/avatar\/09ea5085e600095a7a811142c6944527.jpg?ver=1777497608","contentUrl":"https:\/\/www.ucaldas.edu.co\/portal\/wp-content\/litespeed\/avatar\/09ea5085e600095a7a811142c6944527.jpg?ver=1777497608","caption":"ofiprensa"},"url":"https:\/\/www.ucaldas.edu.co\/portal\/author\/ofiprensa\/"}]}},"_links":{"self":[{"href":"https:\/\/www.ucaldas.edu.co\/portal\/wp-json\/wp\/v2\/posts\/80339","targetHints":{"allow":["GET"]}}],"collection":[{"href":"https:\/\/www.ucaldas.edu.co\/portal\/wp-json\/wp\/v2\/posts"}],"about":[{"href":"https:\/\/www.ucaldas.edu.co\/portal\/wp-json\/wp\/v2\/types\/post"}],"author":[{"embeddable":true,"href":"https:\/\/www.ucaldas.edu.co\/portal\/wp-json\/wp\/v2\/users\/2"}],"replies":[{"embeddable":true,"href":"https:\/\/www.ucaldas.edu.co\/portal\/wp-json\/wp\/v2\/comments?post=80339"}],"version-history":[{"count":0,"href":"https:\/\/www.ucaldas.edu.co\/portal\/wp-json\/wp\/v2\/posts\/80339\/revisions"}],"wp:featuredmedia":[{"embeddable":true,"href":"https:\/\/www.ucaldas.edu.co\/portal\/wp-json\/wp\/v2\/media\/80340"}],"wp:attachment":[{"href":"https:\/\/www.ucaldas.edu.co\/portal\/wp-json\/wp\/v2\/media?parent=80339"}],"wp:term":[{"taxonomy":"category","embeddable":true,"href":"https:\/\/www.ucaldas.edu.co\/portal\/wp-json\/wp\/v2\/categories?post=80339"},{"taxonomy":"post_tag","embeddable":true,"href":"https:\/\/www.ucaldas.edu.co\/portal\/wp-json\/wp\/v2\/tags?post=80339"}],"curies":[{"name":"wp","href":"https:\/\/api.w.org\/{rel}","templated":true}]}}