{"id":80259,"date":"2024-04-15T10:58:12","date_gmt":"2024-04-15T15:58:12","guid":{"rendered":"https:\/\/www.ucaldas.edu.co\/portal\/?p=80259"},"modified":"2024-04-23T10:10:41","modified_gmt":"2024-04-23T15:10:41","slug":"el-debate-politico-alista-microfonos-para-el-foro-de-historia-de-estudiantes","status":"publish","type":"post","link":"https:\/\/www.ucaldas.edu.co\/portal\/el-debate-politico-alista-microfonos-para-el-foro-de-historia-de-estudiantes\/","title":{"rendered":"El debate pol\u00edtico alista micr\u00f3fonos para el Foro de Historia de Estudiantes"},"content":{"rendered":"<p><img loading=\"lazy\" decoding=\"async\" class=\"size-medium wp-image-80282 aligncenter\" src=\"https:\/\/www.ucaldas.edu.co\/portal\/wp-content\/uploads\/2024\/04\/WhatsApp-Image-2024-04-15-at-2.14.08-PM-300x246.jpeg\" alt=\"\" width=\"300\" height=\"246\" srcset=\"https:\/\/www.ucaldas.edu.co\/portal\/wp-content\/uploads\/2024\/04\/WhatsApp-Image-2024-04-15-at-2.14.08-PM-300x246.jpeg 300w, https:\/\/www.ucaldas.edu.co\/portal\/wp-content\/uploads\/2024\/04\/WhatsApp-Image-2024-04-15-at-2.14.08-PM-768x629.jpeg 768w, https:\/\/www.ucaldas.edu.co\/portal\/wp-content\/uploads\/2024\/04\/WhatsApp-Image-2024-04-15-at-2.14.08-PM.jpeg 900w\" sizes=\"auto, (max-width: 300px) 100vw, 300px\" \/><\/p>\n<p>Este martes, 16 de abril, a las 10:00 a.m. la Sala Humberto Gamboa de la Universidad de Caldas recibir\u00e1 la d\u00e9cimo segunda edici\u00f3n del Foro de Estudiantes en Historia Contempor\u00e1nea, con la tem\u00e1tica: \u201cla pol\u00edtica exterior y la lucha contra las drogas en Colombia\u201d.<!--more--><\/p>\n<p>El Foro, iniciativa de los estudiantes de la Licenciatura en Ciencias Sociales y la carrera de Historia, estuvo centrado, hasta el a\u00f1o 2022, en la problem\u00e1tica del posconflicto, mientras el estado colombiano buscaba reafirmar su Pol\u00edtica de Paz.\u00a0 En ese mismo a\u00f1o, y tambi\u00e9n por iniciativa de los estudiantes, naci\u00f3 el Laboratorio Digital:<em> \u201cmentalidades, cotidianidad y representaciones culturales\u201d,<\/em> para acompa\u00f1ar al Foro con procesos continuos de investigaci\u00f3n.<\/p>\n<p>Actualmente, debido a la globalizaci\u00f3n y a los impactos que dej\u00f3 la pandemia, el Foro se enfoca en el an\u00e1lisis de la cultura pol\u00edtica y sus representaciones. En la edici\u00f3n 2024 el conferencista invitado es el profesor e investigador Giovanni Molano Cruz, del Instituto de Estudios Pol\u00edticos y Relaciones Internacionales IEPRI-de la Universidad Nacional de Colombia, quien disertar\u00e1 sobre: \u201cPol\u00edtica Exterior y Lucha Contra las Drogas en Colombia\u201d.<\/p>\n<p>\u201cEl tema sobre el que se discutir\u00e1 este a\u00f1o es muy interesante, puesto que no se ha trabajado en profundidad. La visita del profesor Molano es muy valiosa para que los estudiantes de Historia y el p\u00fablico en general conozcan las nuevas investigaciones y experiencias en torno a un tema tan importante para el pa\u00eds\u201d, afirma Nicol\u00e1s Romero Vel\u00e1squez, estudiante del programa de historia e integrante del Laboratorio Digital.<\/p>\n<p><strong>S\u00edntesis de la Conferencia:<\/strong><\/p>\n<p>Tradicionalmente, se considera que en Colombia la denominada Guerra contra las Drogas es un fen\u00f3meno externo al pa\u00eds originado en Estados Unidos en la d\u00e9cada de los setenta. Poco es conocida la singularidad hist\u00f3rica de nuestro pa\u00eds en la construcci\u00f3n de este fen\u00f3meno. Por ello, el objetivo de esta conferencia es explorar, desde una perspectiva hist\u00f3rica, c\u00f3mo surgen en Colombia pol\u00edticas contra las drogas y de qu\u00e9 manera, desde los a\u00f1os 80, la pol\u00edtica exterior colombiana tiene como uno de sus objetivos la lucha contra las drogas que han impactado a la sociedad colombiana.<\/p>\n<p><strong>Anexo: <\/strong><\/p>\n<p><a href=\"https:\/\/www.ucaldas.edu.co\/portal\/wp-content\/uploads\/2024\/04\/foro-hist.-Margot-si-1.mp3\"><strong>-Audio Coordinadora del Foro de Estudiantes en Historia Contempor\u00e1nea Margot Andrade<\/strong><\/a><\/p>\n<audio class=\"wp-audio-shortcode\" id=\"audio-80259-1\" preload=\"none\" style=\"width: 100%;\" controls=\"controls\"><source type=\"audio\/mpeg\" src=\"https:\/\/www.ucaldas.edu.co\/portal\/wp-content\/uploads\/2024\/04\/foro-hist.-Margot-si-1.mp3?_=1\" \/><a href=\"https:\/\/www.ucaldas.edu.co\/portal\/wp-content\/uploads\/2024\/04\/foro-hist.-Margot-si-1.mp3\">https:\/\/www.ucaldas.edu.co\/portal\/wp-content\/uploads\/2024\/04\/foro-hist.-Margot-si-1.mp3<\/a><\/audio>\n<p><a href=\"https:\/\/www.ucaldas.edu.co\/portal\/wp-content\/uploads\/2024\/04\/foro-historia-Nicolas-si-1.mp3\"><strong>-Audio\u00a0 estudiante del programa de historia e integrante del Laboratorio Digital, Nicol\u00e1s Romero Vel\u00e1squez.<\/strong><\/a><\/p>\n<audio class=\"wp-audio-shortcode\" id=\"audio-80259-2\" preload=\"none\" style=\"width: 100%;\" controls=\"controls\"><source type=\"audio\/mpeg\" src=\"https:\/\/www.ucaldas.edu.co\/portal\/wp-content\/uploads\/2024\/04\/foro-historia-Nicolas-si-1.mp3?_=2\" \/><a href=\"https:\/\/www.ucaldas.edu.co\/portal\/wp-content\/uploads\/2024\/04\/foro-historia-Nicolas-si-1.mp3\">https:\/\/www.ucaldas.edu.co\/portal\/wp-content\/uploads\/2024\/04\/foro-historia-Nicolas-si-1.mp3<\/a><\/audio>\n<p><strong>\u00a0<\/strong><\/p>\n<p><strong>\u00a0<\/strong><\/p>\n<p>&nbsp;<\/p>\n","protected":false},"excerpt":{"rendered":"<p>Este martes, 16 de abril, a las 10:00 a.m. la Sala Humberto Gamboa de la Universidad de Caldas recibir\u00e1 la d\u00e9cimo segunda edici\u00f3n del Foro de Estudiantes en Historia Contempor\u00e1nea, con la tem\u00e1tica: \u201cla pol\u00edtica exterior y la lucha contra las drogas en Colombia\u201d.<\/p>\n","protected":false},"author":2,"featured_media":80282,"comment_status":"closed","ping_status":"open","sticky":false,"template":"","format":"standard","meta":{"footnotes":"","_members_access_role":[],"_members_access_error":""},"categories":[48,53],"tags":[234,1538,6973,8329],"class_list":["post-80259","post","type-post","status-publish","format-standard","has-post-thumbnail","hentry","category-actualidad","category-universidad-al-dia","tag-debate","tag-politica-cultural","tag-conferencia-sobre-historia","tag-actividades-culturales"],"yoast_head":"<!-- This site is optimized with the Yoast SEO plugin v28.3 - https:\/\/yoast.com\/product\/yoast-seo-wordpress\/ -->\n<title>El debate pol\u00edtico alista micr\u00f3fonos para el Foro de Historia de Estudiantes .<\/title>\n<meta name=\"robots\" content=\"index, follow, max-snippet:-1, max-image-preview:large, max-video-preview:-1\" \/>\n<link rel=\"canonical\" href=\"https:\/\/www.ucaldas.edu.co\/portal\/el-debate-politico-alista-microfonos-para-el-foro-de-historia-de-estudiantes\/\" \/>\n<script type=\"application\/ld+json\" class=\"yoast-schema-graph\">{\"@context\":\"https:\\\/\\\/schema.org\",\"@graph\":[{\"@type\":\"Article\",\"@id\":\"https:\\\/\\\/www.ucaldas.edu.co\\\/portal\\\/el-debate-politico-alista-microfonos-para-el-foro-de-historia-de-estudiantes\\\/#article\",\"isPartOf\":{\"@id\":\"https:\\\/\\\/www.ucaldas.edu.co\\\/portal\\\/el-debate-politico-alista-microfonos-para-el-foro-de-historia-de-estudiantes\\\/\"},\"author\":{\"name\":\"ofiprensa\",\"@id\":\"https:\\\/\\\/www.ucaldas.edu.co\\\/portal\\\/#\\\/schema\\\/person\\\/a1b482e23449158b4bc319926c074fdf\"},\"headline\":\"El debate pol\u00edtico alista micr\u00f3fonos para el Foro de Historia de Estudiantes\",\"datePublished\":\"2024-04-15T15:58:12+00:00\",\"dateModified\":\"2024-04-23T15:10:41+00:00\",\"mainEntityOfPage\":{\"@id\":\"https:\\\/\\\/www.ucaldas.edu.co\\\/portal\\\/el-debate-politico-alista-microfonos-para-el-foro-de-historia-de-estudiantes\\\/\"},\"wordCount\":449,\"publisher\":{\"@id\":\"https:\\\/\\\/www.ucaldas.edu.co\\\/portal\\\/#organization\"},\"image\":{\"@id\":\"https:\\\/\\\/www.ucaldas.edu.co\\\/portal\\\/el-debate-politico-alista-microfonos-para-el-foro-de-historia-de-estudiantes\\\/#primaryimage\"},\"thumbnailUrl\":\"https:\\\/\\\/www.ucaldas.edu.co\\\/portal\\\/wp-content\\\/uploads\\\/2024\\\/04\\\/WhatsApp-Image-2024-04-15-at-2.14.08-PM.jpeg\",\"keywords\":[\"debate\",\"pol\u00edtica cultural\",\"conferencia sobre historia\",\"actividades culturales\"],\"articleSection\":[\"Actualidad\",\"Universidad al D\u00eda\"],\"inLanguage\":\"es\"},{\"@type\":\"WebPage\",\"@id\":\"https:\\\/\\\/www.ucaldas.edu.co\\\/portal\\\/el-debate-politico-alista-microfonos-para-el-foro-de-historia-de-estudiantes\\\/\",\"url\":\"https:\\\/\\\/www.ucaldas.edu.co\\\/portal\\\/el-debate-politico-alista-microfonos-para-el-foro-de-historia-de-estudiantes\\\/\",\"name\":\"El debate pol\u00edtico alista micr\u00f3fonos para el Foro de Historia de Estudiantes .\",\"isPartOf\":{\"@id\":\"https:\\\/\\\/www.ucaldas.edu.co\\\/portal\\\/#website\"},\"primaryImageOfPage\":{\"@id\":\"https:\\\/\\\/www.ucaldas.edu.co\\\/portal\\\/el-debate-politico-alista-microfonos-para-el-foro-de-historia-de-estudiantes\\\/#primaryimage\"},\"image\":{\"@id\":\"https:\\\/\\\/www.ucaldas.edu.co\\\/portal\\\/el-debate-politico-alista-microfonos-para-el-foro-de-historia-de-estudiantes\\\/#primaryimage\"},\"thumbnailUrl\":\"https:\\\/\\\/www.ucaldas.edu.co\\\/portal\\\/wp-content\\\/uploads\\\/2024\\\/04\\\/WhatsApp-Image-2024-04-15-at-2.14.08-PM.jpeg\",\"datePublished\":\"2024-04-15T15:58:12+00:00\",\"dateModified\":\"2024-04-23T15:10:41+00:00\",\"breadcrumb\":{\"@id\":\"https:\\\/\\\/www.ucaldas.edu.co\\\/portal\\\/el-debate-politico-alista-microfonos-para-el-foro-de-historia-de-estudiantes\\\/#breadcrumb\"},\"inLanguage\":\"es\",\"potentialAction\":[{\"@type\":\"ReadAction\",\"target\":[\"https:\\\/\\\/www.ucaldas.edu.co\\\/portal\\\/el-debate-politico-alista-microfonos-para-el-foro-de-historia-de-estudiantes\\\/\"]}]},{\"@type\":\"ImageObject\",\"inLanguage\":\"es\",\"@id\":\"https:\\\/\\\/www.ucaldas.edu.co\\\/portal\\\/el-debate-politico-alista-microfonos-para-el-foro-de-historia-de-estudiantes\\\/#primaryimage\",\"url\":\"https:\\\/\\\/www.ucaldas.edu.co\\\/portal\\\/wp-content\\\/uploads\\\/2024\\\/04\\\/WhatsApp-Image-2024-04-15-at-2.14.08-PM.jpeg\",\"contentUrl\":\"https:\\\/\\\/www.ucaldas.edu.co\\\/portal\\\/wp-content\\\/uploads\\\/2024\\\/04\\\/WhatsApp-Image-2024-04-15-at-2.14.08-PM.jpeg\",\"width\":900,\"height\":737},{\"@type\":\"BreadcrumbList\",\"@id\":\"https:\\\/\\\/www.ucaldas.edu.co\\\/portal\\\/el-debate-politico-alista-microfonos-para-el-foro-de-historia-de-estudiantes\\\/#breadcrumb\",\"itemListElement\":[{\"@type\":\"ListItem\",\"position\":1,\"name\":\"Portada\",\"item\":\"https:\\\/\\\/www.ucaldas.edu.co\\\/portal\\\/\"},{\"@type\":\"ListItem\",\"position\":2,\"name\":\"El debate pol\u00edtico alista micr\u00f3fonos para el Foro de Historia de Estudiantes\"}]},{\"@type\":\"WebSite\",\"@id\":\"https:\\\/\\\/www.ucaldas.edu.co\\\/portal\\\/#website\",\"url\":\"https:\\\/\\\/www.ucaldas.edu.co\\\/portal\\\/\",\"name\":\"Universidad de Caldas\",\"description\":\"\",\"publisher\":{\"@id\":\"https:\\\/\\\/www.ucaldas.edu.co\\\/portal\\\/#organization\"},\"alternateName\":\"U. de Caldas\",\"potentialAction\":[{\"@type\":\"SearchAction\",\"target\":{\"@type\":\"EntryPoint\",\"urlTemplate\":\"https:\\\/\\\/www.ucaldas.edu.co\\\/portal\\\/?s={search_term_string}\"},\"query-input\":{\"@type\":\"PropertyValueSpecification\",\"valueRequired\":true,\"valueName\":\"search_term_string\"}}],\"inLanguage\":\"es\"},{\"@type\":\"Organization\",\"@id\":\"https:\\\/\\\/www.ucaldas.edu.co\\\/portal\\\/#organization\",\"name\":\"Universidad de Caldas\",\"alternateName\":\"U. de Caldas\",\"url\":\"https:\\\/\\\/www.ucaldas.edu.co\\\/portal\\\/\",\"logo\":{\"@type\":\"ImageObject\",\"inLanguage\":\"es\",\"@id\":\"https:\\\/\\\/www.ucaldas.edu.co\\\/portal\\\/#\\\/schema\\\/logo\\\/image\\\/\",\"url\":\"https:\\\/\\\/www.ucaldas.edu.co\\\/portal\\\/wp-content\\\/uploads\\\/2023\\\/11\\\/Logo_horizontal_oscuroU-2023.png\",\"contentUrl\":\"https:\\\/\\\/www.ucaldas.edu.co\\\/portal\\\/wp-content\\\/uploads\\\/2023\\\/11\\\/Logo_horizontal_oscuroU-2023.png\",\"width\":263,\"height\":101,\"caption\":\"Universidad de Caldas\"},\"image\":{\"@id\":\"https:\\\/\\\/www.ucaldas.edu.co\\\/portal\\\/#\\\/schema\\\/logo\\\/image\\\/\"},\"sameAs\":[\"https:\\\/\\\/www.facebook.com\\\/udecaldas\",\"https:\\\/\\\/x.com\\\/udecaldas\",\"https:\\\/\\\/www.youtube.com\\\/universidadcaldas\",\"https:\\\/\\\/www.instagram.com\\\/udecaldas\\\/\"]},{\"@type\":\"Person\",\"@id\":\"https:\\\/\\\/www.ucaldas.edu.co\\\/portal\\\/#\\\/schema\\\/person\\\/a1b482e23449158b4bc319926c074fdf\",\"name\":\"ofiprensa\",\"image\":{\"@type\":\"ImageObject\",\"inLanguage\":\"es\",\"@id\":\"https:\\\/\\\/www.ucaldas.edu.co\\\/portal\\\/wp-content\\\/litespeed\\\/avatar\\\/09ea5085e600095a7a811142c6944527.jpg?ver=1787779368\",\"url\":\"https:\\\/\\\/www.ucaldas.edu.co\\\/portal\\\/wp-content\\\/litespeed\\\/avatar\\\/09ea5085e600095a7a811142c6944527.jpg?ver=1787779368\",\"contentUrl\":\"https:\\\/\\\/www.ucaldas.edu.co\\\/portal\\\/wp-content\\\/litespeed\\\/avatar\\\/09ea5085e600095a7a811142c6944527.jpg?ver=1787779368\",\"caption\":\"ofiprensa\"},\"url\":\"https:\\\/\\\/www.ucaldas.edu.co\\\/portal\\\/author\\\/ofiprensa\\\/\"}]}<\/script>\n<!-- \/ Yoast SEO plugin. -->","yoast_head_json":{"title":"El debate pol\u00edtico alista micr\u00f3fonos para el Foro de Historia de Estudiantes .","robots":{"index":"index","follow":"follow","max-snippet":"max-snippet:-1","max-image-preview":"max-image-preview:large","max-video-preview":"max-video-preview:-1"},"canonical":"https:\/\/www.ucaldas.edu.co\/portal\/el-debate-politico-alista-microfonos-para-el-foro-de-historia-de-estudiantes\/","schema":{"@context":"https:\/\/schema.org","@graph":[{"@type":"Article","@id":"https:\/\/www.ucaldas.edu.co\/portal\/el-debate-politico-alista-microfonos-para-el-foro-de-historia-de-estudiantes\/#article","isPartOf":{"@id":"https:\/\/www.ucaldas.edu.co\/portal\/el-debate-politico-alista-microfonos-para-el-foro-de-historia-de-estudiantes\/"},"author":{"name":"ofiprensa","@id":"https:\/\/www.ucaldas.edu.co\/portal\/#\/schema\/person\/a1b482e23449158b4bc319926c074fdf"},"headline":"El debate pol\u00edtico alista micr\u00f3fonos para el Foro de Historia de Estudiantes","datePublished":"2024-04-15T15:58:12+00:00","dateModified":"2024-04-23T15:10:41+00:00","mainEntityOfPage":{"@id":"https:\/\/www.ucaldas.edu.co\/portal\/el-debate-politico-alista-microfonos-para-el-foro-de-historia-de-estudiantes\/"},"wordCount":449,"publisher":{"@id":"https:\/\/www.ucaldas.edu.co\/portal\/#organization"},"image":{"@id":"https:\/\/www.ucaldas.edu.co\/portal\/el-debate-politico-alista-microfonos-para-el-foro-de-historia-de-estudiantes\/#primaryimage"},"thumbnailUrl":"https:\/\/www.ucaldas.edu.co\/portal\/wp-content\/uploads\/2024\/04\/WhatsApp-Image-2024-04-15-at-2.14.08-PM.jpeg","keywords":["debate","pol\u00edtica cultural","conferencia sobre historia","actividades culturales"],"articleSection":["Actualidad","Universidad al D\u00eda"],"inLanguage":"es"},{"@type":"WebPage","@id":"https:\/\/www.ucaldas.edu.co\/portal\/el-debate-politico-alista-microfonos-para-el-foro-de-historia-de-estudiantes\/","url":"https:\/\/www.ucaldas.edu.co\/portal\/el-debate-politico-alista-microfonos-para-el-foro-de-historia-de-estudiantes\/","name":"El debate pol\u00edtico alista micr\u00f3fonos para el Foro de Historia de Estudiantes .","isPartOf":{"@id":"https:\/\/www.ucaldas.edu.co\/portal\/#website"},"primaryImageOfPage":{"@id":"https:\/\/www.ucaldas.edu.co\/portal\/el-debate-politico-alista-microfonos-para-el-foro-de-historia-de-estudiantes\/#primaryimage"},"image":{"@id":"https:\/\/www.ucaldas.edu.co\/portal\/el-debate-politico-alista-microfonos-para-el-foro-de-historia-de-estudiantes\/#primaryimage"},"thumbnailUrl":"https:\/\/www.ucaldas.edu.co\/portal\/wp-content\/uploads\/2024\/04\/WhatsApp-Image-2024-04-15-at-2.14.08-PM.jpeg","datePublished":"2024-04-15T15:58:12+00:00","dateModified":"2024-04-23T15:10:41+00:00","breadcrumb":{"@id":"https:\/\/www.ucaldas.edu.co\/portal\/el-debate-politico-alista-microfonos-para-el-foro-de-historia-de-estudiantes\/#breadcrumb"},"inLanguage":"es","potentialAction":[{"@type":"ReadAction","target":["https:\/\/www.ucaldas.edu.co\/portal\/el-debate-politico-alista-microfonos-para-el-foro-de-historia-de-estudiantes\/"]}]},{"@type":"ImageObject","inLanguage":"es","@id":"https:\/\/www.ucaldas.edu.co\/portal\/el-debate-politico-alista-microfonos-para-el-foro-de-historia-de-estudiantes\/#primaryimage","url":"https:\/\/www.ucaldas.edu.co\/portal\/wp-content\/uploads\/2024\/04\/WhatsApp-Image-2024-04-15-at-2.14.08-PM.jpeg","contentUrl":"https:\/\/www.ucaldas.edu.co\/portal\/wp-content\/uploads\/2024\/04\/WhatsApp-Image-2024-04-15-at-2.14.08-PM.jpeg","width":900,"height":737},{"@type":"BreadcrumbList","@id":"https:\/\/www.ucaldas.edu.co\/portal\/el-debate-politico-alista-microfonos-para-el-foro-de-historia-de-estudiantes\/#breadcrumb","itemListElement":[{"@type":"ListItem","position":1,"name":"Portada","item":"https:\/\/www.ucaldas.edu.co\/portal\/"},{"@type":"ListItem","position":2,"name":"El debate pol\u00edtico alista micr\u00f3fonos para el Foro de Historia de Estudiantes"}]},{"@type":"WebSite","@id":"https:\/\/www.ucaldas.edu.co\/portal\/#website","url":"https:\/\/www.ucaldas.edu.co\/portal\/","name":"Universidad de Caldas","description":"","publisher":{"@id":"https:\/\/www.ucaldas.edu.co\/portal\/#organization"},"alternateName":"U. de Caldas","potentialAction":[{"@type":"SearchAction","target":{"@type":"EntryPoint","urlTemplate":"https:\/\/www.ucaldas.edu.co\/portal\/?s={search_term_string}"},"query-input":{"@type":"PropertyValueSpecification","valueRequired":true,"valueName":"search_term_string"}}],"inLanguage":"es"},{"@type":"Organization","@id":"https:\/\/www.ucaldas.edu.co\/portal\/#organization","name":"Universidad de Caldas","alternateName":"U. de Caldas","url":"https:\/\/www.ucaldas.edu.co\/portal\/","logo":{"@type":"ImageObject","inLanguage":"es","@id":"https:\/\/www.ucaldas.edu.co\/portal\/#\/schema\/logo\/image\/","url":"https:\/\/www.ucaldas.edu.co\/portal\/wp-content\/uploads\/2023\/11\/Logo_horizontal_oscuroU-2023.png","contentUrl":"https:\/\/www.ucaldas.edu.co\/portal\/wp-content\/uploads\/2023\/11\/Logo_horizontal_oscuroU-2023.png","width":263,"height":101,"caption":"Universidad de Caldas"},"image":{"@id":"https:\/\/www.ucaldas.edu.co\/portal\/#\/schema\/logo\/image\/"},"sameAs":["https:\/\/www.facebook.com\/udecaldas","https:\/\/x.com\/udecaldas","https:\/\/www.youtube.com\/universidadcaldas","https:\/\/www.instagram.com\/udecaldas\/"]},{"@type":"Person","@id":"https:\/\/www.ucaldas.edu.co\/portal\/#\/schema\/person\/a1b482e23449158b4bc319926c074fdf","name":"ofiprensa","image":{"@type":"ImageObject","inLanguage":"es","@id":"https:\/\/www.ucaldas.edu.co\/portal\/wp-content\/litespeed\/avatar\/09ea5085e600095a7a811142c6944527.jpg?ver=1787779368","url":"https:\/\/www.ucaldas.edu.co\/portal\/wp-content\/litespeed\/avatar\/09ea5085e600095a7a811142c6944527.jpg?ver=1787779368","contentUrl":"https:\/\/www.ucaldas.edu.co\/portal\/wp-content\/litespeed\/avatar\/09ea5085e600095a7a811142c6944527.jpg?ver=1787779368","caption":"ofiprensa"},"url":"https:\/\/www.ucaldas.edu.co\/portal\/author\/ofiprensa\/"}]}},"_links":{"self":[{"href":"https:\/\/www.ucaldas.edu.co\/portal\/wp-json\/wp\/v2\/posts\/80259","targetHints":{"allow":["GET"]}}],"collection":[{"href":"https:\/\/www.ucaldas.edu.co\/portal\/wp-json\/wp\/v2\/posts"}],"about":[{"href":"https:\/\/www.ucaldas.edu.co\/portal\/wp-json\/wp\/v2\/types\/post"}],"author":[{"embeddable":true,"href":"https:\/\/www.ucaldas.edu.co\/portal\/wp-json\/wp\/v2\/users\/2"}],"replies":[{"embeddable":true,"href":"https:\/\/www.ucaldas.edu.co\/portal\/wp-json\/wp\/v2\/comments?post=80259"}],"version-history":[{"count":0,"href":"https:\/\/www.ucaldas.edu.co\/portal\/wp-json\/wp\/v2\/posts\/80259\/revisions"}],"wp:featuredmedia":[{"embeddable":true,"href":"https:\/\/www.ucaldas.edu.co\/portal\/wp-json\/wp\/v2\/media\/80282"}],"wp:attachment":[{"href":"https:\/\/www.ucaldas.edu.co\/portal\/wp-json\/wp\/v2\/media?parent=80259"}],"wp:term":[{"taxonomy":"category","embeddable":true,"href":"https:\/\/www.ucaldas.edu.co\/portal\/wp-json\/wp\/v2\/categories?post=80259"},{"taxonomy":"post_tag","embeddable":true,"href":"https:\/\/www.ucaldas.edu.co\/portal\/wp-json\/wp\/v2\/tags?post=80259"}],"curies":[{"name":"wp","href":"https:\/\/api.w.org\/{rel}","templated":true}]}}