{"id":8017,"date":"2014-05-28T17:25:19","date_gmt":"2014-05-28T22:25:19","guid":{"rendered":"https:\/\/www.ucaldas.edu.co\/portal\/?p=8017"},"modified":"2014-05-28T17:25:19","modified_gmt":"2014-05-28T22:25:19","slug":"u-de-caldas-busca-convenio-de-practicas-con-centro-de-educacion-taratahi-nueva-zelanda","status":"publish","type":"post","link":"https:\/\/www.ucaldas.edu.co\/portal\/u-de-caldas-busca-convenio-de-practicas-con-centro-de-educacion-taratahi-nueva-zelanda\/","title":{"rendered":"U. de Caldas busca convenio de pr\u00e1cticas con Centro de Educaci\u00f3n Taratahi (Nueva Zelanda)"},"content":{"rendered":"<p align=\"center\"><span style=\"text-decoration: underline;\">PARA ESTUDIANTES Y PROFESORES DE CIENCIAS AGROPECUARIAS<\/span><\/p>\n<p align=\"center\"><b>U. de Caldas busca convenio de pr\u00e1cticas con Centro de Educaci\u00f3n Taratahi (Nueva Zelanda)<\/b><b>\u00a0<\/b><\/p>\n<p align=\"center\"><a href=\"https:\/\/www.ucaldas.edu.co\/portal\/wp-content\/uploads\/2014\/05\/10325558_693249900736878_8642052454972496847_n.jpg\"><img loading=\"lazy\" decoding=\"async\" class=\"aligncenter size-medium wp-image-8022\" alt=\"10325558_693249900736878_8642052454972496847_n\" src=\"https:\/\/www.ucaldas.edu.co\/portal\/wp-content\/uploads\/2014\/05\/10325558_693249900736878_8642052454972496847_n-300x237.jpg\" width=\"300\" height=\"237\" \/><\/a><\/p>\n<p align=\"center\">\n<p style=\"text-align: center;\" align=\"right\">Foto: Guillermo Sarmiento \/ Prensa U. de Caldas<\/p>\n<p align=\"right\">28\/5\/2014<\/p>\n<p align=\"right\">Redacci\u00f3n: Margarita Laverde<\/p>\n<p style=\"text-align: justify;\" align=\"left\">\u00a0Paul Crick, del\u00a0<b>Centro de Educaci\u00f3n Taratahi<\/b>\u00a0(Nueva Zelanda),\u00a0<b>visit\u00f3<\/b>\u00a0la\u00a0<b>Universidad de Caldas<\/b>\u00a0el pasado martes 27 de mayo del 2014,<b>para concretar un preacuerdo de convenios<\/b>\u00a0para desarrollo de\u00a0<b>pr\u00e1cticas profesorales<\/b>\u00a0<b>y estudiantiles<\/b>\u00a0de los programas de Medicina Veterinaria y Zootecnia e Ingenier\u00eda Agron\u00f3mica.<!--more-->\u00a0Carlos\u00a0Alberto\u00a0Parra\u00a0Salinas,\u00a0<b>Decano de la Facultad de Ciencias Agropecuarias de la U. de Caldas,\u00a0<\/b>explic\u00f3 que la\u00a0<b>visita es el resultado de la participaci\u00f3n\u00a0<\/b>de la Universidad en la\u00a0<b>convocatoria de Agrofuturo Medell\u00ecn<\/b>, en la cual particip\u00f3 porque tres instituciones quer\u00edan conocer la Instituci\u00f3n, para hablar de temas acad\u00e9micos.<\/p>\n<p style=\"text-align: justify;\" align=\"left\">\u201cEste preacuerdo de convenios ser\u00e1 para programas a nivel tecnol\u00f3gico y profesional. Tambi\u00e9n\u00a0<b>esperamos tener una alianza para\u00a0<\/b>los programas tecnol\u00f3gicos del<b>\u00a0Programa La U. en el Campo<\/b>\u201d, mencion\u00f3 el Decano.<\/p>\n<p style=\"text-align: justify;\" align=\"left\">El invitado inform\u00f3 que se encontraba en el pa\u00eds debido a una gira que realiza en Chile, Uruguay y Brasil. \u201cEs muy impresionante lo que pasa en Suram\u00e9rica, tenemos una buena relaci\u00f3n con Colombia y\u00a0<b>nuestro objetivo es intercambiar ideas y tener nuevas perspectivas globales<\/b>\u00a0del trabajo en temas agropecuarios\u201d, dijo Crick.<\/p>\n<p style=\"text-align: justify;\" align=\"left\">El funcionario del Centro de Educaci\u00f3n Taratahi enfatiz\u00f3: \u201cestamos tratando de mejorar los niveles de producci\u00f3n.\u00a0<b>Ojal\u00e1 podamos tener una buena relaci\u00f3n,\u00a0<\/b>para lograr intercambios entre los dos pa\u00edses\u201d.<\/p>\n<p style=\"text-align: justify;\" align=\"left\"><a href=\"https:\/\/www.facebook.com\/media\/set\/?set=a.693248327403702.1073742795.107054166023124&amp;type=1&amp;l=479f3821be\" target=\"_blank\">Conozca im\u00e1genes de\u00a0Invitado de Nueva Zelanda, en U. de Caldas por convenio de pr\u00e1cticas<\/a><\/p>\n<p style=\"text-align: justify;\" align=\"left\"><b>Informes:\u00a0<\/b>Oficina de Internacionalizaci\u00f3n, tel\u00e9fono 878 15 00 extensi\u00f3n 12 169.<\/p>\n<p style=\"text-align: justify;\"><b>\u00a0<\/b><\/p>\n","protected":false},"excerpt":{"rendered":"<p>PARA ESTUDIANTES Y PROFESORES DE CIENCIAS AGROPECUARIAS U. de Caldas busca convenio de pr\u00e1cticas con Centro de Educaci\u00f3n Taratahi (Nueva Zelanda)\u00a0 Foto: Guillermo Sarmiento \/ Prensa U. de Caldas 28\/5\/2014 Redacci\u00f3n: Margarita Laverde \u00a0Paul Crick, del\u00a0Centro de Educaci\u00f3n Taratahi\u00a0(Nueva Zelanda),\u00a0visit\u00f3\u00a0la\u00a0Universidad de Caldas\u00a0el pasado martes 27 de mayo del 2014,para concretar un preacuerdo de convenios\u00a0para desarrollo [&hellip;]<\/p>\n","protected":false},"author":2,"featured_media":0,"comment_status":"closed","ping_status":"closed","sticky":false,"template":"","format":"standard","meta":{"footnotes":""},"categories":[48,53],"tags":[87,182,213,233,270,1322,1913,1914],"class_list":["post-8017","post","type-post","status-publish","format-standard","hentry","category-actualidad","category-universidad-al-dia","tag-estudiante","tag-ciencias-agropecuarias","tag-profesor","tag-visita","tag-internacionalizacion","tag-practica","tag-centro-de-educacion-taratahi","tag-nueva-zelanda"],"yoast_head":"<!-- This site is optimized with the Yoast SEO plugin v27.5 - https:\/\/yoast.com\/product\/yoast-seo-wordpress\/ -->\n<title>U. de Caldas busca convenio de pr\u00e1cticas con Centro de Educaci\u00f3n Taratahi (Nueva Zelanda) .<\/title>\n<meta name=\"robots\" content=\"index, follow, max-snippet:-1, max-image-preview:large, max-video-preview:-1\" \/>\n<link rel=\"canonical\" href=\"https:\/\/www.ucaldas.edu.co\/portal\/u-de-caldas-busca-convenio-de-practicas-con-centro-de-educacion-taratahi-nueva-zelanda\/\" \/>\n<script type=\"application\/ld+json\" class=\"yoast-schema-graph\">{\"@context\":\"https:\\\/\\\/schema.org\",\"@graph\":[{\"@type\":\"Article\",\"@id\":\"https:\\\/\\\/www.ucaldas.edu.co\\\/portal\\\/u-de-caldas-busca-convenio-de-practicas-con-centro-de-educacion-taratahi-nueva-zelanda\\\/#article\",\"isPartOf\":{\"@id\":\"https:\\\/\\\/www.ucaldas.edu.co\\\/portal\\\/u-de-caldas-busca-convenio-de-practicas-con-centro-de-educacion-taratahi-nueva-zelanda\\\/\"},\"author\":{\"name\":\"ofiprensa\",\"@id\":\"https:\\\/\\\/www.ucaldas.edu.co\\\/portal\\\/#\\\/schema\\\/person\\\/a1b482e23449158b4bc319926c074fdf\"},\"headline\":\"U. de Caldas busca convenio de pr\u00e1cticas con Centro de Educaci\u00f3n Taratahi (Nueva Zelanda)\",\"datePublished\":\"2014-05-28T22:25:19+00:00\",\"mainEntityOfPage\":{\"@id\":\"https:\\\/\\\/www.ucaldas.edu.co\\\/portal\\\/u-de-caldas-busca-convenio-de-practicas-con-centro-de-educacion-taratahi-nueva-zelanda\\\/\"},\"wordCount\":302,\"publisher\":{\"@id\":\"https:\\\/\\\/www.ucaldas.edu.co\\\/portal\\\/#organization\"},\"image\":{\"@id\":\"https:\\\/\\\/www.ucaldas.edu.co\\\/portal\\\/u-de-caldas-busca-convenio-de-practicas-con-centro-de-educacion-taratahi-nueva-zelanda\\\/#primaryimage\"},\"thumbnailUrl\":\"https:\\\/\\\/www.ucaldas.edu.co\\\/portal\\\/wp-content\\\/uploads\\\/2014\\\/05\\\/10325558_693249900736878_8642052454972496847_n-300x237.jpg\",\"keywords\":[\"Estudiante\",\"ciencias agropecuarias\",\"profesor\",\"visita\",\"Internacionalizaci\u00f3n\",\"pr\u00e1ctica\",\"Centro de Educaci\u00f3n Taratahi\",\"Nueva Zelanda\"],\"articleSection\":[\"Actualidad\",\"Universidad al D\u00eda\"],\"inLanguage\":\"es\"},{\"@type\":\"WebPage\",\"@id\":\"https:\\\/\\\/www.ucaldas.edu.co\\\/portal\\\/u-de-caldas-busca-convenio-de-practicas-con-centro-de-educacion-taratahi-nueva-zelanda\\\/\",\"url\":\"https:\\\/\\\/www.ucaldas.edu.co\\\/portal\\\/u-de-caldas-busca-convenio-de-practicas-con-centro-de-educacion-taratahi-nueva-zelanda\\\/\",\"name\":\"U. de Caldas busca convenio de pr\u00e1cticas con Centro de Educaci\u00f3n Taratahi (Nueva Zelanda) .\",\"isPartOf\":{\"@id\":\"https:\\\/\\\/www.ucaldas.edu.co\\\/portal\\\/#website\"},\"primaryImageOfPage\":{\"@id\":\"https:\\\/\\\/www.ucaldas.edu.co\\\/portal\\\/u-de-caldas-busca-convenio-de-practicas-con-centro-de-educacion-taratahi-nueva-zelanda\\\/#primaryimage\"},\"image\":{\"@id\":\"https:\\\/\\\/www.ucaldas.edu.co\\\/portal\\\/u-de-caldas-busca-convenio-de-practicas-con-centro-de-educacion-taratahi-nueva-zelanda\\\/#primaryimage\"},\"thumbnailUrl\":\"https:\\\/\\\/www.ucaldas.edu.co\\\/portal\\\/wp-content\\\/uploads\\\/2014\\\/05\\\/10325558_693249900736878_8642052454972496847_n-300x237.jpg\",\"datePublished\":\"2014-05-28T22:25:19+00:00\",\"breadcrumb\":{\"@id\":\"https:\\\/\\\/www.ucaldas.edu.co\\\/portal\\\/u-de-caldas-busca-convenio-de-practicas-con-centro-de-educacion-taratahi-nueva-zelanda\\\/#breadcrumb\"},\"inLanguage\":\"es\",\"potentialAction\":[{\"@type\":\"ReadAction\",\"target\":[\"https:\\\/\\\/www.ucaldas.edu.co\\\/portal\\\/u-de-caldas-busca-convenio-de-practicas-con-centro-de-educacion-taratahi-nueva-zelanda\\\/\"]}]},{\"@type\":\"ImageObject\",\"inLanguage\":\"es\",\"@id\":\"https:\\\/\\\/www.ucaldas.edu.co\\\/portal\\\/u-de-caldas-busca-convenio-de-practicas-con-centro-de-educacion-taratahi-nueva-zelanda\\\/#primaryimage\",\"url\":\"https:\\\/\\\/www.ucaldas.edu.co\\\/portal\\\/wp-content\\\/uploads\\\/2014\\\/05\\\/10325558_693249900736878_8642052454972496847_n-300x237.jpg\",\"contentUrl\":\"https:\\\/\\\/www.ucaldas.edu.co\\\/portal\\\/wp-content\\\/uploads\\\/2014\\\/05\\\/10325558_693249900736878_8642052454972496847_n-300x237.jpg\"},{\"@type\":\"BreadcrumbList\",\"@id\":\"https:\\\/\\\/www.ucaldas.edu.co\\\/portal\\\/u-de-caldas-busca-convenio-de-practicas-con-centro-de-educacion-taratahi-nueva-zelanda\\\/#breadcrumb\",\"itemListElement\":[{\"@type\":\"ListItem\",\"position\":1,\"name\":\"Portada\",\"item\":\"https:\\\/\\\/www.ucaldas.edu.co\\\/portal\\\/\"},{\"@type\":\"ListItem\",\"position\":2,\"name\":\"U. de Caldas busca convenio de pr\u00e1cticas con Centro de Educaci\u00f3n Taratahi (Nueva Zelanda)\"}]},{\"@type\":\"WebSite\",\"@id\":\"https:\\\/\\\/www.ucaldas.edu.co\\\/portal\\\/#website\",\"url\":\"https:\\\/\\\/www.ucaldas.edu.co\\\/portal\\\/\",\"name\":\"Universidad de Caldas\",\"description\":\"\",\"publisher\":{\"@id\":\"https:\\\/\\\/www.ucaldas.edu.co\\\/portal\\\/#organization\"},\"alternateName\":\"U. de Caldas\",\"potentialAction\":[{\"@type\":\"SearchAction\",\"target\":{\"@type\":\"EntryPoint\",\"urlTemplate\":\"https:\\\/\\\/www.ucaldas.edu.co\\\/portal\\\/?s={search_term_string}\"},\"query-input\":{\"@type\":\"PropertyValueSpecification\",\"valueRequired\":true,\"valueName\":\"search_term_string\"}}],\"inLanguage\":\"es\"},{\"@type\":\"Organization\",\"@id\":\"https:\\\/\\\/www.ucaldas.edu.co\\\/portal\\\/#organization\",\"name\":\"Universidad de Caldas\",\"alternateName\":\"U. de Caldas\",\"url\":\"https:\\\/\\\/www.ucaldas.edu.co\\\/portal\\\/\",\"logo\":{\"@type\":\"ImageObject\",\"inLanguage\":\"es\",\"@id\":\"https:\\\/\\\/www.ucaldas.edu.co\\\/portal\\\/#\\\/schema\\\/logo\\\/image\\\/\",\"url\":\"https:\\\/\\\/www.ucaldas.edu.co\\\/portal\\\/wp-content\\\/uploads\\\/2023\\\/11\\\/Logo_horizontal_oscuroU-2023.png\",\"contentUrl\":\"https:\\\/\\\/www.ucaldas.edu.co\\\/portal\\\/wp-content\\\/uploads\\\/2023\\\/11\\\/Logo_horizontal_oscuroU-2023.png\",\"width\":263,\"height\":101,\"caption\":\"Universidad de Caldas\"},\"image\":{\"@id\":\"https:\\\/\\\/www.ucaldas.edu.co\\\/portal\\\/#\\\/schema\\\/logo\\\/image\\\/\"},\"sameAs\":[\"https:\\\/\\\/www.facebook.com\\\/udecaldas\",\"https:\\\/\\\/x.com\\\/udecaldas\",\"https:\\\/\\\/www.youtube.com\\\/universidadcaldas\",\"https:\\\/\\\/www.instagram.com\\\/udecaldas\\\/\"]},{\"@type\":\"Person\",\"@id\":\"https:\\\/\\\/www.ucaldas.edu.co\\\/portal\\\/#\\\/schema\\\/person\\\/a1b482e23449158b4bc319926c074fdf\",\"name\":\"ofiprensa\",\"image\":{\"@type\":\"ImageObject\",\"inLanguage\":\"es\",\"@id\":\"https:\\\/\\\/www.ucaldas.edu.co\\\/portal\\\/wp-content\\\/litespeed\\\/avatar\\\/09ea5085e600095a7a811142c6944527.jpg?ver=1777497608\",\"url\":\"https:\\\/\\\/www.ucaldas.edu.co\\\/portal\\\/wp-content\\\/litespeed\\\/avatar\\\/09ea5085e600095a7a811142c6944527.jpg?ver=1777497608\",\"contentUrl\":\"https:\\\/\\\/www.ucaldas.edu.co\\\/portal\\\/wp-content\\\/litespeed\\\/avatar\\\/09ea5085e600095a7a811142c6944527.jpg?ver=1777497608\",\"caption\":\"ofiprensa\"},\"url\":\"https:\\\/\\\/www.ucaldas.edu.co\\\/portal\\\/author\\\/ofiprensa\\\/\"}]}<\/script>\n<!-- \/ Yoast SEO plugin. -->","yoast_head_json":{"title":"U. de Caldas busca convenio de pr\u00e1cticas con Centro de Educaci\u00f3n Taratahi (Nueva Zelanda) .","robots":{"index":"index","follow":"follow","max-snippet":"max-snippet:-1","max-image-preview":"max-image-preview:large","max-video-preview":"max-video-preview:-1"},"canonical":"https:\/\/www.ucaldas.edu.co\/portal\/u-de-caldas-busca-convenio-de-practicas-con-centro-de-educacion-taratahi-nueva-zelanda\/","schema":{"@context":"https:\/\/schema.org","@graph":[{"@type":"Article","@id":"https:\/\/www.ucaldas.edu.co\/portal\/u-de-caldas-busca-convenio-de-practicas-con-centro-de-educacion-taratahi-nueva-zelanda\/#article","isPartOf":{"@id":"https:\/\/www.ucaldas.edu.co\/portal\/u-de-caldas-busca-convenio-de-practicas-con-centro-de-educacion-taratahi-nueva-zelanda\/"},"author":{"name":"ofiprensa","@id":"https:\/\/www.ucaldas.edu.co\/portal\/#\/schema\/person\/a1b482e23449158b4bc319926c074fdf"},"headline":"U. de Caldas busca convenio de pr\u00e1cticas con Centro de Educaci\u00f3n Taratahi (Nueva Zelanda)","datePublished":"2014-05-28T22:25:19+00:00","mainEntityOfPage":{"@id":"https:\/\/www.ucaldas.edu.co\/portal\/u-de-caldas-busca-convenio-de-practicas-con-centro-de-educacion-taratahi-nueva-zelanda\/"},"wordCount":302,"publisher":{"@id":"https:\/\/www.ucaldas.edu.co\/portal\/#organization"},"image":{"@id":"https:\/\/www.ucaldas.edu.co\/portal\/u-de-caldas-busca-convenio-de-practicas-con-centro-de-educacion-taratahi-nueva-zelanda\/#primaryimage"},"thumbnailUrl":"https:\/\/www.ucaldas.edu.co\/portal\/wp-content\/uploads\/2014\/05\/10325558_693249900736878_8642052454972496847_n-300x237.jpg","keywords":["Estudiante","ciencias agropecuarias","profesor","visita","Internacionalizaci\u00f3n","pr\u00e1ctica","Centro de Educaci\u00f3n Taratahi","Nueva Zelanda"],"articleSection":["Actualidad","Universidad al D\u00eda"],"inLanguage":"es"},{"@type":"WebPage","@id":"https:\/\/www.ucaldas.edu.co\/portal\/u-de-caldas-busca-convenio-de-practicas-con-centro-de-educacion-taratahi-nueva-zelanda\/","url":"https:\/\/www.ucaldas.edu.co\/portal\/u-de-caldas-busca-convenio-de-practicas-con-centro-de-educacion-taratahi-nueva-zelanda\/","name":"U. de Caldas busca convenio de pr\u00e1cticas con Centro de Educaci\u00f3n Taratahi (Nueva Zelanda) .","isPartOf":{"@id":"https:\/\/www.ucaldas.edu.co\/portal\/#website"},"primaryImageOfPage":{"@id":"https:\/\/www.ucaldas.edu.co\/portal\/u-de-caldas-busca-convenio-de-practicas-con-centro-de-educacion-taratahi-nueva-zelanda\/#primaryimage"},"image":{"@id":"https:\/\/www.ucaldas.edu.co\/portal\/u-de-caldas-busca-convenio-de-practicas-con-centro-de-educacion-taratahi-nueva-zelanda\/#primaryimage"},"thumbnailUrl":"https:\/\/www.ucaldas.edu.co\/portal\/wp-content\/uploads\/2014\/05\/10325558_693249900736878_8642052454972496847_n-300x237.jpg","datePublished":"2014-05-28T22:25:19+00:00","breadcrumb":{"@id":"https:\/\/www.ucaldas.edu.co\/portal\/u-de-caldas-busca-convenio-de-practicas-con-centro-de-educacion-taratahi-nueva-zelanda\/#breadcrumb"},"inLanguage":"es","potentialAction":[{"@type":"ReadAction","target":["https:\/\/www.ucaldas.edu.co\/portal\/u-de-caldas-busca-convenio-de-practicas-con-centro-de-educacion-taratahi-nueva-zelanda\/"]}]},{"@type":"ImageObject","inLanguage":"es","@id":"https:\/\/www.ucaldas.edu.co\/portal\/u-de-caldas-busca-convenio-de-practicas-con-centro-de-educacion-taratahi-nueva-zelanda\/#primaryimage","url":"https:\/\/www.ucaldas.edu.co\/portal\/wp-content\/uploads\/2014\/05\/10325558_693249900736878_8642052454972496847_n-300x237.jpg","contentUrl":"https:\/\/www.ucaldas.edu.co\/portal\/wp-content\/uploads\/2014\/05\/10325558_693249900736878_8642052454972496847_n-300x237.jpg"},{"@type":"BreadcrumbList","@id":"https:\/\/www.ucaldas.edu.co\/portal\/u-de-caldas-busca-convenio-de-practicas-con-centro-de-educacion-taratahi-nueva-zelanda\/#breadcrumb","itemListElement":[{"@type":"ListItem","position":1,"name":"Portada","item":"https:\/\/www.ucaldas.edu.co\/portal\/"},{"@type":"ListItem","position":2,"name":"U. de Caldas busca convenio de pr\u00e1cticas con Centro de Educaci\u00f3n Taratahi (Nueva Zelanda)"}]},{"@type":"WebSite","@id":"https:\/\/www.ucaldas.edu.co\/portal\/#website","url":"https:\/\/www.ucaldas.edu.co\/portal\/","name":"Universidad de Caldas","description":"","publisher":{"@id":"https:\/\/www.ucaldas.edu.co\/portal\/#organization"},"alternateName":"U. de Caldas","potentialAction":[{"@type":"SearchAction","target":{"@type":"EntryPoint","urlTemplate":"https:\/\/www.ucaldas.edu.co\/portal\/?s={search_term_string}"},"query-input":{"@type":"PropertyValueSpecification","valueRequired":true,"valueName":"search_term_string"}}],"inLanguage":"es"},{"@type":"Organization","@id":"https:\/\/www.ucaldas.edu.co\/portal\/#organization","name":"Universidad de Caldas","alternateName":"U. de Caldas","url":"https:\/\/www.ucaldas.edu.co\/portal\/","logo":{"@type":"ImageObject","inLanguage":"es","@id":"https:\/\/www.ucaldas.edu.co\/portal\/#\/schema\/logo\/image\/","url":"https:\/\/www.ucaldas.edu.co\/portal\/wp-content\/uploads\/2023\/11\/Logo_horizontal_oscuroU-2023.png","contentUrl":"https:\/\/www.ucaldas.edu.co\/portal\/wp-content\/uploads\/2023\/11\/Logo_horizontal_oscuroU-2023.png","width":263,"height":101,"caption":"Universidad de Caldas"},"image":{"@id":"https:\/\/www.ucaldas.edu.co\/portal\/#\/schema\/logo\/image\/"},"sameAs":["https:\/\/www.facebook.com\/udecaldas","https:\/\/x.com\/udecaldas","https:\/\/www.youtube.com\/universidadcaldas","https:\/\/www.instagram.com\/udecaldas\/"]},{"@type":"Person","@id":"https:\/\/www.ucaldas.edu.co\/portal\/#\/schema\/person\/a1b482e23449158b4bc319926c074fdf","name":"ofiprensa","image":{"@type":"ImageObject","inLanguage":"es","@id":"https:\/\/www.ucaldas.edu.co\/portal\/wp-content\/litespeed\/avatar\/09ea5085e600095a7a811142c6944527.jpg?ver=1777497608","url":"https:\/\/www.ucaldas.edu.co\/portal\/wp-content\/litespeed\/avatar\/09ea5085e600095a7a811142c6944527.jpg?ver=1777497608","contentUrl":"https:\/\/www.ucaldas.edu.co\/portal\/wp-content\/litespeed\/avatar\/09ea5085e600095a7a811142c6944527.jpg?ver=1777497608","caption":"ofiprensa"},"url":"https:\/\/www.ucaldas.edu.co\/portal\/author\/ofiprensa\/"}]}},"_links":{"self":[{"href":"https:\/\/www.ucaldas.edu.co\/portal\/wp-json\/wp\/v2\/posts\/8017","targetHints":{"allow":["GET"]}}],"collection":[{"href":"https:\/\/www.ucaldas.edu.co\/portal\/wp-json\/wp\/v2\/posts"}],"about":[{"href":"https:\/\/www.ucaldas.edu.co\/portal\/wp-json\/wp\/v2\/types\/post"}],"author":[{"embeddable":true,"href":"https:\/\/www.ucaldas.edu.co\/portal\/wp-json\/wp\/v2\/users\/2"}],"replies":[{"embeddable":true,"href":"https:\/\/www.ucaldas.edu.co\/portal\/wp-json\/wp\/v2\/comments?post=8017"}],"version-history":[{"count":0,"href":"https:\/\/www.ucaldas.edu.co\/portal\/wp-json\/wp\/v2\/posts\/8017\/revisions"}],"wp:attachment":[{"href":"https:\/\/www.ucaldas.edu.co\/portal\/wp-json\/wp\/v2\/media?parent=8017"}],"wp:term":[{"taxonomy":"category","embeddable":true,"href":"https:\/\/www.ucaldas.edu.co\/portal\/wp-json\/wp\/v2\/categories?post=8017"},{"taxonomy":"post_tag","embeddable":true,"href":"https:\/\/www.ucaldas.edu.co\/portal\/wp-json\/wp\/v2\/tags?post=8017"}],"curies":[{"name":"wp","href":"https:\/\/api.w.org\/{rel}","templated":true}]}}