{"id":79868,"date":"2024-04-01T13:51:41","date_gmt":"2024-04-01T18:51:41","guid":{"rendered":"https:\/\/www.ucaldas.edu.co\/portal\/?p=79868"},"modified":"2024-04-01T17:44:03","modified_gmt":"2024-04-01T22:44:03","slug":"participe-como-ponente-en-el-quinto-congreso-latinoamericano-de-trabajo-social-critico","status":"publish","type":"post","link":"https:\/\/www.ucaldas.edu.co\/portal\/participe-como-ponente-en-el-quinto-congreso-latinoamericano-de-trabajo-social-critico\/","title":{"rendered":"Participe como ponente en el Quinto Congreso Latinoamericano de Trabajo Social Cr\u00edtico"},"content":{"rendered":"<p><img loading=\"lazy\" decoding=\"async\" class=\"aligncenter size-full wp-image-79870\" src=\"https:\/\/www.ucaldas.edu.co\/portal\/wp-content\/uploads\/2024\/04\/congreso.jpg\" alt=\"imagen promocional congreso\" width=\"900\" height=\"510\" srcset=\"https:\/\/www.ucaldas.edu.co\/portal\/wp-content\/uploads\/2024\/04\/congreso.jpg 900w, https:\/\/www.ucaldas.edu.co\/portal\/wp-content\/uploads\/2024\/04\/congreso-300x170.jpg 300w, https:\/\/www.ucaldas.edu.co\/portal\/wp-content\/uploads\/2024\/04\/congreso-768x435.jpg 768w\" sizes=\"auto, (max-width: 900px) 100vw, 900px\" \/><\/p>\n<p>Se encuentran abiertas las inscripciones para participar como ponente en el Quinto Congreso Latinoamericano de Trabajo Social Cr\u00edtico, el cual se realizar\u00e1 en la Universidad de Caldas del 7 al 8 de noviembre del presente a\u00f1o.<!--more--><\/p>\n<p>Este evento se ha realizado en otras Universidades del pa\u00eds y es la primera versi\u00f3n que se dar\u00e1 en la Universidad de Caldas despu\u00e9s de siete a\u00f1os que no se hac\u00eda.<\/p>\n<p>Seg\u00fan lo informa el Docente de la Universidad de Caldas y miembro del comit\u00e9 organizador del evento, Sergio Andr\u00e9s Quintero Londo\u00f1o, para esta versi\u00f3n el tema central ser\u00e1 la renovaci\u00f3n cr\u00edtica del Trabajo Social frente a la crisis social contempor\u00e1nea, que a su vez se dividir\u00e1 en tres subtemas:<\/p>\n<ul>\n<li>Crisis del capital, resistencias y estrategias emancipadoras.<\/li>\n<li>Formaci\u00f3n, investigaci\u00f3n y ejercicio profesional cr\u00edtico frente a las expresiones contempor\u00e1neas de la \u201ccuesti\u00f3n social\u201d.<\/li>\n<li>Renovaci\u00f3n cr\u00edtica y organizaci\u00f3n profesional para el fortalecimiento del proyecto profesional \u00e9tico-pol\u00edtico.<\/li>\n<\/ul>\n<p>Para esta ocasi\u00f3n la inscripci\u00f3n y asistencia al Congreso ser\u00e1 totalmente gratuita, por lo que se espera contar con la participaci\u00f3n de aproximadamente 500 personas entre docentes, estudiantes y egresados ponentes y asistentes de todo el pa\u00eds.<\/p>\n<p>Los interesados en participar pueden enviar sus res\u00famenes de ponencias o reflexiones respecto a las tem\u00e1ticas al correo <a href=\"mailto:congresotsc@gmail.com\">congresotsc@gmail.com<\/a>. Fecha m\u00e1xima de recepci\u00f3n de escritos hasta el 15 de mayo.<\/p>\n<p>Este evento es organizado por el Colectivo Trabajo Social Cr\u00edtico de la Universidad de Caldas y la Vicerrector\u00eda de Proyecci\u00f3n Universitaria, con el apoyo de la Universidad de Antioquia, Fundaci\u00f3n Universitaria Cat\u00f3lica Lumen Gentium; y la Corporaci\u00f3n Universitaria del Caribe.<\/p>\n<p>El Congreso ser\u00e1 gratuito y estar\u00e1 abierto a todo p\u00fablico, sin embargo es necesario que los interesados en asistir realicen un pre-registro, puesto que los espacios cuentan con aforo limitado. <strong><a href=\"https:\/\/docs.google.com\/forms\/d\/e\/1FAIpQLSdQHhXF6ZgM7MHbBCRc5-Jji6BRIjfepVFyU1RQRAJGaXrvVA\/viewform\">Inscr\u00edbase aqu\u00ed.<\/a><\/strong><\/p>\n<p><strong>Anexo:<\/strong><\/p>\n<p><a href=\"https:\/\/www.ucaldas.edu.co\/portal\/wp-content\/uploads\/2024\/04\/Docente-Universidad-de-Caldas-congreso-Sergio-Andres-Quintero-Londono.mp3\"><strong>Audio Docente Universidad de Caldas, Sergio Andr\u00e9s Quintero Londo\u00f1o.<\/strong><\/a><\/p>\n<audio class=\"wp-audio-shortcode\" id=\"audio-79868-1\" preload=\"none\" style=\"width: 100%;\" controls=\"controls\"><source type=\"audio\/mpeg\" src=\"https:\/\/www.ucaldas.edu.co\/portal\/wp-content\/uploads\/2024\/04\/Docente-Universidad-de-Caldas-congreso-Sergio-Andres-Quintero-Londono.mp3?_=1\" \/><a href=\"https:\/\/www.ucaldas.edu.co\/portal\/wp-content\/uploads\/2024\/04\/Docente-Universidad-de-Caldas-congreso-Sergio-Andres-Quintero-Londono.mp3\">https:\/\/www.ucaldas.edu.co\/portal\/wp-content\/uploads\/2024\/04\/Docente-Universidad-de-Caldas-congreso-Sergio-Andres-Quintero-Londono.mp3<\/a><\/audio>\n","protected":false},"excerpt":{"rendered":"<p>Se encuentran abiertas las inscripciones para participar como ponente en el Quinto Congreso Latinoamericano de Trabajo Social Cr\u00edtico, el cual se realizar\u00e1 en la Universidad de Caldas del 7 al 8 de noviembre del presente a\u00f1o.<\/p>\n","protected":false},"author":2,"featured_media":79870,"comment_status":"closed","ping_status":"open","sticky":false,"template":"","format":"standard","meta":{"footnotes":""},"categories":[48,53],"tags":[171],"class_list":["post-79868","post","type-post","status-publish","format-standard","has-post-thumbnail","hentry","category-actualidad","category-universidad-al-dia","tag-congreso"],"yoast_head":"<!-- This site is optimized with the Yoast SEO plugin v27.5 - https:\/\/yoast.com\/product\/yoast-seo-wordpress\/ -->\n<title>Participe como ponente en el Quinto Congreso Latinoamericano de Trabajo Social Cr\u00edtico .<\/title>\n<meta name=\"robots\" content=\"index, follow, max-snippet:-1, max-image-preview:large, max-video-preview:-1\" \/>\n<link rel=\"canonical\" href=\"https:\/\/www.ucaldas.edu.co\/portal\/participe-como-ponente-en-el-quinto-congreso-latinoamericano-de-trabajo-social-critico\/\" \/>\n<script type=\"application\/ld+json\" class=\"yoast-schema-graph\">{\"@context\":\"https:\\\/\\\/schema.org\",\"@graph\":[{\"@type\":\"Article\",\"@id\":\"https:\\\/\\\/www.ucaldas.edu.co\\\/portal\\\/participe-como-ponente-en-el-quinto-congreso-latinoamericano-de-trabajo-social-critico\\\/#article\",\"isPartOf\":{\"@id\":\"https:\\\/\\\/www.ucaldas.edu.co\\\/portal\\\/participe-como-ponente-en-el-quinto-congreso-latinoamericano-de-trabajo-social-critico\\\/\"},\"author\":{\"name\":\"ofiprensa\",\"@id\":\"https:\\\/\\\/www.ucaldas.edu.co\\\/portal\\\/#\\\/schema\\\/person\\\/a1b482e23449158b4bc319926c074fdf\"},\"headline\":\"Participe como ponente en el Quinto Congreso Latinoamericano de Trabajo Social Cr\u00edtico\",\"datePublished\":\"2024-04-01T18:51:41+00:00\",\"dateModified\":\"2024-04-01T22:44:03+00:00\",\"mainEntityOfPage\":{\"@id\":\"https:\\\/\\\/www.ucaldas.edu.co\\\/portal\\\/participe-como-ponente-en-el-quinto-congreso-latinoamericano-de-trabajo-social-critico\\\/\"},\"wordCount\":364,\"publisher\":{\"@id\":\"https:\\\/\\\/www.ucaldas.edu.co\\\/portal\\\/#organization\"},\"image\":{\"@id\":\"https:\\\/\\\/www.ucaldas.edu.co\\\/portal\\\/participe-como-ponente-en-el-quinto-congreso-latinoamericano-de-trabajo-social-critico\\\/#primaryimage\"},\"thumbnailUrl\":\"https:\\\/\\\/www.ucaldas.edu.co\\\/portal\\\/wp-content\\\/uploads\\\/2024\\\/04\\\/congreso.jpg\",\"keywords\":[\"congreso\"],\"articleSection\":[\"Actualidad\",\"Universidad al D\u00eda\"],\"inLanguage\":\"es\"},{\"@type\":\"WebPage\",\"@id\":\"https:\\\/\\\/www.ucaldas.edu.co\\\/portal\\\/participe-como-ponente-en-el-quinto-congreso-latinoamericano-de-trabajo-social-critico\\\/\",\"url\":\"https:\\\/\\\/www.ucaldas.edu.co\\\/portal\\\/participe-como-ponente-en-el-quinto-congreso-latinoamericano-de-trabajo-social-critico\\\/\",\"name\":\"Participe como ponente en el Quinto Congreso Latinoamericano de Trabajo Social Cr\u00edtico .\",\"isPartOf\":{\"@id\":\"https:\\\/\\\/www.ucaldas.edu.co\\\/portal\\\/#website\"},\"primaryImageOfPage\":{\"@id\":\"https:\\\/\\\/www.ucaldas.edu.co\\\/portal\\\/participe-como-ponente-en-el-quinto-congreso-latinoamericano-de-trabajo-social-critico\\\/#primaryimage\"},\"image\":{\"@id\":\"https:\\\/\\\/www.ucaldas.edu.co\\\/portal\\\/participe-como-ponente-en-el-quinto-congreso-latinoamericano-de-trabajo-social-critico\\\/#primaryimage\"},\"thumbnailUrl\":\"https:\\\/\\\/www.ucaldas.edu.co\\\/portal\\\/wp-content\\\/uploads\\\/2024\\\/04\\\/congreso.jpg\",\"datePublished\":\"2024-04-01T18:51:41+00:00\",\"dateModified\":\"2024-04-01T22:44:03+00:00\",\"breadcrumb\":{\"@id\":\"https:\\\/\\\/www.ucaldas.edu.co\\\/portal\\\/participe-como-ponente-en-el-quinto-congreso-latinoamericano-de-trabajo-social-critico\\\/#breadcrumb\"},\"inLanguage\":\"es\",\"potentialAction\":[{\"@type\":\"ReadAction\",\"target\":[\"https:\\\/\\\/www.ucaldas.edu.co\\\/portal\\\/participe-como-ponente-en-el-quinto-congreso-latinoamericano-de-trabajo-social-critico\\\/\"]}]},{\"@type\":\"ImageObject\",\"inLanguage\":\"es\",\"@id\":\"https:\\\/\\\/www.ucaldas.edu.co\\\/portal\\\/participe-como-ponente-en-el-quinto-congreso-latinoamericano-de-trabajo-social-critico\\\/#primaryimage\",\"url\":\"https:\\\/\\\/www.ucaldas.edu.co\\\/portal\\\/wp-content\\\/uploads\\\/2024\\\/04\\\/congreso.jpg\",\"contentUrl\":\"https:\\\/\\\/www.ucaldas.edu.co\\\/portal\\\/wp-content\\\/uploads\\\/2024\\\/04\\\/congreso.jpg\",\"width\":900,\"height\":510,\"caption\":\"imagen promocional congreso\"},{\"@type\":\"BreadcrumbList\",\"@id\":\"https:\\\/\\\/www.ucaldas.edu.co\\\/portal\\\/participe-como-ponente-en-el-quinto-congreso-latinoamericano-de-trabajo-social-critico\\\/#breadcrumb\",\"itemListElement\":[{\"@type\":\"ListItem\",\"position\":1,\"name\":\"Portada\",\"item\":\"https:\\\/\\\/www.ucaldas.edu.co\\\/portal\\\/\"},{\"@type\":\"ListItem\",\"position\":2,\"name\":\"Participe como ponente en el Quinto Congreso Latinoamericano de Trabajo Social Cr\u00edtico\"}]},{\"@type\":\"WebSite\",\"@id\":\"https:\\\/\\\/www.ucaldas.edu.co\\\/portal\\\/#website\",\"url\":\"https:\\\/\\\/www.ucaldas.edu.co\\\/portal\\\/\",\"name\":\"Universidad de Caldas\",\"description\":\"\",\"publisher\":{\"@id\":\"https:\\\/\\\/www.ucaldas.edu.co\\\/portal\\\/#organization\"},\"alternateName\":\"U. de Caldas\",\"potentialAction\":[{\"@type\":\"SearchAction\",\"target\":{\"@type\":\"EntryPoint\",\"urlTemplate\":\"https:\\\/\\\/www.ucaldas.edu.co\\\/portal\\\/?s={search_term_string}\"},\"query-input\":{\"@type\":\"PropertyValueSpecification\",\"valueRequired\":true,\"valueName\":\"search_term_string\"}}],\"inLanguage\":\"es\"},{\"@type\":\"Organization\",\"@id\":\"https:\\\/\\\/www.ucaldas.edu.co\\\/portal\\\/#organization\",\"name\":\"Universidad de Caldas\",\"alternateName\":\"U. de Caldas\",\"url\":\"https:\\\/\\\/www.ucaldas.edu.co\\\/portal\\\/\",\"logo\":{\"@type\":\"ImageObject\",\"inLanguage\":\"es\",\"@id\":\"https:\\\/\\\/www.ucaldas.edu.co\\\/portal\\\/#\\\/schema\\\/logo\\\/image\\\/\",\"url\":\"https:\\\/\\\/www.ucaldas.edu.co\\\/portal\\\/wp-content\\\/uploads\\\/2023\\\/11\\\/Logo_horizontal_oscuroU-2023.png\",\"contentUrl\":\"https:\\\/\\\/www.ucaldas.edu.co\\\/portal\\\/wp-content\\\/uploads\\\/2023\\\/11\\\/Logo_horizontal_oscuroU-2023.png\",\"width\":263,\"height\":101,\"caption\":\"Universidad de Caldas\"},\"image\":{\"@id\":\"https:\\\/\\\/www.ucaldas.edu.co\\\/portal\\\/#\\\/schema\\\/logo\\\/image\\\/\"},\"sameAs\":[\"https:\\\/\\\/www.facebook.com\\\/udecaldas\",\"https:\\\/\\\/x.com\\\/udecaldas\",\"https:\\\/\\\/www.youtube.com\\\/universidadcaldas\",\"https:\\\/\\\/www.instagram.com\\\/udecaldas\\\/\"]},{\"@type\":\"Person\",\"@id\":\"https:\\\/\\\/www.ucaldas.edu.co\\\/portal\\\/#\\\/schema\\\/person\\\/a1b482e23449158b4bc319926c074fdf\",\"name\":\"ofiprensa\",\"image\":{\"@type\":\"ImageObject\",\"inLanguage\":\"es\",\"@id\":\"https:\\\/\\\/www.ucaldas.edu.co\\\/portal\\\/wp-content\\\/litespeed\\\/avatar\\\/09ea5085e600095a7a811142c6944527.jpg?ver=1777497608\",\"url\":\"https:\\\/\\\/www.ucaldas.edu.co\\\/portal\\\/wp-content\\\/litespeed\\\/avatar\\\/09ea5085e600095a7a811142c6944527.jpg?ver=1777497608\",\"contentUrl\":\"https:\\\/\\\/www.ucaldas.edu.co\\\/portal\\\/wp-content\\\/litespeed\\\/avatar\\\/09ea5085e600095a7a811142c6944527.jpg?ver=1777497608\",\"caption\":\"ofiprensa\"},\"url\":\"https:\\\/\\\/www.ucaldas.edu.co\\\/portal\\\/author\\\/ofiprensa\\\/\"}]}<\/script>\n<!-- \/ Yoast SEO plugin. -->","yoast_head_json":{"title":"Participe como ponente en el Quinto Congreso Latinoamericano de Trabajo Social Cr\u00edtico .","robots":{"index":"index","follow":"follow","max-snippet":"max-snippet:-1","max-image-preview":"max-image-preview:large","max-video-preview":"max-video-preview:-1"},"canonical":"https:\/\/www.ucaldas.edu.co\/portal\/participe-como-ponente-en-el-quinto-congreso-latinoamericano-de-trabajo-social-critico\/","schema":{"@context":"https:\/\/schema.org","@graph":[{"@type":"Article","@id":"https:\/\/www.ucaldas.edu.co\/portal\/participe-como-ponente-en-el-quinto-congreso-latinoamericano-de-trabajo-social-critico\/#article","isPartOf":{"@id":"https:\/\/www.ucaldas.edu.co\/portal\/participe-como-ponente-en-el-quinto-congreso-latinoamericano-de-trabajo-social-critico\/"},"author":{"name":"ofiprensa","@id":"https:\/\/www.ucaldas.edu.co\/portal\/#\/schema\/person\/a1b482e23449158b4bc319926c074fdf"},"headline":"Participe como ponente en el Quinto Congreso Latinoamericano de Trabajo Social Cr\u00edtico","datePublished":"2024-04-01T18:51:41+00:00","dateModified":"2024-04-01T22:44:03+00:00","mainEntityOfPage":{"@id":"https:\/\/www.ucaldas.edu.co\/portal\/participe-como-ponente-en-el-quinto-congreso-latinoamericano-de-trabajo-social-critico\/"},"wordCount":364,"publisher":{"@id":"https:\/\/www.ucaldas.edu.co\/portal\/#organization"},"image":{"@id":"https:\/\/www.ucaldas.edu.co\/portal\/participe-como-ponente-en-el-quinto-congreso-latinoamericano-de-trabajo-social-critico\/#primaryimage"},"thumbnailUrl":"https:\/\/www.ucaldas.edu.co\/portal\/wp-content\/uploads\/2024\/04\/congreso.jpg","keywords":["congreso"],"articleSection":["Actualidad","Universidad al D\u00eda"],"inLanguage":"es"},{"@type":"WebPage","@id":"https:\/\/www.ucaldas.edu.co\/portal\/participe-como-ponente-en-el-quinto-congreso-latinoamericano-de-trabajo-social-critico\/","url":"https:\/\/www.ucaldas.edu.co\/portal\/participe-como-ponente-en-el-quinto-congreso-latinoamericano-de-trabajo-social-critico\/","name":"Participe como ponente en el Quinto Congreso Latinoamericano de Trabajo Social Cr\u00edtico .","isPartOf":{"@id":"https:\/\/www.ucaldas.edu.co\/portal\/#website"},"primaryImageOfPage":{"@id":"https:\/\/www.ucaldas.edu.co\/portal\/participe-como-ponente-en-el-quinto-congreso-latinoamericano-de-trabajo-social-critico\/#primaryimage"},"image":{"@id":"https:\/\/www.ucaldas.edu.co\/portal\/participe-como-ponente-en-el-quinto-congreso-latinoamericano-de-trabajo-social-critico\/#primaryimage"},"thumbnailUrl":"https:\/\/www.ucaldas.edu.co\/portal\/wp-content\/uploads\/2024\/04\/congreso.jpg","datePublished":"2024-04-01T18:51:41+00:00","dateModified":"2024-04-01T22:44:03+00:00","breadcrumb":{"@id":"https:\/\/www.ucaldas.edu.co\/portal\/participe-como-ponente-en-el-quinto-congreso-latinoamericano-de-trabajo-social-critico\/#breadcrumb"},"inLanguage":"es","potentialAction":[{"@type":"ReadAction","target":["https:\/\/www.ucaldas.edu.co\/portal\/participe-como-ponente-en-el-quinto-congreso-latinoamericano-de-trabajo-social-critico\/"]}]},{"@type":"ImageObject","inLanguage":"es","@id":"https:\/\/www.ucaldas.edu.co\/portal\/participe-como-ponente-en-el-quinto-congreso-latinoamericano-de-trabajo-social-critico\/#primaryimage","url":"https:\/\/www.ucaldas.edu.co\/portal\/wp-content\/uploads\/2024\/04\/congreso.jpg","contentUrl":"https:\/\/www.ucaldas.edu.co\/portal\/wp-content\/uploads\/2024\/04\/congreso.jpg","width":900,"height":510,"caption":"imagen promocional congreso"},{"@type":"BreadcrumbList","@id":"https:\/\/www.ucaldas.edu.co\/portal\/participe-como-ponente-en-el-quinto-congreso-latinoamericano-de-trabajo-social-critico\/#breadcrumb","itemListElement":[{"@type":"ListItem","position":1,"name":"Portada","item":"https:\/\/www.ucaldas.edu.co\/portal\/"},{"@type":"ListItem","position":2,"name":"Participe como ponente en el Quinto Congreso Latinoamericano de Trabajo Social Cr\u00edtico"}]},{"@type":"WebSite","@id":"https:\/\/www.ucaldas.edu.co\/portal\/#website","url":"https:\/\/www.ucaldas.edu.co\/portal\/","name":"Universidad de Caldas","description":"","publisher":{"@id":"https:\/\/www.ucaldas.edu.co\/portal\/#organization"},"alternateName":"U. de Caldas","potentialAction":[{"@type":"SearchAction","target":{"@type":"EntryPoint","urlTemplate":"https:\/\/www.ucaldas.edu.co\/portal\/?s={search_term_string}"},"query-input":{"@type":"PropertyValueSpecification","valueRequired":true,"valueName":"search_term_string"}}],"inLanguage":"es"},{"@type":"Organization","@id":"https:\/\/www.ucaldas.edu.co\/portal\/#organization","name":"Universidad de Caldas","alternateName":"U. de Caldas","url":"https:\/\/www.ucaldas.edu.co\/portal\/","logo":{"@type":"ImageObject","inLanguage":"es","@id":"https:\/\/www.ucaldas.edu.co\/portal\/#\/schema\/logo\/image\/","url":"https:\/\/www.ucaldas.edu.co\/portal\/wp-content\/uploads\/2023\/11\/Logo_horizontal_oscuroU-2023.png","contentUrl":"https:\/\/www.ucaldas.edu.co\/portal\/wp-content\/uploads\/2023\/11\/Logo_horizontal_oscuroU-2023.png","width":263,"height":101,"caption":"Universidad de Caldas"},"image":{"@id":"https:\/\/www.ucaldas.edu.co\/portal\/#\/schema\/logo\/image\/"},"sameAs":["https:\/\/www.facebook.com\/udecaldas","https:\/\/x.com\/udecaldas","https:\/\/www.youtube.com\/universidadcaldas","https:\/\/www.instagram.com\/udecaldas\/"]},{"@type":"Person","@id":"https:\/\/www.ucaldas.edu.co\/portal\/#\/schema\/person\/a1b482e23449158b4bc319926c074fdf","name":"ofiprensa","image":{"@type":"ImageObject","inLanguage":"es","@id":"https:\/\/www.ucaldas.edu.co\/portal\/wp-content\/litespeed\/avatar\/09ea5085e600095a7a811142c6944527.jpg?ver=1777497608","url":"https:\/\/www.ucaldas.edu.co\/portal\/wp-content\/litespeed\/avatar\/09ea5085e600095a7a811142c6944527.jpg?ver=1777497608","contentUrl":"https:\/\/www.ucaldas.edu.co\/portal\/wp-content\/litespeed\/avatar\/09ea5085e600095a7a811142c6944527.jpg?ver=1777497608","caption":"ofiprensa"},"url":"https:\/\/www.ucaldas.edu.co\/portal\/author\/ofiprensa\/"}]}},"_links":{"self":[{"href":"https:\/\/www.ucaldas.edu.co\/portal\/wp-json\/wp\/v2\/posts\/79868","targetHints":{"allow":["GET"]}}],"collection":[{"href":"https:\/\/www.ucaldas.edu.co\/portal\/wp-json\/wp\/v2\/posts"}],"about":[{"href":"https:\/\/www.ucaldas.edu.co\/portal\/wp-json\/wp\/v2\/types\/post"}],"author":[{"embeddable":true,"href":"https:\/\/www.ucaldas.edu.co\/portal\/wp-json\/wp\/v2\/users\/2"}],"replies":[{"embeddable":true,"href":"https:\/\/www.ucaldas.edu.co\/portal\/wp-json\/wp\/v2\/comments?post=79868"}],"version-history":[{"count":0,"href":"https:\/\/www.ucaldas.edu.co\/portal\/wp-json\/wp\/v2\/posts\/79868\/revisions"}],"wp:featuredmedia":[{"embeddable":true,"href":"https:\/\/www.ucaldas.edu.co\/portal\/wp-json\/wp\/v2\/media\/79870"}],"wp:attachment":[{"href":"https:\/\/www.ucaldas.edu.co\/portal\/wp-json\/wp\/v2\/media?parent=79868"}],"wp:term":[{"taxonomy":"category","embeddable":true,"href":"https:\/\/www.ucaldas.edu.co\/portal\/wp-json\/wp\/v2\/categories?post=79868"},{"taxonomy":"post_tag","embeddable":true,"href":"https:\/\/www.ucaldas.edu.co\/portal\/wp-json\/wp\/v2\/tags?post=79868"}],"curies":[{"name":"wp","href":"https:\/\/api.w.org\/{rel}","templated":true}]}}