{"id":79810,"date":"2024-03-21T15:08:45","date_gmt":"2024-03-21T20:08:45","guid":{"rendered":"https:\/\/www.ucaldas.edu.co\/portal\/?p=79810"},"modified":"2024-03-21T15:08:45","modified_gmt":"2024-03-21T20:08:45","slug":"abiertas-las-inscripciones-al-diplomado-en-valorizacion-territorial-y-gestion-de-activos-bioculturales","status":"publish","type":"post","link":"https:\/\/www.ucaldas.edu.co\/portal\/abiertas-las-inscripciones-al-diplomado-en-valorizacion-territorial-y-gestion-de-activos-bioculturales\/","title":{"rendered":"Abiertas las inscripciones al Diplomado en Valorizaci\u00f3n Territorial y Gesti\u00f3n de Activos Bioculturales"},"content":{"rendered":"<p><img loading=\"lazy\" decoding=\"async\" class=\"aligncenter size-full wp-image-79811\" src=\"https:\/\/www.ucaldas.edu.co\/portal\/wp-content\/uploads\/2024\/03\/diplomado.jpg\" alt=\"publicidad del diplomado\" width=\"900\" height=\"510\" srcset=\"https:\/\/www.ucaldas.edu.co\/portal\/wp-content\/uploads\/2024\/03\/diplomado.jpg 900w, https:\/\/www.ucaldas.edu.co\/portal\/wp-content\/uploads\/2024\/03\/diplomado-300x170.jpg 300w, https:\/\/www.ucaldas.edu.co\/portal\/wp-content\/uploads\/2024\/03\/diplomado-768x435.jpg 768w\" sizes=\"auto, (max-width: 900px) 100vw, 900px\" \/><\/p>\n<p>Hasta el 2 de abril se encuentra abierta la convocatoria para ser parte de la sexta cohorte del Diplomado en Valorizaci\u00f3n Territorial y Gesti\u00f3n de Activos Bioculturales, dirigido a actores estrat\u00e9gicos territoriales o institucionales del Magdalena, norte y occidente Caldense; y a estudiantes de la Universidad de Caldas.<!--more--><\/p>\n<p>Este diplomado es el resultado de la participaci\u00f3n de la Universidad de Caldas en el proyecto SUS-TER \u201cRed de conocimiento, habilidades y competencias para una valorizaci\u00f3n territorial inclusiva del patrimonio cultural, los productos de origen y la biodiversidad\u201d, cuyo prop\u00f3sito fue desarrollar los conocimientos, habilidades y competencias necesarias para impulsar y gestionar estos procesos.<\/p>\n<p>El programa contar\u00e1 con 30 cupos distribuidos de la siguiente manera:<\/p>\n<ul>\n<li>15 estudiantes de la Universidad de Caldas.<\/li>\n<li>15 actores territoriales, prioritariamente del Magdalena, Occidente y Norte Caldense.<\/li>\n<\/ul>\n<p>Cabe destacar que los costos del Diplomado ser\u00e1n cubiertos por la Vicerrector\u00eda de Proyecci\u00f3n Universitaria de la Universidad de Caldas, tanto para estudiantes como para actores territoriales. El proceso de selecci\u00f3n considerar\u00e1 la documentaci\u00f3n aportada por los\/las aspirantes, y en caso de ser necesario se realizar\u00e1 una entrevista personal a quienes hayan alcanzado los puntajes m\u00e1s altos en la valoraci\u00f3n documental.<\/p>\n<p>Se valorar\u00e1n las razones presentadas en la carta de motivaci\u00f3n por el aspirante para tomar el curso de valorizaci\u00f3n territorial y gesti\u00f3n de activos bioculturales, as\u00ed como la forma en la que el aspirante proyecta aplicar el nuevo conocimiento adquirido.<\/p>\n<p>El Diplomado se realizar\u00e1 de manera virtual, con un ejercicio pr\u00e1ctico-presencial y las clases virtuales se llevar\u00e1n a cabo de 6:00 p.m. a 8 p.m., los d\u00edas martes y jueves.<\/p>\n<p><strong><a href=\"https:\/\/www.ucaldas.edu.co\/portal\/wp-content\/uploads\/2024\/03\/Convocatoria-VI-Diplomado-Valorizacion-Activos-Territoriales-2024.pdf\">Conozca aqu\u00ed las bases de la convocatoria y los documentos necesarios para la inscripci\u00f3n.<\/a><\/strong><\/p>\n<p>Mayor informaci\u00f3n escribir a los correos <a href=\"mailto:brivera@ucaldas.edu.co\">brivera@ucaldas.edu.co<\/a> o <a href=\"mailto:diana.531727195@ucaldas.edu.co\">diana.531727195@ucaldas.edu.co<\/a><\/p>\n","protected":false},"excerpt":{"rendered":"<p>Hasta el 2 de abril se encuentra abierta la convocatoria para ser parte de la sexta cohorte del Diplomado en Valorizaci\u00f3n Territorial y Gesti\u00f3n de Activos Bioculturales, dirigido a actores estrat\u00e9gicos territoriales o institucionales del Magdalena, norte y occidente Caldense; y a estudiantes de la Universidad de Caldas.<\/p>\n","protected":false},"author":2,"featured_media":79811,"comment_status":"closed","ping_status":"open","sticky":false,"template":"","format":"standard","meta":{"footnotes":""},"categories":[48,53],"tags":[395],"class_list":["post-79810","post","type-post","status-publish","format-standard","has-post-thumbnail","hentry","category-actualidad","category-universidad-al-dia","tag-diplomado"],"yoast_head":"<!-- This site is optimized with the Yoast SEO plugin v27.5 - https:\/\/yoast.com\/product\/yoast-seo-wordpress\/ -->\n<title>Abiertas las inscripciones al Diplomado en Valorizaci\u00f3n Territorial y Gesti\u00f3n de Activos Bioculturales .<\/title>\n<meta name=\"robots\" content=\"index, follow, max-snippet:-1, max-image-preview:large, max-video-preview:-1\" \/>\n<link rel=\"canonical\" href=\"https:\/\/www.ucaldas.edu.co\/portal\/abiertas-las-inscripciones-al-diplomado-en-valorizacion-territorial-y-gestion-de-activos-bioculturales\/\" \/>\n<script type=\"application\/ld+json\" class=\"yoast-schema-graph\">{\"@context\":\"https:\\\/\\\/schema.org\",\"@graph\":[{\"@type\":\"Article\",\"@id\":\"https:\\\/\\\/www.ucaldas.edu.co\\\/portal\\\/abiertas-las-inscripciones-al-diplomado-en-valorizacion-territorial-y-gestion-de-activos-bioculturales\\\/#article\",\"isPartOf\":{\"@id\":\"https:\\\/\\\/www.ucaldas.edu.co\\\/portal\\\/abiertas-las-inscripciones-al-diplomado-en-valorizacion-territorial-y-gestion-de-activos-bioculturales\\\/\"},\"author\":{\"name\":\"ofiprensa\",\"@id\":\"https:\\\/\\\/www.ucaldas.edu.co\\\/portal\\\/#\\\/schema\\\/person\\\/a1b482e23449158b4bc319926c074fdf\"},\"headline\":\"Abiertas las inscripciones al Diplomado en Valorizaci\u00f3n Territorial y Gesti\u00f3n de Activos Bioculturales\",\"datePublished\":\"2024-03-21T20:08:45+00:00\",\"mainEntityOfPage\":{\"@id\":\"https:\\\/\\\/www.ucaldas.edu.co\\\/portal\\\/abiertas-las-inscripciones-al-diplomado-en-valorizacion-territorial-y-gestion-de-activos-bioculturales\\\/\"},\"wordCount\":324,\"publisher\":{\"@id\":\"https:\\\/\\\/www.ucaldas.edu.co\\\/portal\\\/#organization\"},\"image\":{\"@id\":\"https:\\\/\\\/www.ucaldas.edu.co\\\/portal\\\/abiertas-las-inscripciones-al-diplomado-en-valorizacion-territorial-y-gestion-de-activos-bioculturales\\\/#primaryimage\"},\"thumbnailUrl\":\"https:\\\/\\\/www.ucaldas.edu.co\\\/portal\\\/wp-content\\\/uploads\\\/2024\\\/03\\\/diplomado.jpg\",\"keywords\":[\"diplomado\"],\"articleSection\":[\"Actualidad\",\"Universidad al D\u00eda\"],\"inLanguage\":\"es\"},{\"@type\":\"WebPage\",\"@id\":\"https:\\\/\\\/www.ucaldas.edu.co\\\/portal\\\/abiertas-las-inscripciones-al-diplomado-en-valorizacion-territorial-y-gestion-de-activos-bioculturales\\\/\",\"url\":\"https:\\\/\\\/www.ucaldas.edu.co\\\/portal\\\/abiertas-las-inscripciones-al-diplomado-en-valorizacion-territorial-y-gestion-de-activos-bioculturales\\\/\",\"name\":\"Abiertas las inscripciones al Diplomado en Valorizaci\u00f3n Territorial y Gesti\u00f3n de Activos Bioculturales .\",\"isPartOf\":{\"@id\":\"https:\\\/\\\/www.ucaldas.edu.co\\\/portal\\\/#website\"},\"primaryImageOfPage\":{\"@id\":\"https:\\\/\\\/www.ucaldas.edu.co\\\/portal\\\/abiertas-las-inscripciones-al-diplomado-en-valorizacion-territorial-y-gestion-de-activos-bioculturales\\\/#primaryimage\"},\"image\":{\"@id\":\"https:\\\/\\\/www.ucaldas.edu.co\\\/portal\\\/abiertas-las-inscripciones-al-diplomado-en-valorizacion-territorial-y-gestion-de-activos-bioculturales\\\/#primaryimage\"},\"thumbnailUrl\":\"https:\\\/\\\/www.ucaldas.edu.co\\\/portal\\\/wp-content\\\/uploads\\\/2024\\\/03\\\/diplomado.jpg\",\"datePublished\":\"2024-03-21T20:08:45+00:00\",\"breadcrumb\":{\"@id\":\"https:\\\/\\\/www.ucaldas.edu.co\\\/portal\\\/abiertas-las-inscripciones-al-diplomado-en-valorizacion-territorial-y-gestion-de-activos-bioculturales\\\/#breadcrumb\"},\"inLanguage\":\"es\",\"potentialAction\":[{\"@type\":\"ReadAction\",\"target\":[\"https:\\\/\\\/www.ucaldas.edu.co\\\/portal\\\/abiertas-las-inscripciones-al-diplomado-en-valorizacion-territorial-y-gestion-de-activos-bioculturales\\\/\"]}]},{\"@type\":\"ImageObject\",\"inLanguage\":\"es\",\"@id\":\"https:\\\/\\\/www.ucaldas.edu.co\\\/portal\\\/abiertas-las-inscripciones-al-diplomado-en-valorizacion-territorial-y-gestion-de-activos-bioculturales\\\/#primaryimage\",\"url\":\"https:\\\/\\\/www.ucaldas.edu.co\\\/portal\\\/wp-content\\\/uploads\\\/2024\\\/03\\\/diplomado.jpg\",\"contentUrl\":\"https:\\\/\\\/www.ucaldas.edu.co\\\/portal\\\/wp-content\\\/uploads\\\/2024\\\/03\\\/diplomado.jpg\",\"width\":900,\"height\":510,\"caption\":\"publicidad del diplomado\"},{\"@type\":\"BreadcrumbList\",\"@id\":\"https:\\\/\\\/www.ucaldas.edu.co\\\/portal\\\/abiertas-las-inscripciones-al-diplomado-en-valorizacion-territorial-y-gestion-de-activos-bioculturales\\\/#breadcrumb\",\"itemListElement\":[{\"@type\":\"ListItem\",\"position\":1,\"name\":\"Portada\",\"item\":\"https:\\\/\\\/www.ucaldas.edu.co\\\/portal\\\/\"},{\"@type\":\"ListItem\",\"position\":2,\"name\":\"Abiertas las inscripciones al Diplomado en Valorizaci\u00f3n Territorial y Gesti\u00f3n de Activos Bioculturales\"}]},{\"@type\":\"WebSite\",\"@id\":\"https:\\\/\\\/www.ucaldas.edu.co\\\/portal\\\/#website\",\"url\":\"https:\\\/\\\/www.ucaldas.edu.co\\\/portal\\\/\",\"name\":\"Universidad de Caldas\",\"description\":\"\",\"publisher\":{\"@id\":\"https:\\\/\\\/www.ucaldas.edu.co\\\/portal\\\/#organization\"},\"alternateName\":\"U. de Caldas\",\"potentialAction\":[{\"@type\":\"SearchAction\",\"target\":{\"@type\":\"EntryPoint\",\"urlTemplate\":\"https:\\\/\\\/www.ucaldas.edu.co\\\/portal\\\/?s={search_term_string}\"},\"query-input\":{\"@type\":\"PropertyValueSpecification\",\"valueRequired\":true,\"valueName\":\"search_term_string\"}}],\"inLanguage\":\"es\"},{\"@type\":\"Organization\",\"@id\":\"https:\\\/\\\/www.ucaldas.edu.co\\\/portal\\\/#organization\",\"name\":\"Universidad de Caldas\",\"alternateName\":\"U. de Caldas\",\"url\":\"https:\\\/\\\/www.ucaldas.edu.co\\\/portal\\\/\",\"logo\":{\"@type\":\"ImageObject\",\"inLanguage\":\"es\",\"@id\":\"https:\\\/\\\/www.ucaldas.edu.co\\\/portal\\\/#\\\/schema\\\/logo\\\/image\\\/\",\"url\":\"https:\\\/\\\/www.ucaldas.edu.co\\\/portal\\\/wp-content\\\/uploads\\\/2023\\\/11\\\/Logo_horizontal_oscuroU-2023.png\",\"contentUrl\":\"https:\\\/\\\/www.ucaldas.edu.co\\\/portal\\\/wp-content\\\/uploads\\\/2023\\\/11\\\/Logo_horizontal_oscuroU-2023.png\",\"width\":263,\"height\":101,\"caption\":\"Universidad de Caldas\"},\"image\":{\"@id\":\"https:\\\/\\\/www.ucaldas.edu.co\\\/portal\\\/#\\\/schema\\\/logo\\\/image\\\/\"},\"sameAs\":[\"https:\\\/\\\/www.facebook.com\\\/udecaldas\",\"https:\\\/\\\/x.com\\\/udecaldas\",\"https:\\\/\\\/www.youtube.com\\\/universidadcaldas\",\"https:\\\/\\\/www.instagram.com\\\/udecaldas\\\/\"]},{\"@type\":\"Person\",\"@id\":\"https:\\\/\\\/www.ucaldas.edu.co\\\/portal\\\/#\\\/schema\\\/person\\\/a1b482e23449158b4bc319926c074fdf\",\"name\":\"ofiprensa\",\"image\":{\"@type\":\"ImageObject\",\"inLanguage\":\"es\",\"@id\":\"https:\\\/\\\/www.ucaldas.edu.co\\\/portal\\\/wp-content\\\/litespeed\\\/avatar\\\/09ea5085e600095a7a811142c6944527.jpg?ver=1777497608\",\"url\":\"https:\\\/\\\/www.ucaldas.edu.co\\\/portal\\\/wp-content\\\/litespeed\\\/avatar\\\/09ea5085e600095a7a811142c6944527.jpg?ver=1777497608\",\"contentUrl\":\"https:\\\/\\\/www.ucaldas.edu.co\\\/portal\\\/wp-content\\\/litespeed\\\/avatar\\\/09ea5085e600095a7a811142c6944527.jpg?ver=1777497608\",\"caption\":\"ofiprensa\"},\"url\":\"https:\\\/\\\/www.ucaldas.edu.co\\\/portal\\\/author\\\/ofiprensa\\\/\"}]}<\/script>\n<!-- \/ Yoast SEO plugin. -->","yoast_head_json":{"title":"Abiertas las inscripciones al Diplomado en Valorizaci\u00f3n Territorial y Gesti\u00f3n de Activos Bioculturales .","robots":{"index":"index","follow":"follow","max-snippet":"max-snippet:-1","max-image-preview":"max-image-preview:large","max-video-preview":"max-video-preview:-1"},"canonical":"https:\/\/www.ucaldas.edu.co\/portal\/abiertas-las-inscripciones-al-diplomado-en-valorizacion-territorial-y-gestion-de-activos-bioculturales\/","schema":{"@context":"https:\/\/schema.org","@graph":[{"@type":"Article","@id":"https:\/\/www.ucaldas.edu.co\/portal\/abiertas-las-inscripciones-al-diplomado-en-valorizacion-territorial-y-gestion-de-activos-bioculturales\/#article","isPartOf":{"@id":"https:\/\/www.ucaldas.edu.co\/portal\/abiertas-las-inscripciones-al-diplomado-en-valorizacion-territorial-y-gestion-de-activos-bioculturales\/"},"author":{"name":"ofiprensa","@id":"https:\/\/www.ucaldas.edu.co\/portal\/#\/schema\/person\/a1b482e23449158b4bc319926c074fdf"},"headline":"Abiertas las inscripciones al Diplomado en Valorizaci\u00f3n Territorial y Gesti\u00f3n de Activos Bioculturales","datePublished":"2024-03-21T20:08:45+00:00","mainEntityOfPage":{"@id":"https:\/\/www.ucaldas.edu.co\/portal\/abiertas-las-inscripciones-al-diplomado-en-valorizacion-territorial-y-gestion-de-activos-bioculturales\/"},"wordCount":324,"publisher":{"@id":"https:\/\/www.ucaldas.edu.co\/portal\/#organization"},"image":{"@id":"https:\/\/www.ucaldas.edu.co\/portal\/abiertas-las-inscripciones-al-diplomado-en-valorizacion-territorial-y-gestion-de-activos-bioculturales\/#primaryimage"},"thumbnailUrl":"https:\/\/www.ucaldas.edu.co\/portal\/wp-content\/uploads\/2024\/03\/diplomado.jpg","keywords":["diplomado"],"articleSection":["Actualidad","Universidad al D\u00eda"],"inLanguage":"es"},{"@type":"WebPage","@id":"https:\/\/www.ucaldas.edu.co\/portal\/abiertas-las-inscripciones-al-diplomado-en-valorizacion-territorial-y-gestion-de-activos-bioculturales\/","url":"https:\/\/www.ucaldas.edu.co\/portal\/abiertas-las-inscripciones-al-diplomado-en-valorizacion-territorial-y-gestion-de-activos-bioculturales\/","name":"Abiertas las inscripciones al Diplomado en Valorizaci\u00f3n Territorial y Gesti\u00f3n de Activos Bioculturales .","isPartOf":{"@id":"https:\/\/www.ucaldas.edu.co\/portal\/#website"},"primaryImageOfPage":{"@id":"https:\/\/www.ucaldas.edu.co\/portal\/abiertas-las-inscripciones-al-diplomado-en-valorizacion-territorial-y-gestion-de-activos-bioculturales\/#primaryimage"},"image":{"@id":"https:\/\/www.ucaldas.edu.co\/portal\/abiertas-las-inscripciones-al-diplomado-en-valorizacion-territorial-y-gestion-de-activos-bioculturales\/#primaryimage"},"thumbnailUrl":"https:\/\/www.ucaldas.edu.co\/portal\/wp-content\/uploads\/2024\/03\/diplomado.jpg","datePublished":"2024-03-21T20:08:45+00:00","breadcrumb":{"@id":"https:\/\/www.ucaldas.edu.co\/portal\/abiertas-las-inscripciones-al-diplomado-en-valorizacion-territorial-y-gestion-de-activos-bioculturales\/#breadcrumb"},"inLanguage":"es","potentialAction":[{"@type":"ReadAction","target":["https:\/\/www.ucaldas.edu.co\/portal\/abiertas-las-inscripciones-al-diplomado-en-valorizacion-territorial-y-gestion-de-activos-bioculturales\/"]}]},{"@type":"ImageObject","inLanguage":"es","@id":"https:\/\/www.ucaldas.edu.co\/portal\/abiertas-las-inscripciones-al-diplomado-en-valorizacion-territorial-y-gestion-de-activos-bioculturales\/#primaryimage","url":"https:\/\/www.ucaldas.edu.co\/portal\/wp-content\/uploads\/2024\/03\/diplomado.jpg","contentUrl":"https:\/\/www.ucaldas.edu.co\/portal\/wp-content\/uploads\/2024\/03\/diplomado.jpg","width":900,"height":510,"caption":"publicidad del diplomado"},{"@type":"BreadcrumbList","@id":"https:\/\/www.ucaldas.edu.co\/portal\/abiertas-las-inscripciones-al-diplomado-en-valorizacion-territorial-y-gestion-de-activos-bioculturales\/#breadcrumb","itemListElement":[{"@type":"ListItem","position":1,"name":"Portada","item":"https:\/\/www.ucaldas.edu.co\/portal\/"},{"@type":"ListItem","position":2,"name":"Abiertas las inscripciones al Diplomado en Valorizaci\u00f3n Territorial y Gesti\u00f3n de Activos Bioculturales"}]},{"@type":"WebSite","@id":"https:\/\/www.ucaldas.edu.co\/portal\/#website","url":"https:\/\/www.ucaldas.edu.co\/portal\/","name":"Universidad de Caldas","description":"","publisher":{"@id":"https:\/\/www.ucaldas.edu.co\/portal\/#organization"},"alternateName":"U. de Caldas","potentialAction":[{"@type":"SearchAction","target":{"@type":"EntryPoint","urlTemplate":"https:\/\/www.ucaldas.edu.co\/portal\/?s={search_term_string}"},"query-input":{"@type":"PropertyValueSpecification","valueRequired":true,"valueName":"search_term_string"}}],"inLanguage":"es"},{"@type":"Organization","@id":"https:\/\/www.ucaldas.edu.co\/portal\/#organization","name":"Universidad de Caldas","alternateName":"U. de Caldas","url":"https:\/\/www.ucaldas.edu.co\/portal\/","logo":{"@type":"ImageObject","inLanguage":"es","@id":"https:\/\/www.ucaldas.edu.co\/portal\/#\/schema\/logo\/image\/","url":"https:\/\/www.ucaldas.edu.co\/portal\/wp-content\/uploads\/2023\/11\/Logo_horizontal_oscuroU-2023.png","contentUrl":"https:\/\/www.ucaldas.edu.co\/portal\/wp-content\/uploads\/2023\/11\/Logo_horizontal_oscuroU-2023.png","width":263,"height":101,"caption":"Universidad de Caldas"},"image":{"@id":"https:\/\/www.ucaldas.edu.co\/portal\/#\/schema\/logo\/image\/"},"sameAs":["https:\/\/www.facebook.com\/udecaldas","https:\/\/x.com\/udecaldas","https:\/\/www.youtube.com\/universidadcaldas","https:\/\/www.instagram.com\/udecaldas\/"]},{"@type":"Person","@id":"https:\/\/www.ucaldas.edu.co\/portal\/#\/schema\/person\/a1b482e23449158b4bc319926c074fdf","name":"ofiprensa","image":{"@type":"ImageObject","inLanguage":"es","@id":"https:\/\/www.ucaldas.edu.co\/portal\/wp-content\/litespeed\/avatar\/09ea5085e600095a7a811142c6944527.jpg?ver=1777497608","url":"https:\/\/www.ucaldas.edu.co\/portal\/wp-content\/litespeed\/avatar\/09ea5085e600095a7a811142c6944527.jpg?ver=1777497608","contentUrl":"https:\/\/www.ucaldas.edu.co\/portal\/wp-content\/litespeed\/avatar\/09ea5085e600095a7a811142c6944527.jpg?ver=1777497608","caption":"ofiprensa"},"url":"https:\/\/www.ucaldas.edu.co\/portal\/author\/ofiprensa\/"}]}},"_links":{"self":[{"href":"https:\/\/www.ucaldas.edu.co\/portal\/wp-json\/wp\/v2\/posts\/79810","targetHints":{"allow":["GET"]}}],"collection":[{"href":"https:\/\/www.ucaldas.edu.co\/portal\/wp-json\/wp\/v2\/posts"}],"about":[{"href":"https:\/\/www.ucaldas.edu.co\/portal\/wp-json\/wp\/v2\/types\/post"}],"author":[{"embeddable":true,"href":"https:\/\/www.ucaldas.edu.co\/portal\/wp-json\/wp\/v2\/users\/2"}],"replies":[{"embeddable":true,"href":"https:\/\/www.ucaldas.edu.co\/portal\/wp-json\/wp\/v2\/comments?post=79810"}],"version-history":[{"count":0,"href":"https:\/\/www.ucaldas.edu.co\/portal\/wp-json\/wp\/v2\/posts\/79810\/revisions"}],"wp:featuredmedia":[{"embeddable":true,"href":"https:\/\/www.ucaldas.edu.co\/portal\/wp-json\/wp\/v2\/media\/79811"}],"wp:attachment":[{"href":"https:\/\/www.ucaldas.edu.co\/portal\/wp-json\/wp\/v2\/media?parent=79810"}],"wp:term":[{"taxonomy":"category","embeddable":true,"href":"https:\/\/www.ucaldas.edu.co\/portal\/wp-json\/wp\/v2\/categories?post=79810"},{"taxonomy":"post_tag","embeddable":true,"href":"https:\/\/www.ucaldas.edu.co\/portal\/wp-json\/wp\/v2\/tags?post=79810"}],"curies":[{"name":"wp","href":"https:\/\/api.w.org\/{rel}","templated":true}]}}