{"id":7981,"date":"2014-05-27T16:15:08","date_gmt":"2014-05-27T21:15:08","guid":{"rendered":"https:\/\/www.ucaldas.edu.co\/portal\/?p=7981"},"modified":"2014-05-27T16:15:08","modified_gmt":"2014-05-27T21:15:08","slug":"u-de-caldas-estuvo-presente-en-congreso-latinoamericano-de-video-cirugia","status":"publish","type":"post","link":"https:\/\/www.ucaldas.edu.co\/portal\/u-de-caldas-estuvo-presente-en-congreso-latinoamericano-de-video-cirugia\/","title":{"rendered":"U. de Caldas estuvo presente en congreso latinoamericano de video cirug\u00eda"},"content":{"rendered":"<p align=\"center\"><span style=\"text-decoration: underline;\">CONGRESO SE REALIZ\u00d3 EN PANAM\u00c1 ENTRE EL 13 7 EL 17 DE MAYO<\/span><\/p>\n<p align=\"center\"><b>U. de Caldas estuvo presente en congreso latinoamericano de video cirug\u00eda<\/b><\/p>\n<p align=\"center\"><a href=\"https:\/\/www.ucaldas.edu.co\/portal\/wp-content\/uploads\/2014\/05\/Chala-y-carlos-andres.jpg\"><img loading=\"lazy\" decoding=\"async\" class=\"aligncenter size-medium wp-image-7982\" alt=\"Chala y carlos andres\" src=\"https:\/\/www.ucaldas.edu.co\/portal\/wp-content\/uploads\/2014\/05\/Chala-y-carlos-andres-300x236.jpg\" width=\"300\" height=\"236\" \/><\/a><\/p>\n<p align=\"right\">27\/5\/2014<\/p>\n<p align=\"right\">Redacci\u00f3n: Luisa Giraldo<\/p>\n<p align=\"right\">Coordinadora contenidos Intranet<\/p>\n<p style=\"text-align: justify;\">\u00a0Un\u00a0<b>estudiante de XI grado de Medicina\u00a0<\/b>y un\u00a0<b>docente de la Facultad de Ciencias para la Salud\u00a0<\/b>de la Universidad de Caldas obtuvieron el\u00a0<b>premio<\/b>\u00a0a mejor v\u00eddeo en la categor\u00eda de v\u00eddeos libres en el\u00a0<b>XI Congreso Latinoamericano de V\u00eddeo Cirug\u00eda,<\/b>\u00a0que se llev\u00f3 a cabo en Panam\u00e1 entre el 13 y el 17 de mayo del 2014.<!--more--><\/p>\n<p style=\"text-align: justify;\">\u00a0El trabajo ganador que fue denominado\u00a0<b><i>Tiroidectom\u00eda videoasistida m\u00ednimamente inv<\/i>asiva<\/b>,\u00a0\u00a0surgi\u00f3 de la investigaci\u00f3n realizada por el docente Andr\u00e9s Ignacio Chala Galindo y el estudiante Carlos Andr\u00e9s Delgado L\u00f3pez.<\/p>\n<p style=\"text-align: justify;\">Seg\u00fan coment\u00f3 Delgado L\u00f3pez el proyecto de investigaci\u00f3n const\u00f3 de una revisi\u00f3n de la t\u00e9cnica quir\u00fargica para\u00a0<b>extraer la tiroides\u00a0<\/b>de una manera\u00a0<b>m\u00ednimamente invasiva<\/b>, las indicaciones y\u00a0<b>contraindicaciones\u00a0<\/b>del procedimiento, as\u00ed como sus posibles c<b>omplicaciones<\/b>, as\u00ed como de un an\u00e1lisis realizado despu\u00e9s de la puesta en prueba de la t\u00e9cnica.<\/p>\n<p style=\"text-align: justify;\">El video fue escogido entre\u00a0<b>90 proyectos\u00a0<\/b>que se presentaron y se destac\u00f3 por ser el\u00a0<b>\u00fanico trabajo\u00a0<\/b>de investigaci\u00f3n\u00a0<b>colombiano<\/b>presentado por un estudiante.<\/p>\n<p style=\"text-align: justify;\">El evento cont\u00f3 con la participaci\u00f3n de\u00a0<b>conferencistas nacionales e internacionales<\/b>, quienes disertaron sobre\u00a0<b>temas cient\u00edficos<\/b>\u00a0de medicina a trav\u00e9s de distintas estrategias metodol\u00f3gicas. Tambi\u00e9n hicieron presencia m\u00e1s de\u00a0<b>600 m\u00e9dicos<\/b>, enfermeras, t\u00e9cnicos, m\u00e9dicos residentes y profesionales de la salud.<\/p>\n<p style=\"text-align: justify;\"><a href=\"https:\/\/www.facebook.com\/media\/set\/?set=a.692780204117181.1073742790.107054166023124&amp;type=1&amp;l=11c49af2ac\" target=\"_blank\">Conozca im\u00e1genes de la U. de Caldas en el XI Congreso Latinoamericano de V\u00eddeo Cirug\u00eda<\/a><\/p>\n<p style=\"text-align: justify;\"><b>Informes:<\/b>\u00a0Oficina de Prensa U. de Caldas, tel\u00e9fono 878 1500 extensi\u00f3n 12 167<\/p>\n<p style=\"text-align: justify;\"><b>\u00a0<\/b><\/p>\n","protected":false},"excerpt":{"rendered":"<p>CONGRESO SE REALIZ\u00d3 EN PANAM\u00c1 ENTRE EL 13 7 EL 17 DE MAYO U. de Caldas estuvo presente en congreso latinoamericano de video cirug\u00eda 27\/5\/2014 Redacci\u00f3n: Luisa Giraldo Coordinadora contenidos Intranet \u00a0Un\u00a0estudiante de XI grado de Medicina\u00a0y un\u00a0docente de la Facultad de Ciencias para la Salud\u00a0de la Universidad de Caldas obtuvieron el\u00a0premio\u00a0a mejor v\u00eddeo en [&hellip;]<\/p>\n","protected":false},"author":2,"featured_media":0,"comment_status":"closed","ping_status":"closed","sticky":false,"template":"","format":"standard","meta":{"footnotes":""},"categories":[48,53],"tags":[191,211,369,1907,81,88,95,171],"class_list":["post-7981","post","type-post","status-publish","format-standard","hentry","category-actualidad","category-universidad-al-dia","tag-investigacion","tag-salud","tag-video","tag-cirugia","tag-premio","tag-medicina","tag-universidad-de-caldas","tag-congreso"],"yoast_head":"<!-- This site is optimized with the Yoast SEO plugin v27.5 - https:\/\/yoast.com\/product\/yoast-seo-wordpress\/ -->\n<title>U. de Caldas estuvo presente en congreso latinoamericano de video cirug\u00eda .<\/title>\n<meta name=\"robots\" content=\"index, follow, max-snippet:-1, max-image-preview:large, max-video-preview:-1\" \/>\n<link rel=\"canonical\" href=\"https:\/\/www.ucaldas.edu.co\/portal\/u-de-caldas-estuvo-presente-en-congreso-latinoamericano-de-video-cirugia\/\" \/>\n<script type=\"application\/ld+json\" class=\"yoast-schema-graph\">{\"@context\":\"https:\\\/\\\/schema.org\",\"@graph\":[{\"@type\":\"Article\",\"@id\":\"https:\\\/\\\/www.ucaldas.edu.co\\\/portal\\\/u-de-caldas-estuvo-presente-en-congreso-latinoamericano-de-video-cirugia\\\/#article\",\"isPartOf\":{\"@id\":\"https:\\\/\\\/www.ucaldas.edu.co\\\/portal\\\/u-de-caldas-estuvo-presente-en-congreso-latinoamericano-de-video-cirugia\\\/\"},\"author\":{\"name\":\"ofiprensa\",\"@id\":\"https:\\\/\\\/www.ucaldas.edu.co\\\/portal\\\/#\\\/schema\\\/person\\\/a1b482e23449158b4bc319926c074fdf\"},\"headline\":\"U. de Caldas estuvo presente en congreso latinoamericano de video cirug\u00eda\",\"datePublished\":\"2014-05-27T21:15:08+00:00\",\"mainEntityOfPage\":{\"@id\":\"https:\\\/\\\/www.ucaldas.edu.co\\\/portal\\\/u-de-caldas-estuvo-presente-en-congreso-latinoamericano-de-video-cirugia\\\/\"},\"wordCount\":300,\"publisher\":{\"@id\":\"https:\\\/\\\/www.ucaldas.edu.co\\\/portal\\\/#organization\"},\"image\":{\"@id\":\"https:\\\/\\\/www.ucaldas.edu.co\\\/portal\\\/u-de-caldas-estuvo-presente-en-congreso-latinoamericano-de-video-cirugia\\\/#primaryimage\"},\"thumbnailUrl\":\"https:\\\/\\\/www.ucaldas.edu.co\\\/portal\\\/wp-content\\\/uploads\\\/2014\\\/05\\\/Chala-y-carlos-andres-300x236.jpg\",\"keywords\":[\"investigaci\u00f3n\",\"salud\",\"video\",\"cirug\u00eda\",\"premio\",\"medicina\",\"Universidad De Caldas\",\"congreso\"],\"articleSection\":[\"Actualidad\",\"Universidad al D\u00eda\"],\"inLanguage\":\"es\"},{\"@type\":\"WebPage\",\"@id\":\"https:\\\/\\\/www.ucaldas.edu.co\\\/portal\\\/u-de-caldas-estuvo-presente-en-congreso-latinoamericano-de-video-cirugia\\\/\",\"url\":\"https:\\\/\\\/www.ucaldas.edu.co\\\/portal\\\/u-de-caldas-estuvo-presente-en-congreso-latinoamericano-de-video-cirugia\\\/\",\"name\":\"U. de Caldas estuvo presente en congreso latinoamericano de video cirug\u00eda .\",\"isPartOf\":{\"@id\":\"https:\\\/\\\/www.ucaldas.edu.co\\\/portal\\\/#website\"},\"primaryImageOfPage\":{\"@id\":\"https:\\\/\\\/www.ucaldas.edu.co\\\/portal\\\/u-de-caldas-estuvo-presente-en-congreso-latinoamericano-de-video-cirugia\\\/#primaryimage\"},\"image\":{\"@id\":\"https:\\\/\\\/www.ucaldas.edu.co\\\/portal\\\/u-de-caldas-estuvo-presente-en-congreso-latinoamericano-de-video-cirugia\\\/#primaryimage\"},\"thumbnailUrl\":\"https:\\\/\\\/www.ucaldas.edu.co\\\/portal\\\/wp-content\\\/uploads\\\/2014\\\/05\\\/Chala-y-carlos-andres-300x236.jpg\",\"datePublished\":\"2014-05-27T21:15:08+00:00\",\"breadcrumb\":{\"@id\":\"https:\\\/\\\/www.ucaldas.edu.co\\\/portal\\\/u-de-caldas-estuvo-presente-en-congreso-latinoamericano-de-video-cirugia\\\/#breadcrumb\"},\"inLanguage\":\"es\",\"potentialAction\":[{\"@type\":\"ReadAction\",\"target\":[\"https:\\\/\\\/www.ucaldas.edu.co\\\/portal\\\/u-de-caldas-estuvo-presente-en-congreso-latinoamericano-de-video-cirugia\\\/\"]}]},{\"@type\":\"ImageObject\",\"inLanguage\":\"es\",\"@id\":\"https:\\\/\\\/www.ucaldas.edu.co\\\/portal\\\/u-de-caldas-estuvo-presente-en-congreso-latinoamericano-de-video-cirugia\\\/#primaryimage\",\"url\":\"https:\\\/\\\/www.ucaldas.edu.co\\\/portal\\\/wp-content\\\/uploads\\\/2014\\\/05\\\/Chala-y-carlos-andres-300x236.jpg\",\"contentUrl\":\"https:\\\/\\\/www.ucaldas.edu.co\\\/portal\\\/wp-content\\\/uploads\\\/2014\\\/05\\\/Chala-y-carlos-andres-300x236.jpg\"},{\"@type\":\"BreadcrumbList\",\"@id\":\"https:\\\/\\\/www.ucaldas.edu.co\\\/portal\\\/u-de-caldas-estuvo-presente-en-congreso-latinoamericano-de-video-cirugia\\\/#breadcrumb\",\"itemListElement\":[{\"@type\":\"ListItem\",\"position\":1,\"name\":\"Portada\",\"item\":\"https:\\\/\\\/www.ucaldas.edu.co\\\/portal\\\/\"},{\"@type\":\"ListItem\",\"position\":2,\"name\":\"U. de Caldas estuvo presente en congreso latinoamericano de video cirug\u00eda\"}]},{\"@type\":\"WebSite\",\"@id\":\"https:\\\/\\\/www.ucaldas.edu.co\\\/portal\\\/#website\",\"url\":\"https:\\\/\\\/www.ucaldas.edu.co\\\/portal\\\/\",\"name\":\"Universidad de Caldas\",\"description\":\"\",\"publisher\":{\"@id\":\"https:\\\/\\\/www.ucaldas.edu.co\\\/portal\\\/#organization\"},\"alternateName\":\"U. de Caldas\",\"potentialAction\":[{\"@type\":\"SearchAction\",\"target\":{\"@type\":\"EntryPoint\",\"urlTemplate\":\"https:\\\/\\\/www.ucaldas.edu.co\\\/portal\\\/?s={search_term_string}\"},\"query-input\":{\"@type\":\"PropertyValueSpecification\",\"valueRequired\":true,\"valueName\":\"search_term_string\"}}],\"inLanguage\":\"es\"},{\"@type\":\"Organization\",\"@id\":\"https:\\\/\\\/www.ucaldas.edu.co\\\/portal\\\/#organization\",\"name\":\"Universidad de Caldas\",\"alternateName\":\"U. de Caldas\",\"url\":\"https:\\\/\\\/www.ucaldas.edu.co\\\/portal\\\/\",\"logo\":{\"@type\":\"ImageObject\",\"inLanguage\":\"es\",\"@id\":\"https:\\\/\\\/www.ucaldas.edu.co\\\/portal\\\/#\\\/schema\\\/logo\\\/image\\\/\",\"url\":\"https:\\\/\\\/www.ucaldas.edu.co\\\/portal\\\/wp-content\\\/uploads\\\/2023\\\/11\\\/Logo_horizontal_oscuroU-2023.png\",\"contentUrl\":\"https:\\\/\\\/www.ucaldas.edu.co\\\/portal\\\/wp-content\\\/uploads\\\/2023\\\/11\\\/Logo_horizontal_oscuroU-2023.png\",\"width\":263,\"height\":101,\"caption\":\"Universidad de Caldas\"},\"image\":{\"@id\":\"https:\\\/\\\/www.ucaldas.edu.co\\\/portal\\\/#\\\/schema\\\/logo\\\/image\\\/\"},\"sameAs\":[\"https:\\\/\\\/www.facebook.com\\\/udecaldas\",\"https:\\\/\\\/x.com\\\/udecaldas\",\"https:\\\/\\\/www.youtube.com\\\/universidadcaldas\",\"https:\\\/\\\/www.instagram.com\\\/udecaldas\\\/\"]},{\"@type\":\"Person\",\"@id\":\"https:\\\/\\\/www.ucaldas.edu.co\\\/portal\\\/#\\\/schema\\\/person\\\/a1b482e23449158b4bc319926c074fdf\",\"name\":\"ofiprensa\",\"image\":{\"@type\":\"ImageObject\",\"inLanguage\":\"es\",\"@id\":\"https:\\\/\\\/www.ucaldas.edu.co\\\/portal\\\/wp-content\\\/litespeed\\\/avatar\\\/09ea5085e600095a7a811142c6944527.jpg?ver=1777497608\",\"url\":\"https:\\\/\\\/www.ucaldas.edu.co\\\/portal\\\/wp-content\\\/litespeed\\\/avatar\\\/09ea5085e600095a7a811142c6944527.jpg?ver=1777497608\",\"contentUrl\":\"https:\\\/\\\/www.ucaldas.edu.co\\\/portal\\\/wp-content\\\/litespeed\\\/avatar\\\/09ea5085e600095a7a811142c6944527.jpg?ver=1777497608\",\"caption\":\"ofiprensa\"},\"url\":\"https:\\\/\\\/www.ucaldas.edu.co\\\/portal\\\/author\\\/ofiprensa\\\/\"}]}<\/script>\n<!-- \/ Yoast SEO plugin. -->","yoast_head_json":{"title":"U. de Caldas estuvo presente en congreso latinoamericano de video cirug\u00eda .","robots":{"index":"index","follow":"follow","max-snippet":"max-snippet:-1","max-image-preview":"max-image-preview:large","max-video-preview":"max-video-preview:-1"},"canonical":"https:\/\/www.ucaldas.edu.co\/portal\/u-de-caldas-estuvo-presente-en-congreso-latinoamericano-de-video-cirugia\/","schema":{"@context":"https:\/\/schema.org","@graph":[{"@type":"Article","@id":"https:\/\/www.ucaldas.edu.co\/portal\/u-de-caldas-estuvo-presente-en-congreso-latinoamericano-de-video-cirugia\/#article","isPartOf":{"@id":"https:\/\/www.ucaldas.edu.co\/portal\/u-de-caldas-estuvo-presente-en-congreso-latinoamericano-de-video-cirugia\/"},"author":{"name":"ofiprensa","@id":"https:\/\/www.ucaldas.edu.co\/portal\/#\/schema\/person\/a1b482e23449158b4bc319926c074fdf"},"headline":"U. de Caldas estuvo presente en congreso latinoamericano de video cirug\u00eda","datePublished":"2014-05-27T21:15:08+00:00","mainEntityOfPage":{"@id":"https:\/\/www.ucaldas.edu.co\/portal\/u-de-caldas-estuvo-presente-en-congreso-latinoamericano-de-video-cirugia\/"},"wordCount":300,"publisher":{"@id":"https:\/\/www.ucaldas.edu.co\/portal\/#organization"},"image":{"@id":"https:\/\/www.ucaldas.edu.co\/portal\/u-de-caldas-estuvo-presente-en-congreso-latinoamericano-de-video-cirugia\/#primaryimage"},"thumbnailUrl":"https:\/\/www.ucaldas.edu.co\/portal\/wp-content\/uploads\/2014\/05\/Chala-y-carlos-andres-300x236.jpg","keywords":["investigaci\u00f3n","salud","video","cirug\u00eda","premio","medicina","Universidad De Caldas","congreso"],"articleSection":["Actualidad","Universidad al D\u00eda"],"inLanguage":"es"},{"@type":"WebPage","@id":"https:\/\/www.ucaldas.edu.co\/portal\/u-de-caldas-estuvo-presente-en-congreso-latinoamericano-de-video-cirugia\/","url":"https:\/\/www.ucaldas.edu.co\/portal\/u-de-caldas-estuvo-presente-en-congreso-latinoamericano-de-video-cirugia\/","name":"U. de Caldas estuvo presente en congreso latinoamericano de video cirug\u00eda .","isPartOf":{"@id":"https:\/\/www.ucaldas.edu.co\/portal\/#website"},"primaryImageOfPage":{"@id":"https:\/\/www.ucaldas.edu.co\/portal\/u-de-caldas-estuvo-presente-en-congreso-latinoamericano-de-video-cirugia\/#primaryimage"},"image":{"@id":"https:\/\/www.ucaldas.edu.co\/portal\/u-de-caldas-estuvo-presente-en-congreso-latinoamericano-de-video-cirugia\/#primaryimage"},"thumbnailUrl":"https:\/\/www.ucaldas.edu.co\/portal\/wp-content\/uploads\/2014\/05\/Chala-y-carlos-andres-300x236.jpg","datePublished":"2014-05-27T21:15:08+00:00","breadcrumb":{"@id":"https:\/\/www.ucaldas.edu.co\/portal\/u-de-caldas-estuvo-presente-en-congreso-latinoamericano-de-video-cirugia\/#breadcrumb"},"inLanguage":"es","potentialAction":[{"@type":"ReadAction","target":["https:\/\/www.ucaldas.edu.co\/portal\/u-de-caldas-estuvo-presente-en-congreso-latinoamericano-de-video-cirugia\/"]}]},{"@type":"ImageObject","inLanguage":"es","@id":"https:\/\/www.ucaldas.edu.co\/portal\/u-de-caldas-estuvo-presente-en-congreso-latinoamericano-de-video-cirugia\/#primaryimage","url":"https:\/\/www.ucaldas.edu.co\/portal\/wp-content\/uploads\/2014\/05\/Chala-y-carlos-andres-300x236.jpg","contentUrl":"https:\/\/www.ucaldas.edu.co\/portal\/wp-content\/uploads\/2014\/05\/Chala-y-carlos-andres-300x236.jpg"},{"@type":"BreadcrumbList","@id":"https:\/\/www.ucaldas.edu.co\/portal\/u-de-caldas-estuvo-presente-en-congreso-latinoamericano-de-video-cirugia\/#breadcrumb","itemListElement":[{"@type":"ListItem","position":1,"name":"Portada","item":"https:\/\/www.ucaldas.edu.co\/portal\/"},{"@type":"ListItem","position":2,"name":"U. de Caldas estuvo presente en congreso latinoamericano de video cirug\u00eda"}]},{"@type":"WebSite","@id":"https:\/\/www.ucaldas.edu.co\/portal\/#website","url":"https:\/\/www.ucaldas.edu.co\/portal\/","name":"Universidad de Caldas","description":"","publisher":{"@id":"https:\/\/www.ucaldas.edu.co\/portal\/#organization"},"alternateName":"U. de Caldas","potentialAction":[{"@type":"SearchAction","target":{"@type":"EntryPoint","urlTemplate":"https:\/\/www.ucaldas.edu.co\/portal\/?s={search_term_string}"},"query-input":{"@type":"PropertyValueSpecification","valueRequired":true,"valueName":"search_term_string"}}],"inLanguage":"es"},{"@type":"Organization","@id":"https:\/\/www.ucaldas.edu.co\/portal\/#organization","name":"Universidad de Caldas","alternateName":"U. de Caldas","url":"https:\/\/www.ucaldas.edu.co\/portal\/","logo":{"@type":"ImageObject","inLanguage":"es","@id":"https:\/\/www.ucaldas.edu.co\/portal\/#\/schema\/logo\/image\/","url":"https:\/\/www.ucaldas.edu.co\/portal\/wp-content\/uploads\/2023\/11\/Logo_horizontal_oscuroU-2023.png","contentUrl":"https:\/\/www.ucaldas.edu.co\/portal\/wp-content\/uploads\/2023\/11\/Logo_horizontal_oscuroU-2023.png","width":263,"height":101,"caption":"Universidad de Caldas"},"image":{"@id":"https:\/\/www.ucaldas.edu.co\/portal\/#\/schema\/logo\/image\/"},"sameAs":["https:\/\/www.facebook.com\/udecaldas","https:\/\/x.com\/udecaldas","https:\/\/www.youtube.com\/universidadcaldas","https:\/\/www.instagram.com\/udecaldas\/"]},{"@type":"Person","@id":"https:\/\/www.ucaldas.edu.co\/portal\/#\/schema\/person\/a1b482e23449158b4bc319926c074fdf","name":"ofiprensa","image":{"@type":"ImageObject","inLanguage":"es","@id":"https:\/\/www.ucaldas.edu.co\/portal\/wp-content\/litespeed\/avatar\/09ea5085e600095a7a811142c6944527.jpg?ver=1777497608","url":"https:\/\/www.ucaldas.edu.co\/portal\/wp-content\/litespeed\/avatar\/09ea5085e600095a7a811142c6944527.jpg?ver=1777497608","contentUrl":"https:\/\/www.ucaldas.edu.co\/portal\/wp-content\/litespeed\/avatar\/09ea5085e600095a7a811142c6944527.jpg?ver=1777497608","caption":"ofiprensa"},"url":"https:\/\/www.ucaldas.edu.co\/portal\/author\/ofiprensa\/"}]}},"_links":{"self":[{"href":"https:\/\/www.ucaldas.edu.co\/portal\/wp-json\/wp\/v2\/posts\/7981","targetHints":{"allow":["GET"]}}],"collection":[{"href":"https:\/\/www.ucaldas.edu.co\/portal\/wp-json\/wp\/v2\/posts"}],"about":[{"href":"https:\/\/www.ucaldas.edu.co\/portal\/wp-json\/wp\/v2\/types\/post"}],"author":[{"embeddable":true,"href":"https:\/\/www.ucaldas.edu.co\/portal\/wp-json\/wp\/v2\/users\/2"}],"replies":[{"embeddable":true,"href":"https:\/\/www.ucaldas.edu.co\/portal\/wp-json\/wp\/v2\/comments?post=7981"}],"version-history":[{"count":0,"href":"https:\/\/www.ucaldas.edu.co\/portal\/wp-json\/wp\/v2\/posts\/7981\/revisions"}],"wp:attachment":[{"href":"https:\/\/www.ucaldas.edu.co\/portal\/wp-json\/wp\/v2\/media?parent=7981"}],"wp:term":[{"taxonomy":"category","embeddable":true,"href":"https:\/\/www.ucaldas.edu.co\/portal\/wp-json\/wp\/v2\/categories?post=7981"},{"taxonomy":"post_tag","embeddable":true,"href":"https:\/\/www.ucaldas.edu.co\/portal\/wp-json\/wp\/v2\/tags?post=7981"}],"curies":[{"name":"wp","href":"https:\/\/api.w.org\/{rel}","templated":true}]}}