{"id":79785,"date":"2024-03-20T09:07:33","date_gmt":"2024-03-20T14:07:33","guid":{"rendered":"https:\/\/www.ucaldas.edu.co\/portal\/?p=79785"},"modified":"2024-03-20T16:07:21","modified_gmt":"2024-03-20T21:07:21","slug":"reconocimiento-a-la-excelencia-academica-docentes-ocasionales-de-la-universidad-de-caldas-reciben-por-primera-vez-apoyo-para-formacion-doctoral","status":"publish","type":"post","link":"https:\/\/www.ucaldas.edu.co\/portal\/reconocimiento-a-la-excelencia-academica-docentes-ocasionales-de-la-universidad-de-caldas-reciben-por-primera-vez-apoyo-para-formacion-doctoral\/","title":{"rendered":"Reconocimiento a la Excelencia Acad\u00e9mica: Docentes Ocasionales de la Universidad de Caldas Reciben por primera vez apoyo para formaci\u00f3n Doctoral"},"content":{"rendered":"<p><img loading=\"lazy\" decoding=\"async\" class=\"aligncenter size-full wp-image-79794\" src=\"https:\/\/www.ucaldas.edu.co\/portal\/wp-content\/uploads\/2024\/03\/docentes.jpg\" alt=\"docentes beneficiarios\" width=\"900\" height=\"510\" srcset=\"https:\/\/www.ucaldas.edu.co\/portal\/wp-content\/uploads\/2024\/03\/docentes.jpg 900w, https:\/\/www.ucaldas.edu.co\/portal\/wp-content\/uploads\/2024\/03\/docentes-300x170.jpg 300w, https:\/\/www.ucaldas.edu.co\/portal\/wp-content\/uploads\/2024\/03\/docentes-768x435.jpg 768w\" sizes=\"auto, (max-width: 900px) 100vw, 900px\" \/><\/p>\n<p>Por primera vez la Universidad de Caldas entregar\u00e1 Becas de formaci\u00f3n Doctoral a 33 Docentes Ocasionales, quienes tendr\u00e1n la posibilidad de cualificarse en alguno de los 11 doctorados con los que cuenta la instituci\u00f3n.<!--more--><\/p>\n<p>El proceso se realiza por etapas y en el primer corte fueron 19 los Docentes Ocasionales destacados y que han sido elegidos para recibir apoyo en sus estudios doctorales. Este reconocimiento, concedido por la Vicerrector\u00eda de Investigaciones y Posgrados a trav\u00e9s de la Oficina de Posgrados, resalta el compromiso institucional con el progreso acad\u00e9mico y la excelencia en la investigaci\u00f3n.<\/p>\n<p>La formaci\u00f3n doctoral es un componente esencial en la b\u00fasqueda del saber y la innovaci\u00f3n, y la Universidad de Caldas se complace en reforzar el compromiso de sus profesores con este prop\u00f3sito y bajo criterios estrictos que incluyen la alineaci\u00f3n con las metas departamentales y el Plan de Desarrollo Institucional, as\u00ed como la producci\u00f3n de trabajos investigativos e innovadores.<\/p>\n<p>El Jefe de la Oficina de Posgrados, Oscar Juli\u00e1n S\u00e1nchez Toro, manifest\u00f3 que el principal objetivo de estas becas doctorales es cualificar a los docentes ocasionales de la instituci\u00f3n, permitiendo as\u00ed que ellos compartan todo ese conocimiento a los estudiantes y fortalezcan la investigaci\u00f3n en la Universidad.<\/p>\n<p>En total, 19 docentes ocasionales de la Universidad de Caldas en un acto simb\u00f3lico recibieron este valioso apoyo para avanzar en sus programas de doctorado en \u00e1reas como Ciencias, Agronom\u00eda, Biomedicina, Salud, Did\u00e1ctica, Dise\u00f1o, Educaci\u00f3n, Estudios de Familia, Estudios Territoriales, Filosof\u00eda e Ingenier\u00eda.<\/p>\n<p>Docente de la Universidad de Caldas y nuevo estudiante del Doctorado en Did\u00e1ctica, Jos\u00e9 Hern\u00e1n Echeverry Giraldo, expres\u00f3 que la obtenci\u00f3n de esta beca es motivo de orgullo desde el punto de vista personal y profesional, adem\u00e1s de ser un reconocimiento a los docentes ocasionales que trabajan arduamente por el bienestar acad\u00e9mico de la instituci\u00f3n y sus estudiantes.<\/p>\n<p>Los doctorados a los cuales los docentes acceder\u00e1n son:<\/p>\n<table width=\"0\">\n<tbody>\n<tr>\n<td width=\"274\"><strong>Doctorado<\/strong><\/td>\n<td width=\"151\"><strong>N\u00famero de docentes<\/strong><\/td>\n<\/tr>\n<tr>\n<td width=\"274\">Doctorado de Estudios de Familia<\/td>\n<td width=\"151\">2<\/td>\n<\/tr>\n<tr>\n<td width=\"274\">Doctorado en Ciencias<\/td>\n<td width=\"151\">3<\/td>\n<\/tr>\n<tr>\n<td width=\"274\">Doctorado en Ciencias de la Salud<\/td>\n<td width=\"151\">1<\/td>\n<\/tr>\n<tr>\n<td width=\"274\">Doctorado en Did\u00e1ctica<\/td>\n<td width=\"151\">3<\/td>\n<\/tr>\n<tr>\n<td width=\"274\">Doctorado en Dise\u00f1o y Creaci\u00f3n<\/td>\n<td width=\"151\">2<\/td>\n<\/tr>\n<tr>\n<td width=\"274\">Doctorado en Educaci\u00f3n<\/td>\n<td width=\"151\">3<\/td>\n<\/tr>\n<tr>\n<td width=\"274\">Doctorado en Filosof\u00eda<\/td>\n<td width=\"151\">3<\/td>\n<\/tr>\n<tr>\n<td width=\"274\">Doctorado en Ingenier\u00eda<\/td>\n<td width=\"151\">2<\/td>\n<\/tr>\n<\/tbody>\n<\/table>\n<p>&nbsp;<\/p>\n<p>El objetivo de este apoyo econ\u00f3mico es respaldar financieramente a los docentes ocasionales durante su formaci\u00f3n doctoral, fomentando su participaci\u00f3n activa en programas acad\u00e9micos de alto nivel que contribuyan al desarrollo de competencias y habilidades, asegurando que el proceso de aprendizaje tenga un impacto significativo tanto a nivel individual como en el desarrollo de la universidad en su conjunto.<\/p>\n<p>Este reconocimiento demuestra el compromiso de la Universidad de Caldas con la excelencia acad\u00e9mica y el desarrollo profesional de su cuerpo docente. Esta entrega de\u00a0\u00a0apoyos econ\u00f3micos marca el inicio de la primera corte de apoyos a la formaci\u00f3n doctoral. En el segundo semestre se abrir\u00e1 la segunda corte, dando oportunidad a m\u00e1s docentes ocasionales interesados en avanzar en sus programas de doctorado.<\/p>\n<p><strong>Anexo: <\/strong><\/p>\n<p><a href=\"https:\/\/www.ucaldas.edu.co\/portal\/wp-content\/uploads\/2024\/03\/Jefe-de-la-Oficina-de-Posgrados-Oscar-Julian-Sanchez-Toro.mp3\"><strong>Audio Jefe de la Oficina de Posgrados, Oscar Juli\u00e1n S\u00e1nchez Toro.<\/strong><\/a><\/p>\n<audio class=\"wp-audio-shortcode\" id=\"audio-79785-1\" preload=\"none\" style=\"width: 100%;\" controls=\"controls\"><source type=\"audio\/mpeg\" src=\"https:\/\/www.ucaldas.edu.co\/portal\/wp-content\/uploads\/2024\/03\/Jefe-de-la-Oficina-de-Posgrados-Oscar-Julian-Sanchez-Toro.mp3?_=1\" \/><a href=\"https:\/\/www.ucaldas.edu.co\/portal\/wp-content\/uploads\/2024\/03\/Jefe-de-la-Oficina-de-Posgrados-Oscar-Julian-Sanchez-Toro.mp3\">https:\/\/www.ucaldas.edu.co\/portal\/wp-content\/uploads\/2024\/03\/Jefe-de-la-Oficina-de-Posgrados-Oscar-Julian-Sanchez-Toro.mp3<\/a><\/audio>\n<p><a href=\"https:\/\/www.ucaldas.edu.co\/portal\/wp-content\/uploads\/2024\/03\/Docente-Universidad-de-Caldas-Jose-Hernan-Echeverry-Giraldo.mp3\"><strong>Audio Docente Universidad de Caldas, Jos\u00e9 Hern\u00e1n Echeverry Giraldo.<\/strong><\/a><\/p>\n<audio class=\"wp-audio-shortcode\" id=\"audio-79785-2\" preload=\"none\" style=\"width: 100%;\" controls=\"controls\"><source type=\"audio\/mpeg\" src=\"https:\/\/www.ucaldas.edu.co\/portal\/wp-content\/uploads\/2024\/03\/Docente-Universidad-de-Caldas-Jose-Hernan-Echeverry-Giraldo.mp3?_=2\" \/><a href=\"https:\/\/www.ucaldas.edu.co\/portal\/wp-content\/uploads\/2024\/03\/Docente-Universidad-de-Caldas-Jose-Hernan-Echeverry-Giraldo.mp3\">https:\/\/www.ucaldas.edu.co\/portal\/wp-content\/uploads\/2024\/03\/Docente-Universidad-de-Caldas-Jose-Hernan-Echeverry-Giraldo.mp3<\/a><\/audio>\n","protected":false},"excerpt":{"rendered":"<p>Por primera vez la Universidad de Caldas entregar\u00e1 Becas de formaci\u00f3n Doctoral a 33 Docentes Ocasionales, quienes tendr\u00e1n la posibilidad de cualificarse en alguno de los 11 doctorados con los que cuenta la instituci\u00f3n.<\/p>\n","protected":false},"author":2,"featured_media":79794,"comment_status":"closed","ping_status":"open","sticky":false,"template":"","format":"standard","meta":{"footnotes":""},"categories":[48,53],"tags":[6402],"class_list":["post-79785","post","type-post","status-publish","format-standard","has-post-thumbnail","hentry","category-actualidad","category-universidad-al-dia","tag-becas-doctorales"],"yoast_head":"<!-- This site is optimized with the Yoast SEO plugin v27.5 - https:\/\/yoast.com\/product\/yoast-seo-wordpress\/ -->\n<title>Reconocimiento a la Excelencia Acad\u00e9mica: Docentes Ocasionales de la Universidad de Caldas Reciben por primera vez apoyo para formaci\u00f3n Doctoral .<\/title>\n<meta name=\"robots\" content=\"index, follow, max-snippet:-1, max-image-preview:large, max-video-preview:-1\" \/>\n<link rel=\"canonical\" href=\"https:\/\/www.ucaldas.edu.co\/portal\/reconocimiento-a-la-excelencia-academica-docentes-ocasionales-de-la-universidad-de-caldas-reciben-por-primera-vez-apoyo-para-formacion-doctoral\/\" \/>\n<script type=\"application\/ld+json\" class=\"yoast-schema-graph\">{\"@context\":\"https:\\\/\\\/schema.org\",\"@graph\":[{\"@type\":\"Article\",\"@id\":\"https:\\\/\\\/www.ucaldas.edu.co\\\/portal\\\/reconocimiento-a-la-excelencia-academica-docentes-ocasionales-de-la-universidad-de-caldas-reciben-por-primera-vez-apoyo-para-formacion-doctoral\\\/#article\",\"isPartOf\":{\"@id\":\"https:\\\/\\\/www.ucaldas.edu.co\\\/portal\\\/reconocimiento-a-la-excelencia-academica-docentes-ocasionales-de-la-universidad-de-caldas-reciben-por-primera-vez-apoyo-para-formacion-doctoral\\\/\"},\"author\":{\"name\":\"ofiprensa\",\"@id\":\"https:\\\/\\\/www.ucaldas.edu.co\\\/portal\\\/#\\\/schema\\\/person\\\/a1b482e23449158b4bc319926c074fdf\"},\"headline\":\"Reconocimiento a la Excelencia Acad\u00e9mica: Docentes Ocasionales de la Universidad de Caldas Reciben por primera vez apoyo para formaci\u00f3n Doctoral\",\"datePublished\":\"2024-03-20T14:07:33+00:00\",\"dateModified\":\"2024-03-20T21:07:21+00:00\",\"mainEntityOfPage\":{\"@id\":\"https:\\\/\\\/www.ucaldas.edu.co\\\/portal\\\/reconocimiento-a-la-excelencia-academica-docentes-ocasionales-de-la-universidad-de-caldas-reciben-por-primera-vez-apoyo-para-formacion-doctoral\\\/\"},\"wordCount\":582,\"publisher\":{\"@id\":\"https:\\\/\\\/www.ucaldas.edu.co\\\/portal\\\/#organization\"},\"image\":{\"@id\":\"https:\\\/\\\/www.ucaldas.edu.co\\\/portal\\\/reconocimiento-a-la-excelencia-academica-docentes-ocasionales-de-la-universidad-de-caldas-reciben-por-primera-vez-apoyo-para-formacion-doctoral\\\/#primaryimage\"},\"thumbnailUrl\":\"https:\\\/\\\/www.ucaldas.edu.co\\\/portal\\\/wp-content\\\/uploads\\\/2024\\\/03\\\/docentes.jpg\",\"keywords\":[\"becas doctorales\"],\"articleSection\":[\"Actualidad\",\"Universidad al D\u00eda\"],\"inLanguage\":\"es\"},{\"@type\":\"WebPage\",\"@id\":\"https:\\\/\\\/www.ucaldas.edu.co\\\/portal\\\/reconocimiento-a-la-excelencia-academica-docentes-ocasionales-de-la-universidad-de-caldas-reciben-por-primera-vez-apoyo-para-formacion-doctoral\\\/\",\"url\":\"https:\\\/\\\/www.ucaldas.edu.co\\\/portal\\\/reconocimiento-a-la-excelencia-academica-docentes-ocasionales-de-la-universidad-de-caldas-reciben-por-primera-vez-apoyo-para-formacion-doctoral\\\/\",\"name\":\"Reconocimiento a la Excelencia Acad\u00e9mica: Docentes Ocasionales de la Universidad de Caldas Reciben por primera vez apoyo para formaci\u00f3n Doctoral .\",\"isPartOf\":{\"@id\":\"https:\\\/\\\/www.ucaldas.edu.co\\\/portal\\\/#website\"},\"primaryImageOfPage\":{\"@id\":\"https:\\\/\\\/www.ucaldas.edu.co\\\/portal\\\/reconocimiento-a-la-excelencia-academica-docentes-ocasionales-de-la-universidad-de-caldas-reciben-por-primera-vez-apoyo-para-formacion-doctoral\\\/#primaryimage\"},\"image\":{\"@id\":\"https:\\\/\\\/www.ucaldas.edu.co\\\/portal\\\/reconocimiento-a-la-excelencia-academica-docentes-ocasionales-de-la-universidad-de-caldas-reciben-por-primera-vez-apoyo-para-formacion-doctoral\\\/#primaryimage\"},\"thumbnailUrl\":\"https:\\\/\\\/www.ucaldas.edu.co\\\/portal\\\/wp-content\\\/uploads\\\/2024\\\/03\\\/docentes.jpg\",\"datePublished\":\"2024-03-20T14:07:33+00:00\",\"dateModified\":\"2024-03-20T21:07:21+00:00\",\"breadcrumb\":{\"@id\":\"https:\\\/\\\/www.ucaldas.edu.co\\\/portal\\\/reconocimiento-a-la-excelencia-academica-docentes-ocasionales-de-la-universidad-de-caldas-reciben-por-primera-vez-apoyo-para-formacion-doctoral\\\/#breadcrumb\"},\"inLanguage\":\"es\",\"potentialAction\":[{\"@type\":\"ReadAction\",\"target\":[\"https:\\\/\\\/www.ucaldas.edu.co\\\/portal\\\/reconocimiento-a-la-excelencia-academica-docentes-ocasionales-de-la-universidad-de-caldas-reciben-por-primera-vez-apoyo-para-formacion-doctoral\\\/\"]}]},{\"@type\":\"ImageObject\",\"inLanguage\":\"es\",\"@id\":\"https:\\\/\\\/www.ucaldas.edu.co\\\/portal\\\/reconocimiento-a-la-excelencia-academica-docentes-ocasionales-de-la-universidad-de-caldas-reciben-por-primera-vez-apoyo-para-formacion-doctoral\\\/#primaryimage\",\"url\":\"https:\\\/\\\/www.ucaldas.edu.co\\\/portal\\\/wp-content\\\/uploads\\\/2024\\\/03\\\/docentes.jpg\",\"contentUrl\":\"https:\\\/\\\/www.ucaldas.edu.co\\\/portal\\\/wp-content\\\/uploads\\\/2024\\\/03\\\/docentes.jpg\",\"width\":900,\"height\":510,\"caption\":\"docentes beneficiarios\"},{\"@type\":\"BreadcrumbList\",\"@id\":\"https:\\\/\\\/www.ucaldas.edu.co\\\/portal\\\/reconocimiento-a-la-excelencia-academica-docentes-ocasionales-de-la-universidad-de-caldas-reciben-por-primera-vez-apoyo-para-formacion-doctoral\\\/#breadcrumb\",\"itemListElement\":[{\"@type\":\"ListItem\",\"position\":1,\"name\":\"Portada\",\"item\":\"https:\\\/\\\/www.ucaldas.edu.co\\\/portal\\\/\"},{\"@type\":\"ListItem\",\"position\":2,\"name\":\"Reconocimiento a la Excelencia Acad\u00e9mica: Docentes Ocasionales de la Universidad de Caldas Reciben por primera vez apoyo para formaci\u00f3n Doctoral\"}]},{\"@type\":\"WebSite\",\"@id\":\"https:\\\/\\\/www.ucaldas.edu.co\\\/portal\\\/#website\",\"url\":\"https:\\\/\\\/www.ucaldas.edu.co\\\/portal\\\/\",\"name\":\"Universidad de Caldas\",\"description\":\"\",\"publisher\":{\"@id\":\"https:\\\/\\\/www.ucaldas.edu.co\\\/portal\\\/#organization\"},\"alternateName\":\"U. de Caldas\",\"potentialAction\":[{\"@type\":\"SearchAction\",\"target\":{\"@type\":\"EntryPoint\",\"urlTemplate\":\"https:\\\/\\\/www.ucaldas.edu.co\\\/portal\\\/?s={search_term_string}\"},\"query-input\":{\"@type\":\"PropertyValueSpecification\",\"valueRequired\":true,\"valueName\":\"search_term_string\"}}],\"inLanguage\":\"es\"},{\"@type\":\"Organization\",\"@id\":\"https:\\\/\\\/www.ucaldas.edu.co\\\/portal\\\/#organization\",\"name\":\"Universidad de Caldas\",\"alternateName\":\"U. de Caldas\",\"url\":\"https:\\\/\\\/www.ucaldas.edu.co\\\/portal\\\/\",\"logo\":{\"@type\":\"ImageObject\",\"inLanguage\":\"es\",\"@id\":\"https:\\\/\\\/www.ucaldas.edu.co\\\/portal\\\/#\\\/schema\\\/logo\\\/image\\\/\",\"url\":\"https:\\\/\\\/www.ucaldas.edu.co\\\/portal\\\/wp-content\\\/uploads\\\/2023\\\/11\\\/Logo_horizontal_oscuroU-2023.png\",\"contentUrl\":\"https:\\\/\\\/www.ucaldas.edu.co\\\/portal\\\/wp-content\\\/uploads\\\/2023\\\/11\\\/Logo_horizontal_oscuroU-2023.png\",\"width\":263,\"height\":101,\"caption\":\"Universidad de Caldas\"},\"image\":{\"@id\":\"https:\\\/\\\/www.ucaldas.edu.co\\\/portal\\\/#\\\/schema\\\/logo\\\/image\\\/\"},\"sameAs\":[\"https:\\\/\\\/www.facebook.com\\\/udecaldas\",\"https:\\\/\\\/x.com\\\/udecaldas\",\"https:\\\/\\\/www.youtube.com\\\/universidadcaldas\",\"https:\\\/\\\/www.instagram.com\\\/udecaldas\\\/\"]},{\"@type\":\"Person\",\"@id\":\"https:\\\/\\\/www.ucaldas.edu.co\\\/portal\\\/#\\\/schema\\\/person\\\/a1b482e23449158b4bc319926c074fdf\",\"name\":\"ofiprensa\",\"image\":{\"@type\":\"ImageObject\",\"inLanguage\":\"es\",\"@id\":\"https:\\\/\\\/www.ucaldas.edu.co\\\/portal\\\/wp-content\\\/litespeed\\\/avatar\\\/09ea5085e600095a7a811142c6944527.jpg?ver=1777497608\",\"url\":\"https:\\\/\\\/www.ucaldas.edu.co\\\/portal\\\/wp-content\\\/litespeed\\\/avatar\\\/09ea5085e600095a7a811142c6944527.jpg?ver=1777497608\",\"contentUrl\":\"https:\\\/\\\/www.ucaldas.edu.co\\\/portal\\\/wp-content\\\/litespeed\\\/avatar\\\/09ea5085e600095a7a811142c6944527.jpg?ver=1777497608\",\"caption\":\"ofiprensa\"},\"url\":\"https:\\\/\\\/www.ucaldas.edu.co\\\/portal\\\/author\\\/ofiprensa\\\/\"}]}<\/script>\n<!-- \/ Yoast SEO plugin. -->","yoast_head_json":{"title":"Reconocimiento a la Excelencia Acad\u00e9mica: Docentes Ocasionales de la Universidad de Caldas Reciben por primera vez apoyo para formaci\u00f3n Doctoral .","robots":{"index":"index","follow":"follow","max-snippet":"max-snippet:-1","max-image-preview":"max-image-preview:large","max-video-preview":"max-video-preview:-1"},"canonical":"https:\/\/www.ucaldas.edu.co\/portal\/reconocimiento-a-la-excelencia-academica-docentes-ocasionales-de-la-universidad-de-caldas-reciben-por-primera-vez-apoyo-para-formacion-doctoral\/","schema":{"@context":"https:\/\/schema.org","@graph":[{"@type":"Article","@id":"https:\/\/www.ucaldas.edu.co\/portal\/reconocimiento-a-la-excelencia-academica-docentes-ocasionales-de-la-universidad-de-caldas-reciben-por-primera-vez-apoyo-para-formacion-doctoral\/#article","isPartOf":{"@id":"https:\/\/www.ucaldas.edu.co\/portal\/reconocimiento-a-la-excelencia-academica-docentes-ocasionales-de-la-universidad-de-caldas-reciben-por-primera-vez-apoyo-para-formacion-doctoral\/"},"author":{"name":"ofiprensa","@id":"https:\/\/www.ucaldas.edu.co\/portal\/#\/schema\/person\/a1b482e23449158b4bc319926c074fdf"},"headline":"Reconocimiento a la Excelencia Acad\u00e9mica: Docentes Ocasionales de la Universidad de Caldas Reciben por primera vez apoyo para formaci\u00f3n Doctoral","datePublished":"2024-03-20T14:07:33+00:00","dateModified":"2024-03-20T21:07:21+00:00","mainEntityOfPage":{"@id":"https:\/\/www.ucaldas.edu.co\/portal\/reconocimiento-a-la-excelencia-academica-docentes-ocasionales-de-la-universidad-de-caldas-reciben-por-primera-vez-apoyo-para-formacion-doctoral\/"},"wordCount":582,"publisher":{"@id":"https:\/\/www.ucaldas.edu.co\/portal\/#organization"},"image":{"@id":"https:\/\/www.ucaldas.edu.co\/portal\/reconocimiento-a-la-excelencia-academica-docentes-ocasionales-de-la-universidad-de-caldas-reciben-por-primera-vez-apoyo-para-formacion-doctoral\/#primaryimage"},"thumbnailUrl":"https:\/\/www.ucaldas.edu.co\/portal\/wp-content\/uploads\/2024\/03\/docentes.jpg","keywords":["becas doctorales"],"articleSection":["Actualidad","Universidad al D\u00eda"],"inLanguage":"es"},{"@type":"WebPage","@id":"https:\/\/www.ucaldas.edu.co\/portal\/reconocimiento-a-la-excelencia-academica-docentes-ocasionales-de-la-universidad-de-caldas-reciben-por-primera-vez-apoyo-para-formacion-doctoral\/","url":"https:\/\/www.ucaldas.edu.co\/portal\/reconocimiento-a-la-excelencia-academica-docentes-ocasionales-de-la-universidad-de-caldas-reciben-por-primera-vez-apoyo-para-formacion-doctoral\/","name":"Reconocimiento a la Excelencia Acad\u00e9mica: Docentes Ocasionales de la Universidad de Caldas Reciben por primera vez apoyo para formaci\u00f3n Doctoral .","isPartOf":{"@id":"https:\/\/www.ucaldas.edu.co\/portal\/#website"},"primaryImageOfPage":{"@id":"https:\/\/www.ucaldas.edu.co\/portal\/reconocimiento-a-la-excelencia-academica-docentes-ocasionales-de-la-universidad-de-caldas-reciben-por-primera-vez-apoyo-para-formacion-doctoral\/#primaryimage"},"image":{"@id":"https:\/\/www.ucaldas.edu.co\/portal\/reconocimiento-a-la-excelencia-academica-docentes-ocasionales-de-la-universidad-de-caldas-reciben-por-primera-vez-apoyo-para-formacion-doctoral\/#primaryimage"},"thumbnailUrl":"https:\/\/www.ucaldas.edu.co\/portal\/wp-content\/uploads\/2024\/03\/docentes.jpg","datePublished":"2024-03-20T14:07:33+00:00","dateModified":"2024-03-20T21:07:21+00:00","breadcrumb":{"@id":"https:\/\/www.ucaldas.edu.co\/portal\/reconocimiento-a-la-excelencia-academica-docentes-ocasionales-de-la-universidad-de-caldas-reciben-por-primera-vez-apoyo-para-formacion-doctoral\/#breadcrumb"},"inLanguage":"es","potentialAction":[{"@type":"ReadAction","target":["https:\/\/www.ucaldas.edu.co\/portal\/reconocimiento-a-la-excelencia-academica-docentes-ocasionales-de-la-universidad-de-caldas-reciben-por-primera-vez-apoyo-para-formacion-doctoral\/"]}]},{"@type":"ImageObject","inLanguage":"es","@id":"https:\/\/www.ucaldas.edu.co\/portal\/reconocimiento-a-la-excelencia-academica-docentes-ocasionales-de-la-universidad-de-caldas-reciben-por-primera-vez-apoyo-para-formacion-doctoral\/#primaryimage","url":"https:\/\/www.ucaldas.edu.co\/portal\/wp-content\/uploads\/2024\/03\/docentes.jpg","contentUrl":"https:\/\/www.ucaldas.edu.co\/portal\/wp-content\/uploads\/2024\/03\/docentes.jpg","width":900,"height":510,"caption":"docentes beneficiarios"},{"@type":"BreadcrumbList","@id":"https:\/\/www.ucaldas.edu.co\/portal\/reconocimiento-a-la-excelencia-academica-docentes-ocasionales-de-la-universidad-de-caldas-reciben-por-primera-vez-apoyo-para-formacion-doctoral\/#breadcrumb","itemListElement":[{"@type":"ListItem","position":1,"name":"Portada","item":"https:\/\/www.ucaldas.edu.co\/portal\/"},{"@type":"ListItem","position":2,"name":"Reconocimiento a la Excelencia Acad\u00e9mica: Docentes Ocasionales de la Universidad de Caldas Reciben por primera vez apoyo para formaci\u00f3n Doctoral"}]},{"@type":"WebSite","@id":"https:\/\/www.ucaldas.edu.co\/portal\/#website","url":"https:\/\/www.ucaldas.edu.co\/portal\/","name":"Universidad de Caldas","description":"","publisher":{"@id":"https:\/\/www.ucaldas.edu.co\/portal\/#organization"},"alternateName":"U. de Caldas","potentialAction":[{"@type":"SearchAction","target":{"@type":"EntryPoint","urlTemplate":"https:\/\/www.ucaldas.edu.co\/portal\/?s={search_term_string}"},"query-input":{"@type":"PropertyValueSpecification","valueRequired":true,"valueName":"search_term_string"}}],"inLanguage":"es"},{"@type":"Organization","@id":"https:\/\/www.ucaldas.edu.co\/portal\/#organization","name":"Universidad de Caldas","alternateName":"U. de Caldas","url":"https:\/\/www.ucaldas.edu.co\/portal\/","logo":{"@type":"ImageObject","inLanguage":"es","@id":"https:\/\/www.ucaldas.edu.co\/portal\/#\/schema\/logo\/image\/","url":"https:\/\/www.ucaldas.edu.co\/portal\/wp-content\/uploads\/2023\/11\/Logo_horizontal_oscuroU-2023.png","contentUrl":"https:\/\/www.ucaldas.edu.co\/portal\/wp-content\/uploads\/2023\/11\/Logo_horizontal_oscuroU-2023.png","width":263,"height":101,"caption":"Universidad de Caldas"},"image":{"@id":"https:\/\/www.ucaldas.edu.co\/portal\/#\/schema\/logo\/image\/"},"sameAs":["https:\/\/www.facebook.com\/udecaldas","https:\/\/x.com\/udecaldas","https:\/\/www.youtube.com\/universidadcaldas","https:\/\/www.instagram.com\/udecaldas\/"]},{"@type":"Person","@id":"https:\/\/www.ucaldas.edu.co\/portal\/#\/schema\/person\/a1b482e23449158b4bc319926c074fdf","name":"ofiprensa","image":{"@type":"ImageObject","inLanguage":"es","@id":"https:\/\/www.ucaldas.edu.co\/portal\/wp-content\/litespeed\/avatar\/09ea5085e600095a7a811142c6944527.jpg?ver=1777497608","url":"https:\/\/www.ucaldas.edu.co\/portal\/wp-content\/litespeed\/avatar\/09ea5085e600095a7a811142c6944527.jpg?ver=1777497608","contentUrl":"https:\/\/www.ucaldas.edu.co\/portal\/wp-content\/litespeed\/avatar\/09ea5085e600095a7a811142c6944527.jpg?ver=1777497608","caption":"ofiprensa"},"url":"https:\/\/www.ucaldas.edu.co\/portal\/author\/ofiprensa\/"}]}},"_links":{"self":[{"href":"https:\/\/www.ucaldas.edu.co\/portal\/wp-json\/wp\/v2\/posts\/79785","targetHints":{"allow":["GET"]}}],"collection":[{"href":"https:\/\/www.ucaldas.edu.co\/portal\/wp-json\/wp\/v2\/posts"}],"about":[{"href":"https:\/\/www.ucaldas.edu.co\/portal\/wp-json\/wp\/v2\/types\/post"}],"author":[{"embeddable":true,"href":"https:\/\/www.ucaldas.edu.co\/portal\/wp-json\/wp\/v2\/users\/2"}],"replies":[{"embeddable":true,"href":"https:\/\/www.ucaldas.edu.co\/portal\/wp-json\/wp\/v2\/comments?post=79785"}],"version-history":[{"count":0,"href":"https:\/\/www.ucaldas.edu.co\/portal\/wp-json\/wp\/v2\/posts\/79785\/revisions"}],"wp:featuredmedia":[{"embeddable":true,"href":"https:\/\/www.ucaldas.edu.co\/portal\/wp-json\/wp\/v2\/media\/79794"}],"wp:attachment":[{"href":"https:\/\/www.ucaldas.edu.co\/portal\/wp-json\/wp\/v2\/media?parent=79785"}],"wp:term":[{"taxonomy":"category","embeddable":true,"href":"https:\/\/www.ucaldas.edu.co\/portal\/wp-json\/wp\/v2\/categories?post=79785"},{"taxonomy":"post_tag","embeddable":true,"href":"https:\/\/www.ucaldas.edu.co\/portal\/wp-json\/wp\/v2\/tags?post=79785"}],"curies":[{"name":"wp","href":"https:\/\/api.w.org\/{rel}","templated":true}]}}