{"id":79773,"date":"2024-03-20T09:03:18","date_gmt":"2024-03-20T14:03:18","guid":{"rendered":"https:\/\/www.ucaldas.edu.co\/portal\/?p=79773"},"modified":"2024-03-20T09:03:18","modified_gmt":"2024-03-20T14:03:18","slug":"con-conferencia-internacional-sobre-la-migracion-se-inaugurara-quinta-cohorte-del-doctorado-en-estudios-de-familia","status":"publish","type":"post","link":"https:\/\/www.ucaldas.edu.co\/portal\/con-conferencia-internacional-sobre-la-migracion-se-inaugurara-quinta-cohorte-del-doctorado-en-estudios-de-familia\/","title":{"rendered":"Con conferencia internacional sobre la migraci\u00f3n se inaugurar\u00e1 quinta cohorte del Doctorado en Estudios de Familia"},"content":{"rendered":"<p><img loading=\"lazy\" decoding=\"async\" class=\"aligncenter size-full wp-image-79774\" src=\"https:\/\/www.ucaldas.edu.co\/portal\/wp-content\/uploads\/2024\/03\/familia.jpg\" alt=\"imagen promocional del doctorado\" width=\"900\" height=\"510\" srcset=\"https:\/\/www.ucaldas.edu.co\/portal\/wp-content\/uploads\/2024\/03\/familia.jpg 900w, https:\/\/www.ucaldas.edu.co\/portal\/wp-content\/uploads\/2024\/03\/familia-300x170.jpg 300w, https:\/\/www.ucaldas.edu.co\/portal\/wp-content\/uploads\/2024\/03\/familia-768x435.jpg 768w\" sizes=\"auto, (max-width: 900px) 100vw, 900px\" \/><\/p>\n<p>El Doctorado en Estudios de Familia de la Universidad de Caldas, invita a la apertura de la quinta cohorte del programa el pr\u00f3ximo lunes 1 de abril desde 8:00 a.m., en el Auditorio del Edificio del Parque del campus central, la cual contar\u00e1 con una conferencia dirigida a p\u00fablico en general.<!--more--><\/p>\n<p>El evento tendr\u00e1 la participaci\u00f3n de directivas de la instituci\u00f3n, quienes le dar\u00e1n la bienvenida los estudiantes nuevos que ingresan al programa. Posteriormente, la Directora del Doctorado, Luisa Fernanda Giraldo Zuluaga, presentar\u00e1 las generalidades del Doctorado al p\u00fablico asistente.<\/p>\n<p>Para culminar el evento, a las 10:00 a.m. se realizar\u00e1 la conferencia \u201cMigrar en Familia: Reconfiguraciones en las movilidades en Am\u00e9rica Latina\u201d, a cargo de Claudia Pedone, investigadora independiente del Consejo Nacional de Investigaciones Cient\u00edficas y T\u00e9cnicas, CONICET, en el Instituto de Investigaciones de Estudios de G\u00e9nero, IIEGE, de la Universidad de Buenos Aires.<\/p>\n<p>En la conferencia Pedone hablar\u00e1 acerca del aceleramiento y masificaci\u00f3n de los flujos migratorios, las rutas y estrategias migratorias de los latinos, que se han reconfigurado, dando paso a la migraci\u00f3n en grupos familiares m\u00e1s amplios.<\/p>\n<p>El evento ser\u00e1 con entrada libre hasta completar el aforo. Quienes no puedan asistir, el encuentro se transmitir\u00e1 a trav\u00e9s del canal de YouTube del programa. <strong><a href=\"https:\/\/www.youtube.com\/@doctoradoenestudiosdefamil7654\">Link del canal aqu\u00ed.<\/a><\/strong><\/p>\n","protected":false},"excerpt":{"rendered":"<p>El Doctorado en Estudios de Familia de la Universidad de Caldas, invita a la apertura de la quinta cohorte del programa el pr\u00f3ximo lunes 1 de abril desde 8:00 a.m., en el Auditorio del Edificio del Parque del campus central, la cual contar\u00e1 con una conferencia dirigida a p\u00fablico en general.<\/p>\n","protected":false},"author":2,"featured_media":79774,"comment_status":"closed","ping_status":"open","sticky":false,"template":"","format":"standard","meta":{"footnotes":""},"categories":[48,53],"tags":[844],"class_list":["post-79773","post","type-post","status-publish","format-standard","has-post-thumbnail","hentry","category-actualidad","category-universidad-al-dia","tag-doctorado"],"yoast_head":"<!-- This site is optimized with the Yoast SEO plugin v27.5 - https:\/\/yoast.com\/product\/yoast-seo-wordpress\/ -->\n<title>Con conferencia internacional sobre la migraci\u00f3n se inaugurar\u00e1 quinta cohorte del Doctorado en Estudios de Familia .<\/title>\n<meta name=\"robots\" content=\"index, follow, max-snippet:-1, max-image-preview:large, max-video-preview:-1\" \/>\n<link rel=\"canonical\" href=\"https:\/\/www.ucaldas.edu.co\/portal\/con-conferencia-internacional-sobre-la-migracion-se-inaugurara-quinta-cohorte-del-doctorado-en-estudios-de-familia\/\" \/>\n<script type=\"application\/ld+json\" class=\"yoast-schema-graph\">{\"@context\":\"https:\\\/\\\/schema.org\",\"@graph\":[{\"@type\":\"Article\",\"@id\":\"https:\\\/\\\/www.ucaldas.edu.co\\\/portal\\\/con-conferencia-internacional-sobre-la-migracion-se-inaugurara-quinta-cohorte-del-doctorado-en-estudios-de-familia\\\/#article\",\"isPartOf\":{\"@id\":\"https:\\\/\\\/www.ucaldas.edu.co\\\/portal\\\/con-conferencia-internacional-sobre-la-migracion-se-inaugurara-quinta-cohorte-del-doctorado-en-estudios-de-familia\\\/\"},\"author\":{\"name\":\"ofiprensa\",\"@id\":\"https:\\\/\\\/www.ucaldas.edu.co\\\/portal\\\/#\\\/schema\\\/person\\\/a1b482e23449158b4bc319926c074fdf\"},\"headline\":\"Con conferencia internacional sobre la migraci\u00f3n se inaugurar\u00e1 quinta cohorte del Doctorado en Estudios de Familia\",\"datePublished\":\"2024-03-20T14:03:18+00:00\",\"mainEntityOfPage\":{\"@id\":\"https:\\\/\\\/www.ucaldas.edu.co\\\/portal\\\/con-conferencia-internacional-sobre-la-migracion-se-inaugurara-quinta-cohorte-del-doctorado-en-estudios-de-familia\\\/\"},\"wordCount\":240,\"publisher\":{\"@id\":\"https:\\\/\\\/www.ucaldas.edu.co\\\/portal\\\/#organization\"},\"image\":{\"@id\":\"https:\\\/\\\/www.ucaldas.edu.co\\\/portal\\\/con-conferencia-internacional-sobre-la-migracion-se-inaugurara-quinta-cohorte-del-doctorado-en-estudios-de-familia\\\/#primaryimage\"},\"thumbnailUrl\":\"https:\\\/\\\/www.ucaldas.edu.co\\\/portal\\\/wp-content\\\/uploads\\\/2024\\\/03\\\/familia.jpg\",\"keywords\":[\"doctorado\"],\"articleSection\":[\"Actualidad\",\"Universidad al D\u00eda\"],\"inLanguage\":\"es\"},{\"@type\":\"WebPage\",\"@id\":\"https:\\\/\\\/www.ucaldas.edu.co\\\/portal\\\/con-conferencia-internacional-sobre-la-migracion-se-inaugurara-quinta-cohorte-del-doctorado-en-estudios-de-familia\\\/\",\"url\":\"https:\\\/\\\/www.ucaldas.edu.co\\\/portal\\\/con-conferencia-internacional-sobre-la-migracion-se-inaugurara-quinta-cohorte-del-doctorado-en-estudios-de-familia\\\/\",\"name\":\"Con conferencia internacional sobre la migraci\u00f3n se inaugurar\u00e1 quinta cohorte del Doctorado en Estudios de Familia .\",\"isPartOf\":{\"@id\":\"https:\\\/\\\/www.ucaldas.edu.co\\\/portal\\\/#website\"},\"primaryImageOfPage\":{\"@id\":\"https:\\\/\\\/www.ucaldas.edu.co\\\/portal\\\/con-conferencia-internacional-sobre-la-migracion-se-inaugurara-quinta-cohorte-del-doctorado-en-estudios-de-familia\\\/#primaryimage\"},\"image\":{\"@id\":\"https:\\\/\\\/www.ucaldas.edu.co\\\/portal\\\/con-conferencia-internacional-sobre-la-migracion-se-inaugurara-quinta-cohorte-del-doctorado-en-estudios-de-familia\\\/#primaryimage\"},\"thumbnailUrl\":\"https:\\\/\\\/www.ucaldas.edu.co\\\/portal\\\/wp-content\\\/uploads\\\/2024\\\/03\\\/familia.jpg\",\"datePublished\":\"2024-03-20T14:03:18+00:00\",\"breadcrumb\":{\"@id\":\"https:\\\/\\\/www.ucaldas.edu.co\\\/portal\\\/con-conferencia-internacional-sobre-la-migracion-se-inaugurara-quinta-cohorte-del-doctorado-en-estudios-de-familia\\\/#breadcrumb\"},\"inLanguage\":\"es\",\"potentialAction\":[{\"@type\":\"ReadAction\",\"target\":[\"https:\\\/\\\/www.ucaldas.edu.co\\\/portal\\\/con-conferencia-internacional-sobre-la-migracion-se-inaugurara-quinta-cohorte-del-doctorado-en-estudios-de-familia\\\/\"]}]},{\"@type\":\"ImageObject\",\"inLanguage\":\"es\",\"@id\":\"https:\\\/\\\/www.ucaldas.edu.co\\\/portal\\\/con-conferencia-internacional-sobre-la-migracion-se-inaugurara-quinta-cohorte-del-doctorado-en-estudios-de-familia\\\/#primaryimage\",\"url\":\"https:\\\/\\\/www.ucaldas.edu.co\\\/portal\\\/wp-content\\\/uploads\\\/2024\\\/03\\\/familia.jpg\",\"contentUrl\":\"https:\\\/\\\/www.ucaldas.edu.co\\\/portal\\\/wp-content\\\/uploads\\\/2024\\\/03\\\/familia.jpg\",\"width\":900,\"height\":510,\"caption\":\"imagen promocional del doctorado\"},{\"@type\":\"BreadcrumbList\",\"@id\":\"https:\\\/\\\/www.ucaldas.edu.co\\\/portal\\\/con-conferencia-internacional-sobre-la-migracion-se-inaugurara-quinta-cohorte-del-doctorado-en-estudios-de-familia\\\/#breadcrumb\",\"itemListElement\":[{\"@type\":\"ListItem\",\"position\":1,\"name\":\"Portada\",\"item\":\"https:\\\/\\\/www.ucaldas.edu.co\\\/portal\\\/\"},{\"@type\":\"ListItem\",\"position\":2,\"name\":\"Con conferencia internacional sobre la migraci\u00f3n se inaugurar\u00e1 quinta cohorte del Doctorado en Estudios de Familia\"}]},{\"@type\":\"WebSite\",\"@id\":\"https:\\\/\\\/www.ucaldas.edu.co\\\/portal\\\/#website\",\"url\":\"https:\\\/\\\/www.ucaldas.edu.co\\\/portal\\\/\",\"name\":\"Universidad de Caldas\",\"description\":\"\",\"publisher\":{\"@id\":\"https:\\\/\\\/www.ucaldas.edu.co\\\/portal\\\/#organization\"},\"alternateName\":\"U. de Caldas\",\"potentialAction\":[{\"@type\":\"SearchAction\",\"target\":{\"@type\":\"EntryPoint\",\"urlTemplate\":\"https:\\\/\\\/www.ucaldas.edu.co\\\/portal\\\/?s={search_term_string}\"},\"query-input\":{\"@type\":\"PropertyValueSpecification\",\"valueRequired\":true,\"valueName\":\"search_term_string\"}}],\"inLanguage\":\"es\"},{\"@type\":\"Organization\",\"@id\":\"https:\\\/\\\/www.ucaldas.edu.co\\\/portal\\\/#organization\",\"name\":\"Universidad de Caldas\",\"alternateName\":\"U. de Caldas\",\"url\":\"https:\\\/\\\/www.ucaldas.edu.co\\\/portal\\\/\",\"logo\":{\"@type\":\"ImageObject\",\"inLanguage\":\"es\",\"@id\":\"https:\\\/\\\/www.ucaldas.edu.co\\\/portal\\\/#\\\/schema\\\/logo\\\/image\\\/\",\"url\":\"https:\\\/\\\/www.ucaldas.edu.co\\\/portal\\\/wp-content\\\/uploads\\\/2023\\\/11\\\/Logo_horizontal_oscuroU-2023.png\",\"contentUrl\":\"https:\\\/\\\/www.ucaldas.edu.co\\\/portal\\\/wp-content\\\/uploads\\\/2023\\\/11\\\/Logo_horizontal_oscuroU-2023.png\",\"width\":263,\"height\":101,\"caption\":\"Universidad de Caldas\"},\"image\":{\"@id\":\"https:\\\/\\\/www.ucaldas.edu.co\\\/portal\\\/#\\\/schema\\\/logo\\\/image\\\/\"},\"sameAs\":[\"https:\\\/\\\/www.facebook.com\\\/udecaldas\",\"https:\\\/\\\/x.com\\\/udecaldas\",\"https:\\\/\\\/www.youtube.com\\\/universidadcaldas\",\"https:\\\/\\\/www.instagram.com\\\/udecaldas\\\/\"]},{\"@type\":\"Person\",\"@id\":\"https:\\\/\\\/www.ucaldas.edu.co\\\/portal\\\/#\\\/schema\\\/person\\\/a1b482e23449158b4bc319926c074fdf\",\"name\":\"ofiprensa\",\"image\":{\"@type\":\"ImageObject\",\"inLanguage\":\"es\",\"@id\":\"https:\\\/\\\/www.ucaldas.edu.co\\\/portal\\\/wp-content\\\/litespeed\\\/avatar\\\/09ea5085e600095a7a811142c6944527.jpg?ver=1777497608\",\"url\":\"https:\\\/\\\/www.ucaldas.edu.co\\\/portal\\\/wp-content\\\/litespeed\\\/avatar\\\/09ea5085e600095a7a811142c6944527.jpg?ver=1777497608\",\"contentUrl\":\"https:\\\/\\\/www.ucaldas.edu.co\\\/portal\\\/wp-content\\\/litespeed\\\/avatar\\\/09ea5085e600095a7a811142c6944527.jpg?ver=1777497608\",\"caption\":\"ofiprensa\"},\"url\":\"https:\\\/\\\/www.ucaldas.edu.co\\\/portal\\\/author\\\/ofiprensa\\\/\"}]}<\/script>\n<!-- \/ Yoast SEO plugin. -->","yoast_head_json":{"title":"Con conferencia internacional sobre la migraci\u00f3n se inaugurar\u00e1 quinta cohorte del Doctorado en Estudios de Familia .","robots":{"index":"index","follow":"follow","max-snippet":"max-snippet:-1","max-image-preview":"max-image-preview:large","max-video-preview":"max-video-preview:-1"},"canonical":"https:\/\/www.ucaldas.edu.co\/portal\/con-conferencia-internacional-sobre-la-migracion-se-inaugurara-quinta-cohorte-del-doctorado-en-estudios-de-familia\/","schema":{"@context":"https:\/\/schema.org","@graph":[{"@type":"Article","@id":"https:\/\/www.ucaldas.edu.co\/portal\/con-conferencia-internacional-sobre-la-migracion-se-inaugurara-quinta-cohorte-del-doctorado-en-estudios-de-familia\/#article","isPartOf":{"@id":"https:\/\/www.ucaldas.edu.co\/portal\/con-conferencia-internacional-sobre-la-migracion-se-inaugurara-quinta-cohorte-del-doctorado-en-estudios-de-familia\/"},"author":{"name":"ofiprensa","@id":"https:\/\/www.ucaldas.edu.co\/portal\/#\/schema\/person\/a1b482e23449158b4bc319926c074fdf"},"headline":"Con conferencia internacional sobre la migraci\u00f3n se inaugurar\u00e1 quinta cohorte del Doctorado en Estudios de Familia","datePublished":"2024-03-20T14:03:18+00:00","mainEntityOfPage":{"@id":"https:\/\/www.ucaldas.edu.co\/portal\/con-conferencia-internacional-sobre-la-migracion-se-inaugurara-quinta-cohorte-del-doctorado-en-estudios-de-familia\/"},"wordCount":240,"publisher":{"@id":"https:\/\/www.ucaldas.edu.co\/portal\/#organization"},"image":{"@id":"https:\/\/www.ucaldas.edu.co\/portal\/con-conferencia-internacional-sobre-la-migracion-se-inaugurara-quinta-cohorte-del-doctorado-en-estudios-de-familia\/#primaryimage"},"thumbnailUrl":"https:\/\/www.ucaldas.edu.co\/portal\/wp-content\/uploads\/2024\/03\/familia.jpg","keywords":["doctorado"],"articleSection":["Actualidad","Universidad al D\u00eda"],"inLanguage":"es"},{"@type":"WebPage","@id":"https:\/\/www.ucaldas.edu.co\/portal\/con-conferencia-internacional-sobre-la-migracion-se-inaugurara-quinta-cohorte-del-doctorado-en-estudios-de-familia\/","url":"https:\/\/www.ucaldas.edu.co\/portal\/con-conferencia-internacional-sobre-la-migracion-se-inaugurara-quinta-cohorte-del-doctorado-en-estudios-de-familia\/","name":"Con conferencia internacional sobre la migraci\u00f3n se inaugurar\u00e1 quinta cohorte del Doctorado en Estudios de Familia .","isPartOf":{"@id":"https:\/\/www.ucaldas.edu.co\/portal\/#website"},"primaryImageOfPage":{"@id":"https:\/\/www.ucaldas.edu.co\/portal\/con-conferencia-internacional-sobre-la-migracion-se-inaugurara-quinta-cohorte-del-doctorado-en-estudios-de-familia\/#primaryimage"},"image":{"@id":"https:\/\/www.ucaldas.edu.co\/portal\/con-conferencia-internacional-sobre-la-migracion-se-inaugurara-quinta-cohorte-del-doctorado-en-estudios-de-familia\/#primaryimage"},"thumbnailUrl":"https:\/\/www.ucaldas.edu.co\/portal\/wp-content\/uploads\/2024\/03\/familia.jpg","datePublished":"2024-03-20T14:03:18+00:00","breadcrumb":{"@id":"https:\/\/www.ucaldas.edu.co\/portal\/con-conferencia-internacional-sobre-la-migracion-se-inaugurara-quinta-cohorte-del-doctorado-en-estudios-de-familia\/#breadcrumb"},"inLanguage":"es","potentialAction":[{"@type":"ReadAction","target":["https:\/\/www.ucaldas.edu.co\/portal\/con-conferencia-internacional-sobre-la-migracion-se-inaugurara-quinta-cohorte-del-doctorado-en-estudios-de-familia\/"]}]},{"@type":"ImageObject","inLanguage":"es","@id":"https:\/\/www.ucaldas.edu.co\/portal\/con-conferencia-internacional-sobre-la-migracion-se-inaugurara-quinta-cohorte-del-doctorado-en-estudios-de-familia\/#primaryimage","url":"https:\/\/www.ucaldas.edu.co\/portal\/wp-content\/uploads\/2024\/03\/familia.jpg","contentUrl":"https:\/\/www.ucaldas.edu.co\/portal\/wp-content\/uploads\/2024\/03\/familia.jpg","width":900,"height":510,"caption":"imagen promocional del doctorado"},{"@type":"BreadcrumbList","@id":"https:\/\/www.ucaldas.edu.co\/portal\/con-conferencia-internacional-sobre-la-migracion-se-inaugurara-quinta-cohorte-del-doctorado-en-estudios-de-familia\/#breadcrumb","itemListElement":[{"@type":"ListItem","position":1,"name":"Portada","item":"https:\/\/www.ucaldas.edu.co\/portal\/"},{"@type":"ListItem","position":2,"name":"Con conferencia internacional sobre la migraci\u00f3n se inaugurar\u00e1 quinta cohorte del Doctorado en Estudios de Familia"}]},{"@type":"WebSite","@id":"https:\/\/www.ucaldas.edu.co\/portal\/#website","url":"https:\/\/www.ucaldas.edu.co\/portal\/","name":"Universidad de Caldas","description":"","publisher":{"@id":"https:\/\/www.ucaldas.edu.co\/portal\/#organization"},"alternateName":"U. de Caldas","potentialAction":[{"@type":"SearchAction","target":{"@type":"EntryPoint","urlTemplate":"https:\/\/www.ucaldas.edu.co\/portal\/?s={search_term_string}"},"query-input":{"@type":"PropertyValueSpecification","valueRequired":true,"valueName":"search_term_string"}}],"inLanguage":"es"},{"@type":"Organization","@id":"https:\/\/www.ucaldas.edu.co\/portal\/#organization","name":"Universidad de Caldas","alternateName":"U. de Caldas","url":"https:\/\/www.ucaldas.edu.co\/portal\/","logo":{"@type":"ImageObject","inLanguage":"es","@id":"https:\/\/www.ucaldas.edu.co\/portal\/#\/schema\/logo\/image\/","url":"https:\/\/www.ucaldas.edu.co\/portal\/wp-content\/uploads\/2023\/11\/Logo_horizontal_oscuroU-2023.png","contentUrl":"https:\/\/www.ucaldas.edu.co\/portal\/wp-content\/uploads\/2023\/11\/Logo_horizontal_oscuroU-2023.png","width":263,"height":101,"caption":"Universidad de Caldas"},"image":{"@id":"https:\/\/www.ucaldas.edu.co\/portal\/#\/schema\/logo\/image\/"},"sameAs":["https:\/\/www.facebook.com\/udecaldas","https:\/\/x.com\/udecaldas","https:\/\/www.youtube.com\/universidadcaldas","https:\/\/www.instagram.com\/udecaldas\/"]},{"@type":"Person","@id":"https:\/\/www.ucaldas.edu.co\/portal\/#\/schema\/person\/a1b482e23449158b4bc319926c074fdf","name":"ofiprensa","image":{"@type":"ImageObject","inLanguage":"es","@id":"https:\/\/www.ucaldas.edu.co\/portal\/wp-content\/litespeed\/avatar\/09ea5085e600095a7a811142c6944527.jpg?ver=1777497608","url":"https:\/\/www.ucaldas.edu.co\/portal\/wp-content\/litespeed\/avatar\/09ea5085e600095a7a811142c6944527.jpg?ver=1777497608","contentUrl":"https:\/\/www.ucaldas.edu.co\/portal\/wp-content\/litespeed\/avatar\/09ea5085e600095a7a811142c6944527.jpg?ver=1777497608","caption":"ofiprensa"},"url":"https:\/\/www.ucaldas.edu.co\/portal\/author\/ofiprensa\/"}]}},"_links":{"self":[{"href":"https:\/\/www.ucaldas.edu.co\/portal\/wp-json\/wp\/v2\/posts\/79773","targetHints":{"allow":["GET"]}}],"collection":[{"href":"https:\/\/www.ucaldas.edu.co\/portal\/wp-json\/wp\/v2\/posts"}],"about":[{"href":"https:\/\/www.ucaldas.edu.co\/portal\/wp-json\/wp\/v2\/types\/post"}],"author":[{"embeddable":true,"href":"https:\/\/www.ucaldas.edu.co\/portal\/wp-json\/wp\/v2\/users\/2"}],"replies":[{"embeddable":true,"href":"https:\/\/www.ucaldas.edu.co\/portal\/wp-json\/wp\/v2\/comments?post=79773"}],"version-history":[{"count":0,"href":"https:\/\/www.ucaldas.edu.co\/portal\/wp-json\/wp\/v2\/posts\/79773\/revisions"}],"wp:featuredmedia":[{"embeddable":true,"href":"https:\/\/www.ucaldas.edu.co\/portal\/wp-json\/wp\/v2\/media\/79774"}],"wp:attachment":[{"href":"https:\/\/www.ucaldas.edu.co\/portal\/wp-json\/wp\/v2\/media?parent=79773"}],"wp:term":[{"taxonomy":"category","embeddable":true,"href":"https:\/\/www.ucaldas.edu.co\/portal\/wp-json\/wp\/v2\/categories?post=79773"},{"taxonomy":"post_tag","embeddable":true,"href":"https:\/\/www.ucaldas.edu.co\/portal\/wp-json\/wp\/v2\/tags?post=79773"}],"curies":[{"name":"wp","href":"https:\/\/api.w.org\/{rel}","templated":true}]}}