{"id":79587,"date":"2024-03-13T11:11:57","date_gmt":"2024-03-13T16:11:57","guid":{"rendered":"https:\/\/www.ucaldas.edu.co\/portal\/?p=79587"},"modified":"2024-03-13T11:11:57","modified_gmt":"2024-03-13T16:11:57","slug":"se-acercan-las-ceremonias-de-grados-publicos-de-la-universidad-de-caldas-en-diferentes-municipios-del-departamento","status":"publish","type":"post","link":"https:\/\/www.ucaldas.edu.co\/portal\/se-acercan-las-ceremonias-de-grados-publicos-de-la-universidad-de-caldas-en-diferentes-municipios-del-departamento\/","title":{"rendered":"Se acercan las ceremonias de Grados P\u00fablicos de la Universidad de Caldas en diferentes municipios del Departamento"},"content":{"rendered":"<p><img loading=\"lazy\" decoding=\"async\" class=\"aligncenter size-full wp-image-79588\" src=\"https:\/\/www.ucaldas.edu.co\/portal\/wp-content\/uploads\/2024\/03\/grados.jpg\" alt=\"imagen promocional ceremonia de grados\" width=\"900\" height=\"510\" srcset=\"https:\/\/www.ucaldas.edu.co\/portal\/wp-content\/uploads\/2024\/03\/grados.jpg 900w, https:\/\/www.ucaldas.edu.co\/portal\/wp-content\/uploads\/2024\/03\/grados-300x170.jpg 300w, https:\/\/www.ucaldas.edu.co\/portal\/wp-content\/uploads\/2024\/03\/grados-768x435.jpg 768w\" sizes=\"auto, (max-width: 900px) 100vw, 900px\" \/><\/p>\n<p>La Universidad de Caldas se prepara para la celebraci\u00f3n de los Grados p\u00fablicos del periodo 2024-1 de cerca de 200 j\u00f3venes de los municipios de La Dorada, Riosucio y Anserma durante los meses de marzo y abril.<!--more--><\/p>\n<p>Estos Grados representan un logro institucional que responde a la misi\u00f3n de la Universidad de llevar Educaci\u00f3n Superior a las regiones del Departamento caldense, gracias a sus diferentes sedes en Manizales, La Dorada, Aguadas, Riosucio y Anserma.<\/p>\n<p>Para esta oportunidad, los j\u00f3venes se graduar\u00e1n de ocho programas profesionales y tecnol\u00f3gicos, entre los que se encuentran Trabajo Social, Administraci\u00f3n Financiera, Tecnolog\u00eda en Procesos de Seguridad y Salud en el Trabajo, Tecnolog\u00eda en Sistemas Inform\u00e1ticos, Tecnolog\u00eda en Finanzas, entre otros.<\/p>\n<p>El cronograma de grados p\u00fablicos es el siguiente:<\/p>\n<ul>\n<li>18 de marzo \u2013 La Dorada.<\/li>\n<li>26 de abril \u2013 Anserma y Riosucio.<\/li>\n<\/ul>\n<p>Cabe resaltar que actualmente la Universidad de Caldas, en alianza con alcald\u00edas municipales y entidades p\u00fablicas y privadas, desarrolla la estrategia \u2018Universidad de Caldas en tu Pueblo\u2019, con la cual se logra articular la educaci\u00f3n media con la educaci\u00f3n superior a trav\u00e9s de programas t\u00e9cnicos profesionales en la regi\u00f3n, teniendo as\u00ed una ampliaci\u00f3n de la cobertura educativa que abre las puertas a m\u00e1s j\u00f3venes que desean estudiar y profesionalizarse.<\/p>\n","protected":false},"excerpt":{"rendered":"<p>La Universidad de Caldas se prepara para la celebraci\u00f3n de los Grados p\u00fablicos del periodo 2024-1 de cerca de 200 j\u00f3venes de los municipios de La Dorada, Riosucio y Anserma durante los meses de marzo y abril.<\/p>\n","protected":false},"author":2,"featured_media":79588,"comment_status":"closed","ping_status":"open","sticky":false,"template":"","format":"standard","meta":{"footnotes":""},"categories":[48,53,600],"tags":[118],"class_list":["post-79587","post","type-post","status-publish","format-standard","has-post-thumbnail","hentry","category-actualidad","category-universidad-al-dia","category-ucaldas-regional","tag-grados"],"yoast_head":"<!-- This site is optimized with the Yoast SEO plugin v27.5 - https:\/\/yoast.com\/product\/yoast-seo-wordpress\/ -->\n<title>Se acercan las ceremonias de Grados P\u00fablicos de la Universidad de Caldas en diferentes municipios del Departamento .<\/title>\n<meta name=\"robots\" content=\"index, follow, max-snippet:-1, max-image-preview:large, max-video-preview:-1\" \/>\n<link rel=\"canonical\" href=\"https:\/\/www.ucaldas.edu.co\/portal\/se-acercan-las-ceremonias-de-grados-publicos-de-la-universidad-de-caldas-en-diferentes-municipios-del-departamento\/\" \/>\n<script type=\"application\/ld+json\" class=\"yoast-schema-graph\">{\"@context\":\"https:\\\/\\\/schema.org\",\"@graph\":[{\"@type\":\"Article\",\"@id\":\"https:\\\/\\\/www.ucaldas.edu.co\\\/portal\\\/se-acercan-las-ceremonias-de-grados-publicos-de-la-universidad-de-caldas-en-diferentes-municipios-del-departamento\\\/#article\",\"isPartOf\":{\"@id\":\"https:\\\/\\\/www.ucaldas.edu.co\\\/portal\\\/se-acercan-las-ceremonias-de-grados-publicos-de-la-universidad-de-caldas-en-diferentes-municipios-del-departamento\\\/\"},\"author\":{\"name\":\"ofiprensa\",\"@id\":\"https:\\\/\\\/www.ucaldas.edu.co\\\/portal\\\/#\\\/schema\\\/person\\\/a1b482e23449158b4bc319926c074fdf\"},\"headline\":\"Se acercan las ceremonias de Grados P\u00fablicos de la Universidad de Caldas en diferentes municipios del Departamento\",\"datePublished\":\"2024-03-13T16:11:57+00:00\",\"mainEntityOfPage\":{\"@id\":\"https:\\\/\\\/www.ucaldas.edu.co\\\/portal\\\/se-acercan-las-ceremonias-de-grados-publicos-de-la-universidad-de-caldas-en-diferentes-municipios-del-departamento\\\/\"},\"wordCount\":242,\"publisher\":{\"@id\":\"https:\\\/\\\/www.ucaldas.edu.co\\\/portal\\\/#organization\"},\"image\":{\"@id\":\"https:\\\/\\\/www.ucaldas.edu.co\\\/portal\\\/se-acercan-las-ceremonias-de-grados-publicos-de-la-universidad-de-caldas-en-diferentes-municipios-del-departamento\\\/#primaryimage\"},\"thumbnailUrl\":\"https:\\\/\\\/www.ucaldas.edu.co\\\/portal\\\/wp-content\\\/uploads\\\/2024\\\/03\\\/grados.jpg\",\"keywords\":[\"grados\"],\"articleSection\":[\"Actualidad\",\"Universidad al D\u00eda\",\"UCaldas Regional\"],\"inLanguage\":\"es\"},{\"@type\":\"WebPage\",\"@id\":\"https:\\\/\\\/www.ucaldas.edu.co\\\/portal\\\/se-acercan-las-ceremonias-de-grados-publicos-de-la-universidad-de-caldas-en-diferentes-municipios-del-departamento\\\/\",\"url\":\"https:\\\/\\\/www.ucaldas.edu.co\\\/portal\\\/se-acercan-las-ceremonias-de-grados-publicos-de-la-universidad-de-caldas-en-diferentes-municipios-del-departamento\\\/\",\"name\":\"Se acercan las ceremonias de Grados P\u00fablicos de la Universidad de Caldas en diferentes municipios del Departamento .\",\"isPartOf\":{\"@id\":\"https:\\\/\\\/www.ucaldas.edu.co\\\/portal\\\/#website\"},\"primaryImageOfPage\":{\"@id\":\"https:\\\/\\\/www.ucaldas.edu.co\\\/portal\\\/se-acercan-las-ceremonias-de-grados-publicos-de-la-universidad-de-caldas-en-diferentes-municipios-del-departamento\\\/#primaryimage\"},\"image\":{\"@id\":\"https:\\\/\\\/www.ucaldas.edu.co\\\/portal\\\/se-acercan-las-ceremonias-de-grados-publicos-de-la-universidad-de-caldas-en-diferentes-municipios-del-departamento\\\/#primaryimage\"},\"thumbnailUrl\":\"https:\\\/\\\/www.ucaldas.edu.co\\\/portal\\\/wp-content\\\/uploads\\\/2024\\\/03\\\/grados.jpg\",\"datePublished\":\"2024-03-13T16:11:57+00:00\",\"breadcrumb\":{\"@id\":\"https:\\\/\\\/www.ucaldas.edu.co\\\/portal\\\/se-acercan-las-ceremonias-de-grados-publicos-de-la-universidad-de-caldas-en-diferentes-municipios-del-departamento\\\/#breadcrumb\"},\"inLanguage\":\"es\",\"potentialAction\":[{\"@type\":\"ReadAction\",\"target\":[\"https:\\\/\\\/www.ucaldas.edu.co\\\/portal\\\/se-acercan-las-ceremonias-de-grados-publicos-de-la-universidad-de-caldas-en-diferentes-municipios-del-departamento\\\/\"]}]},{\"@type\":\"ImageObject\",\"inLanguage\":\"es\",\"@id\":\"https:\\\/\\\/www.ucaldas.edu.co\\\/portal\\\/se-acercan-las-ceremonias-de-grados-publicos-de-la-universidad-de-caldas-en-diferentes-municipios-del-departamento\\\/#primaryimage\",\"url\":\"https:\\\/\\\/www.ucaldas.edu.co\\\/portal\\\/wp-content\\\/uploads\\\/2024\\\/03\\\/grados.jpg\",\"contentUrl\":\"https:\\\/\\\/www.ucaldas.edu.co\\\/portal\\\/wp-content\\\/uploads\\\/2024\\\/03\\\/grados.jpg\",\"width\":900,\"height\":510,\"caption\":\"imagen promocional ceremonia de grados\"},{\"@type\":\"BreadcrumbList\",\"@id\":\"https:\\\/\\\/www.ucaldas.edu.co\\\/portal\\\/se-acercan-las-ceremonias-de-grados-publicos-de-la-universidad-de-caldas-en-diferentes-municipios-del-departamento\\\/#breadcrumb\",\"itemListElement\":[{\"@type\":\"ListItem\",\"position\":1,\"name\":\"Portada\",\"item\":\"https:\\\/\\\/www.ucaldas.edu.co\\\/portal\\\/\"},{\"@type\":\"ListItem\",\"position\":2,\"name\":\"Se acercan las ceremonias de Grados P\u00fablicos de la Universidad de Caldas en diferentes municipios del Departamento\"}]},{\"@type\":\"WebSite\",\"@id\":\"https:\\\/\\\/www.ucaldas.edu.co\\\/portal\\\/#website\",\"url\":\"https:\\\/\\\/www.ucaldas.edu.co\\\/portal\\\/\",\"name\":\"Universidad de Caldas\",\"description\":\"\",\"publisher\":{\"@id\":\"https:\\\/\\\/www.ucaldas.edu.co\\\/portal\\\/#organization\"},\"alternateName\":\"U. de Caldas\",\"potentialAction\":[{\"@type\":\"SearchAction\",\"target\":{\"@type\":\"EntryPoint\",\"urlTemplate\":\"https:\\\/\\\/www.ucaldas.edu.co\\\/portal\\\/?s={search_term_string}\"},\"query-input\":{\"@type\":\"PropertyValueSpecification\",\"valueRequired\":true,\"valueName\":\"search_term_string\"}}],\"inLanguage\":\"es\"},{\"@type\":\"Organization\",\"@id\":\"https:\\\/\\\/www.ucaldas.edu.co\\\/portal\\\/#organization\",\"name\":\"Universidad de Caldas\",\"alternateName\":\"U. de Caldas\",\"url\":\"https:\\\/\\\/www.ucaldas.edu.co\\\/portal\\\/\",\"logo\":{\"@type\":\"ImageObject\",\"inLanguage\":\"es\",\"@id\":\"https:\\\/\\\/www.ucaldas.edu.co\\\/portal\\\/#\\\/schema\\\/logo\\\/image\\\/\",\"url\":\"https:\\\/\\\/www.ucaldas.edu.co\\\/portal\\\/wp-content\\\/uploads\\\/2023\\\/11\\\/Logo_horizontal_oscuroU-2023.png\",\"contentUrl\":\"https:\\\/\\\/www.ucaldas.edu.co\\\/portal\\\/wp-content\\\/uploads\\\/2023\\\/11\\\/Logo_horizontal_oscuroU-2023.png\",\"width\":263,\"height\":101,\"caption\":\"Universidad de Caldas\"},\"image\":{\"@id\":\"https:\\\/\\\/www.ucaldas.edu.co\\\/portal\\\/#\\\/schema\\\/logo\\\/image\\\/\"},\"sameAs\":[\"https:\\\/\\\/www.facebook.com\\\/udecaldas\",\"https:\\\/\\\/x.com\\\/udecaldas\",\"https:\\\/\\\/www.youtube.com\\\/universidadcaldas\",\"https:\\\/\\\/www.instagram.com\\\/udecaldas\\\/\"]},{\"@type\":\"Person\",\"@id\":\"https:\\\/\\\/www.ucaldas.edu.co\\\/portal\\\/#\\\/schema\\\/person\\\/a1b482e23449158b4bc319926c074fdf\",\"name\":\"ofiprensa\",\"image\":{\"@type\":\"ImageObject\",\"inLanguage\":\"es\",\"@id\":\"https:\\\/\\\/www.ucaldas.edu.co\\\/portal\\\/wp-content\\\/litespeed\\\/avatar\\\/09ea5085e600095a7a811142c6944527.jpg?ver=1777497608\",\"url\":\"https:\\\/\\\/www.ucaldas.edu.co\\\/portal\\\/wp-content\\\/litespeed\\\/avatar\\\/09ea5085e600095a7a811142c6944527.jpg?ver=1777497608\",\"contentUrl\":\"https:\\\/\\\/www.ucaldas.edu.co\\\/portal\\\/wp-content\\\/litespeed\\\/avatar\\\/09ea5085e600095a7a811142c6944527.jpg?ver=1777497608\",\"caption\":\"ofiprensa\"},\"url\":\"https:\\\/\\\/www.ucaldas.edu.co\\\/portal\\\/author\\\/ofiprensa\\\/\"}]}<\/script>\n<!-- \/ Yoast SEO plugin. -->","yoast_head_json":{"title":"Se acercan las ceremonias de Grados P\u00fablicos de la Universidad de Caldas en diferentes municipios del Departamento .","robots":{"index":"index","follow":"follow","max-snippet":"max-snippet:-1","max-image-preview":"max-image-preview:large","max-video-preview":"max-video-preview:-1"},"canonical":"https:\/\/www.ucaldas.edu.co\/portal\/se-acercan-las-ceremonias-de-grados-publicos-de-la-universidad-de-caldas-en-diferentes-municipios-del-departamento\/","schema":{"@context":"https:\/\/schema.org","@graph":[{"@type":"Article","@id":"https:\/\/www.ucaldas.edu.co\/portal\/se-acercan-las-ceremonias-de-grados-publicos-de-la-universidad-de-caldas-en-diferentes-municipios-del-departamento\/#article","isPartOf":{"@id":"https:\/\/www.ucaldas.edu.co\/portal\/se-acercan-las-ceremonias-de-grados-publicos-de-la-universidad-de-caldas-en-diferentes-municipios-del-departamento\/"},"author":{"name":"ofiprensa","@id":"https:\/\/www.ucaldas.edu.co\/portal\/#\/schema\/person\/a1b482e23449158b4bc319926c074fdf"},"headline":"Se acercan las ceremonias de Grados P\u00fablicos de la Universidad de Caldas en diferentes municipios del Departamento","datePublished":"2024-03-13T16:11:57+00:00","mainEntityOfPage":{"@id":"https:\/\/www.ucaldas.edu.co\/portal\/se-acercan-las-ceremonias-de-grados-publicos-de-la-universidad-de-caldas-en-diferentes-municipios-del-departamento\/"},"wordCount":242,"publisher":{"@id":"https:\/\/www.ucaldas.edu.co\/portal\/#organization"},"image":{"@id":"https:\/\/www.ucaldas.edu.co\/portal\/se-acercan-las-ceremonias-de-grados-publicos-de-la-universidad-de-caldas-en-diferentes-municipios-del-departamento\/#primaryimage"},"thumbnailUrl":"https:\/\/www.ucaldas.edu.co\/portal\/wp-content\/uploads\/2024\/03\/grados.jpg","keywords":["grados"],"articleSection":["Actualidad","Universidad al D\u00eda","UCaldas Regional"],"inLanguage":"es"},{"@type":"WebPage","@id":"https:\/\/www.ucaldas.edu.co\/portal\/se-acercan-las-ceremonias-de-grados-publicos-de-la-universidad-de-caldas-en-diferentes-municipios-del-departamento\/","url":"https:\/\/www.ucaldas.edu.co\/portal\/se-acercan-las-ceremonias-de-grados-publicos-de-la-universidad-de-caldas-en-diferentes-municipios-del-departamento\/","name":"Se acercan las ceremonias de Grados P\u00fablicos de la Universidad de Caldas en diferentes municipios del Departamento .","isPartOf":{"@id":"https:\/\/www.ucaldas.edu.co\/portal\/#website"},"primaryImageOfPage":{"@id":"https:\/\/www.ucaldas.edu.co\/portal\/se-acercan-las-ceremonias-de-grados-publicos-de-la-universidad-de-caldas-en-diferentes-municipios-del-departamento\/#primaryimage"},"image":{"@id":"https:\/\/www.ucaldas.edu.co\/portal\/se-acercan-las-ceremonias-de-grados-publicos-de-la-universidad-de-caldas-en-diferentes-municipios-del-departamento\/#primaryimage"},"thumbnailUrl":"https:\/\/www.ucaldas.edu.co\/portal\/wp-content\/uploads\/2024\/03\/grados.jpg","datePublished":"2024-03-13T16:11:57+00:00","breadcrumb":{"@id":"https:\/\/www.ucaldas.edu.co\/portal\/se-acercan-las-ceremonias-de-grados-publicos-de-la-universidad-de-caldas-en-diferentes-municipios-del-departamento\/#breadcrumb"},"inLanguage":"es","potentialAction":[{"@type":"ReadAction","target":["https:\/\/www.ucaldas.edu.co\/portal\/se-acercan-las-ceremonias-de-grados-publicos-de-la-universidad-de-caldas-en-diferentes-municipios-del-departamento\/"]}]},{"@type":"ImageObject","inLanguage":"es","@id":"https:\/\/www.ucaldas.edu.co\/portal\/se-acercan-las-ceremonias-de-grados-publicos-de-la-universidad-de-caldas-en-diferentes-municipios-del-departamento\/#primaryimage","url":"https:\/\/www.ucaldas.edu.co\/portal\/wp-content\/uploads\/2024\/03\/grados.jpg","contentUrl":"https:\/\/www.ucaldas.edu.co\/portal\/wp-content\/uploads\/2024\/03\/grados.jpg","width":900,"height":510,"caption":"imagen promocional ceremonia de grados"},{"@type":"BreadcrumbList","@id":"https:\/\/www.ucaldas.edu.co\/portal\/se-acercan-las-ceremonias-de-grados-publicos-de-la-universidad-de-caldas-en-diferentes-municipios-del-departamento\/#breadcrumb","itemListElement":[{"@type":"ListItem","position":1,"name":"Portada","item":"https:\/\/www.ucaldas.edu.co\/portal\/"},{"@type":"ListItem","position":2,"name":"Se acercan las ceremonias de Grados P\u00fablicos de la Universidad de Caldas en diferentes municipios del Departamento"}]},{"@type":"WebSite","@id":"https:\/\/www.ucaldas.edu.co\/portal\/#website","url":"https:\/\/www.ucaldas.edu.co\/portal\/","name":"Universidad de Caldas","description":"","publisher":{"@id":"https:\/\/www.ucaldas.edu.co\/portal\/#organization"},"alternateName":"U. de Caldas","potentialAction":[{"@type":"SearchAction","target":{"@type":"EntryPoint","urlTemplate":"https:\/\/www.ucaldas.edu.co\/portal\/?s={search_term_string}"},"query-input":{"@type":"PropertyValueSpecification","valueRequired":true,"valueName":"search_term_string"}}],"inLanguage":"es"},{"@type":"Organization","@id":"https:\/\/www.ucaldas.edu.co\/portal\/#organization","name":"Universidad de Caldas","alternateName":"U. de Caldas","url":"https:\/\/www.ucaldas.edu.co\/portal\/","logo":{"@type":"ImageObject","inLanguage":"es","@id":"https:\/\/www.ucaldas.edu.co\/portal\/#\/schema\/logo\/image\/","url":"https:\/\/www.ucaldas.edu.co\/portal\/wp-content\/uploads\/2023\/11\/Logo_horizontal_oscuroU-2023.png","contentUrl":"https:\/\/www.ucaldas.edu.co\/portal\/wp-content\/uploads\/2023\/11\/Logo_horizontal_oscuroU-2023.png","width":263,"height":101,"caption":"Universidad de Caldas"},"image":{"@id":"https:\/\/www.ucaldas.edu.co\/portal\/#\/schema\/logo\/image\/"},"sameAs":["https:\/\/www.facebook.com\/udecaldas","https:\/\/x.com\/udecaldas","https:\/\/www.youtube.com\/universidadcaldas","https:\/\/www.instagram.com\/udecaldas\/"]},{"@type":"Person","@id":"https:\/\/www.ucaldas.edu.co\/portal\/#\/schema\/person\/a1b482e23449158b4bc319926c074fdf","name":"ofiprensa","image":{"@type":"ImageObject","inLanguage":"es","@id":"https:\/\/www.ucaldas.edu.co\/portal\/wp-content\/litespeed\/avatar\/09ea5085e600095a7a811142c6944527.jpg?ver=1777497608","url":"https:\/\/www.ucaldas.edu.co\/portal\/wp-content\/litespeed\/avatar\/09ea5085e600095a7a811142c6944527.jpg?ver=1777497608","contentUrl":"https:\/\/www.ucaldas.edu.co\/portal\/wp-content\/litespeed\/avatar\/09ea5085e600095a7a811142c6944527.jpg?ver=1777497608","caption":"ofiprensa"},"url":"https:\/\/www.ucaldas.edu.co\/portal\/author\/ofiprensa\/"}]}},"_links":{"self":[{"href":"https:\/\/www.ucaldas.edu.co\/portal\/wp-json\/wp\/v2\/posts\/79587","targetHints":{"allow":["GET"]}}],"collection":[{"href":"https:\/\/www.ucaldas.edu.co\/portal\/wp-json\/wp\/v2\/posts"}],"about":[{"href":"https:\/\/www.ucaldas.edu.co\/portal\/wp-json\/wp\/v2\/types\/post"}],"author":[{"embeddable":true,"href":"https:\/\/www.ucaldas.edu.co\/portal\/wp-json\/wp\/v2\/users\/2"}],"replies":[{"embeddable":true,"href":"https:\/\/www.ucaldas.edu.co\/portal\/wp-json\/wp\/v2\/comments?post=79587"}],"version-history":[{"count":0,"href":"https:\/\/www.ucaldas.edu.co\/portal\/wp-json\/wp\/v2\/posts\/79587\/revisions"}],"wp:featuredmedia":[{"embeddable":true,"href":"https:\/\/www.ucaldas.edu.co\/portal\/wp-json\/wp\/v2\/media\/79588"}],"wp:attachment":[{"href":"https:\/\/www.ucaldas.edu.co\/portal\/wp-json\/wp\/v2\/media?parent=79587"}],"wp:term":[{"taxonomy":"category","embeddable":true,"href":"https:\/\/www.ucaldas.edu.co\/portal\/wp-json\/wp\/v2\/categories?post=79587"},{"taxonomy":"post_tag","embeddable":true,"href":"https:\/\/www.ucaldas.edu.co\/portal\/wp-json\/wp\/v2\/tags?post=79587"}],"curies":[{"name":"wp","href":"https:\/\/api.w.org\/{rel}","templated":true}]}}