{"id":79516,"date":"2024-03-11T16:21:51","date_gmt":"2024-03-11T21:21:51","guid":{"rendered":"https:\/\/www.ucaldas.edu.co\/portal\/?p=79516"},"modified":"2024-03-11T16:21:51","modified_gmt":"2024-03-11T21:21:51","slug":"mision-academica-de-la-universidad-de-princeton-visita-la-universidad-de-caldas","status":"publish","type":"post","link":"https:\/\/www.ucaldas.edu.co\/portal\/mision-academica-de-la-universidad-de-princeton-visita-la-universidad-de-caldas\/","title":{"rendered":"Misi\u00f3n Acad\u00e9mica de la Universidad de Princeton visita la Universidad de Caldas"},"content":{"rendered":"<p><img loading=\"lazy\" decoding=\"async\" class=\"aligncenter size-full wp-image-79517\" src=\"https:\/\/www.ucaldas.edu.co\/portal\/wp-content\/uploads\/2024\/03\/princeton.jpg\" alt=\"estudiantes internacionales en la u de caldas\" width=\"900\" height=\"510\" srcset=\"https:\/\/www.ucaldas.edu.co\/portal\/wp-content\/uploads\/2024\/03\/princeton.jpg 900w, https:\/\/www.ucaldas.edu.co\/portal\/wp-content\/uploads\/2024\/03\/princeton-300x170.jpg 300w, https:\/\/www.ucaldas.edu.co\/portal\/wp-content\/uploads\/2024\/03\/princeton-768x435.jpg 768w\" sizes=\"auto, (max-width: 900px) 100vw, 900px\" \/><\/p>\n<p>Directivas de la Universidad de Caldas, en cabeza del Rector, Fabio Hernando Arias Orozco, recibieron la visita de estudiantes y docentes de la Universidad de Princeton, como parte de la Misi\u00f3n Acad\u00e9mica y Cultural del proyecto \u201cALYMON-International Language Learning\u201d, del cual hace parte el Departamento de Lenguas Extranjeras de la Instituci\u00f3n.<!--more--><\/p>\n<p>El objetivo de la Misi\u00f3n es fortalecer el trabajo conjunto y la interacci\u00f3n socioling\u00fc\u00edstica, cultural y acad\u00e9mica entre los estudiantes de espa\u00f1ol e ingl\u00e9s del \u00e1rea de medicina de ambas instituciones; que hasta la fecha han trabajado en conjunto de manera virtual. Tambi\u00e9n se busca que los estudiantes de la universidad estadounidense conozcan aspectos acad\u00e9micos de la Facultad de Ciencias para la Salud, mientras interact\u00faan con sus compa\u00f1eros en ambos idiomas.<\/p>\n<p>Una de las docentes de la Universidad de Princeton, Paloma Moscard\u00f3 Vall\u00e9s, explic\u00f3 que la idea es que los j\u00f3venes conozcan c\u00f3mo se estudia medicina en otros pa\u00edses y sus sistemas de salud, puesto que en el futuro ser\u00e1n doctores y se hace fundamental fortalecer aspectos como la empat\u00eda con los pacientes, en este caso con personas de habla hispana, siendo Estados Unidos un pa\u00eds con gran cantidad de migrantes latinos.<\/p>\n<p>La Universidad de Princeton es reconocida como una de las m\u00e1s prestigiosas universidades del mundo, con siete nominaciones consecutivas al primer puesto por la revista US News &amp; World Report, reconocida publicaci\u00f3n que clasifica a las mejores universidades, las mejores escuelas de posgrado y los mejores hospitales.<\/p>\n<p>Colby McArthur, estudiante invitado de la Universidad de Princeton, manifiesta que hasta el momento ha sido una experiencia enriquecedora y muy agradable, que le ha permitido conocer m\u00e1s sobre el sistema de salud colombiano y experimentar m\u00e1s a fondo la cultura colombiana.<\/p>\n<p>La agenda para la visita incluye actividades acad\u00e9micas como asistencia a clases te\u00f3ricas, participaci\u00f3n en conferencias, recorrido por la Facultad de Ciencias para la Salud, y una visita de campo a Villamar\u00eda para conocer el Semillero\u00a0 de Investigaci\u00f3n \u201cEl Buen Vivir\u201d. Por otro lado, ser\u00e1n incluidas actividades culturales como recorrido por una finca cafetera, visita al Recinto del Pensamiento, el Centro hist\u00f3rico de Manizales y Rio Blanco.<\/p>\n<p><strong><em>Otros eventos internacionales en la Universidad de Caldas<\/em><\/strong><\/p>\n<p>Esta semana tambi\u00e9n se desarrollar\u00e1 el encuentro Internacional \u201cR\u00edos en Movimiento\u201d, del 12 al 15 de marzo, que contar\u00e1 con la visita de la Wageningen University &amp; Research de Pa\u00edses Bajos, donde se abordar\u00e1n temas relacionados con la defensa y el cuidado de los r\u00edos. <strong><a href=\"https:\/\/www.ucaldas.edu.co\/portal\/universidad-de-caldas-sede-del-encuentro-internacional-rios-en-movimiento\/\">Conozca m\u00e1s aqu\u00ed.<\/a><\/strong><\/p>\n<p>Por otro parte, del 14 al 19 de marzo, la Universidad de Caldas recibe la visita de tres estudiantes investigadores de la SUNY Oneonta &#8211; The State University of New York, y de la directora de la Oficina de Educaci\u00f3n Global de la mencionada instituci\u00f3n, con el objetivo de realizar entrevistas a profesores, visitas a barrios y trabajo de campo con oficinas municipales en temas relacionados con biling\u00fcismo, pol\u00edticas p\u00fablicas, cambio clim\u00e1tico y ciudades sostenibles. Tambi\u00e9n presentar\u00e1n a la comunidad universitaria una conferencia sobre las comunidades latinas en Nueva York.<\/p>\n<p><strong>Anexo:<\/strong><\/p>\n<p><a href=\"https:\/\/www.ucaldas.edu.co\/portal\/wp-content\/uploads\/2024\/03\/Docente-Universidad-de-Princeton-Paloma-Moscardo-Valles.mp3\"><strong>Audio Docente Universidad de Princeton, Paloma Moscard\u00f3 Vall\u00e9s.<\/strong><\/a><\/p>\n<audio class=\"wp-audio-shortcode\" id=\"audio-79516-1\" preload=\"none\" style=\"width: 100%;\" controls=\"controls\"><source type=\"audio\/mpeg\" src=\"https:\/\/www.ucaldas.edu.co\/portal\/wp-content\/uploads\/2024\/03\/Docente-Universidad-de-Princeton-Paloma-Moscardo-Valles.mp3?_=1\" \/><a href=\"https:\/\/www.ucaldas.edu.co\/portal\/wp-content\/uploads\/2024\/03\/Docente-Universidad-de-Princeton-Paloma-Moscardo-Valles.mp3\">https:\/\/www.ucaldas.edu.co\/portal\/wp-content\/uploads\/2024\/03\/Docente-Universidad-de-Princeton-Paloma-Moscardo-Valles.mp3<\/a><\/audio>\n<p><a href=\"https:\/\/www.ucaldas.edu.co\/portal\/wp-content\/uploads\/2024\/03\/Estudiante-Universidad-de-Princeton-Colby-McArthur.mp3\"><strong>Audio Estudiante Universidad de Princeton, Colby McArthur.<\/strong><\/a><\/p>\n<audio class=\"wp-audio-shortcode\" id=\"audio-79516-2\" preload=\"none\" style=\"width: 100%;\" controls=\"controls\"><source type=\"audio\/mpeg\" src=\"https:\/\/www.ucaldas.edu.co\/portal\/wp-content\/uploads\/2024\/03\/Estudiante-Universidad-de-Princeton-Colby-McArthur.mp3?_=2\" \/><a href=\"https:\/\/www.ucaldas.edu.co\/portal\/wp-content\/uploads\/2024\/03\/Estudiante-Universidad-de-Princeton-Colby-McArthur.mp3\">https:\/\/www.ucaldas.edu.co\/portal\/wp-content\/uploads\/2024\/03\/Estudiante-Universidad-de-Princeton-Colby-McArthur.mp3<\/a><\/audio>\n<p><a href=\"https:\/\/www.ucaldas.edu.co\/portal\/wp-content\/uploads\/2024\/03\/Jefe-Oficina-de-Internacionalizacion-Margarita-Lopez-Pinzon.mp3\"><strong>Audio Jefe Oficina de Internacionalizaci\u00f3n, Margarita L\u00f3pez Pinz\u00f3n.<\/strong><\/a><\/p>\n<audio class=\"wp-audio-shortcode\" id=\"audio-79516-3\" preload=\"none\" style=\"width: 100%;\" controls=\"controls\"><source type=\"audio\/mpeg\" src=\"https:\/\/www.ucaldas.edu.co\/portal\/wp-content\/uploads\/2024\/03\/Jefe-Oficina-de-Internacionalizacion-Margarita-Lopez-Pinzon.mp3?_=3\" \/><a href=\"https:\/\/www.ucaldas.edu.co\/portal\/wp-content\/uploads\/2024\/03\/Jefe-Oficina-de-Internacionalizacion-Margarita-Lopez-Pinzon.mp3\">https:\/\/www.ucaldas.edu.co\/portal\/wp-content\/uploads\/2024\/03\/Jefe-Oficina-de-Internacionalizacion-Margarita-Lopez-Pinzon.mp3<\/a><\/audio>\n","protected":false},"excerpt":{"rendered":"<p>Directivas de la Universidad de Caldas, en cabeza del Rector, Fabio Hernando Arias Orozco, recibieron la visita de estudiantes y docentes de la Universidad de Princeton, como parte de la Misi\u00f3n Acad\u00e9mica y Cultural del proyecto \u201cALYMON-International Language Learning\u201d, del cual hace parte el Departamento de Lenguas Extranjeras de la Instituci\u00f3n.<\/p>\n","protected":false},"author":2,"featured_media":79517,"comment_status":"closed","ping_status":"open","sticky":false,"template":"","format":"standard","meta":{"footnotes":""},"categories":[48,53,614],"tags":[2595],"class_list":["post-79516","post","type-post","status-publish","format-standard","has-post-thumbnail","hentry","category-actualidad","category-universidad-al-dia","category-ucaldas-internacional","tag-visita-internacional"],"yoast_head":"<!-- This site is optimized with the Yoast SEO plugin v27.5 - https:\/\/yoast.com\/product\/yoast-seo-wordpress\/ -->\n<title>Misi\u00f3n Acad\u00e9mica de la Universidad de Princeton visita la Universidad de Caldas .<\/title>\n<meta name=\"robots\" content=\"index, follow, max-snippet:-1, max-image-preview:large, max-video-preview:-1\" \/>\n<link rel=\"canonical\" href=\"https:\/\/www.ucaldas.edu.co\/portal\/mision-academica-de-la-universidad-de-princeton-visita-la-universidad-de-caldas\/\" \/>\n<script type=\"application\/ld+json\" class=\"yoast-schema-graph\">{\"@context\":\"https:\\\/\\\/schema.org\",\"@graph\":[{\"@type\":\"Article\",\"@id\":\"https:\\\/\\\/www.ucaldas.edu.co\\\/portal\\\/mision-academica-de-la-universidad-de-princeton-visita-la-universidad-de-caldas\\\/#article\",\"isPartOf\":{\"@id\":\"https:\\\/\\\/www.ucaldas.edu.co\\\/portal\\\/mision-academica-de-la-universidad-de-princeton-visita-la-universidad-de-caldas\\\/\"},\"author\":{\"name\":\"ofiprensa\",\"@id\":\"https:\\\/\\\/www.ucaldas.edu.co\\\/portal\\\/#\\\/schema\\\/person\\\/a1b482e23449158b4bc319926c074fdf\"},\"headline\":\"Misi\u00f3n Acad\u00e9mica de la Universidad de Princeton visita la Universidad de Caldas\",\"datePublished\":\"2024-03-11T21:21:51+00:00\",\"mainEntityOfPage\":{\"@id\":\"https:\\\/\\\/www.ucaldas.edu.co\\\/portal\\\/mision-academica-de-la-universidad-de-princeton-visita-la-universidad-de-caldas\\\/\"},\"wordCount\":617,\"publisher\":{\"@id\":\"https:\\\/\\\/www.ucaldas.edu.co\\\/portal\\\/#organization\"},\"image\":{\"@id\":\"https:\\\/\\\/www.ucaldas.edu.co\\\/portal\\\/mision-academica-de-la-universidad-de-princeton-visita-la-universidad-de-caldas\\\/#primaryimage\"},\"thumbnailUrl\":\"https:\\\/\\\/www.ucaldas.edu.co\\\/portal\\\/wp-content\\\/uploads\\\/2024\\\/03\\\/princeton.jpg\",\"keywords\":[\"visita internacional\"],\"articleSection\":[\"Actualidad\",\"Universidad al D\u00eda\",\"Ucaldas Internacional\"],\"inLanguage\":\"es\"},{\"@type\":\"WebPage\",\"@id\":\"https:\\\/\\\/www.ucaldas.edu.co\\\/portal\\\/mision-academica-de-la-universidad-de-princeton-visita-la-universidad-de-caldas\\\/\",\"url\":\"https:\\\/\\\/www.ucaldas.edu.co\\\/portal\\\/mision-academica-de-la-universidad-de-princeton-visita-la-universidad-de-caldas\\\/\",\"name\":\"Misi\u00f3n Acad\u00e9mica de la Universidad de Princeton visita la Universidad de Caldas .\",\"isPartOf\":{\"@id\":\"https:\\\/\\\/www.ucaldas.edu.co\\\/portal\\\/#website\"},\"primaryImageOfPage\":{\"@id\":\"https:\\\/\\\/www.ucaldas.edu.co\\\/portal\\\/mision-academica-de-la-universidad-de-princeton-visita-la-universidad-de-caldas\\\/#primaryimage\"},\"image\":{\"@id\":\"https:\\\/\\\/www.ucaldas.edu.co\\\/portal\\\/mision-academica-de-la-universidad-de-princeton-visita-la-universidad-de-caldas\\\/#primaryimage\"},\"thumbnailUrl\":\"https:\\\/\\\/www.ucaldas.edu.co\\\/portal\\\/wp-content\\\/uploads\\\/2024\\\/03\\\/princeton.jpg\",\"datePublished\":\"2024-03-11T21:21:51+00:00\",\"breadcrumb\":{\"@id\":\"https:\\\/\\\/www.ucaldas.edu.co\\\/portal\\\/mision-academica-de-la-universidad-de-princeton-visita-la-universidad-de-caldas\\\/#breadcrumb\"},\"inLanguage\":\"es\",\"potentialAction\":[{\"@type\":\"ReadAction\",\"target\":[\"https:\\\/\\\/www.ucaldas.edu.co\\\/portal\\\/mision-academica-de-la-universidad-de-princeton-visita-la-universidad-de-caldas\\\/\"]}]},{\"@type\":\"ImageObject\",\"inLanguage\":\"es\",\"@id\":\"https:\\\/\\\/www.ucaldas.edu.co\\\/portal\\\/mision-academica-de-la-universidad-de-princeton-visita-la-universidad-de-caldas\\\/#primaryimage\",\"url\":\"https:\\\/\\\/www.ucaldas.edu.co\\\/portal\\\/wp-content\\\/uploads\\\/2024\\\/03\\\/princeton.jpg\",\"contentUrl\":\"https:\\\/\\\/www.ucaldas.edu.co\\\/portal\\\/wp-content\\\/uploads\\\/2024\\\/03\\\/princeton.jpg\",\"width\":900,\"height\":510,\"caption\":\"estudiantes internacionales en la u de caldas\"},{\"@type\":\"BreadcrumbList\",\"@id\":\"https:\\\/\\\/www.ucaldas.edu.co\\\/portal\\\/mision-academica-de-la-universidad-de-princeton-visita-la-universidad-de-caldas\\\/#breadcrumb\",\"itemListElement\":[{\"@type\":\"ListItem\",\"position\":1,\"name\":\"Portada\",\"item\":\"https:\\\/\\\/www.ucaldas.edu.co\\\/portal\\\/\"},{\"@type\":\"ListItem\",\"position\":2,\"name\":\"Misi\u00f3n Acad\u00e9mica de la Universidad de Princeton visita la Universidad de Caldas\"}]},{\"@type\":\"WebSite\",\"@id\":\"https:\\\/\\\/www.ucaldas.edu.co\\\/portal\\\/#website\",\"url\":\"https:\\\/\\\/www.ucaldas.edu.co\\\/portal\\\/\",\"name\":\"Universidad de Caldas\",\"description\":\"\",\"publisher\":{\"@id\":\"https:\\\/\\\/www.ucaldas.edu.co\\\/portal\\\/#organization\"},\"alternateName\":\"U. de Caldas\",\"potentialAction\":[{\"@type\":\"SearchAction\",\"target\":{\"@type\":\"EntryPoint\",\"urlTemplate\":\"https:\\\/\\\/www.ucaldas.edu.co\\\/portal\\\/?s={search_term_string}\"},\"query-input\":{\"@type\":\"PropertyValueSpecification\",\"valueRequired\":true,\"valueName\":\"search_term_string\"}}],\"inLanguage\":\"es\"},{\"@type\":\"Organization\",\"@id\":\"https:\\\/\\\/www.ucaldas.edu.co\\\/portal\\\/#organization\",\"name\":\"Universidad de Caldas\",\"alternateName\":\"U. de Caldas\",\"url\":\"https:\\\/\\\/www.ucaldas.edu.co\\\/portal\\\/\",\"logo\":{\"@type\":\"ImageObject\",\"inLanguage\":\"es\",\"@id\":\"https:\\\/\\\/www.ucaldas.edu.co\\\/portal\\\/#\\\/schema\\\/logo\\\/image\\\/\",\"url\":\"https:\\\/\\\/www.ucaldas.edu.co\\\/portal\\\/wp-content\\\/uploads\\\/2023\\\/11\\\/Logo_horizontal_oscuroU-2023.png\",\"contentUrl\":\"https:\\\/\\\/www.ucaldas.edu.co\\\/portal\\\/wp-content\\\/uploads\\\/2023\\\/11\\\/Logo_horizontal_oscuroU-2023.png\",\"width\":263,\"height\":101,\"caption\":\"Universidad de Caldas\"},\"image\":{\"@id\":\"https:\\\/\\\/www.ucaldas.edu.co\\\/portal\\\/#\\\/schema\\\/logo\\\/image\\\/\"},\"sameAs\":[\"https:\\\/\\\/www.facebook.com\\\/udecaldas\",\"https:\\\/\\\/x.com\\\/udecaldas\",\"https:\\\/\\\/www.youtube.com\\\/universidadcaldas\",\"https:\\\/\\\/www.instagram.com\\\/udecaldas\\\/\"]},{\"@type\":\"Person\",\"@id\":\"https:\\\/\\\/www.ucaldas.edu.co\\\/portal\\\/#\\\/schema\\\/person\\\/a1b482e23449158b4bc319926c074fdf\",\"name\":\"ofiprensa\",\"image\":{\"@type\":\"ImageObject\",\"inLanguage\":\"es\",\"@id\":\"https:\\\/\\\/www.ucaldas.edu.co\\\/portal\\\/wp-content\\\/litespeed\\\/avatar\\\/09ea5085e600095a7a811142c6944527.jpg?ver=1777497608\",\"url\":\"https:\\\/\\\/www.ucaldas.edu.co\\\/portal\\\/wp-content\\\/litespeed\\\/avatar\\\/09ea5085e600095a7a811142c6944527.jpg?ver=1777497608\",\"contentUrl\":\"https:\\\/\\\/www.ucaldas.edu.co\\\/portal\\\/wp-content\\\/litespeed\\\/avatar\\\/09ea5085e600095a7a811142c6944527.jpg?ver=1777497608\",\"caption\":\"ofiprensa\"},\"url\":\"https:\\\/\\\/www.ucaldas.edu.co\\\/portal\\\/author\\\/ofiprensa\\\/\"}]}<\/script>\n<!-- \/ Yoast SEO plugin. -->","yoast_head_json":{"title":"Misi\u00f3n Acad\u00e9mica de la Universidad de Princeton visita la Universidad de Caldas .","robots":{"index":"index","follow":"follow","max-snippet":"max-snippet:-1","max-image-preview":"max-image-preview:large","max-video-preview":"max-video-preview:-1"},"canonical":"https:\/\/www.ucaldas.edu.co\/portal\/mision-academica-de-la-universidad-de-princeton-visita-la-universidad-de-caldas\/","schema":{"@context":"https:\/\/schema.org","@graph":[{"@type":"Article","@id":"https:\/\/www.ucaldas.edu.co\/portal\/mision-academica-de-la-universidad-de-princeton-visita-la-universidad-de-caldas\/#article","isPartOf":{"@id":"https:\/\/www.ucaldas.edu.co\/portal\/mision-academica-de-la-universidad-de-princeton-visita-la-universidad-de-caldas\/"},"author":{"name":"ofiprensa","@id":"https:\/\/www.ucaldas.edu.co\/portal\/#\/schema\/person\/a1b482e23449158b4bc319926c074fdf"},"headline":"Misi\u00f3n Acad\u00e9mica de la Universidad de Princeton visita la Universidad de Caldas","datePublished":"2024-03-11T21:21:51+00:00","mainEntityOfPage":{"@id":"https:\/\/www.ucaldas.edu.co\/portal\/mision-academica-de-la-universidad-de-princeton-visita-la-universidad-de-caldas\/"},"wordCount":617,"publisher":{"@id":"https:\/\/www.ucaldas.edu.co\/portal\/#organization"},"image":{"@id":"https:\/\/www.ucaldas.edu.co\/portal\/mision-academica-de-la-universidad-de-princeton-visita-la-universidad-de-caldas\/#primaryimage"},"thumbnailUrl":"https:\/\/www.ucaldas.edu.co\/portal\/wp-content\/uploads\/2024\/03\/princeton.jpg","keywords":["visita internacional"],"articleSection":["Actualidad","Universidad al D\u00eda","Ucaldas Internacional"],"inLanguage":"es"},{"@type":"WebPage","@id":"https:\/\/www.ucaldas.edu.co\/portal\/mision-academica-de-la-universidad-de-princeton-visita-la-universidad-de-caldas\/","url":"https:\/\/www.ucaldas.edu.co\/portal\/mision-academica-de-la-universidad-de-princeton-visita-la-universidad-de-caldas\/","name":"Misi\u00f3n Acad\u00e9mica de la Universidad de Princeton visita la Universidad de Caldas .","isPartOf":{"@id":"https:\/\/www.ucaldas.edu.co\/portal\/#website"},"primaryImageOfPage":{"@id":"https:\/\/www.ucaldas.edu.co\/portal\/mision-academica-de-la-universidad-de-princeton-visita-la-universidad-de-caldas\/#primaryimage"},"image":{"@id":"https:\/\/www.ucaldas.edu.co\/portal\/mision-academica-de-la-universidad-de-princeton-visita-la-universidad-de-caldas\/#primaryimage"},"thumbnailUrl":"https:\/\/www.ucaldas.edu.co\/portal\/wp-content\/uploads\/2024\/03\/princeton.jpg","datePublished":"2024-03-11T21:21:51+00:00","breadcrumb":{"@id":"https:\/\/www.ucaldas.edu.co\/portal\/mision-academica-de-la-universidad-de-princeton-visita-la-universidad-de-caldas\/#breadcrumb"},"inLanguage":"es","potentialAction":[{"@type":"ReadAction","target":["https:\/\/www.ucaldas.edu.co\/portal\/mision-academica-de-la-universidad-de-princeton-visita-la-universidad-de-caldas\/"]}]},{"@type":"ImageObject","inLanguage":"es","@id":"https:\/\/www.ucaldas.edu.co\/portal\/mision-academica-de-la-universidad-de-princeton-visita-la-universidad-de-caldas\/#primaryimage","url":"https:\/\/www.ucaldas.edu.co\/portal\/wp-content\/uploads\/2024\/03\/princeton.jpg","contentUrl":"https:\/\/www.ucaldas.edu.co\/portal\/wp-content\/uploads\/2024\/03\/princeton.jpg","width":900,"height":510,"caption":"estudiantes internacionales en la u de caldas"},{"@type":"BreadcrumbList","@id":"https:\/\/www.ucaldas.edu.co\/portal\/mision-academica-de-la-universidad-de-princeton-visita-la-universidad-de-caldas\/#breadcrumb","itemListElement":[{"@type":"ListItem","position":1,"name":"Portada","item":"https:\/\/www.ucaldas.edu.co\/portal\/"},{"@type":"ListItem","position":2,"name":"Misi\u00f3n Acad\u00e9mica de la Universidad de Princeton visita la Universidad de Caldas"}]},{"@type":"WebSite","@id":"https:\/\/www.ucaldas.edu.co\/portal\/#website","url":"https:\/\/www.ucaldas.edu.co\/portal\/","name":"Universidad de Caldas","description":"","publisher":{"@id":"https:\/\/www.ucaldas.edu.co\/portal\/#organization"},"alternateName":"U. de Caldas","potentialAction":[{"@type":"SearchAction","target":{"@type":"EntryPoint","urlTemplate":"https:\/\/www.ucaldas.edu.co\/portal\/?s={search_term_string}"},"query-input":{"@type":"PropertyValueSpecification","valueRequired":true,"valueName":"search_term_string"}}],"inLanguage":"es"},{"@type":"Organization","@id":"https:\/\/www.ucaldas.edu.co\/portal\/#organization","name":"Universidad de Caldas","alternateName":"U. de Caldas","url":"https:\/\/www.ucaldas.edu.co\/portal\/","logo":{"@type":"ImageObject","inLanguage":"es","@id":"https:\/\/www.ucaldas.edu.co\/portal\/#\/schema\/logo\/image\/","url":"https:\/\/www.ucaldas.edu.co\/portal\/wp-content\/uploads\/2023\/11\/Logo_horizontal_oscuroU-2023.png","contentUrl":"https:\/\/www.ucaldas.edu.co\/portal\/wp-content\/uploads\/2023\/11\/Logo_horizontal_oscuroU-2023.png","width":263,"height":101,"caption":"Universidad de Caldas"},"image":{"@id":"https:\/\/www.ucaldas.edu.co\/portal\/#\/schema\/logo\/image\/"},"sameAs":["https:\/\/www.facebook.com\/udecaldas","https:\/\/x.com\/udecaldas","https:\/\/www.youtube.com\/universidadcaldas","https:\/\/www.instagram.com\/udecaldas\/"]},{"@type":"Person","@id":"https:\/\/www.ucaldas.edu.co\/portal\/#\/schema\/person\/a1b482e23449158b4bc319926c074fdf","name":"ofiprensa","image":{"@type":"ImageObject","inLanguage":"es","@id":"https:\/\/www.ucaldas.edu.co\/portal\/wp-content\/litespeed\/avatar\/09ea5085e600095a7a811142c6944527.jpg?ver=1777497608","url":"https:\/\/www.ucaldas.edu.co\/portal\/wp-content\/litespeed\/avatar\/09ea5085e600095a7a811142c6944527.jpg?ver=1777497608","contentUrl":"https:\/\/www.ucaldas.edu.co\/portal\/wp-content\/litespeed\/avatar\/09ea5085e600095a7a811142c6944527.jpg?ver=1777497608","caption":"ofiprensa"},"url":"https:\/\/www.ucaldas.edu.co\/portal\/author\/ofiprensa\/"}]}},"_links":{"self":[{"href":"https:\/\/www.ucaldas.edu.co\/portal\/wp-json\/wp\/v2\/posts\/79516","targetHints":{"allow":["GET"]}}],"collection":[{"href":"https:\/\/www.ucaldas.edu.co\/portal\/wp-json\/wp\/v2\/posts"}],"about":[{"href":"https:\/\/www.ucaldas.edu.co\/portal\/wp-json\/wp\/v2\/types\/post"}],"author":[{"embeddable":true,"href":"https:\/\/www.ucaldas.edu.co\/portal\/wp-json\/wp\/v2\/users\/2"}],"replies":[{"embeddable":true,"href":"https:\/\/www.ucaldas.edu.co\/portal\/wp-json\/wp\/v2\/comments?post=79516"}],"version-history":[{"count":0,"href":"https:\/\/www.ucaldas.edu.co\/portal\/wp-json\/wp\/v2\/posts\/79516\/revisions"}],"wp:featuredmedia":[{"embeddable":true,"href":"https:\/\/www.ucaldas.edu.co\/portal\/wp-json\/wp\/v2\/media\/79517"}],"wp:attachment":[{"href":"https:\/\/www.ucaldas.edu.co\/portal\/wp-json\/wp\/v2\/media?parent=79516"}],"wp:term":[{"taxonomy":"category","embeddable":true,"href":"https:\/\/www.ucaldas.edu.co\/portal\/wp-json\/wp\/v2\/categories?post=79516"},{"taxonomy":"post_tag","embeddable":true,"href":"https:\/\/www.ucaldas.edu.co\/portal\/wp-json\/wp\/v2\/tags?post=79516"}],"curies":[{"name":"wp","href":"https:\/\/api.w.org\/{rel}","templated":true}]}}