{"id":79507,"date":"2024-03-11T16:18:48","date_gmt":"2024-03-11T21:18:48","guid":{"rendered":"https:\/\/www.ucaldas.edu.co\/portal\/?p=79507"},"modified":"2024-03-11T16:18:48","modified_gmt":"2024-03-11T21:18:48","slug":"universidad-de-caldas-reconoce-meritos-academicos-en-ceremonia-de-ascensos-docentes","status":"publish","type":"post","link":"https:\/\/www.ucaldas.edu.co\/portal\/universidad-de-caldas-reconoce-meritos-academicos-en-ceremonia-de-ascensos-docentes\/","title":{"rendered":"Universidad de Caldas reconoce m\u00e9ritos acad\u00e9micos en ceremonia de ascensos docentes"},"content":{"rendered":"<p><img loading=\"lazy\" decoding=\"async\" class=\"aligncenter size-full wp-image-79514\" src=\"https:\/\/www.ucaldas.edu.co\/portal\/wp-content\/uploads\/2024\/03\/recono.jpg\" alt=\"docentes reconocidas\" width=\"900\" height=\"510\" srcset=\"https:\/\/www.ucaldas.edu.co\/portal\/wp-content\/uploads\/2024\/03\/recono.jpg 900w, https:\/\/www.ucaldas.edu.co\/portal\/wp-content\/uploads\/2024\/03\/recono-300x170.jpg 300w, https:\/\/www.ucaldas.edu.co\/portal\/wp-content\/uploads\/2024\/03\/recono-768x435.jpg 768w\" sizes=\"auto, (max-width: 900px) 100vw, 900px\" \/><\/p>\n<p>La Rector\u00eda y Vicerrector\u00eda Acad\u00e9mica de la Universidad de Caldas, celebr\u00f3 la ceremonia especial de ascensos en el Escalaf\u00f3n Docente 2022-2023, en la que se reconoci\u00f3 el destacado desempe\u00f1o de mujeres y hombres Docentes en el \u00e1mbito acad\u00e9mico.<!--more--><\/p>\n<p>El evento cont\u00f3 con la presencia de docentes, sus familiares, administrativos, trabajadores oficiales, equipo directivo, decanos, integrantes de los Consejos Superior y Acad\u00e9micos, estudiantes y dem\u00e1s miembros de la comunidad universitaria.<\/p>\n<p>Un aspecto destacado de esta ceremonia fue que por primera vez se realiz\u00f3 el reconocimiento p\u00fablico a Mujeres Destacadas de la Instituci\u00f3n y a los Docentes Ocasionales que han alcanzado el grado tres en el escalaf\u00f3n, un incentivo que busca motivarles a continuar con sus investigaciones y aspirar al grado cuatro<\/p>\n<p>Esta ceremonia represent\u00f3 un momento especial para la comunidad universitaria, en el que se reconoci\u00f3 el esfuerzo y la dedicaci\u00f3n de quienes contribuyen al desarrollo acad\u00e9mico de la Universidad.<\/p>\n<p>As\u00ed las cosas, se entreg\u00f3 Diploma de reconocimiento para 23 Docentes promovidos a la categor\u00eda Asociados, 13 promovidos a la categor\u00eda Titular y como novedad se otorg\u00f3 por primera vez la exaltaci\u00f3n a 15 Docentes Ocasionales que alcanzaron el grado 3 y 11 Mujeres Destacadas por su trayectoria en la Instituci\u00f3n.<\/p>\n<p>Consulte el listado de Docentes que obtuvieron reconocimientos.<\/p>\n<p><strong>Anexo:<\/strong><\/p>\n<p><a href=\"https:\/\/www.ucaldas.edu.co\/portal\/wp-content\/uploads\/2024\/03\/Vicerrector-Academico-German-Gomez-Londono.mp3\"><strong>Audio Vicerrector Acad\u00e9mico, German G\u00f3mez Londo\u00f1o.<\/strong><\/a><\/p>\n<audio class=\"wp-audio-shortcode\" id=\"audio-79507-1\" preload=\"none\" style=\"width: 100%;\" controls=\"controls\"><source type=\"audio\/mpeg\" src=\"https:\/\/www.ucaldas.edu.co\/portal\/wp-content\/uploads\/2024\/03\/Vicerrector-Academico-German-Gomez-Londono.mp3?_=1\" \/><a href=\"https:\/\/www.ucaldas.edu.co\/portal\/wp-content\/uploads\/2024\/03\/Vicerrector-Academico-German-Gomez-Londono.mp3\">https:\/\/www.ucaldas.edu.co\/portal\/wp-content\/uploads\/2024\/03\/Vicerrector-Academico-German-Gomez-Londono.mp3<\/a><\/audio>\n<p><a href=\"https:\/\/www.ucaldas.edu.co\/portal\/wp-content\/uploads\/2024\/03\/Docente-promovido-a-categoria-Asociado-Jhon-Fredy-Rios.mp3\"><strong>Audio Docente promovido a categor\u00eda Asociado, Jhon Fredy R\u00edos.<\/strong><\/a><\/p>\n<audio class=\"wp-audio-shortcode\" id=\"audio-79507-2\" preload=\"none\" style=\"width: 100%;\" controls=\"controls\"><source type=\"audio\/mpeg\" src=\"https:\/\/www.ucaldas.edu.co\/portal\/wp-content\/uploads\/2024\/03\/Docente-promovido-a-categoria-Asociado-Jhon-Fredy-Rios.mp3?_=2\" \/><a href=\"https:\/\/www.ucaldas.edu.co\/portal\/wp-content\/uploads\/2024\/03\/Docente-promovido-a-categoria-Asociado-Jhon-Fredy-Rios.mp3\">https:\/\/www.ucaldas.edu.co\/portal\/wp-content\/uploads\/2024\/03\/Docente-promovido-a-categoria-Asociado-Jhon-Fredy-Rios.mp3<\/a><\/audio>\n<p><a href=\"https:\/\/www.ucaldas.edu.co\/portal\/wp-content\/uploads\/2024\/03\/Docente-Destacada-Liliana-Hurtado-Saenz.mp3\"><strong>Audio Docente Destacada, Liliana Hurtado S\u00e1enz.<\/strong><\/a><\/p>\n<audio class=\"wp-audio-shortcode\" id=\"audio-79507-3\" preload=\"none\" style=\"width: 100%;\" controls=\"controls\"><source type=\"audio\/mpeg\" src=\"https:\/\/www.ucaldas.edu.co\/portal\/wp-content\/uploads\/2024\/03\/Docente-Destacada-Liliana-Hurtado-Saenz.mp3?_=3\" \/><a href=\"https:\/\/www.ucaldas.edu.co\/portal\/wp-content\/uploads\/2024\/03\/Docente-Destacada-Liliana-Hurtado-Saenz.mp3\">https:\/\/www.ucaldas.edu.co\/portal\/wp-content\/uploads\/2024\/03\/Docente-Destacada-Liliana-Hurtado-Saenz.mp3<\/a><\/audio>\n","protected":false},"excerpt":{"rendered":"<p>La Rector\u00eda y Vicerrector\u00eda Acad\u00e9mica de la Universidad de Caldas, celebr\u00f3 la ceremonia especial de ascensos en el Escalaf\u00f3n Docente 2022-2023, en la que se reconoci\u00f3 el destacado desempe\u00f1o de mujeres y hombres Docentes en el \u00e1mbito acad\u00e9mico.<\/p>\n","protected":false},"author":2,"featured_media":79514,"comment_status":"closed","ping_status":"open","sticky":false,"template":"","format":"standard","meta":{"footnotes":""},"categories":[48,53],"tags":[8995],"class_list":["post-79507","post","type-post","status-publish","format-standard","has-post-thumbnail","hentry","category-actualidad","category-universidad-al-dia","tag-reconocimiento-docente"],"yoast_head":"<!-- This site is optimized with the Yoast SEO plugin v27.5 - https:\/\/yoast.com\/product\/yoast-seo-wordpress\/ -->\n<title>Universidad de Caldas reconoce m\u00e9ritos acad\u00e9micos en ceremonia de ascensos docentes .<\/title>\n<meta name=\"robots\" content=\"index, follow, max-snippet:-1, max-image-preview:large, max-video-preview:-1\" \/>\n<link rel=\"canonical\" href=\"https:\/\/www.ucaldas.edu.co\/portal\/universidad-de-caldas-reconoce-meritos-academicos-en-ceremonia-de-ascensos-docentes\/\" \/>\n<script type=\"application\/ld+json\" class=\"yoast-schema-graph\">{\"@context\":\"https:\\\/\\\/schema.org\",\"@graph\":[{\"@type\":\"Article\",\"@id\":\"https:\\\/\\\/www.ucaldas.edu.co\\\/portal\\\/universidad-de-caldas-reconoce-meritos-academicos-en-ceremonia-de-ascensos-docentes\\\/#article\",\"isPartOf\":{\"@id\":\"https:\\\/\\\/www.ucaldas.edu.co\\\/portal\\\/universidad-de-caldas-reconoce-meritos-academicos-en-ceremonia-de-ascensos-docentes\\\/\"},\"author\":{\"name\":\"ofiprensa\",\"@id\":\"https:\\\/\\\/www.ucaldas.edu.co\\\/portal\\\/#\\\/schema\\\/person\\\/a1b482e23449158b4bc319926c074fdf\"},\"headline\":\"Universidad de Caldas reconoce m\u00e9ritos acad\u00e9micos en ceremonia de ascensos docentes\",\"datePublished\":\"2024-03-11T21:18:48+00:00\",\"mainEntityOfPage\":{\"@id\":\"https:\\\/\\\/www.ucaldas.edu.co\\\/portal\\\/universidad-de-caldas-reconoce-meritos-academicos-en-ceremonia-de-ascensos-docentes\\\/\"},\"wordCount\":300,\"publisher\":{\"@id\":\"https:\\\/\\\/www.ucaldas.edu.co\\\/portal\\\/#organization\"},\"image\":{\"@id\":\"https:\\\/\\\/www.ucaldas.edu.co\\\/portal\\\/universidad-de-caldas-reconoce-meritos-academicos-en-ceremonia-de-ascensos-docentes\\\/#primaryimage\"},\"thumbnailUrl\":\"https:\\\/\\\/www.ucaldas.edu.co\\\/portal\\\/wp-content\\\/uploads\\\/2024\\\/03\\\/recono.jpg\",\"keywords\":[\"reconocimiento docente\"],\"articleSection\":[\"Actualidad\",\"Universidad al D\u00eda\"],\"inLanguage\":\"es\"},{\"@type\":\"WebPage\",\"@id\":\"https:\\\/\\\/www.ucaldas.edu.co\\\/portal\\\/universidad-de-caldas-reconoce-meritos-academicos-en-ceremonia-de-ascensos-docentes\\\/\",\"url\":\"https:\\\/\\\/www.ucaldas.edu.co\\\/portal\\\/universidad-de-caldas-reconoce-meritos-academicos-en-ceremonia-de-ascensos-docentes\\\/\",\"name\":\"Universidad de Caldas reconoce m\u00e9ritos acad\u00e9micos en ceremonia de ascensos docentes .\",\"isPartOf\":{\"@id\":\"https:\\\/\\\/www.ucaldas.edu.co\\\/portal\\\/#website\"},\"primaryImageOfPage\":{\"@id\":\"https:\\\/\\\/www.ucaldas.edu.co\\\/portal\\\/universidad-de-caldas-reconoce-meritos-academicos-en-ceremonia-de-ascensos-docentes\\\/#primaryimage\"},\"image\":{\"@id\":\"https:\\\/\\\/www.ucaldas.edu.co\\\/portal\\\/universidad-de-caldas-reconoce-meritos-academicos-en-ceremonia-de-ascensos-docentes\\\/#primaryimage\"},\"thumbnailUrl\":\"https:\\\/\\\/www.ucaldas.edu.co\\\/portal\\\/wp-content\\\/uploads\\\/2024\\\/03\\\/recono.jpg\",\"datePublished\":\"2024-03-11T21:18:48+00:00\",\"breadcrumb\":{\"@id\":\"https:\\\/\\\/www.ucaldas.edu.co\\\/portal\\\/universidad-de-caldas-reconoce-meritos-academicos-en-ceremonia-de-ascensos-docentes\\\/#breadcrumb\"},\"inLanguage\":\"es\",\"potentialAction\":[{\"@type\":\"ReadAction\",\"target\":[\"https:\\\/\\\/www.ucaldas.edu.co\\\/portal\\\/universidad-de-caldas-reconoce-meritos-academicos-en-ceremonia-de-ascensos-docentes\\\/\"]}]},{\"@type\":\"ImageObject\",\"inLanguage\":\"es\",\"@id\":\"https:\\\/\\\/www.ucaldas.edu.co\\\/portal\\\/universidad-de-caldas-reconoce-meritos-academicos-en-ceremonia-de-ascensos-docentes\\\/#primaryimage\",\"url\":\"https:\\\/\\\/www.ucaldas.edu.co\\\/portal\\\/wp-content\\\/uploads\\\/2024\\\/03\\\/recono.jpg\",\"contentUrl\":\"https:\\\/\\\/www.ucaldas.edu.co\\\/portal\\\/wp-content\\\/uploads\\\/2024\\\/03\\\/recono.jpg\",\"width\":900,\"height\":510,\"caption\":\"docentes reconocidas\"},{\"@type\":\"BreadcrumbList\",\"@id\":\"https:\\\/\\\/www.ucaldas.edu.co\\\/portal\\\/universidad-de-caldas-reconoce-meritos-academicos-en-ceremonia-de-ascensos-docentes\\\/#breadcrumb\",\"itemListElement\":[{\"@type\":\"ListItem\",\"position\":1,\"name\":\"Portada\",\"item\":\"https:\\\/\\\/www.ucaldas.edu.co\\\/portal\\\/\"},{\"@type\":\"ListItem\",\"position\":2,\"name\":\"Universidad de Caldas reconoce m\u00e9ritos acad\u00e9micos en ceremonia de ascensos docentes\"}]},{\"@type\":\"WebSite\",\"@id\":\"https:\\\/\\\/www.ucaldas.edu.co\\\/portal\\\/#website\",\"url\":\"https:\\\/\\\/www.ucaldas.edu.co\\\/portal\\\/\",\"name\":\"Universidad de Caldas\",\"description\":\"\",\"publisher\":{\"@id\":\"https:\\\/\\\/www.ucaldas.edu.co\\\/portal\\\/#organization\"},\"alternateName\":\"U. de Caldas\",\"potentialAction\":[{\"@type\":\"SearchAction\",\"target\":{\"@type\":\"EntryPoint\",\"urlTemplate\":\"https:\\\/\\\/www.ucaldas.edu.co\\\/portal\\\/?s={search_term_string}\"},\"query-input\":{\"@type\":\"PropertyValueSpecification\",\"valueRequired\":true,\"valueName\":\"search_term_string\"}}],\"inLanguage\":\"es\"},{\"@type\":\"Organization\",\"@id\":\"https:\\\/\\\/www.ucaldas.edu.co\\\/portal\\\/#organization\",\"name\":\"Universidad de Caldas\",\"alternateName\":\"U. de Caldas\",\"url\":\"https:\\\/\\\/www.ucaldas.edu.co\\\/portal\\\/\",\"logo\":{\"@type\":\"ImageObject\",\"inLanguage\":\"es\",\"@id\":\"https:\\\/\\\/www.ucaldas.edu.co\\\/portal\\\/#\\\/schema\\\/logo\\\/image\\\/\",\"url\":\"https:\\\/\\\/www.ucaldas.edu.co\\\/portal\\\/wp-content\\\/uploads\\\/2023\\\/11\\\/Logo_horizontal_oscuroU-2023.png\",\"contentUrl\":\"https:\\\/\\\/www.ucaldas.edu.co\\\/portal\\\/wp-content\\\/uploads\\\/2023\\\/11\\\/Logo_horizontal_oscuroU-2023.png\",\"width\":263,\"height\":101,\"caption\":\"Universidad de Caldas\"},\"image\":{\"@id\":\"https:\\\/\\\/www.ucaldas.edu.co\\\/portal\\\/#\\\/schema\\\/logo\\\/image\\\/\"},\"sameAs\":[\"https:\\\/\\\/www.facebook.com\\\/udecaldas\",\"https:\\\/\\\/x.com\\\/udecaldas\",\"https:\\\/\\\/www.youtube.com\\\/universidadcaldas\",\"https:\\\/\\\/www.instagram.com\\\/udecaldas\\\/\"]},{\"@type\":\"Person\",\"@id\":\"https:\\\/\\\/www.ucaldas.edu.co\\\/portal\\\/#\\\/schema\\\/person\\\/a1b482e23449158b4bc319926c074fdf\",\"name\":\"ofiprensa\",\"image\":{\"@type\":\"ImageObject\",\"inLanguage\":\"es\",\"@id\":\"https:\\\/\\\/www.ucaldas.edu.co\\\/portal\\\/wp-content\\\/litespeed\\\/avatar\\\/09ea5085e600095a7a811142c6944527.jpg?ver=1777497608\",\"url\":\"https:\\\/\\\/www.ucaldas.edu.co\\\/portal\\\/wp-content\\\/litespeed\\\/avatar\\\/09ea5085e600095a7a811142c6944527.jpg?ver=1777497608\",\"contentUrl\":\"https:\\\/\\\/www.ucaldas.edu.co\\\/portal\\\/wp-content\\\/litespeed\\\/avatar\\\/09ea5085e600095a7a811142c6944527.jpg?ver=1777497608\",\"caption\":\"ofiprensa\"},\"url\":\"https:\\\/\\\/www.ucaldas.edu.co\\\/portal\\\/author\\\/ofiprensa\\\/\"}]}<\/script>\n<!-- \/ Yoast SEO plugin. -->","yoast_head_json":{"title":"Universidad de Caldas reconoce m\u00e9ritos acad\u00e9micos en ceremonia de ascensos docentes .","robots":{"index":"index","follow":"follow","max-snippet":"max-snippet:-1","max-image-preview":"max-image-preview:large","max-video-preview":"max-video-preview:-1"},"canonical":"https:\/\/www.ucaldas.edu.co\/portal\/universidad-de-caldas-reconoce-meritos-academicos-en-ceremonia-de-ascensos-docentes\/","schema":{"@context":"https:\/\/schema.org","@graph":[{"@type":"Article","@id":"https:\/\/www.ucaldas.edu.co\/portal\/universidad-de-caldas-reconoce-meritos-academicos-en-ceremonia-de-ascensos-docentes\/#article","isPartOf":{"@id":"https:\/\/www.ucaldas.edu.co\/portal\/universidad-de-caldas-reconoce-meritos-academicos-en-ceremonia-de-ascensos-docentes\/"},"author":{"name":"ofiprensa","@id":"https:\/\/www.ucaldas.edu.co\/portal\/#\/schema\/person\/a1b482e23449158b4bc319926c074fdf"},"headline":"Universidad de Caldas reconoce m\u00e9ritos acad\u00e9micos en ceremonia de ascensos docentes","datePublished":"2024-03-11T21:18:48+00:00","mainEntityOfPage":{"@id":"https:\/\/www.ucaldas.edu.co\/portal\/universidad-de-caldas-reconoce-meritos-academicos-en-ceremonia-de-ascensos-docentes\/"},"wordCount":300,"publisher":{"@id":"https:\/\/www.ucaldas.edu.co\/portal\/#organization"},"image":{"@id":"https:\/\/www.ucaldas.edu.co\/portal\/universidad-de-caldas-reconoce-meritos-academicos-en-ceremonia-de-ascensos-docentes\/#primaryimage"},"thumbnailUrl":"https:\/\/www.ucaldas.edu.co\/portal\/wp-content\/uploads\/2024\/03\/recono.jpg","keywords":["reconocimiento docente"],"articleSection":["Actualidad","Universidad al D\u00eda"],"inLanguage":"es"},{"@type":"WebPage","@id":"https:\/\/www.ucaldas.edu.co\/portal\/universidad-de-caldas-reconoce-meritos-academicos-en-ceremonia-de-ascensos-docentes\/","url":"https:\/\/www.ucaldas.edu.co\/portal\/universidad-de-caldas-reconoce-meritos-academicos-en-ceremonia-de-ascensos-docentes\/","name":"Universidad de Caldas reconoce m\u00e9ritos acad\u00e9micos en ceremonia de ascensos docentes .","isPartOf":{"@id":"https:\/\/www.ucaldas.edu.co\/portal\/#website"},"primaryImageOfPage":{"@id":"https:\/\/www.ucaldas.edu.co\/portal\/universidad-de-caldas-reconoce-meritos-academicos-en-ceremonia-de-ascensos-docentes\/#primaryimage"},"image":{"@id":"https:\/\/www.ucaldas.edu.co\/portal\/universidad-de-caldas-reconoce-meritos-academicos-en-ceremonia-de-ascensos-docentes\/#primaryimage"},"thumbnailUrl":"https:\/\/www.ucaldas.edu.co\/portal\/wp-content\/uploads\/2024\/03\/recono.jpg","datePublished":"2024-03-11T21:18:48+00:00","breadcrumb":{"@id":"https:\/\/www.ucaldas.edu.co\/portal\/universidad-de-caldas-reconoce-meritos-academicos-en-ceremonia-de-ascensos-docentes\/#breadcrumb"},"inLanguage":"es","potentialAction":[{"@type":"ReadAction","target":["https:\/\/www.ucaldas.edu.co\/portal\/universidad-de-caldas-reconoce-meritos-academicos-en-ceremonia-de-ascensos-docentes\/"]}]},{"@type":"ImageObject","inLanguage":"es","@id":"https:\/\/www.ucaldas.edu.co\/portal\/universidad-de-caldas-reconoce-meritos-academicos-en-ceremonia-de-ascensos-docentes\/#primaryimage","url":"https:\/\/www.ucaldas.edu.co\/portal\/wp-content\/uploads\/2024\/03\/recono.jpg","contentUrl":"https:\/\/www.ucaldas.edu.co\/portal\/wp-content\/uploads\/2024\/03\/recono.jpg","width":900,"height":510,"caption":"docentes reconocidas"},{"@type":"BreadcrumbList","@id":"https:\/\/www.ucaldas.edu.co\/portal\/universidad-de-caldas-reconoce-meritos-academicos-en-ceremonia-de-ascensos-docentes\/#breadcrumb","itemListElement":[{"@type":"ListItem","position":1,"name":"Portada","item":"https:\/\/www.ucaldas.edu.co\/portal\/"},{"@type":"ListItem","position":2,"name":"Universidad de Caldas reconoce m\u00e9ritos acad\u00e9micos en ceremonia de ascensos docentes"}]},{"@type":"WebSite","@id":"https:\/\/www.ucaldas.edu.co\/portal\/#website","url":"https:\/\/www.ucaldas.edu.co\/portal\/","name":"Universidad de Caldas","description":"","publisher":{"@id":"https:\/\/www.ucaldas.edu.co\/portal\/#organization"},"alternateName":"U. de Caldas","potentialAction":[{"@type":"SearchAction","target":{"@type":"EntryPoint","urlTemplate":"https:\/\/www.ucaldas.edu.co\/portal\/?s={search_term_string}"},"query-input":{"@type":"PropertyValueSpecification","valueRequired":true,"valueName":"search_term_string"}}],"inLanguage":"es"},{"@type":"Organization","@id":"https:\/\/www.ucaldas.edu.co\/portal\/#organization","name":"Universidad de Caldas","alternateName":"U. de Caldas","url":"https:\/\/www.ucaldas.edu.co\/portal\/","logo":{"@type":"ImageObject","inLanguage":"es","@id":"https:\/\/www.ucaldas.edu.co\/portal\/#\/schema\/logo\/image\/","url":"https:\/\/www.ucaldas.edu.co\/portal\/wp-content\/uploads\/2023\/11\/Logo_horizontal_oscuroU-2023.png","contentUrl":"https:\/\/www.ucaldas.edu.co\/portal\/wp-content\/uploads\/2023\/11\/Logo_horizontal_oscuroU-2023.png","width":263,"height":101,"caption":"Universidad de Caldas"},"image":{"@id":"https:\/\/www.ucaldas.edu.co\/portal\/#\/schema\/logo\/image\/"},"sameAs":["https:\/\/www.facebook.com\/udecaldas","https:\/\/x.com\/udecaldas","https:\/\/www.youtube.com\/universidadcaldas","https:\/\/www.instagram.com\/udecaldas\/"]},{"@type":"Person","@id":"https:\/\/www.ucaldas.edu.co\/portal\/#\/schema\/person\/a1b482e23449158b4bc319926c074fdf","name":"ofiprensa","image":{"@type":"ImageObject","inLanguage":"es","@id":"https:\/\/www.ucaldas.edu.co\/portal\/wp-content\/litespeed\/avatar\/09ea5085e600095a7a811142c6944527.jpg?ver=1777497608","url":"https:\/\/www.ucaldas.edu.co\/portal\/wp-content\/litespeed\/avatar\/09ea5085e600095a7a811142c6944527.jpg?ver=1777497608","contentUrl":"https:\/\/www.ucaldas.edu.co\/portal\/wp-content\/litespeed\/avatar\/09ea5085e600095a7a811142c6944527.jpg?ver=1777497608","caption":"ofiprensa"},"url":"https:\/\/www.ucaldas.edu.co\/portal\/author\/ofiprensa\/"}]}},"_links":{"self":[{"href":"https:\/\/www.ucaldas.edu.co\/portal\/wp-json\/wp\/v2\/posts\/79507","targetHints":{"allow":["GET"]}}],"collection":[{"href":"https:\/\/www.ucaldas.edu.co\/portal\/wp-json\/wp\/v2\/posts"}],"about":[{"href":"https:\/\/www.ucaldas.edu.co\/portal\/wp-json\/wp\/v2\/types\/post"}],"author":[{"embeddable":true,"href":"https:\/\/www.ucaldas.edu.co\/portal\/wp-json\/wp\/v2\/users\/2"}],"replies":[{"embeddable":true,"href":"https:\/\/www.ucaldas.edu.co\/portal\/wp-json\/wp\/v2\/comments?post=79507"}],"version-history":[{"count":0,"href":"https:\/\/www.ucaldas.edu.co\/portal\/wp-json\/wp\/v2\/posts\/79507\/revisions"}],"wp:featuredmedia":[{"embeddable":true,"href":"https:\/\/www.ucaldas.edu.co\/portal\/wp-json\/wp\/v2\/media\/79514"}],"wp:attachment":[{"href":"https:\/\/www.ucaldas.edu.co\/portal\/wp-json\/wp\/v2\/media?parent=79507"}],"wp:term":[{"taxonomy":"category","embeddable":true,"href":"https:\/\/www.ucaldas.edu.co\/portal\/wp-json\/wp\/v2\/categories?post=79507"},{"taxonomy":"post_tag","embeddable":true,"href":"https:\/\/www.ucaldas.edu.co\/portal\/wp-json\/wp\/v2\/tags?post=79507"}],"curies":[{"name":"wp","href":"https:\/\/api.w.org\/{rel}","templated":true}]}}