{"id":79287,"date":"2024-02-26T17:20:49","date_gmt":"2024-02-26T22:20:49","guid":{"rendered":"https:\/\/www.ucaldas.edu.co\/portal\/?p=79287"},"modified":"2025-07-24T10:15:57","modified_gmt":"2025-07-24T15:15:57","slug":"ante-la-duma-departamental-se-socializo-la-estrategia-universidad-de-caldas-en-tu-pueblo-y-la-inversion-de-los-recursos-provenientes-de-estampilla-pro-universidad","status":"publish","type":"post","link":"https:\/\/www.ucaldas.edu.co\/portal\/ante-la-duma-departamental-se-socializo-la-estrategia-universidad-de-caldas-en-tu-pueblo-y-la-inversion-de-los-recursos-provenientes-de-estampilla-pro-universidad\/","title":{"rendered":"Ante la duma departamental se socializ\u00f3 la estrategia Universidad de Caldas en tu Pueblo y la inversi\u00f3n de los recursos provenientes de Estampilla Pro-Universidad"},"content":{"rendered":"<p><img loading=\"lazy\" decoding=\"async\" class=\"aligncenter size-full wp-image-79289\" src=\"https:\/\/www.ucaldas.edu.co\/portal\/wp-content\/uploads\/2024\/02\/IMG_2395-scaled.jpg\" alt=\"sesi\u00f3n asamblea\" width=\"2560\" height=\"1707\" srcset=\"https:\/\/www.ucaldas.edu.co\/portal\/wp-content\/uploads\/2024\/02\/IMG_2395-scaled.jpg 2560w, https:\/\/www.ucaldas.edu.co\/portal\/wp-content\/uploads\/2024\/02\/IMG_2395-300x200.jpg 300w, https:\/\/www.ucaldas.edu.co\/portal\/wp-content\/uploads\/2024\/02\/IMG_2395-1024x683.jpg 1024w, https:\/\/www.ucaldas.edu.co\/portal\/wp-content\/uploads\/2024\/02\/IMG_2395-768x512.jpg 768w, https:\/\/www.ucaldas.edu.co\/portal\/wp-content\/uploads\/2024\/02\/IMG_2395-1536x1024.jpg 1536w, https:\/\/www.ucaldas.edu.co\/portal\/wp-content\/uploads\/2024\/02\/IMG_2395-2048x1365.jpg 2048w\" sizes=\"auto, (max-width: 2560px) 100vw, 2560px\" \/><\/p>\n<p>Mediante sesi\u00f3n plenaria descentralizada la Asamblea de Caldas lleg\u00f3 al Centro Cultural Rogelio Salmona, donde los 14 Diputados conocieron un informe detallado sobre la estrategia \u00b4Universidad de Caldas en tu Pueblo\u00b4, iniciativa que busca articular la educaci\u00f3n media con la educaci\u00f3n superior a trav\u00e9s de programas t\u00e9cnicos profesionales en la regi\u00f3n. Asimismo, se socializ\u00f3 la inversi\u00f3n de los recursos provenientes de Estampilla Pro-Universidad.<!--more--><\/p>\n<p>La Alianza de ampliaci\u00f3n de cobertura permite tener recursos de la Universidad, entidades p\u00fablicas, privadas, estampillas pro-universidad de las alcald\u00edas, el Departamento y el apoyo del Ministerio de Educaci\u00f3n Nacional. En este caso el a\u00f1o pasado la Asamblea de Caldas aprob\u00f3 la modificaci\u00f3n al Proyecto de Ordenanza 097, que implica un aumento del 2% en la Estampilla, un recurso destinado a fortalecer la educaci\u00f3n superior en el territorio.<\/p>\n<p>Con esta aprobaci\u00f3n, se espera que a partir del 2024 se reciban cerca de 1.500 millones de pesos para desarrollar el proyecto de articulaci\u00f3n que buscan facilitar el acceso de los j\u00f3venes a una formaci\u00f3n de calidad en las regiones.<\/p>\n<p>Para el Rector de la Universidad de Caldas, Fabio Arias Orozco, fue de vital importancia que la Asamblea conociera de primera mano c\u00f3mo se est\u00e1n invirtiendo los recursos de la Estampilla Pro-Universidad. \u201cVamos a iniciar con 1.226 j\u00f3venes en 13 municipios en programas t\u00e9cnico profesionales para que tengan la doble titulaci\u00f3n. Tambi\u00e9n nuestro proyecto del Edificio del Parque, que estamos pensando que va a quedar en el Plan de Desarrollo del Departamento. Asimismo, les mostramos el proyecto del Parque Educativo, empresarial y tecnol\u00f3gico y social que queremos montar en Guarin\u00f3 en nuestra sede La Paz del Magdalena Centro\u201d.<\/p>\n<p>Por su parte el diputado Jahir de Jes\u00fas \u00c1lvarez, argumenta que ve como la universidad llega a todos los municipios \u201cGracias a esta estrategia, los j\u00f3venes no tienen que desplazarse hasta la capital, sino que se quedan en los municipios donde pueden ahorrar recursos\u201d, puntualiz\u00f3.<\/p>\n<p>Entre tanto el diputado Luis Alberto Giraldo Fern\u00e1ndez, reconoce el gran trabajo que se ha realizado por medio de la alianza \u201cTener al mismo tiempo en las cabeceras municipales la alternativa con todos estos programas de las diferentes facultades de la Universidad de Caldas, es una situaci\u00f3n muy positiva y es una manera adecuada de llevar el uso de los recursos de la estampilla\u201d.<\/p>\n<p><strong>Audios: <\/strong><\/p>\n<p><a href=\"https:\/\/www.ucaldas.edu.co\/portal\/wp-content\/uploads\/2024\/02\/Rector.mp3\"><strong>Fabio Arias Orozco \u2013 Rector Universidad de Caldas<\/strong><\/a><\/p>\n<audio class=\"wp-audio-shortcode\" id=\"audio-79287-1\" preload=\"none\" style=\"width: 100%;\" controls=\"controls\"><source type=\"audio\/mpeg\" src=\"https:\/\/www.ucaldas.edu.co\/portal\/wp-content\/uploads\/2024\/02\/Rector.mp3?_=1\" \/><a href=\"https:\/\/www.ucaldas.edu.co\/portal\/wp-content\/uploads\/2024\/02\/Rector.mp3\">https:\/\/www.ucaldas.edu.co\/portal\/wp-content\/uploads\/2024\/02\/Rector.mp3<\/a><\/audio>\n<p><a href=\"https:\/\/www.ucaldas.edu.co\/portal\/wp-content\/uploads\/2024\/02\/LUIS-ALBERTO-GIRALDO-DIPUTADO-1.mp3\"><strong>Luis Alberto Giraldo Fern\u00e1ndez &#8211; Diputado de Caldas<\/strong><\/a><\/p>\n<audio class=\"wp-audio-shortcode\" id=\"audio-79287-2\" preload=\"none\" style=\"width: 100%;\" controls=\"controls\"><source type=\"audio\/mpeg\" src=\"https:\/\/www.ucaldas.edu.co\/portal\/wp-content\/uploads\/2024\/02\/LUIS-ALBERTO-GIRALDO-DIPUTADO-1.mp3?_=2\" \/><a href=\"https:\/\/www.ucaldas.edu.co\/portal\/wp-content\/uploads\/2024\/02\/LUIS-ALBERTO-GIRALDO-DIPUTADO-1.mp3\">https:\/\/www.ucaldas.edu.co\/portal\/wp-content\/uploads\/2024\/02\/LUIS-ALBERTO-GIRALDO-DIPUTADO-1.mp3<\/a><\/audio>\n<p><a href=\"https:\/\/www.ucaldas.edu.co\/portal\/wp-content\/uploads\/2024\/02\/JAHIR-ALVAREZ-DIPUTADO-1.mp3\"><strong>Jahir de Jes\u00fas \u00c1lvarez &#8211; Diputado de Caldas \u00a0<\/strong><\/a><\/p>\n<audio class=\"wp-audio-shortcode\" id=\"audio-79287-3\" preload=\"none\" style=\"width: 100%;\" controls=\"controls\"><source type=\"audio\/mpeg\" src=\"https:\/\/www.ucaldas.edu.co\/portal\/wp-content\/uploads\/2024\/02\/JAHIR-ALVAREZ-DIPUTADO-1.mp3?_=3\" \/><a href=\"https:\/\/www.ucaldas.edu.co\/portal\/wp-content\/uploads\/2024\/02\/JAHIR-ALVAREZ-DIPUTADO-1.mp3\">https:\/\/www.ucaldas.edu.co\/portal\/wp-content\/uploads\/2024\/02\/JAHIR-ALVAREZ-DIPUTADO-1.mp3<\/a><\/audio>\n","protected":false},"excerpt":{"rendered":"<p>Mediante sesi\u00f3n plenaria descentralizada la Asamblea de Caldas lleg\u00f3 al Centro Cultural Rogelio Salmona, donde los 14 Diputados conocieron un informe detallado sobre la estrategia \u00b4Universidad de Caldas en tu Pueblo\u00b4, iniciativa que busca articular la educaci\u00f3n media con la educaci\u00f3n superior a trav\u00e9s de programas t\u00e9cnicos profesionales en la regi\u00f3n. Asimismo, se socializ\u00f3 la [&hellip;]<\/p>\n","protected":false},"author":2,"featured_media":79289,"comment_status":"closed","ping_status":"open","sticky":false,"template":"","format":"standard","meta":{"footnotes":""},"categories":[53,600,9870,48],"tags":[9777],"class_list":["post-79287","post","type-post","status-publish","format-standard","has-post-thumbnail","hentry","category-universidad-al-dia","category-ucaldas-regional","category-u-caldas-en-tu-pueblo","category-actualidad","tag-asamblea-departamental"],"yoast_head":"<!-- This site is optimized with the Yoast SEO plugin v27.5 - https:\/\/yoast.com\/product\/yoast-seo-wordpress\/ -->\n<title>Ante la duma departamental se socializ\u00f3 la estrategia Universidad de Caldas en tu Pueblo y la inversi\u00f3n de los recursos provenientes de Estampilla Pro-Universidad .<\/title>\n<meta name=\"robots\" content=\"index, follow, max-snippet:-1, max-image-preview:large, max-video-preview:-1\" \/>\n<link rel=\"canonical\" href=\"https:\/\/www.ucaldas.edu.co\/portal\/ante-la-duma-departamental-se-socializo-la-estrategia-universidad-de-caldas-en-tu-pueblo-y-la-inversion-de-los-recursos-provenientes-de-estampilla-pro-universidad\/\" \/>\n<script type=\"application\/ld+json\" class=\"yoast-schema-graph\">{\"@context\":\"https:\\\/\\\/schema.org\",\"@graph\":[{\"@type\":\"Article\",\"@id\":\"https:\\\/\\\/www.ucaldas.edu.co\\\/portal\\\/ante-la-duma-departamental-se-socializo-la-estrategia-universidad-de-caldas-en-tu-pueblo-y-la-inversion-de-los-recursos-provenientes-de-estampilla-pro-universidad\\\/#article\",\"isPartOf\":{\"@id\":\"https:\\\/\\\/www.ucaldas.edu.co\\\/portal\\\/ante-la-duma-departamental-se-socializo-la-estrategia-universidad-de-caldas-en-tu-pueblo-y-la-inversion-de-los-recursos-provenientes-de-estampilla-pro-universidad\\\/\"},\"author\":{\"name\":\"ofiprensa\",\"@id\":\"https:\\\/\\\/www.ucaldas.edu.co\\\/portal\\\/#\\\/schema\\\/person\\\/a1b482e23449158b4bc319926c074fdf\"},\"headline\":\"Ante la duma departamental se socializ\u00f3 la estrategia Universidad de Caldas en tu Pueblo y la inversi\u00f3n de los recursos provenientes de Estampilla Pro-Universidad\",\"datePublished\":\"2024-02-26T22:20:49+00:00\",\"dateModified\":\"2025-07-24T15:15:57+00:00\",\"mainEntityOfPage\":{\"@id\":\"https:\\\/\\\/www.ucaldas.edu.co\\\/portal\\\/ante-la-duma-departamental-se-socializo-la-estrategia-universidad-de-caldas-en-tu-pueblo-y-la-inversion-de-los-recursos-provenientes-de-estampilla-pro-universidad\\\/\"},\"wordCount\":490,\"publisher\":{\"@id\":\"https:\\\/\\\/www.ucaldas.edu.co\\\/portal\\\/#organization\"},\"image\":{\"@id\":\"https:\\\/\\\/www.ucaldas.edu.co\\\/portal\\\/ante-la-duma-departamental-se-socializo-la-estrategia-universidad-de-caldas-en-tu-pueblo-y-la-inversion-de-los-recursos-provenientes-de-estampilla-pro-universidad\\\/#primaryimage\"},\"thumbnailUrl\":\"https:\\\/\\\/www.ucaldas.edu.co\\\/portal\\\/wp-content\\\/uploads\\\/2024\\\/02\\\/IMG_2395-scaled.jpg\",\"keywords\":[\"asamblea departamental\"],\"articleSection\":[\"Universidad al D\u00eda\",\"UCaldas Regional\",\"U Caldas en tu Pueblo\",\"Actualidad\"],\"inLanguage\":\"es\"},{\"@type\":\"WebPage\",\"@id\":\"https:\\\/\\\/www.ucaldas.edu.co\\\/portal\\\/ante-la-duma-departamental-se-socializo-la-estrategia-universidad-de-caldas-en-tu-pueblo-y-la-inversion-de-los-recursos-provenientes-de-estampilla-pro-universidad\\\/\",\"url\":\"https:\\\/\\\/www.ucaldas.edu.co\\\/portal\\\/ante-la-duma-departamental-se-socializo-la-estrategia-universidad-de-caldas-en-tu-pueblo-y-la-inversion-de-los-recursos-provenientes-de-estampilla-pro-universidad\\\/\",\"name\":\"Ante la duma departamental se socializ\u00f3 la estrategia Universidad de Caldas en tu Pueblo y la inversi\u00f3n de los recursos provenientes de Estampilla Pro-Universidad .\",\"isPartOf\":{\"@id\":\"https:\\\/\\\/www.ucaldas.edu.co\\\/portal\\\/#website\"},\"primaryImageOfPage\":{\"@id\":\"https:\\\/\\\/www.ucaldas.edu.co\\\/portal\\\/ante-la-duma-departamental-se-socializo-la-estrategia-universidad-de-caldas-en-tu-pueblo-y-la-inversion-de-los-recursos-provenientes-de-estampilla-pro-universidad\\\/#primaryimage\"},\"image\":{\"@id\":\"https:\\\/\\\/www.ucaldas.edu.co\\\/portal\\\/ante-la-duma-departamental-se-socializo-la-estrategia-universidad-de-caldas-en-tu-pueblo-y-la-inversion-de-los-recursos-provenientes-de-estampilla-pro-universidad\\\/#primaryimage\"},\"thumbnailUrl\":\"https:\\\/\\\/www.ucaldas.edu.co\\\/portal\\\/wp-content\\\/uploads\\\/2024\\\/02\\\/IMG_2395-scaled.jpg\",\"datePublished\":\"2024-02-26T22:20:49+00:00\",\"dateModified\":\"2025-07-24T15:15:57+00:00\",\"breadcrumb\":{\"@id\":\"https:\\\/\\\/www.ucaldas.edu.co\\\/portal\\\/ante-la-duma-departamental-se-socializo-la-estrategia-universidad-de-caldas-en-tu-pueblo-y-la-inversion-de-los-recursos-provenientes-de-estampilla-pro-universidad\\\/#breadcrumb\"},\"inLanguage\":\"es\",\"potentialAction\":[{\"@type\":\"ReadAction\",\"target\":[\"https:\\\/\\\/www.ucaldas.edu.co\\\/portal\\\/ante-la-duma-departamental-se-socializo-la-estrategia-universidad-de-caldas-en-tu-pueblo-y-la-inversion-de-los-recursos-provenientes-de-estampilla-pro-universidad\\\/\"]}]},{\"@type\":\"ImageObject\",\"inLanguage\":\"es\",\"@id\":\"https:\\\/\\\/www.ucaldas.edu.co\\\/portal\\\/ante-la-duma-departamental-se-socializo-la-estrategia-universidad-de-caldas-en-tu-pueblo-y-la-inversion-de-los-recursos-provenientes-de-estampilla-pro-universidad\\\/#primaryimage\",\"url\":\"https:\\\/\\\/www.ucaldas.edu.co\\\/portal\\\/wp-content\\\/uploads\\\/2024\\\/02\\\/IMG_2395-scaled.jpg\",\"contentUrl\":\"https:\\\/\\\/www.ucaldas.edu.co\\\/portal\\\/wp-content\\\/uploads\\\/2024\\\/02\\\/IMG_2395-scaled.jpg\",\"width\":2560,\"height\":1707,\"caption\":\"sesi\u00f3n asamblea\"},{\"@type\":\"BreadcrumbList\",\"@id\":\"https:\\\/\\\/www.ucaldas.edu.co\\\/portal\\\/ante-la-duma-departamental-se-socializo-la-estrategia-universidad-de-caldas-en-tu-pueblo-y-la-inversion-de-los-recursos-provenientes-de-estampilla-pro-universidad\\\/#breadcrumb\",\"itemListElement\":[{\"@type\":\"ListItem\",\"position\":1,\"name\":\"Portada\",\"item\":\"https:\\\/\\\/www.ucaldas.edu.co\\\/portal\\\/\"},{\"@type\":\"ListItem\",\"position\":2,\"name\":\"Ante la duma departamental se socializ\u00f3 la estrategia Universidad de Caldas en tu Pueblo y la inversi\u00f3n de los recursos provenientes de Estampilla Pro-Universidad\"}]},{\"@type\":\"WebSite\",\"@id\":\"https:\\\/\\\/www.ucaldas.edu.co\\\/portal\\\/#website\",\"url\":\"https:\\\/\\\/www.ucaldas.edu.co\\\/portal\\\/\",\"name\":\"Universidad de Caldas\",\"description\":\"\",\"publisher\":{\"@id\":\"https:\\\/\\\/www.ucaldas.edu.co\\\/portal\\\/#organization\"},\"alternateName\":\"U. de Caldas\",\"potentialAction\":[{\"@type\":\"SearchAction\",\"target\":{\"@type\":\"EntryPoint\",\"urlTemplate\":\"https:\\\/\\\/www.ucaldas.edu.co\\\/portal\\\/?s={search_term_string}\"},\"query-input\":{\"@type\":\"PropertyValueSpecification\",\"valueRequired\":true,\"valueName\":\"search_term_string\"}}],\"inLanguage\":\"es\"},{\"@type\":\"Organization\",\"@id\":\"https:\\\/\\\/www.ucaldas.edu.co\\\/portal\\\/#organization\",\"name\":\"Universidad de Caldas\",\"alternateName\":\"U. de Caldas\",\"url\":\"https:\\\/\\\/www.ucaldas.edu.co\\\/portal\\\/\",\"logo\":{\"@type\":\"ImageObject\",\"inLanguage\":\"es\",\"@id\":\"https:\\\/\\\/www.ucaldas.edu.co\\\/portal\\\/#\\\/schema\\\/logo\\\/image\\\/\",\"url\":\"https:\\\/\\\/www.ucaldas.edu.co\\\/portal\\\/wp-content\\\/uploads\\\/2023\\\/11\\\/Logo_horizontal_oscuroU-2023.png\",\"contentUrl\":\"https:\\\/\\\/www.ucaldas.edu.co\\\/portal\\\/wp-content\\\/uploads\\\/2023\\\/11\\\/Logo_horizontal_oscuroU-2023.png\",\"width\":263,\"height\":101,\"caption\":\"Universidad de Caldas\"},\"image\":{\"@id\":\"https:\\\/\\\/www.ucaldas.edu.co\\\/portal\\\/#\\\/schema\\\/logo\\\/image\\\/\"},\"sameAs\":[\"https:\\\/\\\/www.facebook.com\\\/udecaldas\",\"https:\\\/\\\/x.com\\\/udecaldas\",\"https:\\\/\\\/www.youtube.com\\\/universidadcaldas\",\"https:\\\/\\\/www.instagram.com\\\/udecaldas\\\/\"]},{\"@type\":\"Person\",\"@id\":\"https:\\\/\\\/www.ucaldas.edu.co\\\/portal\\\/#\\\/schema\\\/person\\\/a1b482e23449158b4bc319926c074fdf\",\"name\":\"ofiprensa\",\"image\":{\"@type\":\"ImageObject\",\"inLanguage\":\"es\",\"@id\":\"https:\\\/\\\/www.ucaldas.edu.co\\\/portal\\\/wp-content\\\/litespeed\\\/avatar\\\/09ea5085e600095a7a811142c6944527.jpg?ver=1777497608\",\"url\":\"https:\\\/\\\/www.ucaldas.edu.co\\\/portal\\\/wp-content\\\/litespeed\\\/avatar\\\/09ea5085e600095a7a811142c6944527.jpg?ver=1777497608\",\"contentUrl\":\"https:\\\/\\\/www.ucaldas.edu.co\\\/portal\\\/wp-content\\\/litespeed\\\/avatar\\\/09ea5085e600095a7a811142c6944527.jpg?ver=1777497608\",\"caption\":\"ofiprensa\"},\"url\":\"https:\\\/\\\/www.ucaldas.edu.co\\\/portal\\\/author\\\/ofiprensa\\\/\"}]}<\/script>\n<!-- \/ Yoast SEO plugin. -->","yoast_head_json":{"title":"Ante la duma departamental se socializ\u00f3 la estrategia Universidad de Caldas en tu Pueblo y la inversi\u00f3n de los recursos provenientes de Estampilla Pro-Universidad .","robots":{"index":"index","follow":"follow","max-snippet":"max-snippet:-1","max-image-preview":"max-image-preview:large","max-video-preview":"max-video-preview:-1"},"canonical":"https:\/\/www.ucaldas.edu.co\/portal\/ante-la-duma-departamental-se-socializo-la-estrategia-universidad-de-caldas-en-tu-pueblo-y-la-inversion-de-los-recursos-provenientes-de-estampilla-pro-universidad\/","schema":{"@context":"https:\/\/schema.org","@graph":[{"@type":"Article","@id":"https:\/\/www.ucaldas.edu.co\/portal\/ante-la-duma-departamental-se-socializo-la-estrategia-universidad-de-caldas-en-tu-pueblo-y-la-inversion-de-los-recursos-provenientes-de-estampilla-pro-universidad\/#article","isPartOf":{"@id":"https:\/\/www.ucaldas.edu.co\/portal\/ante-la-duma-departamental-se-socializo-la-estrategia-universidad-de-caldas-en-tu-pueblo-y-la-inversion-de-los-recursos-provenientes-de-estampilla-pro-universidad\/"},"author":{"name":"ofiprensa","@id":"https:\/\/www.ucaldas.edu.co\/portal\/#\/schema\/person\/a1b482e23449158b4bc319926c074fdf"},"headline":"Ante la duma departamental se socializ\u00f3 la estrategia Universidad de Caldas en tu Pueblo y la inversi\u00f3n de los recursos provenientes de Estampilla Pro-Universidad","datePublished":"2024-02-26T22:20:49+00:00","dateModified":"2025-07-24T15:15:57+00:00","mainEntityOfPage":{"@id":"https:\/\/www.ucaldas.edu.co\/portal\/ante-la-duma-departamental-se-socializo-la-estrategia-universidad-de-caldas-en-tu-pueblo-y-la-inversion-de-los-recursos-provenientes-de-estampilla-pro-universidad\/"},"wordCount":490,"publisher":{"@id":"https:\/\/www.ucaldas.edu.co\/portal\/#organization"},"image":{"@id":"https:\/\/www.ucaldas.edu.co\/portal\/ante-la-duma-departamental-se-socializo-la-estrategia-universidad-de-caldas-en-tu-pueblo-y-la-inversion-de-los-recursos-provenientes-de-estampilla-pro-universidad\/#primaryimage"},"thumbnailUrl":"https:\/\/www.ucaldas.edu.co\/portal\/wp-content\/uploads\/2024\/02\/IMG_2395-scaled.jpg","keywords":["asamblea departamental"],"articleSection":["Universidad al D\u00eda","UCaldas Regional","U Caldas en tu Pueblo","Actualidad"],"inLanguage":"es"},{"@type":"WebPage","@id":"https:\/\/www.ucaldas.edu.co\/portal\/ante-la-duma-departamental-se-socializo-la-estrategia-universidad-de-caldas-en-tu-pueblo-y-la-inversion-de-los-recursos-provenientes-de-estampilla-pro-universidad\/","url":"https:\/\/www.ucaldas.edu.co\/portal\/ante-la-duma-departamental-se-socializo-la-estrategia-universidad-de-caldas-en-tu-pueblo-y-la-inversion-de-los-recursos-provenientes-de-estampilla-pro-universidad\/","name":"Ante la duma departamental se socializ\u00f3 la estrategia Universidad de Caldas en tu Pueblo y la inversi\u00f3n de los recursos provenientes de Estampilla Pro-Universidad .","isPartOf":{"@id":"https:\/\/www.ucaldas.edu.co\/portal\/#website"},"primaryImageOfPage":{"@id":"https:\/\/www.ucaldas.edu.co\/portal\/ante-la-duma-departamental-se-socializo-la-estrategia-universidad-de-caldas-en-tu-pueblo-y-la-inversion-de-los-recursos-provenientes-de-estampilla-pro-universidad\/#primaryimage"},"image":{"@id":"https:\/\/www.ucaldas.edu.co\/portal\/ante-la-duma-departamental-se-socializo-la-estrategia-universidad-de-caldas-en-tu-pueblo-y-la-inversion-de-los-recursos-provenientes-de-estampilla-pro-universidad\/#primaryimage"},"thumbnailUrl":"https:\/\/www.ucaldas.edu.co\/portal\/wp-content\/uploads\/2024\/02\/IMG_2395-scaled.jpg","datePublished":"2024-02-26T22:20:49+00:00","dateModified":"2025-07-24T15:15:57+00:00","breadcrumb":{"@id":"https:\/\/www.ucaldas.edu.co\/portal\/ante-la-duma-departamental-se-socializo-la-estrategia-universidad-de-caldas-en-tu-pueblo-y-la-inversion-de-los-recursos-provenientes-de-estampilla-pro-universidad\/#breadcrumb"},"inLanguage":"es","potentialAction":[{"@type":"ReadAction","target":["https:\/\/www.ucaldas.edu.co\/portal\/ante-la-duma-departamental-se-socializo-la-estrategia-universidad-de-caldas-en-tu-pueblo-y-la-inversion-de-los-recursos-provenientes-de-estampilla-pro-universidad\/"]}]},{"@type":"ImageObject","inLanguage":"es","@id":"https:\/\/www.ucaldas.edu.co\/portal\/ante-la-duma-departamental-se-socializo-la-estrategia-universidad-de-caldas-en-tu-pueblo-y-la-inversion-de-los-recursos-provenientes-de-estampilla-pro-universidad\/#primaryimage","url":"https:\/\/www.ucaldas.edu.co\/portal\/wp-content\/uploads\/2024\/02\/IMG_2395-scaled.jpg","contentUrl":"https:\/\/www.ucaldas.edu.co\/portal\/wp-content\/uploads\/2024\/02\/IMG_2395-scaled.jpg","width":2560,"height":1707,"caption":"sesi\u00f3n asamblea"},{"@type":"BreadcrumbList","@id":"https:\/\/www.ucaldas.edu.co\/portal\/ante-la-duma-departamental-se-socializo-la-estrategia-universidad-de-caldas-en-tu-pueblo-y-la-inversion-de-los-recursos-provenientes-de-estampilla-pro-universidad\/#breadcrumb","itemListElement":[{"@type":"ListItem","position":1,"name":"Portada","item":"https:\/\/www.ucaldas.edu.co\/portal\/"},{"@type":"ListItem","position":2,"name":"Ante la duma departamental se socializ\u00f3 la estrategia Universidad de Caldas en tu Pueblo y la inversi\u00f3n de los recursos provenientes de Estampilla Pro-Universidad"}]},{"@type":"WebSite","@id":"https:\/\/www.ucaldas.edu.co\/portal\/#website","url":"https:\/\/www.ucaldas.edu.co\/portal\/","name":"Universidad de Caldas","description":"","publisher":{"@id":"https:\/\/www.ucaldas.edu.co\/portal\/#organization"},"alternateName":"U. de Caldas","potentialAction":[{"@type":"SearchAction","target":{"@type":"EntryPoint","urlTemplate":"https:\/\/www.ucaldas.edu.co\/portal\/?s={search_term_string}"},"query-input":{"@type":"PropertyValueSpecification","valueRequired":true,"valueName":"search_term_string"}}],"inLanguage":"es"},{"@type":"Organization","@id":"https:\/\/www.ucaldas.edu.co\/portal\/#organization","name":"Universidad de Caldas","alternateName":"U. de Caldas","url":"https:\/\/www.ucaldas.edu.co\/portal\/","logo":{"@type":"ImageObject","inLanguage":"es","@id":"https:\/\/www.ucaldas.edu.co\/portal\/#\/schema\/logo\/image\/","url":"https:\/\/www.ucaldas.edu.co\/portal\/wp-content\/uploads\/2023\/11\/Logo_horizontal_oscuroU-2023.png","contentUrl":"https:\/\/www.ucaldas.edu.co\/portal\/wp-content\/uploads\/2023\/11\/Logo_horizontal_oscuroU-2023.png","width":263,"height":101,"caption":"Universidad de Caldas"},"image":{"@id":"https:\/\/www.ucaldas.edu.co\/portal\/#\/schema\/logo\/image\/"},"sameAs":["https:\/\/www.facebook.com\/udecaldas","https:\/\/x.com\/udecaldas","https:\/\/www.youtube.com\/universidadcaldas","https:\/\/www.instagram.com\/udecaldas\/"]},{"@type":"Person","@id":"https:\/\/www.ucaldas.edu.co\/portal\/#\/schema\/person\/a1b482e23449158b4bc319926c074fdf","name":"ofiprensa","image":{"@type":"ImageObject","inLanguage":"es","@id":"https:\/\/www.ucaldas.edu.co\/portal\/wp-content\/litespeed\/avatar\/09ea5085e600095a7a811142c6944527.jpg?ver=1777497608","url":"https:\/\/www.ucaldas.edu.co\/portal\/wp-content\/litespeed\/avatar\/09ea5085e600095a7a811142c6944527.jpg?ver=1777497608","contentUrl":"https:\/\/www.ucaldas.edu.co\/portal\/wp-content\/litespeed\/avatar\/09ea5085e600095a7a811142c6944527.jpg?ver=1777497608","caption":"ofiprensa"},"url":"https:\/\/www.ucaldas.edu.co\/portal\/author\/ofiprensa\/"}]}},"_links":{"self":[{"href":"https:\/\/www.ucaldas.edu.co\/portal\/wp-json\/wp\/v2\/posts\/79287","targetHints":{"allow":["GET"]}}],"collection":[{"href":"https:\/\/www.ucaldas.edu.co\/portal\/wp-json\/wp\/v2\/posts"}],"about":[{"href":"https:\/\/www.ucaldas.edu.co\/portal\/wp-json\/wp\/v2\/types\/post"}],"author":[{"embeddable":true,"href":"https:\/\/www.ucaldas.edu.co\/portal\/wp-json\/wp\/v2\/users\/2"}],"replies":[{"embeddable":true,"href":"https:\/\/www.ucaldas.edu.co\/portal\/wp-json\/wp\/v2\/comments?post=79287"}],"version-history":[{"count":0,"href":"https:\/\/www.ucaldas.edu.co\/portal\/wp-json\/wp\/v2\/posts\/79287\/revisions"}],"wp:featuredmedia":[{"embeddable":true,"href":"https:\/\/www.ucaldas.edu.co\/portal\/wp-json\/wp\/v2\/media\/79289"}],"wp:attachment":[{"href":"https:\/\/www.ucaldas.edu.co\/portal\/wp-json\/wp\/v2\/media?parent=79287"}],"wp:term":[{"taxonomy":"category","embeddable":true,"href":"https:\/\/www.ucaldas.edu.co\/portal\/wp-json\/wp\/v2\/categories?post=79287"},{"taxonomy":"post_tag","embeddable":true,"href":"https:\/\/www.ucaldas.edu.co\/portal\/wp-json\/wp\/v2\/tags?post=79287"}],"curies":[{"name":"wp","href":"https:\/\/api.w.org\/{rel}","templated":true}]}}