{"id":79084,"date":"2024-02-08T13:43:04","date_gmt":"2024-02-08T18:43:04","guid":{"rendered":"https:\/\/www.ucaldas.edu.co\/portal\/?p=79084"},"modified":"2024-02-08T13:43:04","modified_gmt":"2024-02-08T18:43:04","slug":"egresado-del-programa-de-derecho-de-la-universidad-de-caldas-es-el-nuevo-presidente-de-la-corte-constitucional","status":"publish","type":"post","link":"https:\/\/www.ucaldas.edu.co\/portal\/egresado-del-programa-de-derecho-de-la-universidad-de-caldas-es-el-nuevo-presidente-de-la-corte-constitucional\/","title":{"rendered":"Egresado del programa de Derecho de la Universidad de Caldas, es el nuevo Presidente de la Corte Constitucional"},"content":{"rendered":"<p><img loading=\"lazy\" decoding=\"async\" class=\"aligncenter wp-image-79086 size-full\" src=\"https:\/\/www.ucaldas.edu.co\/portal\/wp-content\/uploads\/2024\/02\/corte-copia.jpg\" alt=\"\" width=\"733\" height=\"510\" srcset=\"https:\/\/www.ucaldas.edu.co\/portal\/wp-content\/uploads\/2024\/02\/corte-copia.jpg 733w, https:\/\/www.ucaldas.edu.co\/portal\/wp-content\/uploads\/2024\/02\/corte-copia-300x209.jpg 300w\" sizes=\"auto, (max-width: 733px) 100vw, 733px\" \/><\/p>\n<p>Se trata de Jos\u00e9 Fernando Reyes Cuartas, abogado y especialista en Estudios Penales de la Universidad de Caldas, egresado en 1987 y 1994 respectivamente, quien con 49 votos a favor fue elegido por la plenaria del Senado de la Rep\u00fablica como el nuevo Presidente de la Corte Constitucional.<!--more--><\/p>\n<p>Adem\u00e1s de sus estudios en la Universidad de Caldas, Reyes es Doctor en Derecho Penal y Derechos Humanos en la Universidad de Salamanca, Espa\u00f1a; cuenta con diversos estudios en \u00e1reas como los Derechos Fundamentales, Justicia para el siglo XXI, entre otros.<\/p>\n<p>Se ha desempe\u00f1ado en la Rama Judicial como juez penal municipal en Anserma y Manizales; juez penal del circuito en Aguadas y Riosucio; magistrado de la Sala Penal del Tribunal Superior de Manizales de 2004 a 2017; y Procurador Judicial Penal ante el Tribunal Superior de Manizales y Procurador Delegado para la Moralidad P\u00fablica.<\/p>\n<p>Hasta el a\u00f1o 2004, hizo parte de la planta docente de la Universidad de Caldas en las \u00e1reas de derecho penal, procesal penal y constitucional. Tambi\u00e9n fue profesor de derecho disciplinario en la Universidad Externado de Colombia y docente de posgrado en derecho penal en la Universidad del Norte, Universidad Santo Tom\u00e1s de Antioquia y la Universidad Eafit de Medell\u00edn.<\/p>\n<p>Su m\u00e1s reciente visita a la Universidad de Caldas se dio en el a\u00f1o 2022, donde fue invitado como egresado destacado de la instituci\u00f3n, escenarios en el que expres\u00f3 que su trayectoria profesional se la debe en gran medida al trabajo, disciplina y decencia que la Universidad de Caldas le ense\u00f1\u00f3 a lo largo de su vida como estudiante y docente, en la cual aprendi\u00f3 que cada profesional debe trabajar por el bienestar y desarrollo de la comunidad.<\/p>\n","protected":false},"excerpt":{"rendered":"<p>Se trata de Jos\u00e9 Fernando Reyes Cuartas, abogado y especialista en Estudios Penales de la Universidad de Caldas, egresado en 1987 y 1994 respectivamente, quien con 49 votos a favor fue elegido por la plenaria del Senado de la Rep\u00fablica como el nuevo Presidente de la Corte Constitucional.<\/p>\n","protected":false},"author":2,"featured_media":79085,"comment_status":"closed","ping_status":"open","sticky":false,"template":"","format":"standard","meta":{"footnotes":""},"categories":[48,53],"tags":[7667],"class_list":["post-79084","post","type-post","status-publish","format-standard","has-post-thumbnail","hentry","category-actualidad","category-universidad-al-dia","tag-egresado-destacado"],"yoast_head":"<!-- This site is optimized with the Yoast SEO plugin v27.5 - https:\/\/yoast.com\/product\/yoast-seo-wordpress\/ -->\n<title>Egresado del programa de Derecho de la Universidad de Caldas, es el nuevo Presidente de la Corte Constitucional .<\/title>\n<meta name=\"robots\" content=\"index, follow, max-snippet:-1, max-image-preview:large, max-video-preview:-1\" \/>\n<link rel=\"canonical\" href=\"https:\/\/www.ucaldas.edu.co\/portal\/egresado-del-programa-de-derecho-de-la-universidad-de-caldas-es-el-nuevo-presidente-de-la-corte-constitucional\/\" \/>\n<script type=\"application\/ld+json\" class=\"yoast-schema-graph\">{\"@context\":\"https:\\\/\\\/schema.org\",\"@graph\":[{\"@type\":\"Article\",\"@id\":\"https:\\\/\\\/www.ucaldas.edu.co\\\/portal\\\/egresado-del-programa-de-derecho-de-la-universidad-de-caldas-es-el-nuevo-presidente-de-la-corte-constitucional\\\/#article\",\"isPartOf\":{\"@id\":\"https:\\\/\\\/www.ucaldas.edu.co\\\/portal\\\/egresado-del-programa-de-derecho-de-la-universidad-de-caldas-es-el-nuevo-presidente-de-la-corte-constitucional\\\/\"},\"author\":{\"name\":\"ofiprensa\",\"@id\":\"https:\\\/\\\/www.ucaldas.edu.co\\\/portal\\\/#\\\/schema\\\/person\\\/a1b482e23449158b4bc319926c074fdf\"},\"headline\":\"Egresado del programa de Derecho de la Universidad de Caldas, es el nuevo Presidente de la Corte Constitucional\",\"datePublished\":\"2024-02-08T18:43:04+00:00\",\"mainEntityOfPage\":{\"@id\":\"https:\\\/\\\/www.ucaldas.edu.co\\\/portal\\\/egresado-del-programa-de-derecho-de-la-universidad-de-caldas-es-el-nuevo-presidente-de-la-corte-constitucional\\\/\"},\"wordCount\":304,\"publisher\":{\"@id\":\"https:\\\/\\\/www.ucaldas.edu.co\\\/portal\\\/#organization\"},\"image\":{\"@id\":\"https:\\\/\\\/www.ucaldas.edu.co\\\/portal\\\/egresado-del-programa-de-derecho-de-la-universidad-de-caldas-es-el-nuevo-presidente-de-la-corte-constitucional\\\/#primaryimage\"},\"thumbnailUrl\":\"https:\\\/\\\/www.ucaldas.edu.co\\\/portal\\\/wp-content\\\/uploads\\\/2024\\\/02\\\/corte.jpg\",\"keywords\":[\"egresado destacado\"],\"articleSection\":[\"Actualidad\",\"Universidad al D\u00eda\"],\"inLanguage\":\"es\"},{\"@type\":\"WebPage\",\"@id\":\"https:\\\/\\\/www.ucaldas.edu.co\\\/portal\\\/egresado-del-programa-de-derecho-de-la-universidad-de-caldas-es-el-nuevo-presidente-de-la-corte-constitucional\\\/\",\"url\":\"https:\\\/\\\/www.ucaldas.edu.co\\\/portal\\\/egresado-del-programa-de-derecho-de-la-universidad-de-caldas-es-el-nuevo-presidente-de-la-corte-constitucional\\\/\",\"name\":\"Egresado del programa de Derecho de la Universidad de Caldas, es el nuevo Presidente de la Corte Constitucional .\",\"isPartOf\":{\"@id\":\"https:\\\/\\\/www.ucaldas.edu.co\\\/portal\\\/#website\"},\"primaryImageOfPage\":{\"@id\":\"https:\\\/\\\/www.ucaldas.edu.co\\\/portal\\\/egresado-del-programa-de-derecho-de-la-universidad-de-caldas-es-el-nuevo-presidente-de-la-corte-constitucional\\\/#primaryimage\"},\"image\":{\"@id\":\"https:\\\/\\\/www.ucaldas.edu.co\\\/portal\\\/egresado-del-programa-de-derecho-de-la-universidad-de-caldas-es-el-nuevo-presidente-de-la-corte-constitucional\\\/#primaryimage\"},\"thumbnailUrl\":\"https:\\\/\\\/www.ucaldas.edu.co\\\/portal\\\/wp-content\\\/uploads\\\/2024\\\/02\\\/corte.jpg\",\"datePublished\":\"2024-02-08T18:43:04+00:00\",\"breadcrumb\":{\"@id\":\"https:\\\/\\\/www.ucaldas.edu.co\\\/portal\\\/egresado-del-programa-de-derecho-de-la-universidad-de-caldas-es-el-nuevo-presidente-de-la-corte-constitucional\\\/#breadcrumb\"},\"inLanguage\":\"es\",\"potentialAction\":[{\"@type\":\"ReadAction\",\"target\":[\"https:\\\/\\\/www.ucaldas.edu.co\\\/portal\\\/egresado-del-programa-de-derecho-de-la-universidad-de-caldas-es-el-nuevo-presidente-de-la-corte-constitucional\\\/\"]}]},{\"@type\":\"ImageObject\",\"inLanguage\":\"es\",\"@id\":\"https:\\\/\\\/www.ucaldas.edu.co\\\/portal\\\/egresado-del-programa-de-derecho-de-la-universidad-de-caldas-es-el-nuevo-presidente-de-la-corte-constitucional\\\/#primaryimage\",\"url\":\"https:\\\/\\\/www.ucaldas.edu.co\\\/portal\\\/wp-content\\\/uploads\\\/2024\\\/02\\\/corte.jpg\",\"contentUrl\":\"https:\\\/\\\/www.ucaldas.edu.co\\\/portal\\\/wp-content\\\/uploads\\\/2024\\\/02\\\/corte.jpg\",\"width\":900,\"height\":510,\"caption\":\"egresado presidente corte constitucional\"},{\"@type\":\"BreadcrumbList\",\"@id\":\"https:\\\/\\\/www.ucaldas.edu.co\\\/portal\\\/egresado-del-programa-de-derecho-de-la-universidad-de-caldas-es-el-nuevo-presidente-de-la-corte-constitucional\\\/#breadcrumb\",\"itemListElement\":[{\"@type\":\"ListItem\",\"position\":1,\"name\":\"Portada\",\"item\":\"https:\\\/\\\/www.ucaldas.edu.co\\\/portal\\\/\"},{\"@type\":\"ListItem\",\"position\":2,\"name\":\"Egresado del programa de Derecho de la Universidad de Caldas, es el nuevo Presidente de la Corte Constitucional\"}]},{\"@type\":\"WebSite\",\"@id\":\"https:\\\/\\\/www.ucaldas.edu.co\\\/portal\\\/#website\",\"url\":\"https:\\\/\\\/www.ucaldas.edu.co\\\/portal\\\/\",\"name\":\"Universidad de Caldas\",\"description\":\"\",\"publisher\":{\"@id\":\"https:\\\/\\\/www.ucaldas.edu.co\\\/portal\\\/#organization\"},\"alternateName\":\"U. de Caldas\",\"potentialAction\":[{\"@type\":\"SearchAction\",\"target\":{\"@type\":\"EntryPoint\",\"urlTemplate\":\"https:\\\/\\\/www.ucaldas.edu.co\\\/portal\\\/?s={search_term_string}\"},\"query-input\":{\"@type\":\"PropertyValueSpecification\",\"valueRequired\":true,\"valueName\":\"search_term_string\"}}],\"inLanguage\":\"es\"},{\"@type\":\"Organization\",\"@id\":\"https:\\\/\\\/www.ucaldas.edu.co\\\/portal\\\/#organization\",\"name\":\"Universidad de Caldas\",\"alternateName\":\"U. de Caldas\",\"url\":\"https:\\\/\\\/www.ucaldas.edu.co\\\/portal\\\/\",\"logo\":{\"@type\":\"ImageObject\",\"inLanguage\":\"es\",\"@id\":\"https:\\\/\\\/www.ucaldas.edu.co\\\/portal\\\/#\\\/schema\\\/logo\\\/image\\\/\",\"url\":\"https:\\\/\\\/www.ucaldas.edu.co\\\/portal\\\/wp-content\\\/uploads\\\/2023\\\/11\\\/Logo_horizontal_oscuroU-2023.png\",\"contentUrl\":\"https:\\\/\\\/www.ucaldas.edu.co\\\/portal\\\/wp-content\\\/uploads\\\/2023\\\/11\\\/Logo_horizontal_oscuroU-2023.png\",\"width\":263,\"height\":101,\"caption\":\"Universidad de Caldas\"},\"image\":{\"@id\":\"https:\\\/\\\/www.ucaldas.edu.co\\\/portal\\\/#\\\/schema\\\/logo\\\/image\\\/\"},\"sameAs\":[\"https:\\\/\\\/www.facebook.com\\\/udecaldas\",\"https:\\\/\\\/x.com\\\/udecaldas\",\"https:\\\/\\\/www.youtube.com\\\/universidadcaldas\",\"https:\\\/\\\/www.instagram.com\\\/udecaldas\\\/\"]},{\"@type\":\"Person\",\"@id\":\"https:\\\/\\\/www.ucaldas.edu.co\\\/portal\\\/#\\\/schema\\\/person\\\/a1b482e23449158b4bc319926c074fdf\",\"name\":\"ofiprensa\",\"image\":{\"@type\":\"ImageObject\",\"inLanguage\":\"es\",\"@id\":\"https:\\\/\\\/www.ucaldas.edu.co\\\/portal\\\/wp-content\\\/litespeed\\\/avatar\\\/09ea5085e600095a7a811142c6944527.jpg?ver=1777497608\",\"url\":\"https:\\\/\\\/www.ucaldas.edu.co\\\/portal\\\/wp-content\\\/litespeed\\\/avatar\\\/09ea5085e600095a7a811142c6944527.jpg?ver=1777497608\",\"contentUrl\":\"https:\\\/\\\/www.ucaldas.edu.co\\\/portal\\\/wp-content\\\/litespeed\\\/avatar\\\/09ea5085e600095a7a811142c6944527.jpg?ver=1777497608\",\"caption\":\"ofiprensa\"},\"url\":\"https:\\\/\\\/www.ucaldas.edu.co\\\/portal\\\/author\\\/ofiprensa\\\/\"}]}<\/script>\n<!-- \/ Yoast SEO plugin. -->","yoast_head_json":{"title":"Egresado del programa de Derecho de la Universidad de Caldas, es el nuevo Presidente de la Corte Constitucional .","robots":{"index":"index","follow":"follow","max-snippet":"max-snippet:-1","max-image-preview":"max-image-preview:large","max-video-preview":"max-video-preview:-1"},"canonical":"https:\/\/www.ucaldas.edu.co\/portal\/egresado-del-programa-de-derecho-de-la-universidad-de-caldas-es-el-nuevo-presidente-de-la-corte-constitucional\/","schema":{"@context":"https:\/\/schema.org","@graph":[{"@type":"Article","@id":"https:\/\/www.ucaldas.edu.co\/portal\/egresado-del-programa-de-derecho-de-la-universidad-de-caldas-es-el-nuevo-presidente-de-la-corte-constitucional\/#article","isPartOf":{"@id":"https:\/\/www.ucaldas.edu.co\/portal\/egresado-del-programa-de-derecho-de-la-universidad-de-caldas-es-el-nuevo-presidente-de-la-corte-constitucional\/"},"author":{"name":"ofiprensa","@id":"https:\/\/www.ucaldas.edu.co\/portal\/#\/schema\/person\/a1b482e23449158b4bc319926c074fdf"},"headline":"Egresado del programa de Derecho de la Universidad de Caldas, es el nuevo Presidente de la Corte Constitucional","datePublished":"2024-02-08T18:43:04+00:00","mainEntityOfPage":{"@id":"https:\/\/www.ucaldas.edu.co\/portal\/egresado-del-programa-de-derecho-de-la-universidad-de-caldas-es-el-nuevo-presidente-de-la-corte-constitucional\/"},"wordCount":304,"publisher":{"@id":"https:\/\/www.ucaldas.edu.co\/portal\/#organization"},"image":{"@id":"https:\/\/www.ucaldas.edu.co\/portal\/egresado-del-programa-de-derecho-de-la-universidad-de-caldas-es-el-nuevo-presidente-de-la-corte-constitucional\/#primaryimage"},"thumbnailUrl":"https:\/\/www.ucaldas.edu.co\/portal\/wp-content\/uploads\/2024\/02\/corte.jpg","keywords":["egresado destacado"],"articleSection":["Actualidad","Universidad al D\u00eda"],"inLanguage":"es"},{"@type":"WebPage","@id":"https:\/\/www.ucaldas.edu.co\/portal\/egresado-del-programa-de-derecho-de-la-universidad-de-caldas-es-el-nuevo-presidente-de-la-corte-constitucional\/","url":"https:\/\/www.ucaldas.edu.co\/portal\/egresado-del-programa-de-derecho-de-la-universidad-de-caldas-es-el-nuevo-presidente-de-la-corte-constitucional\/","name":"Egresado del programa de Derecho de la Universidad de Caldas, es el nuevo Presidente de la Corte Constitucional .","isPartOf":{"@id":"https:\/\/www.ucaldas.edu.co\/portal\/#website"},"primaryImageOfPage":{"@id":"https:\/\/www.ucaldas.edu.co\/portal\/egresado-del-programa-de-derecho-de-la-universidad-de-caldas-es-el-nuevo-presidente-de-la-corte-constitucional\/#primaryimage"},"image":{"@id":"https:\/\/www.ucaldas.edu.co\/portal\/egresado-del-programa-de-derecho-de-la-universidad-de-caldas-es-el-nuevo-presidente-de-la-corte-constitucional\/#primaryimage"},"thumbnailUrl":"https:\/\/www.ucaldas.edu.co\/portal\/wp-content\/uploads\/2024\/02\/corte.jpg","datePublished":"2024-02-08T18:43:04+00:00","breadcrumb":{"@id":"https:\/\/www.ucaldas.edu.co\/portal\/egresado-del-programa-de-derecho-de-la-universidad-de-caldas-es-el-nuevo-presidente-de-la-corte-constitucional\/#breadcrumb"},"inLanguage":"es","potentialAction":[{"@type":"ReadAction","target":["https:\/\/www.ucaldas.edu.co\/portal\/egresado-del-programa-de-derecho-de-la-universidad-de-caldas-es-el-nuevo-presidente-de-la-corte-constitucional\/"]}]},{"@type":"ImageObject","inLanguage":"es","@id":"https:\/\/www.ucaldas.edu.co\/portal\/egresado-del-programa-de-derecho-de-la-universidad-de-caldas-es-el-nuevo-presidente-de-la-corte-constitucional\/#primaryimage","url":"https:\/\/www.ucaldas.edu.co\/portal\/wp-content\/uploads\/2024\/02\/corte.jpg","contentUrl":"https:\/\/www.ucaldas.edu.co\/portal\/wp-content\/uploads\/2024\/02\/corte.jpg","width":900,"height":510,"caption":"egresado presidente corte constitucional"},{"@type":"BreadcrumbList","@id":"https:\/\/www.ucaldas.edu.co\/portal\/egresado-del-programa-de-derecho-de-la-universidad-de-caldas-es-el-nuevo-presidente-de-la-corte-constitucional\/#breadcrumb","itemListElement":[{"@type":"ListItem","position":1,"name":"Portada","item":"https:\/\/www.ucaldas.edu.co\/portal\/"},{"@type":"ListItem","position":2,"name":"Egresado del programa de Derecho de la Universidad de Caldas, es el nuevo Presidente de la Corte Constitucional"}]},{"@type":"WebSite","@id":"https:\/\/www.ucaldas.edu.co\/portal\/#website","url":"https:\/\/www.ucaldas.edu.co\/portal\/","name":"Universidad de Caldas","description":"","publisher":{"@id":"https:\/\/www.ucaldas.edu.co\/portal\/#organization"},"alternateName":"U. de Caldas","potentialAction":[{"@type":"SearchAction","target":{"@type":"EntryPoint","urlTemplate":"https:\/\/www.ucaldas.edu.co\/portal\/?s={search_term_string}"},"query-input":{"@type":"PropertyValueSpecification","valueRequired":true,"valueName":"search_term_string"}}],"inLanguage":"es"},{"@type":"Organization","@id":"https:\/\/www.ucaldas.edu.co\/portal\/#organization","name":"Universidad de Caldas","alternateName":"U. de Caldas","url":"https:\/\/www.ucaldas.edu.co\/portal\/","logo":{"@type":"ImageObject","inLanguage":"es","@id":"https:\/\/www.ucaldas.edu.co\/portal\/#\/schema\/logo\/image\/","url":"https:\/\/www.ucaldas.edu.co\/portal\/wp-content\/uploads\/2023\/11\/Logo_horizontal_oscuroU-2023.png","contentUrl":"https:\/\/www.ucaldas.edu.co\/portal\/wp-content\/uploads\/2023\/11\/Logo_horizontal_oscuroU-2023.png","width":263,"height":101,"caption":"Universidad de Caldas"},"image":{"@id":"https:\/\/www.ucaldas.edu.co\/portal\/#\/schema\/logo\/image\/"},"sameAs":["https:\/\/www.facebook.com\/udecaldas","https:\/\/x.com\/udecaldas","https:\/\/www.youtube.com\/universidadcaldas","https:\/\/www.instagram.com\/udecaldas\/"]},{"@type":"Person","@id":"https:\/\/www.ucaldas.edu.co\/portal\/#\/schema\/person\/a1b482e23449158b4bc319926c074fdf","name":"ofiprensa","image":{"@type":"ImageObject","inLanguage":"es","@id":"https:\/\/www.ucaldas.edu.co\/portal\/wp-content\/litespeed\/avatar\/09ea5085e600095a7a811142c6944527.jpg?ver=1777497608","url":"https:\/\/www.ucaldas.edu.co\/portal\/wp-content\/litespeed\/avatar\/09ea5085e600095a7a811142c6944527.jpg?ver=1777497608","contentUrl":"https:\/\/www.ucaldas.edu.co\/portal\/wp-content\/litespeed\/avatar\/09ea5085e600095a7a811142c6944527.jpg?ver=1777497608","caption":"ofiprensa"},"url":"https:\/\/www.ucaldas.edu.co\/portal\/author\/ofiprensa\/"}]}},"_links":{"self":[{"href":"https:\/\/www.ucaldas.edu.co\/portal\/wp-json\/wp\/v2\/posts\/79084","targetHints":{"allow":["GET"]}}],"collection":[{"href":"https:\/\/www.ucaldas.edu.co\/portal\/wp-json\/wp\/v2\/posts"}],"about":[{"href":"https:\/\/www.ucaldas.edu.co\/portal\/wp-json\/wp\/v2\/types\/post"}],"author":[{"embeddable":true,"href":"https:\/\/www.ucaldas.edu.co\/portal\/wp-json\/wp\/v2\/users\/2"}],"replies":[{"embeddable":true,"href":"https:\/\/www.ucaldas.edu.co\/portal\/wp-json\/wp\/v2\/comments?post=79084"}],"version-history":[{"count":0,"href":"https:\/\/www.ucaldas.edu.co\/portal\/wp-json\/wp\/v2\/posts\/79084\/revisions"}],"wp:featuredmedia":[{"embeddable":true,"href":"https:\/\/www.ucaldas.edu.co\/portal\/wp-json\/wp\/v2\/media\/79085"}],"wp:attachment":[{"href":"https:\/\/www.ucaldas.edu.co\/portal\/wp-json\/wp\/v2\/media?parent=79084"}],"wp:term":[{"taxonomy":"category","embeddable":true,"href":"https:\/\/www.ucaldas.edu.co\/portal\/wp-json\/wp\/v2\/categories?post=79084"},{"taxonomy":"post_tag","embeddable":true,"href":"https:\/\/www.ucaldas.edu.co\/portal\/wp-json\/wp\/v2\/tags?post=79084"}],"curies":[{"name":"wp","href":"https:\/\/api.w.org\/{rel}","templated":true}]}}