{"id":78771,"date":"2024-01-18T13:40:57","date_gmt":"2024-01-18T18:40:57","guid":{"rendered":"https:\/\/www.ucaldas.edu.co\/portal\/?p=78771"},"modified":"2024-01-18T13:40:57","modified_gmt":"2024-01-18T18:40:57","slug":"asociacion-cable-aereo-manizales-y-universidad-de-caldas-trabajan-convenio-de-cooperacion","status":"publish","type":"post","link":"https:\/\/www.ucaldas.edu.co\/portal\/asociacion-cable-aereo-manizales-y-universidad-de-caldas-trabajan-convenio-de-cooperacion\/","title":{"rendered":"Asociaci\u00f3n Cable A\u00e9reo Manizales y Universidad de Caldas trabajan convenio de cooperaci\u00f3n"},"content":{"rendered":"<p><img loading=\"lazy\" decoding=\"async\" class=\"aligncenter size-full wp-image-78772\" src=\"https:\/\/www.ucaldas.edu.co\/portal\/wp-content\/uploads\/2024\/01\/PARA-BOLETINES-1.jpg\" alt=\"Delegados de la Asociaci\u00f3n Cable A\u00e9reo Manizales\" width=\"900\" height=\"510\" srcset=\"https:\/\/www.ucaldas.edu.co\/portal\/wp-content\/uploads\/2024\/01\/PARA-BOLETINES-1.jpg 900w, https:\/\/www.ucaldas.edu.co\/portal\/wp-content\/uploads\/2024\/01\/PARA-BOLETINES-1-300x170.jpg 300w, https:\/\/www.ucaldas.edu.co\/portal\/wp-content\/uploads\/2024\/01\/PARA-BOLETINES-1-768x435.jpg 768w\" sizes=\"auto, (max-width: 900px) 100vw, 900px\" \/><\/p>\n<p>Delegados de la Asociaci\u00f3n Cable A\u00e9reo Manizales, el Rector de la Universidad de Caldas, Fabio Hernando Arias Orozco y la Decana de la Facultad de Ciencias Exactas y Naturales, Elvira Cristina Ruiz Jim\u00e9nez entablaron conversaci\u00f3n para creaci\u00f3n de convenio que entre otras cosas contemple:<!--more--><\/p>\n<ol>\n<li>Tarifa diferencial para estudiantes en el cable a\u00e9reo<\/li>\n<li>\u2060 Modernizaci\u00f3n de la gobernanza digital del cable a\u00e9reo<\/li>\n<li>\u2060Pr\u00e1cticas de estudiantes de la Universidad en Cable a\u00e9reo<\/li>\n<\/ol>\n<p>La Decana de la Facultad de Ciencias Exactas y Naturales, Elvira Cristina Ruiz Jim\u00e9nez, mencion\u00f3 que la idea es aportar desde la experiencia acad\u00e9mica, de consultor\u00eda, investigaci\u00f3n y formulaci\u00f3n de proyectos, para trabajar sobre todo desde las Ingenier\u00edas de Sistemas y Mecatr\u00f3nica, adem\u00e1s de \u00e1reas de ciencias sociales, teniendo en cuenta las nuevas proyecciones de la Empresa Cable A\u00e9reo.<\/p>\n<p>Por su parte el Ingeniero de la Asociaci\u00f3n Cable A\u00e9reo Manizales, Wilder Agudelo, expres\u00f3 que est\u00e1n interesados en que la Universidad de Caldas se vincule con los procesos de esta entidad descentralizada, pues la idea es que con la experticia acad\u00e9mica e investigativa de la Universidad se pueda simular la l\u00ednea del Cable A\u00e9reo, sus componentes, mantenimientos, entre otros, que permitan mayor planificaci\u00f3n de la operaci\u00f3n del sistema.<\/p>\n<p>Se pretende firmar un convenio marco las pr\u00f3ximas semanas para iniciar conversaciones en temas espec\u00edficos de la parte operativa.<\/p>\n<p><strong>Anexo:<\/strong><\/p>\n<p><a href=\"https:\/\/www.ucaldas.edu.co\/portal\/wp-content\/uploads\/2024\/01\/Decana-de-la-Facultad-de-Ciencias-Exactas-y-Naturales-Elvira-Cristina-Ruiz-Jimenez.mp3\"><strong>Decana de la Facultad de Ciencias Exactas y Naturales, Elvira Cristina Ruiz Jim\u00e9nez<\/strong><\/a><\/p>\n<audio class=\"wp-audio-shortcode\" id=\"audio-78771-1\" preload=\"none\" style=\"width: 100%;\" controls=\"controls\"><source type=\"audio\/mpeg\" src=\"https:\/\/www.ucaldas.edu.co\/portal\/wp-content\/uploads\/2024\/01\/Decana-de-la-Facultad-de-Ciencias-Exactas-y-Naturales-Elvira-Cristina-Ruiz-Jimenez.mp3?_=1\" \/><a href=\"https:\/\/www.ucaldas.edu.co\/portal\/wp-content\/uploads\/2024\/01\/Decana-de-la-Facultad-de-Ciencias-Exactas-y-Naturales-Elvira-Cristina-Ruiz-Jimenez.mp3\">https:\/\/www.ucaldas.edu.co\/portal\/wp-content\/uploads\/2024\/01\/Decana-de-la-Facultad-de-Ciencias-Exactas-y-Naturales-Elvira-Cristina-Ruiz-Jimenez.mp3<\/a><\/audio>\n<p><strong>Ingeniero de la Asociaci\u00f3n Cable A\u00e9reo Manizales, Wilder Agudelo<\/strong><\/p>\n<audio class=\"wp-audio-shortcode\" id=\"audio-78771-2\" preload=\"none\" style=\"width: 100%;\" controls=\"controls\"><source type=\"audio\/mpeg\" src=\"https:\/\/www.ucaldas.edu.co\/portal\/wp-content\/uploads\/2024\/01\/Ingeniero-de-la-Asociacion-Cable-Aereo-Manizales-Wilder-Agudelo.mp3?_=2\" \/><a href=\"https:\/\/www.ucaldas.edu.co\/portal\/wp-content\/uploads\/2024\/01\/Ingeniero-de-la-Asociacion-Cable-Aereo-Manizales-Wilder-Agudelo.mp3\">https:\/\/www.ucaldas.edu.co\/portal\/wp-content\/uploads\/2024\/01\/Ingeniero-de-la-Asociacion-Cable-Aereo-Manizales-Wilder-Agudelo.mp3<\/a><\/audio>\n","protected":false},"excerpt":{"rendered":"<p>Delegados de la Asociaci\u00f3n Cable A\u00e9reo Manizales, el Rector de la Universidad de Caldas, Fabio Hernando Arias Orozco y la Decana de la Facultad de Ciencias Exactas y Naturales, Elvira Cristina Ruiz Jim\u00e9nez entablaron conversaci\u00f3n para creaci\u00f3n de convenio que entre otras cosas contemple:<\/p>\n","protected":false},"author":2,"featured_media":78772,"comment_status":"closed","ping_status":"open","sticky":false,"template":"","format":"standard","meta":{"footnotes":""},"categories":[48,53],"tags":[7881],"class_list":["post-78771","post","type-post","status-publish","format-standard","has-post-thumbnail","hentry","category-actualidad","category-universidad-al-dia","tag-cable-aereo"],"yoast_head":"<!-- This site is optimized with the Yoast SEO plugin v27.4 - https:\/\/yoast.com\/product\/yoast-seo-wordpress\/ -->\n<title>Asociaci\u00f3n Cable A\u00e9reo Manizales y Universidad de Caldas trabajan convenio de cooperaci\u00f3n .<\/title>\n<meta name=\"robots\" content=\"index, follow, max-snippet:-1, max-image-preview:large, max-video-preview:-1\" \/>\n<link rel=\"canonical\" href=\"https:\/\/www.ucaldas.edu.co\/portal\/asociacion-cable-aereo-manizales-y-universidad-de-caldas-trabajan-convenio-de-cooperacion\/\" \/>\n<script type=\"application\/ld+json\" class=\"yoast-schema-graph\">{\"@context\":\"https:\\\/\\\/schema.org\",\"@graph\":[{\"@type\":\"Article\",\"@id\":\"https:\\\/\\\/www.ucaldas.edu.co\\\/portal\\\/asociacion-cable-aereo-manizales-y-universidad-de-caldas-trabajan-convenio-de-cooperacion\\\/#article\",\"isPartOf\":{\"@id\":\"https:\\\/\\\/www.ucaldas.edu.co\\\/portal\\\/asociacion-cable-aereo-manizales-y-universidad-de-caldas-trabajan-convenio-de-cooperacion\\\/\"},\"author\":{\"name\":\"ofiprensa\",\"@id\":\"https:\\\/\\\/www.ucaldas.edu.co\\\/portal\\\/#\\\/schema\\\/person\\\/a1b482e23449158b4bc319926c074fdf\"},\"headline\":\"Asociaci\u00f3n Cable A\u00e9reo Manizales y Universidad de Caldas trabajan convenio de cooperaci\u00f3n\",\"datePublished\":\"2024-01-18T18:40:57+00:00\",\"mainEntityOfPage\":{\"@id\":\"https:\\\/\\\/www.ucaldas.edu.co\\\/portal\\\/asociacion-cable-aereo-manizales-y-universidad-de-caldas-trabajan-convenio-de-cooperacion\\\/\"},\"wordCount\":311,\"publisher\":{\"@id\":\"https:\\\/\\\/www.ucaldas.edu.co\\\/portal\\\/#organization\"},\"image\":{\"@id\":\"https:\\\/\\\/www.ucaldas.edu.co\\\/portal\\\/asociacion-cable-aereo-manizales-y-universidad-de-caldas-trabajan-convenio-de-cooperacion\\\/#primaryimage\"},\"thumbnailUrl\":\"https:\\\/\\\/www.ucaldas.edu.co\\\/portal\\\/wp-content\\\/uploads\\\/2024\\\/01\\\/PARA-BOLETINES-1.jpg\",\"keywords\":[\"cable a\u00e9reo\"],\"articleSection\":[\"Actualidad\",\"Universidad al D\u00eda\"],\"inLanguage\":\"es\"},{\"@type\":\"WebPage\",\"@id\":\"https:\\\/\\\/www.ucaldas.edu.co\\\/portal\\\/asociacion-cable-aereo-manizales-y-universidad-de-caldas-trabajan-convenio-de-cooperacion\\\/\",\"url\":\"https:\\\/\\\/www.ucaldas.edu.co\\\/portal\\\/asociacion-cable-aereo-manizales-y-universidad-de-caldas-trabajan-convenio-de-cooperacion\\\/\",\"name\":\"Asociaci\u00f3n Cable A\u00e9reo Manizales y Universidad de Caldas trabajan convenio de cooperaci\u00f3n .\",\"isPartOf\":{\"@id\":\"https:\\\/\\\/www.ucaldas.edu.co\\\/portal\\\/#website\"},\"primaryImageOfPage\":{\"@id\":\"https:\\\/\\\/www.ucaldas.edu.co\\\/portal\\\/asociacion-cable-aereo-manizales-y-universidad-de-caldas-trabajan-convenio-de-cooperacion\\\/#primaryimage\"},\"image\":{\"@id\":\"https:\\\/\\\/www.ucaldas.edu.co\\\/portal\\\/asociacion-cable-aereo-manizales-y-universidad-de-caldas-trabajan-convenio-de-cooperacion\\\/#primaryimage\"},\"thumbnailUrl\":\"https:\\\/\\\/www.ucaldas.edu.co\\\/portal\\\/wp-content\\\/uploads\\\/2024\\\/01\\\/PARA-BOLETINES-1.jpg\",\"datePublished\":\"2024-01-18T18:40:57+00:00\",\"breadcrumb\":{\"@id\":\"https:\\\/\\\/www.ucaldas.edu.co\\\/portal\\\/asociacion-cable-aereo-manizales-y-universidad-de-caldas-trabajan-convenio-de-cooperacion\\\/#breadcrumb\"},\"inLanguage\":\"es\",\"potentialAction\":[{\"@type\":\"ReadAction\",\"target\":[\"https:\\\/\\\/www.ucaldas.edu.co\\\/portal\\\/asociacion-cable-aereo-manizales-y-universidad-de-caldas-trabajan-convenio-de-cooperacion\\\/\"]}]},{\"@type\":\"ImageObject\",\"inLanguage\":\"es\",\"@id\":\"https:\\\/\\\/www.ucaldas.edu.co\\\/portal\\\/asociacion-cable-aereo-manizales-y-universidad-de-caldas-trabajan-convenio-de-cooperacion\\\/#primaryimage\",\"url\":\"https:\\\/\\\/www.ucaldas.edu.co\\\/portal\\\/wp-content\\\/uploads\\\/2024\\\/01\\\/PARA-BOLETINES-1.jpg\",\"contentUrl\":\"https:\\\/\\\/www.ucaldas.edu.co\\\/portal\\\/wp-content\\\/uploads\\\/2024\\\/01\\\/PARA-BOLETINES-1.jpg\",\"width\":900,\"height\":510,\"caption\":\"Delegados de la Asociaci\u00f3n Cable A\u00e9reo Manizales\"},{\"@type\":\"BreadcrumbList\",\"@id\":\"https:\\\/\\\/www.ucaldas.edu.co\\\/portal\\\/asociacion-cable-aereo-manizales-y-universidad-de-caldas-trabajan-convenio-de-cooperacion\\\/#breadcrumb\",\"itemListElement\":[{\"@type\":\"ListItem\",\"position\":1,\"name\":\"Portada\",\"item\":\"https:\\\/\\\/www.ucaldas.edu.co\\\/portal\\\/\"},{\"@type\":\"ListItem\",\"position\":2,\"name\":\"Asociaci\u00f3n Cable A\u00e9reo Manizales y Universidad de Caldas trabajan convenio de cooperaci\u00f3n\"}]},{\"@type\":\"WebSite\",\"@id\":\"https:\\\/\\\/www.ucaldas.edu.co\\\/portal\\\/#website\",\"url\":\"https:\\\/\\\/www.ucaldas.edu.co\\\/portal\\\/\",\"name\":\"Universidad de Caldas\",\"description\":\"\",\"publisher\":{\"@id\":\"https:\\\/\\\/www.ucaldas.edu.co\\\/portal\\\/#organization\"},\"alternateName\":\"U. de Caldas\",\"potentialAction\":[{\"@type\":\"SearchAction\",\"target\":{\"@type\":\"EntryPoint\",\"urlTemplate\":\"https:\\\/\\\/www.ucaldas.edu.co\\\/portal\\\/?s={search_term_string}\"},\"query-input\":{\"@type\":\"PropertyValueSpecification\",\"valueRequired\":true,\"valueName\":\"search_term_string\"}}],\"inLanguage\":\"es\"},{\"@type\":\"Organization\",\"@id\":\"https:\\\/\\\/www.ucaldas.edu.co\\\/portal\\\/#organization\",\"name\":\"Universidad de Caldas\",\"alternateName\":\"U. de Caldas\",\"url\":\"https:\\\/\\\/www.ucaldas.edu.co\\\/portal\\\/\",\"logo\":{\"@type\":\"ImageObject\",\"inLanguage\":\"es\",\"@id\":\"https:\\\/\\\/www.ucaldas.edu.co\\\/portal\\\/#\\\/schema\\\/logo\\\/image\\\/\",\"url\":\"https:\\\/\\\/www.ucaldas.edu.co\\\/portal\\\/wp-content\\\/uploads\\\/2023\\\/11\\\/Logo_horizontal_oscuroU-2023.png\",\"contentUrl\":\"https:\\\/\\\/www.ucaldas.edu.co\\\/portal\\\/wp-content\\\/uploads\\\/2023\\\/11\\\/Logo_horizontal_oscuroU-2023.png\",\"width\":263,\"height\":101,\"caption\":\"Universidad de Caldas\"},\"image\":{\"@id\":\"https:\\\/\\\/www.ucaldas.edu.co\\\/portal\\\/#\\\/schema\\\/logo\\\/image\\\/\"},\"sameAs\":[\"https:\\\/\\\/www.facebook.com\\\/udecaldas\",\"https:\\\/\\\/x.com\\\/udecaldas\",\"https:\\\/\\\/www.youtube.com\\\/universidadcaldas\",\"https:\\\/\\\/www.instagram.com\\\/udecaldas\\\/\"]},{\"@type\":\"Person\",\"@id\":\"https:\\\/\\\/www.ucaldas.edu.co\\\/portal\\\/#\\\/schema\\\/person\\\/a1b482e23449158b4bc319926c074fdf\",\"name\":\"ofiprensa\",\"image\":{\"@type\":\"ImageObject\",\"inLanguage\":\"es\",\"@id\":\"https:\\\/\\\/www.ucaldas.edu.co\\\/portal\\\/wp-content\\\/litespeed\\\/avatar\\\/09ea5085e600095a7a811142c6944527.jpg?ver=1776892805\",\"url\":\"https:\\\/\\\/www.ucaldas.edu.co\\\/portal\\\/wp-content\\\/litespeed\\\/avatar\\\/09ea5085e600095a7a811142c6944527.jpg?ver=1776892805\",\"contentUrl\":\"https:\\\/\\\/www.ucaldas.edu.co\\\/portal\\\/wp-content\\\/litespeed\\\/avatar\\\/09ea5085e600095a7a811142c6944527.jpg?ver=1776892805\",\"caption\":\"ofiprensa\"},\"url\":\"https:\\\/\\\/www.ucaldas.edu.co\\\/portal\\\/author\\\/ofiprensa\\\/\"}]}<\/script>\n<!-- \/ Yoast SEO plugin. -->","yoast_head_json":{"title":"Asociaci\u00f3n Cable A\u00e9reo Manizales y Universidad de Caldas trabajan convenio de cooperaci\u00f3n .","robots":{"index":"index","follow":"follow","max-snippet":"max-snippet:-1","max-image-preview":"max-image-preview:large","max-video-preview":"max-video-preview:-1"},"canonical":"https:\/\/www.ucaldas.edu.co\/portal\/asociacion-cable-aereo-manizales-y-universidad-de-caldas-trabajan-convenio-de-cooperacion\/","schema":{"@context":"https:\/\/schema.org","@graph":[{"@type":"Article","@id":"https:\/\/www.ucaldas.edu.co\/portal\/asociacion-cable-aereo-manizales-y-universidad-de-caldas-trabajan-convenio-de-cooperacion\/#article","isPartOf":{"@id":"https:\/\/www.ucaldas.edu.co\/portal\/asociacion-cable-aereo-manizales-y-universidad-de-caldas-trabajan-convenio-de-cooperacion\/"},"author":{"name":"ofiprensa","@id":"https:\/\/www.ucaldas.edu.co\/portal\/#\/schema\/person\/a1b482e23449158b4bc319926c074fdf"},"headline":"Asociaci\u00f3n Cable A\u00e9reo Manizales y Universidad de Caldas trabajan convenio de cooperaci\u00f3n","datePublished":"2024-01-18T18:40:57+00:00","mainEntityOfPage":{"@id":"https:\/\/www.ucaldas.edu.co\/portal\/asociacion-cable-aereo-manizales-y-universidad-de-caldas-trabajan-convenio-de-cooperacion\/"},"wordCount":311,"publisher":{"@id":"https:\/\/www.ucaldas.edu.co\/portal\/#organization"},"image":{"@id":"https:\/\/www.ucaldas.edu.co\/portal\/asociacion-cable-aereo-manizales-y-universidad-de-caldas-trabajan-convenio-de-cooperacion\/#primaryimage"},"thumbnailUrl":"https:\/\/www.ucaldas.edu.co\/portal\/wp-content\/uploads\/2024\/01\/PARA-BOLETINES-1.jpg","keywords":["cable a\u00e9reo"],"articleSection":["Actualidad","Universidad al D\u00eda"],"inLanguage":"es"},{"@type":"WebPage","@id":"https:\/\/www.ucaldas.edu.co\/portal\/asociacion-cable-aereo-manizales-y-universidad-de-caldas-trabajan-convenio-de-cooperacion\/","url":"https:\/\/www.ucaldas.edu.co\/portal\/asociacion-cable-aereo-manizales-y-universidad-de-caldas-trabajan-convenio-de-cooperacion\/","name":"Asociaci\u00f3n Cable A\u00e9reo Manizales y Universidad de Caldas trabajan convenio de cooperaci\u00f3n .","isPartOf":{"@id":"https:\/\/www.ucaldas.edu.co\/portal\/#website"},"primaryImageOfPage":{"@id":"https:\/\/www.ucaldas.edu.co\/portal\/asociacion-cable-aereo-manizales-y-universidad-de-caldas-trabajan-convenio-de-cooperacion\/#primaryimage"},"image":{"@id":"https:\/\/www.ucaldas.edu.co\/portal\/asociacion-cable-aereo-manizales-y-universidad-de-caldas-trabajan-convenio-de-cooperacion\/#primaryimage"},"thumbnailUrl":"https:\/\/www.ucaldas.edu.co\/portal\/wp-content\/uploads\/2024\/01\/PARA-BOLETINES-1.jpg","datePublished":"2024-01-18T18:40:57+00:00","breadcrumb":{"@id":"https:\/\/www.ucaldas.edu.co\/portal\/asociacion-cable-aereo-manizales-y-universidad-de-caldas-trabajan-convenio-de-cooperacion\/#breadcrumb"},"inLanguage":"es","potentialAction":[{"@type":"ReadAction","target":["https:\/\/www.ucaldas.edu.co\/portal\/asociacion-cable-aereo-manizales-y-universidad-de-caldas-trabajan-convenio-de-cooperacion\/"]}]},{"@type":"ImageObject","inLanguage":"es","@id":"https:\/\/www.ucaldas.edu.co\/portal\/asociacion-cable-aereo-manizales-y-universidad-de-caldas-trabajan-convenio-de-cooperacion\/#primaryimage","url":"https:\/\/www.ucaldas.edu.co\/portal\/wp-content\/uploads\/2024\/01\/PARA-BOLETINES-1.jpg","contentUrl":"https:\/\/www.ucaldas.edu.co\/portal\/wp-content\/uploads\/2024\/01\/PARA-BOLETINES-1.jpg","width":900,"height":510,"caption":"Delegados de la Asociaci\u00f3n Cable A\u00e9reo Manizales"},{"@type":"BreadcrumbList","@id":"https:\/\/www.ucaldas.edu.co\/portal\/asociacion-cable-aereo-manizales-y-universidad-de-caldas-trabajan-convenio-de-cooperacion\/#breadcrumb","itemListElement":[{"@type":"ListItem","position":1,"name":"Portada","item":"https:\/\/www.ucaldas.edu.co\/portal\/"},{"@type":"ListItem","position":2,"name":"Asociaci\u00f3n Cable A\u00e9reo Manizales y Universidad de Caldas trabajan convenio de cooperaci\u00f3n"}]},{"@type":"WebSite","@id":"https:\/\/www.ucaldas.edu.co\/portal\/#website","url":"https:\/\/www.ucaldas.edu.co\/portal\/","name":"Universidad de Caldas","description":"","publisher":{"@id":"https:\/\/www.ucaldas.edu.co\/portal\/#organization"},"alternateName":"U. de Caldas","potentialAction":[{"@type":"SearchAction","target":{"@type":"EntryPoint","urlTemplate":"https:\/\/www.ucaldas.edu.co\/portal\/?s={search_term_string}"},"query-input":{"@type":"PropertyValueSpecification","valueRequired":true,"valueName":"search_term_string"}}],"inLanguage":"es"},{"@type":"Organization","@id":"https:\/\/www.ucaldas.edu.co\/portal\/#organization","name":"Universidad de Caldas","alternateName":"U. de Caldas","url":"https:\/\/www.ucaldas.edu.co\/portal\/","logo":{"@type":"ImageObject","inLanguage":"es","@id":"https:\/\/www.ucaldas.edu.co\/portal\/#\/schema\/logo\/image\/","url":"https:\/\/www.ucaldas.edu.co\/portal\/wp-content\/uploads\/2023\/11\/Logo_horizontal_oscuroU-2023.png","contentUrl":"https:\/\/www.ucaldas.edu.co\/portal\/wp-content\/uploads\/2023\/11\/Logo_horizontal_oscuroU-2023.png","width":263,"height":101,"caption":"Universidad de Caldas"},"image":{"@id":"https:\/\/www.ucaldas.edu.co\/portal\/#\/schema\/logo\/image\/"},"sameAs":["https:\/\/www.facebook.com\/udecaldas","https:\/\/x.com\/udecaldas","https:\/\/www.youtube.com\/universidadcaldas","https:\/\/www.instagram.com\/udecaldas\/"]},{"@type":"Person","@id":"https:\/\/www.ucaldas.edu.co\/portal\/#\/schema\/person\/a1b482e23449158b4bc319926c074fdf","name":"ofiprensa","image":{"@type":"ImageObject","inLanguage":"es","@id":"https:\/\/www.ucaldas.edu.co\/portal\/wp-content\/litespeed\/avatar\/09ea5085e600095a7a811142c6944527.jpg?ver=1776892805","url":"https:\/\/www.ucaldas.edu.co\/portal\/wp-content\/litespeed\/avatar\/09ea5085e600095a7a811142c6944527.jpg?ver=1776892805","contentUrl":"https:\/\/www.ucaldas.edu.co\/portal\/wp-content\/litespeed\/avatar\/09ea5085e600095a7a811142c6944527.jpg?ver=1776892805","caption":"ofiprensa"},"url":"https:\/\/www.ucaldas.edu.co\/portal\/author\/ofiprensa\/"}]}},"_links":{"self":[{"href":"https:\/\/www.ucaldas.edu.co\/portal\/wp-json\/wp\/v2\/posts\/78771","targetHints":{"allow":["GET"]}}],"collection":[{"href":"https:\/\/www.ucaldas.edu.co\/portal\/wp-json\/wp\/v2\/posts"}],"about":[{"href":"https:\/\/www.ucaldas.edu.co\/portal\/wp-json\/wp\/v2\/types\/post"}],"author":[{"embeddable":true,"href":"https:\/\/www.ucaldas.edu.co\/portal\/wp-json\/wp\/v2\/users\/2"}],"replies":[{"embeddable":true,"href":"https:\/\/www.ucaldas.edu.co\/portal\/wp-json\/wp\/v2\/comments?post=78771"}],"version-history":[{"count":0,"href":"https:\/\/www.ucaldas.edu.co\/portal\/wp-json\/wp\/v2\/posts\/78771\/revisions"}],"wp:featuredmedia":[{"embeddable":true,"href":"https:\/\/www.ucaldas.edu.co\/portal\/wp-json\/wp\/v2\/media\/78772"}],"wp:attachment":[{"href":"https:\/\/www.ucaldas.edu.co\/portal\/wp-json\/wp\/v2\/media?parent=78771"}],"wp:term":[{"taxonomy":"category","embeddable":true,"href":"https:\/\/www.ucaldas.edu.co\/portal\/wp-json\/wp\/v2\/categories?post=78771"},{"taxonomy":"post_tag","embeddable":true,"href":"https:\/\/www.ucaldas.edu.co\/portal\/wp-json\/wp\/v2\/tags?post=78771"}],"curies":[{"name":"wp","href":"https:\/\/api.w.org\/{rel}","templated":true}]}}