{"id":78680,"date":"2023-12-12T12:40:46","date_gmt":"2023-12-12T17:40:46","guid":{"rendered":"https:\/\/www.ucaldas.edu.co\/portal\/?p=78680"},"modified":"2023-12-12T12:40:46","modified_gmt":"2023-12-12T17:40:46","slug":"universidad-de-caldas-y-nacional-se-reunieron-con-empresarios-de-la-region-para-establecer-alianzas","status":"publish","type":"post","link":"https:\/\/www.ucaldas.edu.co\/portal\/universidad-de-caldas-y-nacional-se-reunieron-con-empresarios-de-la-region-para-establecer-alianzas\/","title":{"rendered":"Universidad de Caldas y Nacional se reunieron con empresarios de la regi\u00f3n para establecer alianzas"},"content":{"rendered":"<p><img loading=\"lazy\" decoding=\"async\" class=\"aligncenter size-full wp-image-78681\" src=\"https:\/\/www.ucaldas.edu.co\/portal\/wp-content\/uploads\/2023\/12\/inntegra.jpg\" alt=\"reuni\u00f3n con empresarios de la regi\u00f3n\" width=\"900\" height=\"510\" srcset=\"https:\/\/www.ucaldas.edu.co\/portal\/wp-content\/uploads\/2023\/12\/inntegra.jpg 900w, https:\/\/www.ucaldas.edu.co\/portal\/wp-content\/uploads\/2023\/12\/inntegra-300x170.jpg 300w, https:\/\/www.ucaldas.edu.co\/portal\/wp-content\/uploads\/2023\/12\/inntegra-768x435.jpg 768w\" sizes=\"auto, (max-width: 900px) 100vw, 900px\" \/><\/p>\n<p>Se llev\u00f3 a cabo la \u00faltima reuni\u00f3n del a\u00f1o de la Plataforma Inntegra, un espacio desarrollado entre la Universidad de Caldas, Universidad Nacional sede Manizales y empresarios de la regi\u00f3n, que promueve la colaboraci\u00f3n y el entendimiento entre la empresa, la universidad p\u00fablica y la sociedad.<!--more--><\/p>\n<p>Inntegra, busca principalmente explorar y comprender las capacidades, necesidades y desaf\u00edos de las organizaciones para vincularlas con Centros e Institutos, Spin Off y Tecnolog\u00edas que est\u00e1n desarrollando servicios, productos y soluciones en \u00e1reas de inter\u00e9s com\u00fan.<\/p>\n<p>La Jefe de la Oficina de Investigaciones de la Universidad de Caldas, Lucimar Gomes D\u00edas, explic\u00f3 que con esta reuni\u00f3n se pretende conformar nuevas alianzas con los empresarios de la regi\u00f3n, conocer sus necesidades y presentar las capacidades investigativas que tienen la Universidad de Caldas y la Universidad Nacional Sede Manizales.<\/p>\n<p>Entre las empresas participantes estuvieron Celema, Chec Grupo EPM, Emas by Veolia, Corpocaldas, Acopi, Fenalco, Fundaci\u00f3n Luker, Vico Cuenca, entre otras.<\/p>\n<p>Finalmente, Gomes explic\u00f3 que durante el evento se desarrollaron mesas de trabajo con los empresarios y los dinamizadores en investigaci\u00f3n de ambas universidades, donde se conocieron las necesidades de las empresas y se estableci\u00f3 un banco de proyectos para resolver problemas reales empresariales<\/p>\n<p><strong>Anexo:<\/strong><\/p>\n<p><a href=\"https:\/\/www.ucaldas.edu.co\/portal\/wp-content\/uploads\/2023\/12\/Jefe-de-la-Oficina-de-Investigaciones-de-la-Universidad-de-Caldas-Lucimar-Gomes-Dias.mp3\"><strong>Audio Jefe de la Oficina de Investigaciones de la Universidad de Caldas, Lucimar Gomes D\u00edas.<\/strong><\/a><\/p>\n<audio class=\"wp-audio-shortcode\" id=\"audio-78680-1\" preload=\"none\" style=\"width: 100%;\" controls=\"controls\"><source type=\"audio\/mpeg\" src=\"https:\/\/www.ucaldas.edu.co\/portal\/wp-content\/uploads\/2023\/12\/Jefe-de-la-Oficina-de-Investigaciones-de-la-Universidad-de-Caldas-Lucimar-Gomes-Dias.mp3?_=1\" \/><a href=\"https:\/\/www.ucaldas.edu.co\/portal\/wp-content\/uploads\/2023\/12\/Jefe-de-la-Oficina-de-Investigaciones-de-la-Universidad-de-Caldas-Lucimar-Gomes-Dias.mp3\">https:\/\/www.ucaldas.edu.co\/portal\/wp-content\/uploads\/2023\/12\/Jefe-de-la-Oficina-de-Investigaciones-de-la-Universidad-de-Caldas-Lucimar-Gomes-Dias.mp3<\/a><\/audio>\n","protected":false},"excerpt":{"rendered":"<p>Se llev\u00f3 a cabo la \u00faltima reuni\u00f3n del a\u00f1o de la Plataforma Inntegra, un espacio desarrollado entre la Universidad de Caldas, Universidad Nacional sede Manizales y empresarios de la regi\u00f3n, que promueve la colaboraci\u00f3n y el entendimiento entre la empresa, la universidad p\u00fablica y la sociedad.<\/p>\n","protected":false},"author":2,"featured_media":78681,"comment_status":"closed","ping_status":"open","sticky":false,"template":"","format":"standard","meta":{"footnotes":""},"categories":[53,48],"tags":[9739],"class_list":["post-78680","post","type-post","status-publish","format-standard","has-post-thumbnail","hentry","category-universidad-al-dia","category-actualidad","tag-inntegra"],"yoast_head":"<!-- This site is optimized with the Yoast SEO plugin v27.5 - https:\/\/yoast.com\/product\/yoast-seo-wordpress\/ -->\n<title>Universidad de Caldas y Nacional se reunieron con empresarios de la regi\u00f3n para establecer alianzas .<\/title>\n<meta name=\"robots\" content=\"index, follow, max-snippet:-1, max-image-preview:large, max-video-preview:-1\" \/>\n<link rel=\"canonical\" href=\"https:\/\/www.ucaldas.edu.co\/portal\/universidad-de-caldas-y-nacional-se-reunieron-con-empresarios-de-la-region-para-establecer-alianzas\/\" \/>\n<script type=\"application\/ld+json\" class=\"yoast-schema-graph\">{\"@context\":\"https:\\\/\\\/schema.org\",\"@graph\":[{\"@type\":\"Article\",\"@id\":\"https:\\\/\\\/www.ucaldas.edu.co\\\/portal\\\/universidad-de-caldas-y-nacional-se-reunieron-con-empresarios-de-la-region-para-establecer-alianzas\\\/#article\",\"isPartOf\":{\"@id\":\"https:\\\/\\\/www.ucaldas.edu.co\\\/portal\\\/universidad-de-caldas-y-nacional-se-reunieron-con-empresarios-de-la-region-para-establecer-alianzas\\\/\"},\"author\":{\"name\":\"ofiprensa\",\"@id\":\"https:\\\/\\\/www.ucaldas.edu.co\\\/portal\\\/#\\\/schema\\\/person\\\/a1b482e23449158b4bc319926c074fdf\"},\"headline\":\"Universidad de Caldas y Nacional se reunieron con empresarios de la regi\u00f3n para establecer alianzas\",\"datePublished\":\"2023-12-12T17:40:46+00:00\",\"mainEntityOfPage\":{\"@id\":\"https:\\\/\\\/www.ucaldas.edu.co\\\/portal\\\/universidad-de-caldas-y-nacional-se-reunieron-con-empresarios-de-la-region-para-establecer-alianzas\\\/\"},\"wordCount\":258,\"publisher\":{\"@id\":\"https:\\\/\\\/www.ucaldas.edu.co\\\/portal\\\/#organization\"},\"image\":{\"@id\":\"https:\\\/\\\/www.ucaldas.edu.co\\\/portal\\\/universidad-de-caldas-y-nacional-se-reunieron-con-empresarios-de-la-region-para-establecer-alianzas\\\/#primaryimage\"},\"thumbnailUrl\":\"https:\\\/\\\/www.ucaldas.edu.co\\\/portal\\\/wp-content\\\/uploads\\\/2023\\\/12\\\/inntegra.jpg\",\"keywords\":[\"Inntegra\"],\"articleSection\":[\"Universidad al D\u00eda\",\"Actualidad\"],\"inLanguage\":\"es\"},{\"@type\":\"WebPage\",\"@id\":\"https:\\\/\\\/www.ucaldas.edu.co\\\/portal\\\/universidad-de-caldas-y-nacional-se-reunieron-con-empresarios-de-la-region-para-establecer-alianzas\\\/\",\"url\":\"https:\\\/\\\/www.ucaldas.edu.co\\\/portal\\\/universidad-de-caldas-y-nacional-se-reunieron-con-empresarios-de-la-region-para-establecer-alianzas\\\/\",\"name\":\"Universidad de Caldas y Nacional se reunieron con empresarios de la regi\u00f3n para establecer alianzas .\",\"isPartOf\":{\"@id\":\"https:\\\/\\\/www.ucaldas.edu.co\\\/portal\\\/#website\"},\"primaryImageOfPage\":{\"@id\":\"https:\\\/\\\/www.ucaldas.edu.co\\\/portal\\\/universidad-de-caldas-y-nacional-se-reunieron-con-empresarios-de-la-region-para-establecer-alianzas\\\/#primaryimage\"},\"image\":{\"@id\":\"https:\\\/\\\/www.ucaldas.edu.co\\\/portal\\\/universidad-de-caldas-y-nacional-se-reunieron-con-empresarios-de-la-region-para-establecer-alianzas\\\/#primaryimage\"},\"thumbnailUrl\":\"https:\\\/\\\/www.ucaldas.edu.co\\\/portal\\\/wp-content\\\/uploads\\\/2023\\\/12\\\/inntegra.jpg\",\"datePublished\":\"2023-12-12T17:40:46+00:00\",\"breadcrumb\":{\"@id\":\"https:\\\/\\\/www.ucaldas.edu.co\\\/portal\\\/universidad-de-caldas-y-nacional-se-reunieron-con-empresarios-de-la-region-para-establecer-alianzas\\\/#breadcrumb\"},\"inLanguage\":\"es\",\"potentialAction\":[{\"@type\":\"ReadAction\",\"target\":[\"https:\\\/\\\/www.ucaldas.edu.co\\\/portal\\\/universidad-de-caldas-y-nacional-se-reunieron-con-empresarios-de-la-region-para-establecer-alianzas\\\/\"]}]},{\"@type\":\"ImageObject\",\"inLanguage\":\"es\",\"@id\":\"https:\\\/\\\/www.ucaldas.edu.co\\\/portal\\\/universidad-de-caldas-y-nacional-se-reunieron-con-empresarios-de-la-region-para-establecer-alianzas\\\/#primaryimage\",\"url\":\"https:\\\/\\\/www.ucaldas.edu.co\\\/portal\\\/wp-content\\\/uploads\\\/2023\\\/12\\\/inntegra.jpg\",\"contentUrl\":\"https:\\\/\\\/www.ucaldas.edu.co\\\/portal\\\/wp-content\\\/uploads\\\/2023\\\/12\\\/inntegra.jpg\",\"width\":900,\"height\":510,\"caption\":\"reuni\u00f3n con empresarios de la regi\u00f3n\"},{\"@type\":\"BreadcrumbList\",\"@id\":\"https:\\\/\\\/www.ucaldas.edu.co\\\/portal\\\/universidad-de-caldas-y-nacional-se-reunieron-con-empresarios-de-la-region-para-establecer-alianzas\\\/#breadcrumb\",\"itemListElement\":[{\"@type\":\"ListItem\",\"position\":1,\"name\":\"Portada\",\"item\":\"https:\\\/\\\/www.ucaldas.edu.co\\\/portal\\\/\"},{\"@type\":\"ListItem\",\"position\":2,\"name\":\"Universidad de Caldas y Nacional se reunieron con empresarios de la regi\u00f3n para establecer alianzas\"}]},{\"@type\":\"WebSite\",\"@id\":\"https:\\\/\\\/www.ucaldas.edu.co\\\/portal\\\/#website\",\"url\":\"https:\\\/\\\/www.ucaldas.edu.co\\\/portal\\\/\",\"name\":\"Universidad de Caldas\",\"description\":\"\",\"publisher\":{\"@id\":\"https:\\\/\\\/www.ucaldas.edu.co\\\/portal\\\/#organization\"},\"alternateName\":\"U. de Caldas\",\"potentialAction\":[{\"@type\":\"SearchAction\",\"target\":{\"@type\":\"EntryPoint\",\"urlTemplate\":\"https:\\\/\\\/www.ucaldas.edu.co\\\/portal\\\/?s={search_term_string}\"},\"query-input\":{\"@type\":\"PropertyValueSpecification\",\"valueRequired\":true,\"valueName\":\"search_term_string\"}}],\"inLanguage\":\"es\"},{\"@type\":\"Organization\",\"@id\":\"https:\\\/\\\/www.ucaldas.edu.co\\\/portal\\\/#organization\",\"name\":\"Universidad de Caldas\",\"alternateName\":\"U. de Caldas\",\"url\":\"https:\\\/\\\/www.ucaldas.edu.co\\\/portal\\\/\",\"logo\":{\"@type\":\"ImageObject\",\"inLanguage\":\"es\",\"@id\":\"https:\\\/\\\/www.ucaldas.edu.co\\\/portal\\\/#\\\/schema\\\/logo\\\/image\\\/\",\"url\":\"https:\\\/\\\/www.ucaldas.edu.co\\\/portal\\\/wp-content\\\/uploads\\\/2023\\\/11\\\/Logo_horizontal_oscuroU-2023.png\",\"contentUrl\":\"https:\\\/\\\/www.ucaldas.edu.co\\\/portal\\\/wp-content\\\/uploads\\\/2023\\\/11\\\/Logo_horizontal_oscuroU-2023.png\",\"width\":263,\"height\":101,\"caption\":\"Universidad de Caldas\"},\"image\":{\"@id\":\"https:\\\/\\\/www.ucaldas.edu.co\\\/portal\\\/#\\\/schema\\\/logo\\\/image\\\/\"},\"sameAs\":[\"https:\\\/\\\/www.facebook.com\\\/udecaldas\",\"https:\\\/\\\/x.com\\\/udecaldas\",\"https:\\\/\\\/www.youtube.com\\\/universidadcaldas\",\"https:\\\/\\\/www.instagram.com\\\/udecaldas\\\/\"]},{\"@type\":\"Person\",\"@id\":\"https:\\\/\\\/www.ucaldas.edu.co\\\/portal\\\/#\\\/schema\\\/person\\\/a1b482e23449158b4bc319926c074fdf\",\"name\":\"ofiprensa\",\"image\":{\"@type\":\"ImageObject\",\"inLanguage\":\"es\",\"@id\":\"https:\\\/\\\/www.ucaldas.edu.co\\\/portal\\\/wp-content\\\/litespeed\\\/avatar\\\/09ea5085e600095a7a811142c6944527.jpg?ver=1776892805\",\"url\":\"https:\\\/\\\/www.ucaldas.edu.co\\\/portal\\\/wp-content\\\/litespeed\\\/avatar\\\/09ea5085e600095a7a811142c6944527.jpg?ver=1776892805\",\"contentUrl\":\"https:\\\/\\\/www.ucaldas.edu.co\\\/portal\\\/wp-content\\\/litespeed\\\/avatar\\\/09ea5085e600095a7a811142c6944527.jpg?ver=1776892805\",\"caption\":\"ofiprensa\"},\"url\":\"https:\\\/\\\/www.ucaldas.edu.co\\\/portal\\\/author\\\/ofiprensa\\\/\"}]}<\/script>\n<!-- \/ Yoast SEO plugin. -->","yoast_head_json":{"title":"Universidad de Caldas y Nacional se reunieron con empresarios de la regi\u00f3n para establecer alianzas .","robots":{"index":"index","follow":"follow","max-snippet":"max-snippet:-1","max-image-preview":"max-image-preview:large","max-video-preview":"max-video-preview:-1"},"canonical":"https:\/\/www.ucaldas.edu.co\/portal\/universidad-de-caldas-y-nacional-se-reunieron-con-empresarios-de-la-region-para-establecer-alianzas\/","schema":{"@context":"https:\/\/schema.org","@graph":[{"@type":"Article","@id":"https:\/\/www.ucaldas.edu.co\/portal\/universidad-de-caldas-y-nacional-se-reunieron-con-empresarios-de-la-region-para-establecer-alianzas\/#article","isPartOf":{"@id":"https:\/\/www.ucaldas.edu.co\/portal\/universidad-de-caldas-y-nacional-se-reunieron-con-empresarios-de-la-region-para-establecer-alianzas\/"},"author":{"name":"ofiprensa","@id":"https:\/\/www.ucaldas.edu.co\/portal\/#\/schema\/person\/a1b482e23449158b4bc319926c074fdf"},"headline":"Universidad de Caldas y Nacional se reunieron con empresarios de la regi\u00f3n para establecer alianzas","datePublished":"2023-12-12T17:40:46+00:00","mainEntityOfPage":{"@id":"https:\/\/www.ucaldas.edu.co\/portal\/universidad-de-caldas-y-nacional-se-reunieron-con-empresarios-de-la-region-para-establecer-alianzas\/"},"wordCount":258,"publisher":{"@id":"https:\/\/www.ucaldas.edu.co\/portal\/#organization"},"image":{"@id":"https:\/\/www.ucaldas.edu.co\/portal\/universidad-de-caldas-y-nacional-se-reunieron-con-empresarios-de-la-region-para-establecer-alianzas\/#primaryimage"},"thumbnailUrl":"https:\/\/www.ucaldas.edu.co\/portal\/wp-content\/uploads\/2023\/12\/inntegra.jpg","keywords":["Inntegra"],"articleSection":["Universidad al D\u00eda","Actualidad"],"inLanguage":"es"},{"@type":"WebPage","@id":"https:\/\/www.ucaldas.edu.co\/portal\/universidad-de-caldas-y-nacional-se-reunieron-con-empresarios-de-la-region-para-establecer-alianzas\/","url":"https:\/\/www.ucaldas.edu.co\/portal\/universidad-de-caldas-y-nacional-se-reunieron-con-empresarios-de-la-region-para-establecer-alianzas\/","name":"Universidad de Caldas y Nacional se reunieron con empresarios de la regi\u00f3n para establecer alianzas .","isPartOf":{"@id":"https:\/\/www.ucaldas.edu.co\/portal\/#website"},"primaryImageOfPage":{"@id":"https:\/\/www.ucaldas.edu.co\/portal\/universidad-de-caldas-y-nacional-se-reunieron-con-empresarios-de-la-region-para-establecer-alianzas\/#primaryimage"},"image":{"@id":"https:\/\/www.ucaldas.edu.co\/portal\/universidad-de-caldas-y-nacional-se-reunieron-con-empresarios-de-la-region-para-establecer-alianzas\/#primaryimage"},"thumbnailUrl":"https:\/\/www.ucaldas.edu.co\/portal\/wp-content\/uploads\/2023\/12\/inntegra.jpg","datePublished":"2023-12-12T17:40:46+00:00","breadcrumb":{"@id":"https:\/\/www.ucaldas.edu.co\/portal\/universidad-de-caldas-y-nacional-se-reunieron-con-empresarios-de-la-region-para-establecer-alianzas\/#breadcrumb"},"inLanguage":"es","potentialAction":[{"@type":"ReadAction","target":["https:\/\/www.ucaldas.edu.co\/portal\/universidad-de-caldas-y-nacional-se-reunieron-con-empresarios-de-la-region-para-establecer-alianzas\/"]}]},{"@type":"ImageObject","inLanguage":"es","@id":"https:\/\/www.ucaldas.edu.co\/portal\/universidad-de-caldas-y-nacional-se-reunieron-con-empresarios-de-la-region-para-establecer-alianzas\/#primaryimage","url":"https:\/\/www.ucaldas.edu.co\/portal\/wp-content\/uploads\/2023\/12\/inntegra.jpg","contentUrl":"https:\/\/www.ucaldas.edu.co\/portal\/wp-content\/uploads\/2023\/12\/inntegra.jpg","width":900,"height":510,"caption":"reuni\u00f3n con empresarios de la regi\u00f3n"},{"@type":"BreadcrumbList","@id":"https:\/\/www.ucaldas.edu.co\/portal\/universidad-de-caldas-y-nacional-se-reunieron-con-empresarios-de-la-region-para-establecer-alianzas\/#breadcrumb","itemListElement":[{"@type":"ListItem","position":1,"name":"Portada","item":"https:\/\/www.ucaldas.edu.co\/portal\/"},{"@type":"ListItem","position":2,"name":"Universidad de Caldas y Nacional se reunieron con empresarios de la regi\u00f3n para establecer alianzas"}]},{"@type":"WebSite","@id":"https:\/\/www.ucaldas.edu.co\/portal\/#website","url":"https:\/\/www.ucaldas.edu.co\/portal\/","name":"Universidad de Caldas","description":"","publisher":{"@id":"https:\/\/www.ucaldas.edu.co\/portal\/#organization"},"alternateName":"U. de Caldas","potentialAction":[{"@type":"SearchAction","target":{"@type":"EntryPoint","urlTemplate":"https:\/\/www.ucaldas.edu.co\/portal\/?s={search_term_string}"},"query-input":{"@type":"PropertyValueSpecification","valueRequired":true,"valueName":"search_term_string"}}],"inLanguage":"es"},{"@type":"Organization","@id":"https:\/\/www.ucaldas.edu.co\/portal\/#organization","name":"Universidad de Caldas","alternateName":"U. de Caldas","url":"https:\/\/www.ucaldas.edu.co\/portal\/","logo":{"@type":"ImageObject","inLanguage":"es","@id":"https:\/\/www.ucaldas.edu.co\/portal\/#\/schema\/logo\/image\/","url":"https:\/\/www.ucaldas.edu.co\/portal\/wp-content\/uploads\/2023\/11\/Logo_horizontal_oscuroU-2023.png","contentUrl":"https:\/\/www.ucaldas.edu.co\/portal\/wp-content\/uploads\/2023\/11\/Logo_horizontal_oscuroU-2023.png","width":263,"height":101,"caption":"Universidad de Caldas"},"image":{"@id":"https:\/\/www.ucaldas.edu.co\/portal\/#\/schema\/logo\/image\/"},"sameAs":["https:\/\/www.facebook.com\/udecaldas","https:\/\/x.com\/udecaldas","https:\/\/www.youtube.com\/universidadcaldas","https:\/\/www.instagram.com\/udecaldas\/"]},{"@type":"Person","@id":"https:\/\/www.ucaldas.edu.co\/portal\/#\/schema\/person\/a1b482e23449158b4bc319926c074fdf","name":"ofiprensa","image":{"@type":"ImageObject","inLanguage":"es","@id":"https:\/\/www.ucaldas.edu.co\/portal\/wp-content\/litespeed\/avatar\/09ea5085e600095a7a811142c6944527.jpg?ver=1776892805","url":"https:\/\/www.ucaldas.edu.co\/portal\/wp-content\/litespeed\/avatar\/09ea5085e600095a7a811142c6944527.jpg?ver=1776892805","contentUrl":"https:\/\/www.ucaldas.edu.co\/portal\/wp-content\/litespeed\/avatar\/09ea5085e600095a7a811142c6944527.jpg?ver=1776892805","caption":"ofiprensa"},"url":"https:\/\/www.ucaldas.edu.co\/portal\/author\/ofiprensa\/"}]}},"_links":{"self":[{"href":"https:\/\/www.ucaldas.edu.co\/portal\/wp-json\/wp\/v2\/posts\/78680","targetHints":{"allow":["GET"]}}],"collection":[{"href":"https:\/\/www.ucaldas.edu.co\/portal\/wp-json\/wp\/v2\/posts"}],"about":[{"href":"https:\/\/www.ucaldas.edu.co\/portal\/wp-json\/wp\/v2\/types\/post"}],"author":[{"embeddable":true,"href":"https:\/\/www.ucaldas.edu.co\/portal\/wp-json\/wp\/v2\/users\/2"}],"replies":[{"embeddable":true,"href":"https:\/\/www.ucaldas.edu.co\/portal\/wp-json\/wp\/v2\/comments?post=78680"}],"version-history":[{"count":0,"href":"https:\/\/www.ucaldas.edu.co\/portal\/wp-json\/wp\/v2\/posts\/78680\/revisions"}],"wp:featuredmedia":[{"embeddable":true,"href":"https:\/\/www.ucaldas.edu.co\/portal\/wp-json\/wp\/v2\/media\/78681"}],"wp:attachment":[{"href":"https:\/\/www.ucaldas.edu.co\/portal\/wp-json\/wp\/v2\/media?parent=78680"}],"wp:term":[{"taxonomy":"category","embeddable":true,"href":"https:\/\/www.ucaldas.edu.co\/portal\/wp-json\/wp\/v2\/categories?post=78680"},{"taxonomy":"post_tag","embeddable":true,"href":"https:\/\/www.ucaldas.edu.co\/portal\/wp-json\/wp\/v2\/tags?post=78680"}],"curies":[{"name":"wp","href":"https:\/\/api.w.org\/{rel}","templated":true}]}}