{"id":78650,"date":"2023-12-11T13:31:51","date_gmt":"2023-12-11T18:31:51","guid":{"rendered":"https:\/\/www.ucaldas.edu.co\/portal\/?p=78650"},"modified":"2025-07-24T10:14:53","modified_gmt":"2025-07-24T15:14:53","slug":"universidad-de-caldas-en-tu-pueblo-proyecto-bandera-del-primer-ano-de-gestion-para-potenciar-la-educacion-superior","status":"publish","type":"post","link":"https:\/\/www.ucaldas.edu.co\/portal\/universidad-de-caldas-en-tu-pueblo-proyecto-bandera-del-primer-ano-de-gestion-para-potenciar-la-educacion-superior\/","title":{"rendered":"Universidad de Caldas en tu pueblo, proyecto bandera del primer a\u00f1o de gesti\u00f3n, para potenciar la educaci\u00f3n superior"},"content":{"rendered":"<p><img loading=\"lazy\" decoding=\"async\" class=\"aligncenter size-full wp-image-78651\" src=\"https:\/\/www.ucaldas.edu.co\/portal\/wp-content\/uploads\/2023\/12\/rueda.jpg\" alt=\"equipo directivo u caldas\" width=\"900\" height=\"510\" srcset=\"https:\/\/www.ucaldas.edu.co\/portal\/wp-content\/uploads\/2023\/12\/rueda.jpg 900w, https:\/\/www.ucaldas.edu.co\/portal\/wp-content\/uploads\/2023\/12\/rueda-300x170.jpg 300w, https:\/\/www.ucaldas.edu.co\/portal\/wp-content\/uploads\/2023\/12\/rueda-768x435.jpg 768w\" sizes=\"auto, (max-width: 900px) 100vw, 900px\" \/><\/p>\n<p>En rueda de prensa, el Rector de la Universidad de Caldas, Fabio Hernando Arias Orozco, present\u00f3 el balance de su primer a\u00f1o de gesti\u00f3n en la instituci\u00f3n durante el 2023, donde se destac\u00f3 la regionalizaci\u00f3n de la educaci\u00f3n superior.<!--more--><\/p>\n<p>El encuentro cont\u00f3 con la participaci\u00f3n de directivas de la Universidad de Caldas en cabeza del Rector de la instituci\u00f3n, quien subray\u00f3 que el trabajo que se ha realizado durante el presente a\u00f1o se hizo en sinton\u00eda con los proyectos que lleva a cabo el actual Gobierno Nacional en material de educaci\u00f3n superior.<\/p>\n<p>El principal tema expuesto en la mesa fue la articulaci\u00f3n del proyecto de la instituci\u00f3n denominado Universidad de Caldas en tu Pueblo, que dio inicio en enero del presente a\u00f1o, con el proyecto del Gobierno \u201cUniversidad en tu Territorio\u201d, que arranc\u00f3 en el mes de abril. Gracias a lo anterior, seg\u00fan lo afirma el Rector, se logr\u00f3 establecer tres nuevas sedes en el territorio caldense, permitiendo as\u00ed el acceso a la educaci\u00f3n superior desde las poblaciones apartadas.<\/p>\n<p>Actualmente, la Universidad de Caldas cuenta con las siguientes sedes:<\/p>\n<ul>\n<li>Manizales con 6 campus (Campus Central, Sancancio, Bellas Artes, Palogrande, Versalles y Bicentenario) con aproximadamente 12 mil estudiantes.<\/li>\n<li>Sede Guarinocito, con 600 estudiantes m\u00e1s 200 en articulaci\u00f3n con colegios del municipio de La Dorada.<\/li>\n<li>Sede Aguadas (recientemente inaugurada), con 150 estudiantes y en la cual se espera en los pr\u00f3ximos 3 a\u00f1os contar con aproximadamente mil j\u00f3venes de municipios cercanos.<\/li>\n<li>Sede Anserma, pr\u00f3xima a construir con el Gobierno Nacional, pero que ya cuenta con 400 estudiantes activos y donde se espera en los pr\u00f3ximos a\u00f1os tener mil 500.<\/li>\n<\/ul>\n<p>Como parte de esta estrategia de llevar educaci\u00f3n superior a la regi\u00f3n, se destaca el actual desarrollo de 11 nuevos programas t\u00e9cnicos profesionales que se ofertar\u00e1n en 15 de los 27 municipios del Departamento de Caldas, con el objetivo de que los j\u00f3venes cuenten con una amplia y llamativa oferta cerca de sus territorios.<\/p>\n<p>Seg\u00fan lo asegur\u00f3 el Rector de la Universidad, estos logros se dan gracias a la alianza con instituciones p\u00fablicas y privadas como el Ministerio de Educaci\u00f3n Nacional, Gobernaci\u00f3n de Caldas, 14 Alcald\u00edas de Caldas, Fundaci\u00f3n Luker, Chec Grupo EPM, Universidad Nacional sede Manizales, Confa, entre otras, que trabajar\u00e1n para ofertar en los pr\u00f3ximos 4 a\u00f1os, cinco mil cupos nuevos.<\/p>\n<p><strong>Otros temas destacados<\/strong><\/p>\n<ul>\n<li>Ampliaci\u00f3n de la infraestructura de la Universidad: Aprobaci\u00f3n de la construcci\u00f3n de la sede en Anserma; casas universitarias en la sede Guarinocito; y expansi\u00f3n de la Sede Magdalena Centro con lote de la SAE, dedicado a los programas de ciencias agropecuarias<\/li>\n<li>33 becas doctorales para Docentes Ocasionales de la instituci\u00f3n en los 11 doctorados que oferta la Universidad, con el objetivo de potencializar el recurso humano y mejorar las competencias profesionales e investigativas de la planta docente.<\/li>\n<li>Participaci\u00f3n de los Docentes Ocasionales como representantes en \u00f3rganos colegiados de la Instituci\u00f3n, es decir, Consejos Superior, Acad\u00e9mico y de Facultades.<\/li>\n<li>Aprobaci\u00f3n del proyecto de reclasificaci\u00f3n salarial del que se beneficiar\u00e1n m\u00e1s de 370 empleados en los pr\u00f3ximos 3 a\u00f1os con un incremento de su salario. La inversi\u00f3n para este proyecto es de 8 mil millones de pesos.<\/li>\n<\/ul>\n<p><strong>Anexo:<\/strong><\/p>\n<p><a href=\"https:\/\/www.ucaldas.edu.co\/portal\/wp-content\/uploads\/2023\/12\/Rector-Universidad-de-Caldas-Fabio-Hernando-Arias-Orozco-1.mp3\"><strong>Audio Rector Universidad de Caldas, Fabio Hernando Arias Orozco.<\/strong><\/a><\/p>\n<audio class=\"wp-audio-shortcode\" id=\"audio-78650-1\" preload=\"none\" style=\"width: 100%;\" controls=\"controls\"><source type=\"audio\/mpeg\" src=\"https:\/\/www.ucaldas.edu.co\/portal\/wp-content\/uploads\/2023\/12\/Rector-Universidad-de-Caldas-Fabio-Hernando-Arias-Orozco-1.mp3?_=1\" \/><a href=\"https:\/\/www.ucaldas.edu.co\/portal\/wp-content\/uploads\/2023\/12\/Rector-Universidad-de-Caldas-Fabio-Hernando-Arias-Orozco-1.mp3\">https:\/\/www.ucaldas.edu.co\/portal\/wp-content\/uploads\/2023\/12\/Rector-Universidad-de-Caldas-Fabio-Hernando-Arias-Orozco-1.mp3<\/a><\/audio>\n","protected":false},"excerpt":{"rendered":"<p>En rueda de prensa, el Rector de la Universidad de Caldas, Fabio Hernando Arias Orozco, present\u00f3 el balance de su primer a\u00f1o de gesti\u00f3n en la instituci\u00f3n durante el 2023, donde se destac\u00f3 la regionalizaci\u00f3n de la educaci\u00f3n superior.<\/p>\n","protected":false},"author":2,"featured_media":78651,"comment_status":"closed","ping_status":"open","sticky":false,"template":"","format":"standard","meta":{"footnotes":""},"categories":[48,53,600,9870],"tags":[1334],"class_list":["post-78650","post","type-post","status-publish","format-standard","has-post-thumbnail","hentry","category-actualidad","category-universidad-al-dia","category-ucaldas-regional","category-u-caldas-en-tu-pueblo","tag-gestion"],"yoast_head":"<!-- This site is optimized with the Yoast SEO plugin v27.5 - https:\/\/yoast.com\/product\/yoast-seo-wordpress\/ -->\n<title>Universidad de Caldas en tu pueblo, proyecto bandera del primer a\u00f1o de gesti\u00f3n, para potenciar la educaci\u00f3n superior .<\/title>\n<meta name=\"robots\" content=\"index, follow, max-snippet:-1, max-image-preview:large, max-video-preview:-1\" \/>\n<link rel=\"canonical\" href=\"https:\/\/www.ucaldas.edu.co\/portal\/universidad-de-caldas-en-tu-pueblo-proyecto-bandera-del-primer-ano-de-gestion-para-potenciar-la-educacion-superior\/\" \/>\n<script type=\"application\/ld+json\" class=\"yoast-schema-graph\">{\"@context\":\"https:\\\/\\\/schema.org\",\"@graph\":[{\"@type\":\"Article\",\"@id\":\"https:\\\/\\\/www.ucaldas.edu.co\\\/portal\\\/universidad-de-caldas-en-tu-pueblo-proyecto-bandera-del-primer-ano-de-gestion-para-potenciar-la-educacion-superior\\\/#article\",\"isPartOf\":{\"@id\":\"https:\\\/\\\/www.ucaldas.edu.co\\\/portal\\\/universidad-de-caldas-en-tu-pueblo-proyecto-bandera-del-primer-ano-de-gestion-para-potenciar-la-educacion-superior\\\/\"},\"author\":{\"name\":\"ofiprensa\",\"@id\":\"https:\\\/\\\/www.ucaldas.edu.co\\\/portal\\\/#\\\/schema\\\/person\\\/a1b482e23449158b4bc319926c074fdf\"},\"headline\":\"Universidad de Caldas en tu pueblo, proyecto bandera del primer a\u00f1o de gesti\u00f3n, para potenciar la educaci\u00f3n superior\",\"datePublished\":\"2023-12-11T18:31:51+00:00\",\"dateModified\":\"2025-07-24T15:14:53+00:00\",\"mainEntityOfPage\":{\"@id\":\"https:\\\/\\\/www.ucaldas.edu.co\\\/portal\\\/universidad-de-caldas-en-tu-pueblo-proyecto-bandera-del-primer-ano-de-gestion-para-potenciar-la-educacion-superior\\\/\"},\"wordCount\":595,\"publisher\":{\"@id\":\"https:\\\/\\\/www.ucaldas.edu.co\\\/portal\\\/#organization\"},\"image\":{\"@id\":\"https:\\\/\\\/www.ucaldas.edu.co\\\/portal\\\/universidad-de-caldas-en-tu-pueblo-proyecto-bandera-del-primer-ano-de-gestion-para-potenciar-la-educacion-superior\\\/#primaryimage\"},\"thumbnailUrl\":\"https:\\\/\\\/www.ucaldas.edu.co\\\/portal\\\/wp-content\\\/uploads\\\/2023\\\/12\\\/rueda.jpg\",\"keywords\":[\"gesti\u00f3n\"],\"articleSection\":[\"Actualidad\",\"Universidad al D\u00eda\",\"UCaldas Regional\",\"U Caldas en tu Pueblo\"],\"inLanguage\":\"es\"},{\"@type\":\"WebPage\",\"@id\":\"https:\\\/\\\/www.ucaldas.edu.co\\\/portal\\\/universidad-de-caldas-en-tu-pueblo-proyecto-bandera-del-primer-ano-de-gestion-para-potenciar-la-educacion-superior\\\/\",\"url\":\"https:\\\/\\\/www.ucaldas.edu.co\\\/portal\\\/universidad-de-caldas-en-tu-pueblo-proyecto-bandera-del-primer-ano-de-gestion-para-potenciar-la-educacion-superior\\\/\",\"name\":\"Universidad de Caldas en tu pueblo, proyecto bandera del primer a\u00f1o de gesti\u00f3n, para potenciar la educaci\u00f3n superior .\",\"isPartOf\":{\"@id\":\"https:\\\/\\\/www.ucaldas.edu.co\\\/portal\\\/#website\"},\"primaryImageOfPage\":{\"@id\":\"https:\\\/\\\/www.ucaldas.edu.co\\\/portal\\\/universidad-de-caldas-en-tu-pueblo-proyecto-bandera-del-primer-ano-de-gestion-para-potenciar-la-educacion-superior\\\/#primaryimage\"},\"image\":{\"@id\":\"https:\\\/\\\/www.ucaldas.edu.co\\\/portal\\\/universidad-de-caldas-en-tu-pueblo-proyecto-bandera-del-primer-ano-de-gestion-para-potenciar-la-educacion-superior\\\/#primaryimage\"},\"thumbnailUrl\":\"https:\\\/\\\/www.ucaldas.edu.co\\\/portal\\\/wp-content\\\/uploads\\\/2023\\\/12\\\/rueda.jpg\",\"datePublished\":\"2023-12-11T18:31:51+00:00\",\"dateModified\":\"2025-07-24T15:14:53+00:00\",\"breadcrumb\":{\"@id\":\"https:\\\/\\\/www.ucaldas.edu.co\\\/portal\\\/universidad-de-caldas-en-tu-pueblo-proyecto-bandera-del-primer-ano-de-gestion-para-potenciar-la-educacion-superior\\\/#breadcrumb\"},\"inLanguage\":\"es\",\"potentialAction\":[{\"@type\":\"ReadAction\",\"target\":[\"https:\\\/\\\/www.ucaldas.edu.co\\\/portal\\\/universidad-de-caldas-en-tu-pueblo-proyecto-bandera-del-primer-ano-de-gestion-para-potenciar-la-educacion-superior\\\/\"]}]},{\"@type\":\"ImageObject\",\"inLanguage\":\"es\",\"@id\":\"https:\\\/\\\/www.ucaldas.edu.co\\\/portal\\\/universidad-de-caldas-en-tu-pueblo-proyecto-bandera-del-primer-ano-de-gestion-para-potenciar-la-educacion-superior\\\/#primaryimage\",\"url\":\"https:\\\/\\\/www.ucaldas.edu.co\\\/portal\\\/wp-content\\\/uploads\\\/2023\\\/12\\\/rueda.jpg\",\"contentUrl\":\"https:\\\/\\\/www.ucaldas.edu.co\\\/portal\\\/wp-content\\\/uploads\\\/2023\\\/12\\\/rueda.jpg\",\"width\":900,\"height\":510,\"caption\":\"equipo directivo u caldas\"},{\"@type\":\"BreadcrumbList\",\"@id\":\"https:\\\/\\\/www.ucaldas.edu.co\\\/portal\\\/universidad-de-caldas-en-tu-pueblo-proyecto-bandera-del-primer-ano-de-gestion-para-potenciar-la-educacion-superior\\\/#breadcrumb\",\"itemListElement\":[{\"@type\":\"ListItem\",\"position\":1,\"name\":\"Portada\",\"item\":\"https:\\\/\\\/www.ucaldas.edu.co\\\/portal\\\/\"},{\"@type\":\"ListItem\",\"position\":2,\"name\":\"Universidad de Caldas en tu pueblo, proyecto bandera del primer a\u00f1o de gesti\u00f3n, para potenciar la educaci\u00f3n superior\"}]},{\"@type\":\"WebSite\",\"@id\":\"https:\\\/\\\/www.ucaldas.edu.co\\\/portal\\\/#website\",\"url\":\"https:\\\/\\\/www.ucaldas.edu.co\\\/portal\\\/\",\"name\":\"Universidad de Caldas\",\"description\":\"\",\"publisher\":{\"@id\":\"https:\\\/\\\/www.ucaldas.edu.co\\\/portal\\\/#organization\"},\"alternateName\":\"U. de Caldas\",\"potentialAction\":[{\"@type\":\"SearchAction\",\"target\":{\"@type\":\"EntryPoint\",\"urlTemplate\":\"https:\\\/\\\/www.ucaldas.edu.co\\\/portal\\\/?s={search_term_string}\"},\"query-input\":{\"@type\":\"PropertyValueSpecification\",\"valueRequired\":true,\"valueName\":\"search_term_string\"}}],\"inLanguage\":\"es\"},{\"@type\":\"Organization\",\"@id\":\"https:\\\/\\\/www.ucaldas.edu.co\\\/portal\\\/#organization\",\"name\":\"Universidad de Caldas\",\"alternateName\":\"U. de Caldas\",\"url\":\"https:\\\/\\\/www.ucaldas.edu.co\\\/portal\\\/\",\"logo\":{\"@type\":\"ImageObject\",\"inLanguage\":\"es\",\"@id\":\"https:\\\/\\\/www.ucaldas.edu.co\\\/portal\\\/#\\\/schema\\\/logo\\\/image\\\/\",\"url\":\"https:\\\/\\\/www.ucaldas.edu.co\\\/portal\\\/wp-content\\\/uploads\\\/2023\\\/11\\\/Logo_horizontal_oscuroU-2023.png\",\"contentUrl\":\"https:\\\/\\\/www.ucaldas.edu.co\\\/portal\\\/wp-content\\\/uploads\\\/2023\\\/11\\\/Logo_horizontal_oscuroU-2023.png\",\"width\":263,\"height\":101,\"caption\":\"Universidad de Caldas\"},\"image\":{\"@id\":\"https:\\\/\\\/www.ucaldas.edu.co\\\/portal\\\/#\\\/schema\\\/logo\\\/image\\\/\"},\"sameAs\":[\"https:\\\/\\\/www.facebook.com\\\/udecaldas\",\"https:\\\/\\\/x.com\\\/udecaldas\",\"https:\\\/\\\/www.youtube.com\\\/universidadcaldas\",\"https:\\\/\\\/www.instagram.com\\\/udecaldas\\\/\"]},{\"@type\":\"Person\",\"@id\":\"https:\\\/\\\/www.ucaldas.edu.co\\\/portal\\\/#\\\/schema\\\/person\\\/a1b482e23449158b4bc319926c074fdf\",\"name\":\"ofiprensa\",\"image\":{\"@type\":\"ImageObject\",\"inLanguage\":\"es\",\"@id\":\"https:\\\/\\\/www.ucaldas.edu.co\\\/portal\\\/wp-content\\\/litespeed\\\/avatar\\\/09ea5085e600095a7a811142c6944527.jpg?ver=1776892805\",\"url\":\"https:\\\/\\\/www.ucaldas.edu.co\\\/portal\\\/wp-content\\\/litespeed\\\/avatar\\\/09ea5085e600095a7a811142c6944527.jpg?ver=1776892805\",\"contentUrl\":\"https:\\\/\\\/www.ucaldas.edu.co\\\/portal\\\/wp-content\\\/litespeed\\\/avatar\\\/09ea5085e600095a7a811142c6944527.jpg?ver=1776892805\",\"caption\":\"ofiprensa\"},\"url\":\"https:\\\/\\\/www.ucaldas.edu.co\\\/portal\\\/author\\\/ofiprensa\\\/\"}]}<\/script>\n<!-- \/ Yoast SEO plugin. -->","yoast_head_json":{"title":"Universidad de Caldas en tu pueblo, proyecto bandera del primer a\u00f1o de gesti\u00f3n, para potenciar la educaci\u00f3n superior .","robots":{"index":"index","follow":"follow","max-snippet":"max-snippet:-1","max-image-preview":"max-image-preview:large","max-video-preview":"max-video-preview:-1"},"canonical":"https:\/\/www.ucaldas.edu.co\/portal\/universidad-de-caldas-en-tu-pueblo-proyecto-bandera-del-primer-ano-de-gestion-para-potenciar-la-educacion-superior\/","schema":{"@context":"https:\/\/schema.org","@graph":[{"@type":"Article","@id":"https:\/\/www.ucaldas.edu.co\/portal\/universidad-de-caldas-en-tu-pueblo-proyecto-bandera-del-primer-ano-de-gestion-para-potenciar-la-educacion-superior\/#article","isPartOf":{"@id":"https:\/\/www.ucaldas.edu.co\/portal\/universidad-de-caldas-en-tu-pueblo-proyecto-bandera-del-primer-ano-de-gestion-para-potenciar-la-educacion-superior\/"},"author":{"name":"ofiprensa","@id":"https:\/\/www.ucaldas.edu.co\/portal\/#\/schema\/person\/a1b482e23449158b4bc319926c074fdf"},"headline":"Universidad de Caldas en tu pueblo, proyecto bandera del primer a\u00f1o de gesti\u00f3n, para potenciar la educaci\u00f3n superior","datePublished":"2023-12-11T18:31:51+00:00","dateModified":"2025-07-24T15:14:53+00:00","mainEntityOfPage":{"@id":"https:\/\/www.ucaldas.edu.co\/portal\/universidad-de-caldas-en-tu-pueblo-proyecto-bandera-del-primer-ano-de-gestion-para-potenciar-la-educacion-superior\/"},"wordCount":595,"publisher":{"@id":"https:\/\/www.ucaldas.edu.co\/portal\/#organization"},"image":{"@id":"https:\/\/www.ucaldas.edu.co\/portal\/universidad-de-caldas-en-tu-pueblo-proyecto-bandera-del-primer-ano-de-gestion-para-potenciar-la-educacion-superior\/#primaryimage"},"thumbnailUrl":"https:\/\/www.ucaldas.edu.co\/portal\/wp-content\/uploads\/2023\/12\/rueda.jpg","keywords":["gesti\u00f3n"],"articleSection":["Actualidad","Universidad al D\u00eda","UCaldas Regional","U Caldas en tu Pueblo"],"inLanguage":"es"},{"@type":"WebPage","@id":"https:\/\/www.ucaldas.edu.co\/portal\/universidad-de-caldas-en-tu-pueblo-proyecto-bandera-del-primer-ano-de-gestion-para-potenciar-la-educacion-superior\/","url":"https:\/\/www.ucaldas.edu.co\/portal\/universidad-de-caldas-en-tu-pueblo-proyecto-bandera-del-primer-ano-de-gestion-para-potenciar-la-educacion-superior\/","name":"Universidad de Caldas en tu pueblo, proyecto bandera del primer a\u00f1o de gesti\u00f3n, para potenciar la educaci\u00f3n superior .","isPartOf":{"@id":"https:\/\/www.ucaldas.edu.co\/portal\/#website"},"primaryImageOfPage":{"@id":"https:\/\/www.ucaldas.edu.co\/portal\/universidad-de-caldas-en-tu-pueblo-proyecto-bandera-del-primer-ano-de-gestion-para-potenciar-la-educacion-superior\/#primaryimage"},"image":{"@id":"https:\/\/www.ucaldas.edu.co\/portal\/universidad-de-caldas-en-tu-pueblo-proyecto-bandera-del-primer-ano-de-gestion-para-potenciar-la-educacion-superior\/#primaryimage"},"thumbnailUrl":"https:\/\/www.ucaldas.edu.co\/portal\/wp-content\/uploads\/2023\/12\/rueda.jpg","datePublished":"2023-12-11T18:31:51+00:00","dateModified":"2025-07-24T15:14:53+00:00","breadcrumb":{"@id":"https:\/\/www.ucaldas.edu.co\/portal\/universidad-de-caldas-en-tu-pueblo-proyecto-bandera-del-primer-ano-de-gestion-para-potenciar-la-educacion-superior\/#breadcrumb"},"inLanguage":"es","potentialAction":[{"@type":"ReadAction","target":["https:\/\/www.ucaldas.edu.co\/portal\/universidad-de-caldas-en-tu-pueblo-proyecto-bandera-del-primer-ano-de-gestion-para-potenciar-la-educacion-superior\/"]}]},{"@type":"ImageObject","inLanguage":"es","@id":"https:\/\/www.ucaldas.edu.co\/portal\/universidad-de-caldas-en-tu-pueblo-proyecto-bandera-del-primer-ano-de-gestion-para-potenciar-la-educacion-superior\/#primaryimage","url":"https:\/\/www.ucaldas.edu.co\/portal\/wp-content\/uploads\/2023\/12\/rueda.jpg","contentUrl":"https:\/\/www.ucaldas.edu.co\/portal\/wp-content\/uploads\/2023\/12\/rueda.jpg","width":900,"height":510,"caption":"equipo directivo u caldas"},{"@type":"BreadcrumbList","@id":"https:\/\/www.ucaldas.edu.co\/portal\/universidad-de-caldas-en-tu-pueblo-proyecto-bandera-del-primer-ano-de-gestion-para-potenciar-la-educacion-superior\/#breadcrumb","itemListElement":[{"@type":"ListItem","position":1,"name":"Portada","item":"https:\/\/www.ucaldas.edu.co\/portal\/"},{"@type":"ListItem","position":2,"name":"Universidad de Caldas en tu pueblo, proyecto bandera del primer a\u00f1o de gesti\u00f3n, para potenciar la educaci\u00f3n superior"}]},{"@type":"WebSite","@id":"https:\/\/www.ucaldas.edu.co\/portal\/#website","url":"https:\/\/www.ucaldas.edu.co\/portal\/","name":"Universidad de Caldas","description":"","publisher":{"@id":"https:\/\/www.ucaldas.edu.co\/portal\/#organization"},"alternateName":"U. de Caldas","potentialAction":[{"@type":"SearchAction","target":{"@type":"EntryPoint","urlTemplate":"https:\/\/www.ucaldas.edu.co\/portal\/?s={search_term_string}"},"query-input":{"@type":"PropertyValueSpecification","valueRequired":true,"valueName":"search_term_string"}}],"inLanguage":"es"},{"@type":"Organization","@id":"https:\/\/www.ucaldas.edu.co\/portal\/#organization","name":"Universidad de Caldas","alternateName":"U. de Caldas","url":"https:\/\/www.ucaldas.edu.co\/portal\/","logo":{"@type":"ImageObject","inLanguage":"es","@id":"https:\/\/www.ucaldas.edu.co\/portal\/#\/schema\/logo\/image\/","url":"https:\/\/www.ucaldas.edu.co\/portal\/wp-content\/uploads\/2023\/11\/Logo_horizontal_oscuroU-2023.png","contentUrl":"https:\/\/www.ucaldas.edu.co\/portal\/wp-content\/uploads\/2023\/11\/Logo_horizontal_oscuroU-2023.png","width":263,"height":101,"caption":"Universidad de Caldas"},"image":{"@id":"https:\/\/www.ucaldas.edu.co\/portal\/#\/schema\/logo\/image\/"},"sameAs":["https:\/\/www.facebook.com\/udecaldas","https:\/\/x.com\/udecaldas","https:\/\/www.youtube.com\/universidadcaldas","https:\/\/www.instagram.com\/udecaldas\/"]},{"@type":"Person","@id":"https:\/\/www.ucaldas.edu.co\/portal\/#\/schema\/person\/a1b482e23449158b4bc319926c074fdf","name":"ofiprensa","image":{"@type":"ImageObject","inLanguage":"es","@id":"https:\/\/www.ucaldas.edu.co\/portal\/wp-content\/litespeed\/avatar\/09ea5085e600095a7a811142c6944527.jpg?ver=1776892805","url":"https:\/\/www.ucaldas.edu.co\/portal\/wp-content\/litespeed\/avatar\/09ea5085e600095a7a811142c6944527.jpg?ver=1776892805","contentUrl":"https:\/\/www.ucaldas.edu.co\/portal\/wp-content\/litespeed\/avatar\/09ea5085e600095a7a811142c6944527.jpg?ver=1776892805","caption":"ofiprensa"},"url":"https:\/\/www.ucaldas.edu.co\/portal\/author\/ofiprensa\/"}]}},"_links":{"self":[{"href":"https:\/\/www.ucaldas.edu.co\/portal\/wp-json\/wp\/v2\/posts\/78650","targetHints":{"allow":["GET"]}}],"collection":[{"href":"https:\/\/www.ucaldas.edu.co\/portal\/wp-json\/wp\/v2\/posts"}],"about":[{"href":"https:\/\/www.ucaldas.edu.co\/portal\/wp-json\/wp\/v2\/types\/post"}],"author":[{"embeddable":true,"href":"https:\/\/www.ucaldas.edu.co\/portal\/wp-json\/wp\/v2\/users\/2"}],"replies":[{"embeddable":true,"href":"https:\/\/www.ucaldas.edu.co\/portal\/wp-json\/wp\/v2\/comments?post=78650"}],"version-history":[{"count":0,"href":"https:\/\/www.ucaldas.edu.co\/portal\/wp-json\/wp\/v2\/posts\/78650\/revisions"}],"wp:featuredmedia":[{"embeddable":true,"href":"https:\/\/www.ucaldas.edu.co\/portal\/wp-json\/wp\/v2\/media\/78651"}],"wp:attachment":[{"href":"https:\/\/www.ucaldas.edu.co\/portal\/wp-json\/wp\/v2\/media?parent=78650"}],"wp:term":[{"taxonomy":"category","embeddable":true,"href":"https:\/\/www.ucaldas.edu.co\/portal\/wp-json\/wp\/v2\/categories?post=78650"},{"taxonomy":"post_tag","embeddable":true,"href":"https:\/\/www.ucaldas.edu.co\/portal\/wp-json\/wp\/v2\/tags?post=78650"}],"curies":[{"name":"wp","href":"https:\/\/api.w.org\/{rel}","templated":true}]}}