{"id":78641,"date":"2023-12-11T13:27:17","date_gmt":"2023-12-11T18:27:17","guid":{"rendered":"https:\/\/www.ucaldas.edu.co\/portal\/?p=78641"},"modified":"2023-12-11T13:27:17","modified_gmt":"2023-12-11T18:27:17","slug":"proyecto-climar-de-la-universidad-de-caldas-participo-en-la-reunion-del-nodo-de-cambio-climatico-del-eje-cafetero","status":"publish","type":"post","link":"https:\/\/www.ucaldas.edu.co\/portal\/proyecto-climar-de-la-universidad-de-caldas-participo-en-la-reunion-del-nodo-de-cambio-climatico-del-eje-cafetero\/","title":{"rendered":"Proyecto CLIMAR de la Universidad de Caldas particip\u00f3 en la reuni\u00f3n del Nodo de Cambio Clim\u00e1tico del Eje Cafetero"},"content":{"rendered":"<p><img loading=\"lazy\" decoding=\"async\" class=\"aligncenter size-full wp-image-78642\" src=\"https:\/\/www.ucaldas.edu.co\/portal\/wp-content\/uploads\/2023\/12\/climar.jpg\" alt=\"presentaci\u00f3n del proyecto climar\" width=\"900\" height=\"510\" srcset=\"https:\/\/www.ucaldas.edu.co\/portal\/wp-content\/uploads\/2023\/12\/climar.jpg 900w, https:\/\/www.ucaldas.edu.co\/portal\/wp-content\/uploads\/2023\/12\/climar-300x170.jpg 300w, https:\/\/www.ucaldas.edu.co\/portal\/wp-content\/uploads\/2023\/12\/climar-768x435.jpg 768w\" sizes=\"auto, (max-width: 900px) 100vw, 900px\" \/><\/p>\n<p>El Proyecto CLIMAR, del cual la Universidad de Caldas hace parte, particip\u00f3 en la reuni\u00f3n \u00abNodo de Cambio Clim\u00e1tico del Eje Cafetero\u00bb, en el que convergen actores ambientales de los departamentos de Caldas, Risaralda, Quind\u00edo y Valle del Cauca.<!--more--><\/p>\n<p>Los Nodos Regionales de Cambio Clim\u00e1tico son instancias coordinadoras del Sistema Nacional de Cambio Clim\u00e1tico, cuya finalidad es promover las pol\u00edticas, estrategias, planes, programas, proyectos y acciones de mitigaci\u00f3n de emisiones de gases efecto invernadero y adaptaci\u00f3n en materia de cambio clim\u00e1tico, articulados con los procesos de planificaci\u00f3n y ordenamiento territorial y gesti\u00f3n integral del riesgo.<\/p>\n<p>Durante la reuni\u00f3n, el Director del proyecto y docente de la Universidad de Caldas, Bernardo Rivera, plante\u00f3 la justificaci\u00f3n de esta iniciativa y la necesidad de trabajar de forma articulada entre instituciones, colocando como principales temas la sinergia entre cambio clim\u00e1tico,\u00a0 turismo y econom\u00eda\u00a0 circular.<\/p>\n<p>Recordemos que el proyecto CLIMAR \u00abFortalecimiento de la investigaci\u00f3n, la innovaci\u00f3n y la transferencia de conocimiento sobre Cambio Clim\u00e1tico y Turismo en las Instituciones de Educaci\u00f3n Superior de Am\u00e9rica Latina\u00bb es financiado por el Programa Erasmus+ de la Uni\u00f3n Europea, y tiene como objetivo vincular la investigaci\u00f3n interdisciplinaria, la innovaci\u00f3n y la transferencia de conocimientos con el desarrollo curricular y la educaci\u00f3n continuada, a fin de preparar al sector tur\u00edstico para enfrentar mejor el cambio clim\u00e1tico y mitigar sus impactos.<\/p>\n<p>Cabe resaltar que el 15 de diciembre se realizar\u00e1 el pr\u00f3ximo encuentro donde todos los socios del proyecto CLIMAR hablar\u00e1n del plan de acci\u00f3n que se tiene estipulado para el a\u00f1o 2024.<\/p>\n","protected":false},"excerpt":{"rendered":"<p>El Proyecto CLIMAR, del cual la Universidad de Caldas hace parte, particip\u00f3 en la reuni\u00f3n \u00abNodo de Cambio Clim\u00e1tico del Eje Cafetero\u00bb, en el que convergen actores ambientales de los departamentos de Caldas, Risaralda, Quind\u00edo y Valle del Cauca.<\/p>\n","protected":false},"author":2,"featured_media":78642,"comment_status":"closed","ping_status":"open","sticky":false,"template":"","format":"standard","meta":{"footnotes":""},"categories":[48,53,756],"tags":[9179],"class_list":["post-78641","post","type-post","status-publish","format-standard","has-post-thumbnail","hentry","category-actualidad","category-universidad-al-dia","category-ucaldas-verde","tag-proyecto-climar"],"yoast_head":"<!-- This site is optimized with the Yoast SEO plugin v27.5 - https:\/\/yoast.com\/product\/yoast-seo-wordpress\/ -->\n<title>Proyecto CLIMAR de la Universidad de Caldas particip\u00f3 en la reuni\u00f3n del Nodo de Cambio Clim\u00e1tico del Eje Cafetero .<\/title>\n<meta name=\"robots\" content=\"index, follow, max-snippet:-1, max-image-preview:large, max-video-preview:-1\" \/>\n<link rel=\"canonical\" href=\"https:\/\/www.ucaldas.edu.co\/portal\/proyecto-climar-de-la-universidad-de-caldas-participo-en-la-reunion-del-nodo-de-cambio-climatico-del-eje-cafetero\/\" \/>\n<script type=\"application\/ld+json\" class=\"yoast-schema-graph\">{\"@context\":\"https:\\\/\\\/schema.org\",\"@graph\":[{\"@type\":\"Article\",\"@id\":\"https:\\\/\\\/www.ucaldas.edu.co\\\/portal\\\/proyecto-climar-de-la-universidad-de-caldas-participo-en-la-reunion-del-nodo-de-cambio-climatico-del-eje-cafetero\\\/#article\",\"isPartOf\":{\"@id\":\"https:\\\/\\\/www.ucaldas.edu.co\\\/portal\\\/proyecto-climar-de-la-universidad-de-caldas-participo-en-la-reunion-del-nodo-de-cambio-climatico-del-eje-cafetero\\\/\"},\"author\":{\"name\":\"ofiprensa\",\"@id\":\"https:\\\/\\\/www.ucaldas.edu.co\\\/portal\\\/#\\\/schema\\\/person\\\/a1b482e23449158b4bc319926c074fdf\"},\"headline\":\"Proyecto CLIMAR de la Universidad de Caldas particip\u00f3 en la reuni\u00f3n del Nodo de Cambio Clim\u00e1tico del Eje Cafetero\",\"datePublished\":\"2023-12-11T18:27:17+00:00\",\"mainEntityOfPage\":{\"@id\":\"https:\\\/\\\/www.ucaldas.edu.co\\\/portal\\\/proyecto-climar-de-la-universidad-de-caldas-participo-en-la-reunion-del-nodo-de-cambio-climatico-del-eje-cafetero\\\/\"},\"wordCount\":301,\"publisher\":{\"@id\":\"https:\\\/\\\/www.ucaldas.edu.co\\\/portal\\\/#organization\"},\"image\":{\"@id\":\"https:\\\/\\\/www.ucaldas.edu.co\\\/portal\\\/proyecto-climar-de-la-universidad-de-caldas-participo-en-la-reunion-del-nodo-de-cambio-climatico-del-eje-cafetero\\\/#primaryimage\"},\"thumbnailUrl\":\"https:\\\/\\\/www.ucaldas.edu.co\\\/portal\\\/wp-content\\\/uploads\\\/2023\\\/12\\\/climar.jpg\",\"keywords\":[\"proyecto climar\"],\"articleSection\":[\"Actualidad\",\"Universidad al D\u00eda\",\"UCaldas Verde\"],\"inLanguage\":\"es\"},{\"@type\":\"WebPage\",\"@id\":\"https:\\\/\\\/www.ucaldas.edu.co\\\/portal\\\/proyecto-climar-de-la-universidad-de-caldas-participo-en-la-reunion-del-nodo-de-cambio-climatico-del-eje-cafetero\\\/\",\"url\":\"https:\\\/\\\/www.ucaldas.edu.co\\\/portal\\\/proyecto-climar-de-la-universidad-de-caldas-participo-en-la-reunion-del-nodo-de-cambio-climatico-del-eje-cafetero\\\/\",\"name\":\"Proyecto CLIMAR de la Universidad de Caldas particip\u00f3 en la reuni\u00f3n del Nodo de Cambio Clim\u00e1tico del Eje Cafetero .\",\"isPartOf\":{\"@id\":\"https:\\\/\\\/www.ucaldas.edu.co\\\/portal\\\/#website\"},\"primaryImageOfPage\":{\"@id\":\"https:\\\/\\\/www.ucaldas.edu.co\\\/portal\\\/proyecto-climar-de-la-universidad-de-caldas-participo-en-la-reunion-del-nodo-de-cambio-climatico-del-eje-cafetero\\\/#primaryimage\"},\"image\":{\"@id\":\"https:\\\/\\\/www.ucaldas.edu.co\\\/portal\\\/proyecto-climar-de-la-universidad-de-caldas-participo-en-la-reunion-del-nodo-de-cambio-climatico-del-eje-cafetero\\\/#primaryimage\"},\"thumbnailUrl\":\"https:\\\/\\\/www.ucaldas.edu.co\\\/portal\\\/wp-content\\\/uploads\\\/2023\\\/12\\\/climar.jpg\",\"datePublished\":\"2023-12-11T18:27:17+00:00\",\"breadcrumb\":{\"@id\":\"https:\\\/\\\/www.ucaldas.edu.co\\\/portal\\\/proyecto-climar-de-la-universidad-de-caldas-participo-en-la-reunion-del-nodo-de-cambio-climatico-del-eje-cafetero\\\/#breadcrumb\"},\"inLanguage\":\"es\",\"potentialAction\":[{\"@type\":\"ReadAction\",\"target\":[\"https:\\\/\\\/www.ucaldas.edu.co\\\/portal\\\/proyecto-climar-de-la-universidad-de-caldas-participo-en-la-reunion-del-nodo-de-cambio-climatico-del-eje-cafetero\\\/\"]}]},{\"@type\":\"ImageObject\",\"inLanguage\":\"es\",\"@id\":\"https:\\\/\\\/www.ucaldas.edu.co\\\/portal\\\/proyecto-climar-de-la-universidad-de-caldas-participo-en-la-reunion-del-nodo-de-cambio-climatico-del-eje-cafetero\\\/#primaryimage\",\"url\":\"https:\\\/\\\/www.ucaldas.edu.co\\\/portal\\\/wp-content\\\/uploads\\\/2023\\\/12\\\/climar.jpg\",\"contentUrl\":\"https:\\\/\\\/www.ucaldas.edu.co\\\/portal\\\/wp-content\\\/uploads\\\/2023\\\/12\\\/climar.jpg\",\"width\":900,\"height\":510,\"caption\":\"presentaci\u00f3n del proyecto climar\"},{\"@type\":\"BreadcrumbList\",\"@id\":\"https:\\\/\\\/www.ucaldas.edu.co\\\/portal\\\/proyecto-climar-de-la-universidad-de-caldas-participo-en-la-reunion-del-nodo-de-cambio-climatico-del-eje-cafetero\\\/#breadcrumb\",\"itemListElement\":[{\"@type\":\"ListItem\",\"position\":1,\"name\":\"Portada\",\"item\":\"https:\\\/\\\/www.ucaldas.edu.co\\\/portal\\\/\"},{\"@type\":\"ListItem\",\"position\":2,\"name\":\"Proyecto CLIMAR de la Universidad de Caldas particip\u00f3 en la reuni\u00f3n del Nodo de Cambio Clim\u00e1tico del Eje Cafetero\"}]},{\"@type\":\"WebSite\",\"@id\":\"https:\\\/\\\/www.ucaldas.edu.co\\\/portal\\\/#website\",\"url\":\"https:\\\/\\\/www.ucaldas.edu.co\\\/portal\\\/\",\"name\":\"Universidad de Caldas\",\"description\":\"\",\"publisher\":{\"@id\":\"https:\\\/\\\/www.ucaldas.edu.co\\\/portal\\\/#organization\"},\"alternateName\":\"U. de Caldas\",\"potentialAction\":[{\"@type\":\"SearchAction\",\"target\":{\"@type\":\"EntryPoint\",\"urlTemplate\":\"https:\\\/\\\/www.ucaldas.edu.co\\\/portal\\\/?s={search_term_string}\"},\"query-input\":{\"@type\":\"PropertyValueSpecification\",\"valueRequired\":true,\"valueName\":\"search_term_string\"}}],\"inLanguage\":\"es\"},{\"@type\":\"Organization\",\"@id\":\"https:\\\/\\\/www.ucaldas.edu.co\\\/portal\\\/#organization\",\"name\":\"Universidad de Caldas\",\"alternateName\":\"U. de Caldas\",\"url\":\"https:\\\/\\\/www.ucaldas.edu.co\\\/portal\\\/\",\"logo\":{\"@type\":\"ImageObject\",\"inLanguage\":\"es\",\"@id\":\"https:\\\/\\\/www.ucaldas.edu.co\\\/portal\\\/#\\\/schema\\\/logo\\\/image\\\/\",\"url\":\"https:\\\/\\\/www.ucaldas.edu.co\\\/portal\\\/wp-content\\\/uploads\\\/2023\\\/11\\\/Logo_horizontal_oscuroU-2023.png\",\"contentUrl\":\"https:\\\/\\\/www.ucaldas.edu.co\\\/portal\\\/wp-content\\\/uploads\\\/2023\\\/11\\\/Logo_horizontal_oscuroU-2023.png\",\"width\":263,\"height\":101,\"caption\":\"Universidad de Caldas\"},\"image\":{\"@id\":\"https:\\\/\\\/www.ucaldas.edu.co\\\/portal\\\/#\\\/schema\\\/logo\\\/image\\\/\"},\"sameAs\":[\"https:\\\/\\\/www.facebook.com\\\/udecaldas\",\"https:\\\/\\\/x.com\\\/udecaldas\",\"https:\\\/\\\/www.youtube.com\\\/universidadcaldas\",\"https:\\\/\\\/www.instagram.com\\\/udecaldas\\\/\"]},{\"@type\":\"Person\",\"@id\":\"https:\\\/\\\/www.ucaldas.edu.co\\\/portal\\\/#\\\/schema\\\/person\\\/a1b482e23449158b4bc319926c074fdf\",\"name\":\"ofiprensa\",\"image\":{\"@type\":\"ImageObject\",\"inLanguage\":\"es\",\"@id\":\"https:\\\/\\\/www.ucaldas.edu.co\\\/portal\\\/wp-content\\\/litespeed\\\/avatar\\\/09ea5085e600095a7a811142c6944527.jpg?ver=1776892805\",\"url\":\"https:\\\/\\\/www.ucaldas.edu.co\\\/portal\\\/wp-content\\\/litespeed\\\/avatar\\\/09ea5085e600095a7a811142c6944527.jpg?ver=1776892805\",\"contentUrl\":\"https:\\\/\\\/www.ucaldas.edu.co\\\/portal\\\/wp-content\\\/litespeed\\\/avatar\\\/09ea5085e600095a7a811142c6944527.jpg?ver=1776892805\",\"caption\":\"ofiprensa\"},\"url\":\"https:\\\/\\\/www.ucaldas.edu.co\\\/portal\\\/author\\\/ofiprensa\\\/\"}]}<\/script>\n<!-- \/ Yoast SEO plugin. -->","yoast_head_json":{"title":"Proyecto CLIMAR de la Universidad de Caldas particip\u00f3 en la reuni\u00f3n del Nodo de Cambio Clim\u00e1tico del Eje Cafetero .","robots":{"index":"index","follow":"follow","max-snippet":"max-snippet:-1","max-image-preview":"max-image-preview:large","max-video-preview":"max-video-preview:-1"},"canonical":"https:\/\/www.ucaldas.edu.co\/portal\/proyecto-climar-de-la-universidad-de-caldas-participo-en-la-reunion-del-nodo-de-cambio-climatico-del-eje-cafetero\/","schema":{"@context":"https:\/\/schema.org","@graph":[{"@type":"Article","@id":"https:\/\/www.ucaldas.edu.co\/portal\/proyecto-climar-de-la-universidad-de-caldas-participo-en-la-reunion-del-nodo-de-cambio-climatico-del-eje-cafetero\/#article","isPartOf":{"@id":"https:\/\/www.ucaldas.edu.co\/portal\/proyecto-climar-de-la-universidad-de-caldas-participo-en-la-reunion-del-nodo-de-cambio-climatico-del-eje-cafetero\/"},"author":{"name":"ofiprensa","@id":"https:\/\/www.ucaldas.edu.co\/portal\/#\/schema\/person\/a1b482e23449158b4bc319926c074fdf"},"headline":"Proyecto CLIMAR de la Universidad de Caldas particip\u00f3 en la reuni\u00f3n del Nodo de Cambio Clim\u00e1tico del Eje Cafetero","datePublished":"2023-12-11T18:27:17+00:00","mainEntityOfPage":{"@id":"https:\/\/www.ucaldas.edu.co\/portal\/proyecto-climar-de-la-universidad-de-caldas-participo-en-la-reunion-del-nodo-de-cambio-climatico-del-eje-cafetero\/"},"wordCount":301,"publisher":{"@id":"https:\/\/www.ucaldas.edu.co\/portal\/#organization"},"image":{"@id":"https:\/\/www.ucaldas.edu.co\/portal\/proyecto-climar-de-la-universidad-de-caldas-participo-en-la-reunion-del-nodo-de-cambio-climatico-del-eje-cafetero\/#primaryimage"},"thumbnailUrl":"https:\/\/www.ucaldas.edu.co\/portal\/wp-content\/uploads\/2023\/12\/climar.jpg","keywords":["proyecto climar"],"articleSection":["Actualidad","Universidad al D\u00eda","UCaldas Verde"],"inLanguage":"es"},{"@type":"WebPage","@id":"https:\/\/www.ucaldas.edu.co\/portal\/proyecto-climar-de-la-universidad-de-caldas-participo-en-la-reunion-del-nodo-de-cambio-climatico-del-eje-cafetero\/","url":"https:\/\/www.ucaldas.edu.co\/portal\/proyecto-climar-de-la-universidad-de-caldas-participo-en-la-reunion-del-nodo-de-cambio-climatico-del-eje-cafetero\/","name":"Proyecto CLIMAR de la Universidad de Caldas particip\u00f3 en la reuni\u00f3n del Nodo de Cambio Clim\u00e1tico del Eje Cafetero .","isPartOf":{"@id":"https:\/\/www.ucaldas.edu.co\/portal\/#website"},"primaryImageOfPage":{"@id":"https:\/\/www.ucaldas.edu.co\/portal\/proyecto-climar-de-la-universidad-de-caldas-participo-en-la-reunion-del-nodo-de-cambio-climatico-del-eje-cafetero\/#primaryimage"},"image":{"@id":"https:\/\/www.ucaldas.edu.co\/portal\/proyecto-climar-de-la-universidad-de-caldas-participo-en-la-reunion-del-nodo-de-cambio-climatico-del-eje-cafetero\/#primaryimage"},"thumbnailUrl":"https:\/\/www.ucaldas.edu.co\/portal\/wp-content\/uploads\/2023\/12\/climar.jpg","datePublished":"2023-12-11T18:27:17+00:00","breadcrumb":{"@id":"https:\/\/www.ucaldas.edu.co\/portal\/proyecto-climar-de-la-universidad-de-caldas-participo-en-la-reunion-del-nodo-de-cambio-climatico-del-eje-cafetero\/#breadcrumb"},"inLanguage":"es","potentialAction":[{"@type":"ReadAction","target":["https:\/\/www.ucaldas.edu.co\/portal\/proyecto-climar-de-la-universidad-de-caldas-participo-en-la-reunion-del-nodo-de-cambio-climatico-del-eje-cafetero\/"]}]},{"@type":"ImageObject","inLanguage":"es","@id":"https:\/\/www.ucaldas.edu.co\/portal\/proyecto-climar-de-la-universidad-de-caldas-participo-en-la-reunion-del-nodo-de-cambio-climatico-del-eje-cafetero\/#primaryimage","url":"https:\/\/www.ucaldas.edu.co\/portal\/wp-content\/uploads\/2023\/12\/climar.jpg","contentUrl":"https:\/\/www.ucaldas.edu.co\/portal\/wp-content\/uploads\/2023\/12\/climar.jpg","width":900,"height":510,"caption":"presentaci\u00f3n del proyecto climar"},{"@type":"BreadcrumbList","@id":"https:\/\/www.ucaldas.edu.co\/portal\/proyecto-climar-de-la-universidad-de-caldas-participo-en-la-reunion-del-nodo-de-cambio-climatico-del-eje-cafetero\/#breadcrumb","itemListElement":[{"@type":"ListItem","position":1,"name":"Portada","item":"https:\/\/www.ucaldas.edu.co\/portal\/"},{"@type":"ListItem","position":2,"name":"Proyecto CLIMAR de la Universidad de Caldas particip\u00f3 en la reuni\u00f3n del Nodo de Cambio Clim\u00e1tico del Eje Cafetero"}]},{"@type":"WebSite","@id":"https:\/\/www.ucaldas.edu.co\/portal\/#website","url":"https:\/\/www.ucaldas.edu.co\/portal\/","name":"Universidad de Caldas","description":"","publisher":{"@id":"https:\/\/www.ucaldas.edu.co\/portal\/#organization"},"alternateName":"U. de Caldas","potentialAction":[{"@type":"SearchAction","target":{"@type":"EntryPoint","urlTemplate":"https:\/\/www.ucaldas.edu.co\/portal\/?s={search_term_string}"},"query-input":{"@type":"PropertyValueSpecification","valueRequired":true,"valueName":"search_term_string"}}],"inLanguage":"es"},{"@type":"Organization","@id":"https:\/\/www.ucaldas.edu.co\/portal\/#organization","name":"Universidad de Caldas","alternateName":"U. de Caldas","url":"https:\/\/www.ucaldas.edu.co\/portal\/","logo":{"@type":"ImageObject","inLanguage":"es","@id":"https:\/\/www.ucaldas.edu.co\/portal\/#\/schema\/logo\/image\/","url":"https:\/\/www.ucaldas.edu.co\/portal\/wp-content\/uploads\/2023\/11\/Logo_horizontal_oscuroU-2023.png","contentUrl":"https:\/\/www.ucaldas.edu.co\/portal\/wp-content\/uploads\/2023\/11\/Logo_horizontal_oscuroU-2023.png","width":263,"height":101,"caption":"Universidad de Caldas"},"image":{"@id":"https:\/\/www.ucaldas.edu.co\/portal\/#\/schema\/logo\/image\/"},"sameAs":["https:\/\/www.facebook.com\/udecaldas","https:\/\/x.com\/udecaldas","https:\/\/www.youtube.com\/universidadcaldas","https:\/\/www.instagram.com\/udecaldas\/"]},{"@type":"Person","@id":"https:\/\/www.ucaldas.edu.co\/portal\/#\/schema\/person\/a1b482e23449158b4bc319926c074fdf","name":"ofiprensa","image":{"@type":"ImageObject","inLanguage":"es","@id":"https:\/\/www.ucaldas.edu.co\/portal\/wp-content\/litespeed\/avatar\/09ea5085e600095a7a811142c6944527.jpg?ver=1776892805","url":"https:\/\/www.ucaldas.edu.co\/portal\/wp-content\/litespeed\/avatar\/09ea5085e600095a7a811142c6944527.jpg?ver=1776892805","contentUrl":"https:\/\/www.ucaldas.edu.co\/portal\/wp-content\/litespeed\/avatar\/09ea5085e600095a7a811142c6944527.jpg?ver=1776892805","caption":"ofiprensa"},"url":"https:\/\/www.ucaldas.edu.co\/portal\/author\/ofiprensa\/"}]}},"_links":{"self":[{"href":"https:\/\/www.ucaldas.edu.co\/portal\/wp-json\/wp\/v2\/posts\/78641","targetHints":{"allow":["GET"]}}],"collection":[{"href":"https:\/\/www.ucaldas.edu.co\/portal\/wp-json\/wp\/v2\/posts"}],"about":[{"href":"https:\/\/www.ucaldas.edu.co\/portal\/wp-json\/wp\/v2\/types\/post"}],"author":[{"embeddable":true,"href":"https:\/\/www.ucaldas.edu.co\/portal\/wp-json\/wp\/v2\/users\/2"}],"replies":[{"embeddable":true,"href":"https:\/\/www.ucaldas.edu.co\/portal\/wp-json\/wp\/v2\/comments?post=78641"}],"version-history":[{"count":0,"href":"https:\/\/www.ucaldas.edu.co\/portal\/wp-json\/wp\/v2\/posts\/78641\/revisions"}],"wp:featuredmedia":[{"embeddable":true,"href":"https:\/\/www.ucaldas.edu.co\/portal\/wp-json\/wp\/v2\/media\/78642"}],"wp:attachment":[{"href":"https:\/\/www.ucaldas.edu.co\/portal\/wp-json\/wp\/v2\/media?parent=78641"}],"wp:term":[{"taxonomy":"category","embeddable":true,"href":"https:\/\/www.ucaldas.edu.co\/portal\/wp-json\/wp\/v2\/categories?post=78641"},{"taxonomy":"post_tag","embeddable":true,"href":"https:\/\/www.ucaldas.edu.co\/portal\/wp-json\/wp\/v2\/tags?post=78641"}],"curies":[{"name":"wp","href":"https:\/\/api.w.org\/{rel}","templated":true}]}}