{"id":78597,"date":"2023-12-04T14:58:05","date_gmt":"2023-12-04T19:58:05","guid":{"rendered":"https:\/\/www.ucaldas.edu.co\/portal\/?p=78597"},"modified":"2023-12-04T14:58:05","modified_gmt":"2023-12-04T19:58:05","slug":"universidad-de-caldas-abre-las-puertas-de-su-sede-norte-en-aguadas","status":"publish","type":"post","link":"https:\/\/www.ucaldas.edu.co\/portal\/universidad-de-caldas-abre-las-puertas-de-su-sede-norte-en-aguadas\/","title":{"rendered":"Universidad de Caldas abre las puertas de su Sede Norte en Aguadas"},"content":{"rendered":"<p><img loading=\"lazy\" decoding=\"async\" class=\"aligncenter size-full wp-image-78598\" src=\"https:\/\/www.ucaldas.edu.co\/portal\/wp-content\/uploads\/2023\/12\/aguadas.jpg\" alt=\"apertura de la nueva sede u caldas\" width=\"900\" height=\"510\" srcset=\"https:\/\/www.ucaldas.edu.co\/portal\/wp-content\/uploads\/2023\/12\/aguadas.jpg 900w, https:\/\/www.ucaldas.edu.co\/portal\/wp-content\/uploads\/2023\/12\/aguadas-300x170.jpg 300w, https:\/\/www.ucaldas.edu.co\/portal\/wp-content\/uploads\/2023\/12\/aguadas-768x435.jpg 768w\" sizes=\"auto, (max-width: 900px) 100vw, 900px\" \/><\/p>\n<p>Oficialmente la Universidad de Caldas abri\u00f3 sus puertas en el Norte del Departamento con la Apertura de la Sede que estar\u00e1 ubicada en el Colegio Roberto Pel\u00e1ez del municipio de Aguadas.<!--more--><\/p>\n<p>Seg\u00fan el Rector de la Universidad de Caldas, Fabio Hernando Arias Orozco, esta sede desde hace 15 a\u00f1os ya ven\u00eda siendo el lugar de estudio de j\u00f3venes de la regi\u00f3n que en el \u00e1mbito de Universidad en el Campo han cursado la tecnolog\u00eda en sistemas inform\u00e1ticos, Administraci\u00f3n judicial, Regencia Farmacia, licenciatura en educaci\u00f3n f\u00edsica, educaci\u00f3n ambiental, Maestr\u00eda en Ciencias sociales, para un total de 700 egresados. Actualmente, se tienen abiertas cuatro cohortes de Administraci\u00f3n de Empresas Agropecuarias y una en Regencia en Farmacia, que representan 150 estudiantes.<\/p>\n<p>El pr\u00f3ximo a\u00f1o se tendr\u00e1n cerca de 300 estudiantes y la Meta en tres a\u00f1os es de 1.500 estudiantes en esta Sede, a la cual le aplicar\u00e1n los nuevos <a href=\"https:\/\/www.ucaldas.edu.co\/portal\/instituciones-educativas-participan-en-el-proceso-de-aprobacion-de-11-nuevos-programas-tecnicos-para-la-region\/\">11 programas que la instituci\u00f3n ofertar\u00e1 con la alianza Universidad de Caldas en tu pueblo<\/a> y que las \u00faltimas semanas ha recibido visita de 200 pares acad\u00e9micos del Ministerio para su viabilidad y posterior registro calificado de funcionamiento en las regiones.<\/p>\n<p>Por su parte, el delegado del Ministerio de Educaci\u00f3n y Director de Calidad, Jos\u00e9 Ignacio Morales, expres\u00f3 que la estrategia de regionalizaci\u00f3n de la Universidad de Caldas es un modelo nacional y es lo que el Gobierno quiera hacer con el programa Universidad en el territorio, brindando educaci\u00f3n superior de calidad a los j\u00f3venes de las regiones. El funcionario anunci\u00f3 en el evento que el Ministerio de Educaci\u00f3n destinar\u00e1 recursos para dotaci\u00f3n de esta Sede, por lo cual se debe presentar el proyecto de compra de elementos como sillas universitarias, equipos de c\u00f3mputo y materiales para laboratorios.<\/p>\n<p>Entre tanto, el Alcalde de Aguadas, Juan Carlos Ram\u00edrez Aguirre, entrego de manera oficial el comodato de la Infraestructura de la Instituci\u00f3n Roberto Pel\u00e1ez a la Universidad de Caldas, espacio en el que converger\u00e1 la educaci\u00f3n media y la educaci\u00f3n superior.\u00a0 Igualmente, el acuerdo municipal con el que se obtienen recursos de contrapartida para la financiaci\u00f3n de la Sede, este contempla el 1% de la estampilla pro universidad y 1% del Fondo procede Aguadas, es decir, una inversi\u00f3n en el a\u00f1o de m\u00e1s o menos 150 millones de pesos que aporta el Municipio.<\/p>\n<p><strong>Oferta acad\u00e9mica actual en la Sede norte:<\/strong><\/p>\n<ul>\n<li>Administraci\u00f3n de empresas agropecuarias<\/li>\n<li>Maestr\u00eda en ciencias sociales<\/li>\n<li>T\u00e9cnico Profesional en producci\u00f3n cafetera<\/li>\n<li>T\u00e9cnico Profesional en Saneamiento Ambiental<\/li>\n<li>Tecnolog\u00eda en Gesti\u00f3n Agropecuaria<\/li>\n<li>Tecnolog\u00eda En Gesti\u00f3n Ambiental<\/li>\n<li>Tecnolog\u00eda Regencia de Farmacia<\/li>\n<\/ul>\n<p><strong>Oferta acad\u00e9mica en tr\u00e1mite ante el Ministerio y en la cual se pueden ir inscribiendo para armar los respectivos grupos:<\/strong><\/p>\n<ul>\n<li>Tecnolog\u00eda en gesti\u00f3n de la calidad.<\/li>\n<li>T\u00e9cnico profesional en soporte para el aseguramiento y control de la calidad.<\/li>\n<li>T\u00e9cnico profesional en procesamiento agroindustrial.<\/li>\n<li>T\u00e9cnico profesional en seguridad y salud en el trabajo.<\/li>\n<li>T\u00e9cnico profesional en procesamiento de caf\u00e9 y cacao.<\/li>\n<li>T\u00e9cnico profesional en programaci\u00f3n para dispositivos m\u00f3viles.<\/li>\n<li>T\u00e9cnico profesional en programaci\u00f3n para videojuegos.<\/li>\n<li>T\u00e9cnico profesional en programaci\u00f3n web.<\/li>\n<li>T\u00e9cnico profesional en instalaci\u00f3n de redes el\u00e9ctricas de baja y media tensi\u00f3n.<\/li>\n<li>T\u00e9cnico profesional en instalaci\u00f3n de sistemas de energ\u00eda renovable.<\/li>\n<li>T\u00e9cnico profesional en expresi\u00f3n art\u00edstica, corporal y vocal para la escena.<\/li>\n<\/ul>\n<p><strong>Anexo:<\/strong><\/p>\n<p><a href=\"https:\/\/www.ucaldas.edu.co\/portal\/wp-content\/uploads\/2023\/12\/Rector-Universidad-de-Caldas-Fabio-Hernando-Arias-Orozco.mp3\"><strong>Audio Rector Universidad de Caldas, Fabio Hernando Arias Orozco.<\/strong><\/a><\/p>\n<audio class=\"wp-audio-shortcode\" id=\"audio-78597-1\" preload=\"none\" style=\"width: 100%;\" controls=\"controls\"><source type=\"audio\/mpeg\" src=\"https:\/\/www.ucaldas.edu.co\/portal\/wp-content\/uploads\/2023\/12\/Rector-Universidad-de-Caldas-Fabio-Hernando-Arias-Orozco.mp3?_=1\" \/><a href=\"https:\/\/www.ucaldas.edu.co\/portal\/wp-content\/uploads\/2023\/12\/Rector-Universidad-de-Caldas-Fabio-Hernando-Arias-Orozco.mp3\">https:\/\/www.ucaldas.edu.co\/portal\/wp-content\/uploads\/2023\/12\/Rector-Universidad-de-Caldas-Fabio-Hernando-Arias-Orozco.mp3<\/a><\/audio>\n<p><a href=\"https:\/\/www.ucaldas.edu.co\/portal\/wp-content\/uploads\/2023\/12\/Director-de-Calidad-del-Ministerio-Jose-Ignacio-Morales.mp3\"><strong>Audio Director de Calidad del Ministerio, Jos\u00e9 Ignacio Morales.<\/strong><\/a><\/p>\n<audio class=\"wp-audio-shortcode\" id=\"audio-78597-2\" preload=\"none\" style=\"width: 100%;\" controls=\"controls\"><source type=\"audio\/mpeg\" src=\"https:\/\/www.ucaldas.edu.co\/portal\/wp-content\/uploads\/2023\/12\/Director-de-Calidad-del-Ministerio-Jose-Ignacio-Morales.mp3?_=2\" \/><a href=\"https:\/\/www.ucaldas.edu.co\/portal\/wp-content\/uploads\/2023\/12\/Director-de-Calidad-del-Ministerio-Jose-Ignacio-Morales.mp3\">https:\/\/www.ucaldas.edu.co\/portal\/wp-content\/uploads\/2023\/12\/Director-de-Calidad-del-Ministerio-Jose-Ignacio-Morales.mp3<\/a><\/audio>\n<p><a href=\"https:\/\/www.ucaldas.edu.co\/portal\/wp-content\/uploads\/2023\/12\/Alcalde-de-Aguadas-Juan-Carlos-Ramirez-Aguirre.mp3\"><strong>Audio Alcalde de Aguadas, Juan Carlos Ram\u00edrez Aguirre.<\/strong><\/a><\/p>\n<audio class=\"wp-audio-shortcode\" id=\"audio-78597-3\" preload=\"none\" style=\"width: 100%;\" controls=\"controls\"><source type=\"audio\/mpeg\" src=\"https:\/\/www.ucaldas.edu.co\/portal\/wp-content\/uploads\/2023\/12\/Alcalde-de-Aguadas-Juan-Carlos-Ramirez-Aguirre.mp3?_=3\" \/><a href=\"https:\/\/www.ucaldas.edu.co\/portal\/wp-content\/uploads\/2023\/12\/Alcalde-de-Aguadas-Juan-Carlos-Ramirez-Aguirre.mp3\">https:\/\/www.ucaldas.edu.co\/portal\/wp-content\/uploads\/2023\/12\/Alcalde-de-Aguadas-Juan-Carlos-Ramirez-Aguirre.mp3<\/a><\/audio>\n<p><a href=\"https:\/\/www.ucaldas.edu.co\/portal\/wp-content\/uploads\/2023\/12\/Estudiante-Sede-Norte-Norbey-Medina-Franco.mp3\"><strong>Audio Estudiante Sede Norte, Norbey Medina Franco.<\/strong><\/a><\/p>\n<audio class=\"wp-audio-shortcode\" id=\"audio-78597-4\" preload=\"none\" style=\"width: 100%;\" controls=\"controls\"><source type=\"audio\/mpeg\" src=\"https:\/\/www.ucaldas.edu.co\/portal\/wp-content\/uploads\/2023\/12\/Estudiante-Sede-Norte-Norbey-Medina-Franco.mp3?_=4\" \/><a href=\"https:\/\/www.ucaldas.edu.co\/portal\/wp-content\/uploads\/2023\/12\/Estudiante-Sede-Norte-Norbey-Medina-Franco.mp3\">https:\/\/www.ucaldas.edu.co\/portal\/wp-content\/uploads\/2023\/12\/Estudiante-Sede-Norte-Norbey-Medina-Franco.mp3<\/a><\/audio>\n","protected":false},"excerpt":{"rendered":"<p>Oficialmente la Universidad de Caldas abri\u00f3 sus puertas en el Norte del Departamento con la Apertura de la Sede que estar\u00e1 ubicada en el Colegio Roberto Pel\u00e1ez del municipio de Aguadas.<\/p>\n","protected":false},"author":2,"featured_media":78598,"comment_status":"closed","ping_status":"open","sticky":false,"template":"","format":"standard","meta":{"footnotes":""},"categories":[53,600,48],"tags":[9766],"class_list":["post-78597","post","type-post","status-publish","format-standard","has-post-thumbnail","hentry","category-universidad-al-dia","category-ucaldas-regional","category-actualidad","tag-sede-norte-u-caldas"],"yoast_head":"<!-- This site is optimized with the Yoast SEO plugin v27.5 - https:\/\/yoast.com\/product\/yoast-seo-wordpress\/ -->\n<title>Universidad de Caldas abre las puertas de su Sede Norte en Aguadas .<\/title>\n<meta name=\"robots\" content=\"index, follow, max-snippet:-1, max-image-preview:large, max-video-preview:-1\" \/>\n<link rel=\"canonical\" href=\"https:\/\/www.ucaldas.edu.co\/portal\/universidad-de-caldas-abre-las-puertas-de-su-sede-norte-en-aguadas\/\" \/>\n<script type=\"application\/ld+json\" class=\"yoast-schema-graph\">{\"@context\":\"https:\\\/\\\/schema.org\",\"@graph\":[{\"@type\":\"Article\",\"@id\":\"https:\\\/\\\/www.ucaldas.edu.co\\\/portal\\\/universidad-de-caldas-abre-las-puertas-de-su-sede-norte-en-aguadas\\\/#article\",\"isPartOf\":{\"@id\":\"https:\\\/\\\/www.ucaldas.edu.co\\\/portal\\\/universidad-de-caldas-abre-las-puertas-de-su-sede-norte-en-aguadas\\\/\"},\"author\":{\"name\":\"ofiprensa\",\"@id\":\"https:\\\/\\\/www.ucaldas.edu.co\\\/portal\\\/#\\\/schema\\\/person\\\/a1b482e23449158b4bc319926c074fdf\"},\"headline\":\"Universidad de Caldas abre las puertas de su Sede Norte en Aguadas\",\"datePublished\":\"2023-12-04T19:58:05+00:00\",\"mainEntityOfPage\":{\"@id\":\"https:\\\/\\\/www.ucaldas.edu.co\\\/portal\\\/universidad-de-caldas-abre-las-puertas-de-su-sede-norte-en-aguadas\\\/\"},\"wordCount\":687,\"publisher\":{\"@id\":\"https:\\\/\\\/www.ucaldas.edu.co\\\/portal\\\/#organization\"},\"image\":{\"@id\":\"https:\\\/\\\/www.ucaldas.edu.co\\\/portal\\\/universidad-de-caldas-abre-las-puertas-de-su-sede-norte-en-aguadas\\\/#primaryimage\"},\"thumbnailUrl\":\"https:\\\/\\\/www.ucaldas.edu.co\\\/portal\\\/wp-content\\\/uploads\\\/2023\\\/12\\\/aguadas.jpg\",\"keywords\":[\"sede norte u caldas\"],\"articleSection\":[\"Universidad al D\u00eda\",\"UCaldas Regional\",\"Actualidad\"],\"inLanguage\":\"es\"},{\"@type\":\"WebPage\",\"@id\":\"https:\\\/\\\/www.ucaldas.edu.co\\\/portal\\\/universidad-de-caldas-abre-las-puertas-de-su-sede-norte-en-aguadas\\\/\",\"url\":\"https:\\\/\\\/www.ucaldas.edu.co\\\/portal\\\/universidad-de-caldas-abre-las-puertas-de-su-sede-norte-en-aguadas\\\/\",\"name\":\"Universidad de Caldas abre las puertas de su Sede Norte en Aguadas .\",\"isPartOf\":{\"@id\":\"https:\\\/\\\/www.ucaldas.edu.co\\\/portal\\\/#website\"},\"primaryImageOfPage\":{\"@id\":\"https:\\\/\\\/www.ucaldas.edu.co\\\/portal\\\/universidad-de-caldas-abre-las-puertas-de-su-sede-norte-en-aguadas\\\/#primaryimage\"},\"image\":{\"@id\":\"https:\\\/\\\/www.ucaldas.edu.co\\\/portal\\\/universidad-de-caldas-abre-las-puertas-de-su-sede-norte-en-aguadas\\\/#primaryimage\"},\"thumbnailUrl\":\"https:\\\/\\\/www.ucaldas.edu.co\\\/portal\\\/wp-content\\\/uploads\\\/2023\\\/12\\\/aguadas.jpg\",\"datePublished\":\"2023-12-04T19:58:05+00:00\",\"breadcrumb\":{\"@id\":\"https:\\\/\\\/www.ucaldas.edu.co\\\/portal\\\/universidad-de-caldas-abre-las-puertas-de-su-sede-norte-en-aguadas\\\/#breadcrumb\"},\"inLanguage\":\"es\",\"potentialAction\":[{\"@type\":\"ReadAction\",\"target\":[\"https:\\\/\\\/www.ucaldas.edu.co\\\/portal\\\/universidad-de-caldas-abre-las-puertas-de-su-sede-norte-en-aguadas\\\/\"]}]},{\"@type\":\"ImageObject\",\"inLanguage\":\"es\",\"@id\":\"https:\\\/\\\/www.ucaldas.edu.co\\\/portal\\\/universidad-de-caldas-abre-las-puertas-de-su-sede-norte-en-aguadas\\\/#primaryimage\",\"url\":\"https:\\\/\\\/www.ucaldas.edu.co\\\/portal\\\/wp-content\\\/uploads\\\/2023\\\/12\\\/aguadas.jpg\",\"contentUrl\":\"https:\\\/\\\/www.ucaldas.edu.co\\\/portal\\\/wp-content\\\/uploads\\\/2023\\\/12\\\/aguadas.jpg\",\"width\":900,\"height\":510,\"caption\":\"Apertura de la nueva sede\"},{\"@type\":\"BreadcrumbList\",\"@id\":\"https:\\\/\\\/www.ucaldas.edu.co\\\/portal\\\/universidad-de-caldas-abre-las-puertas-de-su-sede-norte-en-aguadas\\\/#breadcrumb\",\"itemListElement\":[{\"@type\":\"ListItem\",\"position\":1,\"name\":\"Portada\",\"item\":\"https:\\\/\\\/www.ucaldas.edu.co\\\/portal\\\/\"},{\"@type\":\"ListItem\",\"position\":2,\"name\":\"Universidad de Caldas abre las puertas de su Sede Norte en Aguadas\"}]},{\"@type\":\"WebSite\",\"@id\":\"https:\\\/\\\/www.ucaldas.edu.co\\\/portal\\\/#website\",\"url\":\"https:\\\/\\\/www.ucaldas.edu.co\\\/portal\\\/\",\"name\":\"Universidad de Caldas\",\"description\":\"\",\"publisher\":{\"@id\":\"https:\\\/\\\/www.ucaldas.edu.co\\\/portal\\\/#organization\"},\"alternateName\":\"U. de Caldas\",\"potentialAction\":[{\"@type\":\"SearchAction\",\"target\":{\"@type\":\"EntryPoint\",\"urlTemplate\":\"https:\\\/\\\/www.ucaldas.edu.co\\\/portal\\\/?s={search_term_string}\"},\"query-input\":{\"@type\":\"PropertyValueSpecification\",\"valueRequired\":true,\"valueName\":\"search_term_string\"}}],\"inLanguage\":\"es\"},{\"@type\":\"Organization\",\"@id\":\"https:\\\/\\\/www.ucaldas.edu.co\\\/portal\\\/#organization\",\"name\":\"Universidad de Caldas\",\"alternateName\":\"U. de Caldas\",\"url\":\"https:\\\/\\\/www.ucaldas.edu.co\\\/portal\\\/\",\"logo\":{\"@type\":\"ImageObject\",\"inLanguage\":\"es\",\"@id\":\"https:\\\/\\\/www.ucaldas.edu.co\\\/portal\\\/#\\\/schema\\\/logo\\\/image\\\/\",\"url\":\"https:\\\/\\\/www.ucaldas.edu.co\\\/portal\\\/wp-content\\\/uploads\\\/2023\\\/11\\\/Logo_horizontal_oscuroU-2023.png\",\"contentUrl\":\"https:\\\/\\\/www.ucaldas.edu.co\\\/portal\\\/wp-content\\\/uploads\\\/2023\\\/11\\\/Logo_horizontal_oscuroU-2023.png\",\"width\":263,\"height\":101,\"caption\":\"Universidad de Caldas\"},\"image\":{\"@id\":\"https:\\\/\\\/www.ucaldas.edu.co\\\/portal\\\/#\\\/schema\\\/logo\\\/image\\\/\"},\"sameAs\":[\"https:\\\/\\\/www.facebook.com\\\/udecaldas\",\"https:\\\/\\\/x.com\\\/udecaldas\",\"https:\\\/\\\/www.youtube.com\\\/universidadcaldas\",\"https:\\\/\\\/www.instagram.com\\\/udecaldas\\\/\"]},{\"@type\":\"Person\",\"@id\":\"https:\\\/\\\/www.ucaldas.edu.co\\\/portal\\\/#\\\/schema\\\/person\\\/a1b482e23449158b4bc319926c074fdf\",\"name\":\"ofiprensa\",\"image\":{\"@type\":\"ImageObject\",\"inLanguage\":\"es\",\"@id\":\"https:\\\/\\\/www.ucaldas.edu.co\\\/portal\\\/wp-content\\\/litespeed\\\/avatar\\\/09ea5085e600095a7a811142c6944527.jpg?ver=1776892805\",\"url\":\"https:\\\/\\\/www.ucaldas.edu.co\\\/portal\\\/wp-content\\\/litespeed\\\/avatar\\\/09ea5085e600095a7a811142c6944527.jpg?ver=1776892805\",\"contentUrl\":\"https:\\\/\\\/www.ucaldas.edu.co\\\/portal\\\/wp-content\\\/litespeed\\\/avatar\\\/09ea5085e600095a7a811142c6944527.jpg?ver=1776892805\",\"caption\":\"ofiprensa\"},\"url\":\"https:\\\/\\\/www.ucaldas.edu.co\\\/portal\\\/author\\\/ofiprensa\\\/\"}]}<\/script>\n<!-- \/ Yoast SEO plugin. -->","yoast_head_json":{"title":"Universidad de Caldas abre las puertas de su Sede Norte en Aguadas .","robots":{"index":"index","follow":"follow","max-snippet":"max-snippet:-1","max-image-preview":"max-image-preview:large","max-video-preview":"max-video-preview:-1"},"canonical":"https:\/\/www.ucaldas.edu.co\/portal\/universidad-de-caldas-abre-las-puertas-de-su-sede-norte-en-aguadas\/","schema":{"@context":"https:\/\/schema.org","@graph":[{"@type":"Article","@id":"https:\/\/www.ucaldas.edu.co\/portal\/universidad-de-caldas-abre-las-puertas-de-su-sede-norte-en-aguadas\/#article","isPartOf":{"@id":"https:\/\/www.ucaldas.edu.co\/portal\/universidad-de-caldas-abre-las-puertas-de-su-sede-norte-en-aguadas\/"},"author":{"name":"ofiprensa","@id":"https:\/\/www.ucaldas.edu.co\/portal\/#\/schema\/person\/a1b482e23449158b4bc319926c074fdf"},"headline":"Universidad de Caldas abre las puertas de su Sede Norte en Aguadas","datePublished":"2023-12-04T19:58:05+00:00","mainEntityOfPage":{"@id":"https:\/\/www.ucaldas.edu.co\/portal\/universidad-de-caldas-abre-las-puertas-de-su-sede-norte-en-aguadas\/"},"wordCount":687,"publisher":{"@id":"https:\/\/www.ucaldas.edu.co\/portal\/#organization"},"image":{"@id":"https:\/\/www.ucaldas.edu.co\/portal\/universidad-de-caldas-abre-las-puertas-de-su-sede-norte-en-aguadas\/#primaryimage"},"thumbnailUrl":"https:\/\/www.ucaldas.edu.co\/portal\/wp-content\/uploads\/2023\/12\/aguadas.jpg","keywords":["sede norte u caldas"],"articleSection":["Universidad al D\u00eda","UCaldas Regional","Actualidad"],"inLanguage":"es"},{"@type":"WebPage","@id":"https:\/\/www.ucaldas.edu.co\/portal\/universidad-de-caldas-abre-las-puertas-de-su-sede-norte-en-aguadas\/","url":"https:\/\/www.ucaldas.edu.co\/portal\/universidad-de-caldas-abre-las-puertas-de-su-sede-norte-en-aguadas\/","name":"Universidad de Caldas abre las puertas de su Sede Norte en Aguadas .","isPartOf":{"@id":"https:\/\/www.ucaldas.edu.co\/portal\/#website"},"primaryImageOfPage":{"@id":"https:\/\/www.ucaldas.edu.co\/portal\/universidad-de-caldas-abre-las-puertas-de-su-sede-norte-en-aguadas\/#primaryimage"},"image":{"@id":"https:\/\/www.ucaldas.edu.co\/portal\/universidad-de-caldas-abre-las-puertas-de-su-sede-norte-en-aguadas\/#primaryimage"},"thumbnailUrl":"https:\/\/www.ucaldas.edu.co\/portal\/wp-content\/uploads\/2023\/12\/aguadas.jpg","datePublished":"2023-12-04T19:58:05+00:00","breadcrumb":{"@id":"https:\/\/www.ucaldas.edu.co\/portal\/universidad-de-caldas-abre-las-puertas-de-su-sede-norte-en-aguadas\/#breadcrumb"},"inLanguage":"es","potentialAction":[{"@type":"ReadAction","target":["https:\/\/www.ucaldas.edu.co\/portal\/universidad-de-caldas-abre-las-puertas-de-su-sede-norte-en-aguadas\/"]}]},{"@type":"ImageObject","inLanguage":"es","@id":"https:\/\/www.ucaldas.edu.co\/portal\/universidad-de-caldas-abre-las-puertas-de-su-sede-norte-en-aguadas\/#primaryimage","url":"https:\/\/www.ucaldas.edu.co\/portal\/wp-content\/uploads\/2023\/12\/aguadas.jpg","contentUrl":"https:\/\/www.ucaldas.edu.co\/portal\/wp-content\/uploads\/2023\/12\/aguadas.jpg","width":900,"height":510,"caption":"Apertura de la nueva sede"},{"@type":"BreadcrumbList","@id":"https:\/\/www.ucaldas.edu.co\/portal\/universidad-de-caldas-abre-las-puertas-de-su-sede-norte-en-aguadas\/#breadcrumb","itemListElement":[{"@type":"ListItem","position":1,"name":"Portada","item":"https:\/\/www.ucaldas.edu.co\/portal\/"},{"@type":"ListItem","position":2,"name":"Universidad de Caldas abre las puertas de su Sede Norte en Aguadas"}]},{"@type":"WebSite","@id":"https:\/\/www.ucaldas.edu.co\/portal\/#website","url":"https:\/\/www.ucaldas.edu.co\/portal\/","name":"Universidad de Caldas","description":"","publisher":{"@id":"https:\/\/www.ucaldas.edu.co\/portal\/#organization"},"alternateName":"U. de Caldas","potentialAction":[{"@type":"SearchAction","target":{"@type":"EntryPoint","urlTemplate":"https:\/\/www.ucaldas.edu.co\/portal\/?s={search_term_string}"},"query-input":{"@type":"PropertyValueSpecification","valueRequired":true,"valueName":"search_term_string"}}],"inLanguage":"es"},{"@type":"Organization","@id":"https:\/\/www.ucaldas.edu.co\/portal\/#organization","name":"Universidad de Caldas","alternateName":"U. de Caldas","url":"https:\/\/www.ucaldas.edu.co\/portal\/","logo":{"@type":"ImageObject","inLanguage":"es","@id":"https:\/\/www.ucaldas.edu.co\/portal\/#\/schema\/logo\/image\/","url":"https:\/\/www.ucaldas.edu.co\/portal\/wp-content\/uploads\/2023\/11\/Logo_horizontal_oscuroU-2023.png","contentUrl":"https:\/\/www.ucaldas.edu.co\/portal\/wp-content\/uploads\/2023\/11\/Logo_horizontal_oscuroU-2023.png","width":263,"height":101,"caption":"Universidad de Caldas"},"image":{"@id":"https:\/\/www.ucaldas.edu.co\/portal\/#\/schema\/logo\/image\/"},"sameAs":["https:\/\/www.facebook.com\/udecaldas","https:\/\/x.com\/udecaldas","https:\/\/www.youtube.com\/universidadcaldas","https:\/\/www.instagram.com\/udecaldas\/"]},{"@type":"Person","@id":"https:\/\/www.ucaldas.edu.co\/portal\/#\/schema\/person\/a1b482e23449158b4bc319926c074fdf","name":"ofiprensa","image":{"@type":"ImageObject","inLanguage":"es","@id":"https:\/\/www.ucaldas.edu.co\/portal\/wp-content\/litespeed\/avatar\/09ea5085e600095a7a811142c6944527.jpg?ver=1776892805","url":"https:\/\/www.ucaldas.edu.co\/portal\/wp-content\/litespeed\/avatar\/09ea5085e600095a7a811142c6944527.jpg?ver=1776892805","contentUrl":"https:\/\/www.ucaldas.edu.co\/portal\/wp-content\/litespeed\/avatar\/09ea5085e600095a7a811142c6944527.jpg?ver=1776892805","caption":"ofiprensa"},"url":"https:\/\/www.ucaldas.edu.co\/portal\/author\/ofiprensa\/"}]}},"_links":{"self":[{"href":"https:\/\/www.ucaldas.edu.co\/portal\/wp-json\/wp\/v2\/posts\/78597","targetHints":{"allow":["GET"]}}],"collection":[{"href":"https:\/\/www.ucaldas.edu.co\/portal\/wp-json\/wp\/v2\/posts"}],"about":[{"href":"https:\/\/www.ucaldas.edu.co\/portal\/wp-json\/wp\/v2\/types\/post"}],"author":[{"embeddable":true,"href":"https:\/\/www.ucaldas.edu.co\/portal\/wp-json\/wp\/v2\/users\/2"}],"replies":[{"embeddable":true,"href":"https:\/\/www.ucaldas.edu.co\/portal\/wp-json\/wp\/v2\/comments?post=78597"}],"version-history":[{"count":0,"href":"https:\/\/www.ucaldas.edu.co\/portal\/wp-json\/wp\/v2\/posts\/78597\/revisions"}],"wp:featuredmedia":[{"embeddable":true,"href":"https:\/\/www.ucaldas.edu.co\/portal\/wp-json\/wp\/v2\/media\/78598"}],"wp:attachment":[{"href":"https:\/\/www.ucaldas.edu.co\/portal\/wp-json\/wp\/v2\/media?parent=78597"}],"wp:term":[{"taxonomy":"category","embeddable":true,"href":"https:\/\/www.ucaldas.edu.co\/portal\/wp-json\/wp\/v2\/categories?post=78597"},{"taxonomy":"post_tag","embeddable":true,"href":"https:\/\/www.ucaldas.edu.co\/portal\/wp-json\/wp\/v2\/tags?post=78597"}],"curies":[{"name":"wp","href":"https:\/\/api.w.org\/{rel}","templated":true}]}}