{"id":78498,"date":"2023-11-30T15:17:16","date_gmt":"2023-11-30T15:17:16","guid":{"rendered":"https:\/\/www.ucaldas.edu.co\/portal\/?p=78498"},"modified":"2023-11-30T15:17:16","modified_gmt":"2023-11-30T15:17:16","slug":"semillero-de-investigacion-de-la-u-de-caldas-capacito-a-adultos-mayores-en-habilidades-digitales","status":"publish","type":"post","link":"https:\/\/www.ucaldas.edu.co\/portal\/semillero-de-investigacion-de-la-u-de-caldas-capacito-a-adultos-mayores-en-habilidades-digitales\/","title":{"rendered":"Semillero de Investigaci\u00f3n de la U. de Caldas capacit\u00f3 a adultos mayores en habilidades digitales"},"content":{"rendered":"<p><img loading=\"lazy\" decoding=\"async\" class=\"aligncenter size-full wp-image-78499\" src=\"https:\/\/www.ucaldas.edu.co\/portal\/wp-content\/uploads\/2023\/11\/adulto-mayor.jpg\" alt=\"12 adultos mayores que se capacitaron\" width=\"900\" height=\"510\" srcset=\"https:\/\/www.ucaldas.edu.co\/portal\/wp-content\/uploads\/2023\/11\/adulto-mayor.jpg 900w, https:\/\/www.ucaldas.edu.co\/portal\/wp-content\/uploads\/2023\/11\/adulto-mayor-300x170.jpg 300w, https:\/\/www.ucaldas.edu.co\/portal\/wp-content\/uploads\/2023\/11\/adulto-mayor-768x435.jpg 768w\" sizes=\"auto, (max-width: 900px) 100vw, 900px\" \/><\/p>\n<p>El Semillero de Investigaci\u00f3n USABLE del Departamento de Dise\u00f1o de la Universidad de Caldas, capacit\u00f3 a 12 adultos mayores en introducci\u00f3n y desarrollo de habilidades digitales por medio del curso gratuito \u201cBautismo Digital\u201d.<!--more--><\/p>\n<p>El Director del Semillero y Docente del Departamento de Dise\u00f1o, Juan Diego Gallego G\u00f3mez, explic\u00f3 que este tipo de cursos se realizan desde hace siete a\u00f1os con el apoyo de integrantes del Semillero de Investigaci\u00f3n, los cuales tienen el prop\u00f3sito de generar una inclusi\u00f3n social digital a los adultos mayores a quienes se les dificulta el uso de herramientas digitales.<\/p>\n<p>Por medio de clases presenciales una vez por semana, los docentes y estudiantes del Semillero brindan clases y cartillas explicativas a los alumnos, con la finalidad de que comprendan con mayor facilidad el entorno digital.<\/p>\n<p>El Docente Gallego finalmente manifest\u00f3 que este tipo de actividades hacen parte de la Responsabilidad Social Acad\u00e9mica de la instituci\u00f3n y del compromiso que se tiene con la inclusi\u00f3n digital para el adulto mayor.<\/p>\n<p>La ceremonia simb\u00f3lica de graduaci\u00f3n del curso se llev\u00f3 a cabo el pasado jueves 23 de noviembre.<\/p>\n<p><strong>Anexo:<\/strong><\/p>\n<p><a href=\"https:\/\/www.ucaldas.edu.co\/portal\/wp-content\/uploads\/2023\/11\/Director-del-Semillero-de-Investigacion-USABLE-Juan-Diego-Gallego-Gomez.mp3\"><strong>Audio Director del Semillero de Investigaci\u00f3n USABLE, Juan Diego Gallego G\u00f3mez.<\/strong><\/a><\/p>\n<audio class=\"wp-audio-shortcode\" id=\"audio-78498-1\" preload=\"none\" style=\"width: 100%;\" controls=\"controls\"><source type=\"audio\/mpeg\" src=\"https:\/\/www.ucaldas.edu.co\/portal\/wp-content\/uploads\/2023\/11\/Director-del-Semillero-de-Investigacion-USABLE-Juan-Diego-Gallego-Gomez.mp3?_=1\" \/><a href=\"https:\/\/www.ucaldas.edu.co\/portal\/wp-content\/uploads\/2023\/11\/Director-del-Semillero-de-Investigacion-USABLE-Juan-Diego-Gallego-Gomez.mp3\">https:\/\/www.ucaldas.edu.co\/portal\/wp-content\/uploads\/2023\/11\/Director-del-Semillero-de-Investigacion-USABLE-Juan-Diego-Gallego-Gomez.mp3<\/a><\/audio>\n","protected":false},"excerpt":{"rendered":"<p>El Semillero de Investigaci\u00f3n USABLE del Departamento de Dise\u00f1o de la Universidad de Caldas, capacit\u00f3 a 12 adultos mayores en introducci\u00f3n y desarrollo de habilidades digitales por medio del curso gratuito \u201cBautismo Digital\u201d.<\/p>\n","protected":false},"author":2,"featured_media":78499,"comment_status":"closed","ping_status":"open","sticky":false,"template":"","format":"standard","meta":{"footnotes":""},"categories":[617,48,53],"tags":[4343],"class_list":["post-78498","post","type-post","status-publish","format-standard","has-post-thumbnail","hentry","category-ucaldas-colaborativa","category-actualidad","category-universidad-al-dia","tag-adulto-mayor"],"yoast_head":"<!-- This site is optimized with the Yoast SEO plugin v27.5 - https:\/\/yoast.com\/product\/yoast-seo-wordpress\/ -->\n<title>Semillero de Investigaci\u00f3n de la U. de Caldas capacit\u00f3 a adultos mayores en habilidades digitales .<\/title>\n<meta name=\"robots\" content=\"index, follow, max-snippet:-1, max-image-preview:large, max-video-preview:-1\" \/>\n<link rel=\"canonical\" href=\"https:\/\/www.ucaldas.edu.co\/portal\/semillero-de-investigacion-de-la-u-de-caldas-capacito-a-adultos-mayores-en-habilidades-digitales\/\" \/>\n<script type=\"application\/ld+json\" class=\"yoast-schema-graph\">{\"@context\":\"https:\\\/\\\/schema.org\",\"@graph\":[{\"@type\":\"Article\",\"@id\":\"https:\\\/\\\/www.ucaldas.edu.co\\\/portal\\\/semillero-de-investigacion-de-la-u-de-caldas-capacito-a-adultos-mayores-en-habilidades-digitales\\\/#article\",\"isPartOf\":{\"@id\":\"https:\\\/\\\/www.ucaldas.edu.co\\\/portal\\\/semillero-de-investigacion-de-la-u-de-caldas-capacito-a-adultos-mayores-en-habilidades-digitales\\\/\"},\"author\":{\"name\":\"ofiprensa\",\"@id\":\"https:\\\/\\\/www.ucaldas.edu.co\\\/portal\\\/#\\\/schema\\\/person\\\/a1b482e23449158b4bc319926c074fdf\"},\"headline\":\"Semillero de Investigaci\u00f3n de la U. de Caldas capacit\u00f3 a adultos mayores en habilidades digitales\",\"datePublished\":\"2023-11-30T15:17:16+00:00\",\"mainEntityOfPage\":{\"@id\":\"https:\\\/\\\/www.ucaldas.edu.co\\\/portal\\\/semillero-de-investigacion-de-la-u-de-caldas-capacito-a-adultos-mayores-en-habilidades-digitales\\\/\"},\"wordCount\":234,\"publisher\":{\"@id\":\"https:\\\/\\\/www.ucaldas.edu.co\\\/portal\\\/#organization\"},\"image\":{\"@id\":\"https:\\\/\\\/www.ucaldas.edu.co\\\/portal\\\/semillero-de-investigacion-de-la-u-de-caldas-capacito-a-adultos-mayores-en-habilidades-digitales\\\/#primaryimage\"},\"thumbnailUrl\":\"https:\\\/\\\/www.ucaldas.edu.co\\\/portal\\\/wp-content\\\/uploads\\\/2023\\\/11\\\/adulto-mayor.jpg\",\"keywords\":[\"adulto mayor\"],\"articleSection\":[\"UCaldas Colaborativa\",\"Actualidad\",\"Universidad al D\u00eda\"],\"inLanguage\":\"es\"},{\"@type\":\"WebPage\",\"@id\":\"https:\\\/\\\/www.ucaldas.edu.co\\\/portal\\\/semillero-de-investigacion-de-la-u-de-caldas-capacito-a-adultos-mayores-en-habilidades-digitales\\\/\",\"url\":\"https:\\\/\\\/www.ucaldas.edu.co\\\/portal\\\/semillero-de-investigacion-de-la-u-de-caldas-capacito-a-adultos-mayores-en-habilidades-digitales\\\/\",\"name\":\"Semillero de Investigaci\u00f3n de la U. de Caldas capacit\u00f3 a adultos mayores en habilidades digitales .\",\"isPartOf\":{\"@id\":\"https:\\\/\\\/www.ucaldas.edu.co\\\/portal\\\/#website\"},\"primaryImageOfPage\":{\"@id\":\"https:\\\/\\\/www.ucaldas.edu.co\\\/portal\\\/semillero-de-investigacion-de-la-u-de-caldas-capacito-a-adultos-mayores-en-habilidades-digitales\\\/#primaryimage\"},\"image\":{\"@id\":\"https:\\\/\\\/www.ucaldas.edu.co\\\/portal\\\/semillero-de-investigacion-de-la-u-de-caldas-capacito-a-adultos-mayores-en-habilidades-digitales\\\/#primaryimage\"},\"thumbnailUrl\":\"https:\\\/\\\/www.ucaldas.edu.co\\\/portal\\\/wp-content\\\/uploads\\\/2023\\\/11\\\/adulto-mayor.jpg\",\"datePublished\":\"2023-11-30T15:17:16+00:00\",\"breadcrumb\":{\"@id\":\"https:\\\/\\\/www.ucaldas.edu.co\\\/portal\\\/semillero-de-investigacion-de-la-u-de-caldas-capacito-a-adultos-mayores-en-habilidades-digitales\\\/#breadcrumb\"},\"inLanguage\":\"es\",\"potentialAction\":[{\"@type\":\"ReadAction\",\"target\":[\"https:\\\/\\\/www.ucaldas.edu.co\\\/portal\\\/semillero-de-investigacion-de-la-u-de-caldas-capacito-a-adultos-mayores-en-habilidades-digitales\\\/\"]}]},{\"@type\":\"ImageObject\",\"inLanguage\":\"es\",\"@id\":\"https:\\\/\\\/www.ucaldas.edu.co\\\/portal\\\/semillero-de-investigacion-de-la-u-de-caldas-capacito-a-adultos-mayores-en-habilidades-digitales\\\/#primaryimage\",\"url\":\"https:\\\/\\\/www.ucaldas.edu.co\\\/portal\\\/wp-content\\\/uploads\\\/2023\\\/11\\\/adulto-mayor.jpg\",\"contentUrl\":\"https:\\\/\\\/www.ucaldas.edu.co\\\/portal\\\/wp-content\\\/uploads\\\/2023\\\/11\\\/adulto-mayor.jpg\",\"width\":900,\"height\":510,\"caption\":\"12 adultos mayores que se capacitaron\"},{\"@type\":\"BreadcrumbList\",\"@id\":\"https:\\\/\\\/www.ucaldas.edu.co\\\/portal\\\/semillero-de-investigacion-de-la-u-de-caldas-capacito-a-adultos-mayores-en-habilidades-digitales\\\/#breadcrumb\",\"itemListElement\":[{\"@type\":\"ListItem\",\"position\":1,\"name\":\"Portada\",\"item\":\"https:\\\/\\\/www.ucaldas.edu.co\\\/portal\\\/\"},{\"@type\":\"ListItem\",\"position\":2,\"name\":\"Semillero de Investigaci\u00f3n de la U. de Caldas capacit\u00f3 a adultos mayores en habilidades digitales\"}]},{\"@type\":\"WebSite\",\"@id\":\"https:\\\/\\\/www.ucaldas.edu.co\\\/portal\\\/#website\",\"url\":\"https:\\\/\\\/www.ucaldas.edu.co\\\/portal\\\/\",\"name\":\"Universidad de Caldas\",\"description\":\"\",\"publisher\":{\"@id\":\"https:\\\/\\\/www.ucaldas.edu.co\\\/portal\\\/#organization\"},\"alternateName\":\"U. de Caldas\",\"potentialAction\":[{\"@type\":\"SearchAction\",\"target\":{\"@type\":\"EntryPoint\",\"urlTemplate\":\"https:\\\/\\\/www.ucaldas.edu.co\\\/portal\\\/?s={search_term_string}\"},\"query-input\":{\"@type\":\"PropertyValueSpecification\",\"valueRequired\":true,\"valueName\":\"search_term_string\"}}],\"inLanguage\":\"es\"},{\"@type\":\"Organization\",\"@id\":\"https:\\\/\\\/www.ucaldas.edu.co\\\/portal\\\/#organization\",\"name\":\"Universidad de Caldas\",\"alternateName\":\"U. de Caldas\",\"url\":\"https:\\\/\\\/www.ucaldas.edu.co\\\/portal\\\/\",\"logo\":{\"@type\":\"ImageObject\",\"inLanguage\":\"es\",\"@id\":\"https:\\\/\\\/www.ucaldas.edu.co\\\/portal\\\/#\\\/schema\\\/logo\\\/image\\\/\",\"url\":\"https:\\\/\\\/www.ucaldas.edu.co\\\/portal\\\/wp-content\\\/uploads\\\/2023\\\/11\\\/Logo_horizontal_oscuroU-2023.png\",\"contentUrl\":\"https:\\\/\\\/www.ucaldas.edu.co\\\/portal\\\/wp-content\\\/uploads\\\/2023\\\/11\\\/Logo_horizontal_oscuroU-2023.png\",\"width\":263,\"height\":101,\"caption\":\"Universidad de Caldas\"},\"image\":{\"@id\":\"https:\\\/\\\/www.ucaldas.edu.co\\\/portal\\\/#\\\/schema\\\/logo\\\/image\\\/\"},\"sameAs\":[\"https:\\\/\\\/www.facebook.com\\\/udecaldas\",\"https:\\\/\\\/x.com\\\/udecaldas\",\"https:\\\/\\\/www.youtube.com\\\/universidadcaldas\",\"https:\\\/\\\/www.instagram.com\\\/udecaldas\\\/\"]},{\"@type\":\"Person\",\"@id\":\"https:\\\/\\\/www.ucaldas.edu.co\\\/portal\\\/#\\\/schema\\\/person\\\/a1b482e23449158b4bc319926c074fdf\",\"name\":\"ofiprensa\",\"image\":{\"@type\":\"ImageObject\",\"inLanguage\":\"es\",\"@id\":\"https:\\\/\\\/www.ucaldas.edu.co\\\/portal\\\/wp-content\\\/litespeed\\\/avatar\\\/09ea5085e600095a7a811142c6944527.jpg?ver=1777497608\",\"url\":\"https:\\\/\\\/www.ucaldas.edu.co\\\/portal\\\/wp-content\\\/litespeed\\\/avatar\\\/09ea5085e600095a7a811142c6944527.jpg?ver=1777497608\",\"contentUrl\":\"https:\\\/\\\/www.ucaldas.edu.co\\\/portal\\\/wp-content\\\/litespeed\\\/avatar\\\/09ea5085e600095a7a811142c6944527.jpg?ver=1777497608\",\"caption\":\"ofiprensa\"},\"url\":\"https:\\\/\\\/www.ucaldas.edu.co\\\/portal\\\/author\\\/ofiprensa\\\/\"}]}<\/script>\n<!-- \/ Yoast SEO plugin. -->","yoast_head_json":{"title":"Semillero de Investigaci\u00f3n de la U. de Caldas capacit\u00f3 a adultos mayores en habilidades digitales .","robots":{"index":"index","follow":"follow","max-snippet":"max-snippet:-1","max-image-preview":"max-image-preview:large","max-video-preview":"max-video-preview:-1"},"canonical":"https:\/\/www.ucaldas.edu.co\/portal\/semillero-de-investigacion-de-la-u-de-caldas-capacito-a-adultos-mayores-en-habilidades-digitales\/","schema":{"@context":"https:\/\/schema.org","@graph":[{"@type":"Article","@id":"https:\/\/www.ucaldas.edu.co\/portal\/semillero-de-investigacion-de-la-u-de-caldas-capacito-a-adultos-mayores-en-habilidades-digitales\/#article","isPartOf":{"@id":"https:\/\/www.ucaldas.edu.co\/portal\/semillero-de-investigacion-de-la-u-de-caldas-capacito-a-adultos-mayores-en-habilidades-digitales\/"},"author":{"name":"ofiprensa","@id":"https:\/\/www.ucaldas.edu.co\/portal\/#\/schema\/person\/a1b482e23449158b4bc319926c074fdf"},"headline":"Semillero de Investigaci\u00f3n de la U. de Caldas capacit\u00f3 a adultos mayores en habilidades digitales","datePublished":"2023-11-30T15:17:16+00:00","mainEntityOfPage":{"@id":"https:\/\/www.ucaldas.edu.co\/portal\/semillero-de-investigacion-de-la-u-de-caldas-capacito-a-adultos-mayores-en-habilidades-digitales\/"},"wordCount":234,"publisher":{"@id":"https:\/\/www.ucaldas.edu.co\/portal\/#organization"},"image":{"@id":"https:\/\/www.ucaldas.edu.co\/portal\/semillero-de-investigacion-de-la-u-de-caldas-capacito-a-adultos-mayores-en-habilidades-digitales\/#primaryimage"},"thumbnailUrl":"https:\/\/www.ucaldas.edu.co\/portal\/wp-content\/uploads\/2023\/11\/adulto-mayor.jpg","keywords":["adulto mayor"],"articleSection":["UCaldas Colaborativa","Actualidad","Universidad al D\u00eda"],"inLanguage":"es"},{"@type":"WebPage","@id":"https:\/\/www.ucaldas.edu.co\/portal\/semillero-de-investigacion-de-la-u-de-caldas-capacito-a-adultos-mayores-en-habilidades-digitales\/","url":"https:\/\/www.ucaldas.edu.co\/portal\/semillero-de-investigacion-de-la-u-de-caldas-capacito-a-adultos-mayores-en-habilidades-digitales\/","name":"Semillero de Investigaci\u00f3n de la U. de Caldas capacit\u00f3 a adultos mayores en habilidades digitales .","isPartOf":{"@id":"https:\/\/www.ucaldas.edu.co\/portal\/#website"},"primaryImageOfPage":{"@id":"https:\/\/www.ucaldas.edu.co\/portal\/semillero-de-investigacion-de-la-u-de-caldas-capacito-a-adultos-mayores-en-habilidades-digitales\/#primaryimage"},"image":{"@id":"https:\/\/www.ucaldas.edu.co\/portal\/semillero-de-investigacion-de-la-u-de-caldas-capacito-a-adultos-mayores-en-habilidades-digitales\/#primaryimage"},"thumbnailUrl":"https:\/\/www.ucaldas.edu.co\/portal\/wp-content\/uploads\/2023\/11\/adulto-mayor.jpg","datePublished":"2023-11-30T15:17:16+00:00","breadcrumb":{"@id":"https:\/\/www.ucaldas.edu.co\/portal\/semillero-de-investigacion-de-la-u-de-caldas-capacito-a-adultos-mayores-en-habilidades-digitales\/#breadcrumb"},"inLanguage":"es","potentialAction":[{"@type":"ReadAction","target":["https:\/\/www.ucaldas.edu.co\/portal\/semillero-de-investigacion-de-la-u-de-caldas-capacito-a-adultos-mayores-en-habilidades-digitales\/"]}]},{"@type":"ImageObject","inLanguage":"es","@id":"https:\/\/www.ucaldas.edu.co\/portal\/semillero-de-investigacion-de-la-u-de-caldas-capacito-a-adultos-mayores-en-habilidades-digitales\/#primaryimage","url":"https:\/\/www.ucaldas.edu.co\/portal\/wp-content\/uploads\/2023\/11\/adulto-mayor.jpg","contentUrl":"https:\/\/www.ucaldas.edu.co\/portal\/wp-content\/uploads\/2023\/11\/adulto-mayor.jpg","width":900,"height":510,"caption":"12 adultos mayores que se capacitaron"},{"@type":"BreadcrumbList","@id":"https:\/\/www.ucaldas.edu.co\/portal\/semillero-de-investigacion-de-la-u-de-caldas-capacito-a-adultos-mayores-en-habilidades-digitales\/#breadcrumb","itemListElement":[{"@type":"ListItem","position":1,"name":"Portada","item":"https:\/\/www.ucaldas.edu.co\/portal\/"},{"@type":"ListItem","position":2,"name":"Semillero de Investigaci\u00f3n de la U. de Caldas capacit\u00f3 a adultos mayores en habilidades digitales"}]},{"@type":"WebSite","@id":"https:\/\/www.ucaldas.edu.co\/portal\/#website","url":"https:\/\/www.ucaldas.edu.co\/portal\/","name":"Universidad de Caldas","description":"","publisher":{"@id":"https:\/\/www.ucaldas.edu.co\/portal\/#organization"},"alternateName":"U. de Caldas","potentialAction":[{"@type":"SearchAction","target":{"@type":"EntryPoint","urlTemplate":"https:\/\/www.ucaldas.edu.co\/portal\/?s={search_term_string}"},"query-input":{"@type":"PropertyValueSpecification","valueRequired":true,"valueName":"search_term_string"}}],"inLanguage":"es"},{"@type":"Organization","@id":"https:\/\/www.ucaldas.edu.co\/portal\/#organization","name":"Universidad de Caldas","alternateName":"U. de Caldas","url":"https:\/\/www.ucaldas.edu.co\/portal\/","logo":{"@type":"ImageObject","inLanguage":"es","@id":"https:\/\/www.ucaldas.edu.co\/portal\/#\/schema\/logo\/image\/","url":"https:\/\/www.ucaldas.edu.co\/portal\/wp-content\/uploads\/2023\/11\/Logo_horizontal_oscuroU-2023.png","contentUrl":"https:\/\/www.ucaldas.edu.co\/portal\/wp-content\/uploads\/2023\/11\/Logo_horizontal_oscuroU-2023.png","width":263,"height":101,"caption":"Universidad de Caldas"},"image":{"@id":"https:\/\/www.ucaldas.edu.co\/portal\/#\/schema\/logo\/image\/"},"sameAs":["https:\/\/www.facebook.com\/udecaldas","https:\/\/x.com\/udecaldas","https:\/\/www.youtube.com\/universidadcaldas","https:\/\/www.instagram.com\/udecaldas\/"]},{"@type":"Person","@id":"https:\/\/www.ucaldas.edu.co\/portal\/#\/schema\/person\/a1b482e23449158b4bc319926c074fdf","name":"ofiprensa","image":{"@type":"ImageObject","inLanguage":"es","@id":"https:\/\/www.ucaldas.edu.co\/portal\/wp-content\/litespeed\/avatar\/09ea5085e600095a7a811142c6944527.jpg?ver=1777497608","url":"https:\/\/www.ucaldas.edu.co\/portal\/wp-content\/litespeed\/avatar\/09ea5085e600095a7a811142c6944527.jpg?ver=1777497608","contentUrl":"https:\/\/www.ucaldas.edu.co\/portal\/wp-content\/litespeed\/avatar\/09ea5085e600095a7a811142c6944527.jpg?ver=1777497608","caption":"ofiprensa"},"url":"https:\/\/www.ucaldas.edu.co\/portal\/author\/ofiprensa\/"}]}},"_links":{"self":[{"href":"https:\/\/www.ucaldas.edu.co\/portal\/wp-json\/wp\/v2\/posts\/78498","targetHints":{"allow":["GET"]}}],"collection":[{"href":"https:\/\/www.ucaldas.edu.co\/portal\/wp-json\/wp\/v2\/posts"}],"about":[{"href":"https:\/\/www.ucaldas.edu.co\/portal\/wp-json\/wp\/v2\/types\/post"}],"author":[{"embeddable":true,"href":"https:\/\/www.ucaldas.edu.co\/portal\/wp-json\/wp\/v2\/users\/2"}],"replies":[{"embeddable":true,"href":"https:\/\/www.ucaldas.edu.co\/portal\/wp-json\/wp\/v2\/comments?post=78498"}],"version-history":[{"count":0,"href":"https:\/\/www.ucaldas.edu.co\/portal\/wp-json\/wp\/v2\/posts\/78498\/revisions"}],"wp:featuredmedia":[{"embeddable":true,"href":"https:\/\/www.ucaldas.edu.co\/portal\/wp-json\/wp\/v2\/media\/78499"}],"wp:attachment":[{"href":"https:\/\/www.ucaldas.edu.co\/portal\/wp-json\/wp\/v2\/media?parent=78498"}],"wp:term":[{"taxonomy":"category","embeddable":true,"href":"https:\/\/www.ucaldas.edu.co\/portal\/wp-json\/wp\/v2\/categories?post=78498"},{"taxonomy":"post_tag","embeddable":true,"href":"https:\/\/www.ucaldas.edu.co\/portal\/wp-json\/wp\/v2\/tags?post=78498"}],"curies":[{"name":"wp","href":"https:\/\/api.w.org\/{rel}","templated":true}]}}