{"id":77992,"date":"2023-11-02T14:06:00","date_gmt":"2023-11-02T14:06:00","guid":{"rendered":"https:\/\/www.ucaldas.edu.co\/portal\/?p=77992"},"modified":"2023-11-02T14:06:00","modified_gmt":"2023-11-02T14:06:00","slug":"llega-la-vigesimo-segunda-convencion-nacional-de-ascemcol-cna-2023-a-la-universidad-de-caldas","status":"publish","type":"post","link":"https:\/\/www.ucaldas.edu.co\/portal\/llega-la-vigesimo-segunda-convencion-nacional-de-ascemcol-cna-2023-a-la-universidad-de-caldas\/","title":{"rendered":"Llega la vig\u00e9simo segunda Convenci\u00f3n Nacional de ASCEMCOL -CNA 2023- a la Universidad de Caldas"},"content":{"rendered":"<p><img loading=\"lazy\" decoding=\"async\" class=\"aligncenter size-full wp-image-77993\" src=\"https:\/\/www.ucaldas.edu.co\/portal\/wp-content\/uploads\/2023\/11\/medicina.jpg\" alt=\"imagen promocional del evento de ascemcol\" width=\"900\" height=\"510\" srcset=\"https:\/\/www.ucaldas.edu.co\/portal\/wp-content\/uploads\/2023\/11\/medicina.jpg 900w, https:\/\/www.ucaldas.edu.co\/portal\/wp-content\/uploads\/2023\/11\/medicina-300x170.jpg 300w, https:\/\/www.ucaldas.edu.co\/portal\/wp-content\/uploads\/2023\/11\/medicina-768x435.jpg 768w\" sizes=\"auto, (max-width: 900px) 100vw, 900px\" \/><\/p>\n<p>A partir de este viernes 3 de noviembre y hasta el domingo, se llevar\u00e1 a cabo en Manizales la vig\u00e9simo segunda Convenci\u00f3n Nacional de ASCEMCOL -CNA 2023-, un evento realizado por la Asociaci\u00f3n Cient\u00edfica de Estudiantes de Medicina de la Universidad de Caldas, ACEMCAL y la Asociaci\u00f3n de Sociedades Cient\u00edficas de Estudiantes de Medicina de Colombia, ASCEMCOL.<!--more--><\/p>\n<p>El encuentro es un congreso acad\u00e9mico y cient\u00edfico, cuyas ponencias ser\u00e1n dadas por especialistas, quienes abordar\u00e1n temas como neurolog\u00eda cl\u00ednica, neuropediatr\u00eda, neurociencias y neurocirug\u00eda, con un enfoque en los nuevos avances y tecnolog\u00edas.<\/p>\n<p>Este evento va dirigido a todo el personal en salud como auxiliares de enfermer\u00eda, medicina, fisioterapia, psicolog\u00eda, atenci\u00f3n prehospitalaria, estudiantes de pregrado y posgrado, y todo p\u00fablico interesado en temas de salud neurol\u00f3gica.<\/p>\n<p>Inscripciones:<\/p>\n<ul>\n<li>Personas de Manizales: $100.000<\/li>\n<li>Integrantes de instituciones afiliadas a Manizales Campus Universitario: $100.000<\/li>\n<li>Resto del pa\u00eds: $165.000<\/li>\n<\/ul>\n<p>La Convenci\u00f3n contar\u00e1 con diversas actividades como exposiciones, presentaciones, ponencias y premios para los asistentes y se realizar\u00e1 en el Teatro 8 de junio y en el Centro Cultural Universitario Rogelio Salmona de la Universidad de Caldas<\/p>\n<p><strong><a href=\"https:\/\/docs.google.com\/forms\/d\/e\/1FAIpQLSfjF11HNtkuUuRiDxpgpzzdBXhZdMr63_iVA0LNk7cpN5Bg4g\/closedform?fbclid=IwAR1zj-e9DXFKkAfc7DdSIQcYt4MwEpWJKwptHgg6NpF3HT4rcWNVj2ZIDvg\">Inscripciones aqu\u00ed.<\/a><\/strong><\/p>\n","protected":false},"excerpt":{"rendered":"<p>A partir de este viernes 3 de noviembre y hasta el domingo, se llevar\u00e1 a cabo en Manizales la vig\u00e9simo segunda Convenci\u00f3n Nacional de ASCEMCOL -CNA 2023-, un evento realizado por la Asociaci\u00f3n Cient\u00edfica de Estudiantes de Medicina de la Universidad de Caldas, ACEMCAL y la Asociaci\u00f3n de Sociedades Cient\u00edficas de Estudiantes de Medicina de [&hellip;]<\/p>\n","protected":false},"author":2,"featured_media":77993,"comment_status":"closed","ping_status":"open","sticky":false,"template":"","format":"standard","meta":{"footnotes":""},"categories":[48,53,62],"tags":[],"class_list":["post-77992","post","type-post","status-publish","format-standard","has-post-thumbnail","hentry","category-actualidad","category-universidad-al-dia","category-eventos"],"yoast_head":"<!-- This site is optimized with the Yoast SEO plugin v27.4 - https:\/\/yoast.com\/product\/yoast-seo-wordpress\/ -->\n<title>Llega la vig\u00e9simo segunda Convenci\u00f3n Nacional de ASCEMCOL -CNA 2023- a la Universidad de Caldas .<\/title>\n<meta name=\"robots\" content=\"index, follow, max-snippet:-1, max-image-preview:large, max-video-preview:-1\" \/>\n<link rel=\"canonical\" href=\"https:\/\/www.ucaldas.edu.co\/portal\/llega-la-vigesimo-segunda-convencion-nacional-de-ascemcol-cna-2023-a-la-universidad-de-caldas\/\" \/>\n<script type=\"application\/ld+json\" class=\"yoast-schema-graph\">{\"@context\":\"https:\\\/\\\/schema.org\",\"@graph\":[{\"@type\":\"Article\",\"@id\":\"https:\\\/\\\/www.ucaldas.edu.co\\\/portal\\\/llega-la-vigesimo-segunda-convencion-nacional-de-ascemcol-cna-2023-a-la-universidad-de-caldas\\\/#article\",\"isPartOf\":{\"@id\":\"https:\\\/\\\/www.ucaldas.edu.co\\\/portal\\\/llega-la-vigesimo-segunda-convencion-nacional-de-ascemcol-cna-2023-a-la-universidad-de-caldas\\\/\"},\"author\":{\"name\":\"ofiprensa\",\"@id\":\"https:\\\/\\\/www.ucaldas.edu.co\\\/portal\\\/#\\\/schema\\\/person\\\/a1b482e23449158b4bc319926c074fdf\"},\"headline\":\"Llega la vig\u00e9simo segunda Convenci\u00f3n Nacional de ASCEMCOL -CNA 2023- a la Universidad de Caldas\",\"datePublished\":\"2023-11-02T14:06:00+00:00\",\"mainEntityOfPage\":{\"@id\":\"https:\\\/\\\/www.ucaldas.edu.co\\\/portal\\\/llega-la-vigesimo-segunda-convencion-nacional-de-ascemcol-cna-2023-a-la-universidad-de-caldas\\\/\"},\"wordCount\":214,\"publisher\":{\"@id\":\"https:\\\/\\\/www.ucaldas.edu.co\\\/portal\\\/#organization\"},\"image\":{\"@id\":\"https:\\\/\\\/www.ucaldas.edu.co\\\/portal\\\/llega-la-vigesimo-segunda-convencion-nacional-de-ascemcol-cna-2023-a-la-universidad-de-caldas\\\/#primaryimage\"},\"thumbnailUrl\":\"https:\\\/\\\/www.ucaldas.edu.co\\\/portal\\\/wp-content\\\/uploads\\\/2023\\\/11\\\/medicina.jpg\",\"articleSection\":[\"Actualidad\",\"Universidad al D\u00eda\",\"Eventos\"],\"inLanguage\":\"es\"},{\"@type\":\"WebPage\",\"@id\":\"https:\\\/\\\/www.ucaldas.edu.co\\\/portal\\\/llega-la-vigesimo-segunda-convencion-nacional-de-ascemcol-cna-2023-a-la-universidad-de-caldas\\\/\",\"url\":\"https:\\\/\\\/www.ucaldas.edu.co\\\/portal\\\/llega-la-vigesimo-segunda-convencion-nacional-de-ascemcol-cna-2023-a-la-universidad-de-caldas\\\/\",\"name\":\"Llega la vig\u00e9simo segunda Convenci\u00f3n Nacional de ASCEMCOL -CNA 2023- a la Universidad de Caldas .\",\"isPartOf\":{\"@id\":\"https:\\\/\\\/www.ucaldas.edu.co\\\/portal\\\/#website\"},\"primaryImageOfPage\":{\"@id\":\"https:\\\/\\\/www.ucaldas.edu.co\\\/portal\\\/llega-la-vigesimo-segunda-convencion-nacional-de-ascemcol-cna-2023-a-la-universidad-de-caldas\\\/#primaryimage\"},\"image\":{\"@id\":\"https:\\\/\\\/www.ucaldas.edu.co\\\/portal\\\/llega-la-vigesimo-segunda-convencion-nacional-de-ascemcol-cna-2023-a-la-universidad-de-caldas\\\/#primaryimage\"},\"thumbnailUrl\":\"https:\\\/\\\/www.ucaldas.edu.co\\\/portal\\\/wp-content\\\/uploads\\\/2023\\\/11\\\/medicina.jpg\",\"datePublished\":\"2023-11-02T14:06:00+00:00\",\"breadcrumb\":{\"@id\":\"https:\\\/\\\/www.ucaldas.edu.co\\\/portal\\\/llega-la-vigesimo-segunda-convencion-nacional-de-ascemcol-cna-2023-a-la-universidad-de-caldas\\\/#breadcrumb\"},\"inLanguage\":\"es\",\"potentialAction\":[{\"@type\":\"ReadAction\",\"target\":[\"https:\\\/\\\/www.ucaldas.edu.co\\\/portal\\\/llega-la-vigesimo-segunda-convencion-nacional-de-ascemcol-cna-2023-a-la-universidad-de-caldas\\\/\"]}]},{\"@type\":\"ImageObject\",\"inLanguage\":\"es\",\"@id\":\"https:\\\/\\\/www.ucaldas.edu.co\\\/portal\\\/llega-la-vigesimo-segunda-convencion-nacional-de-ascemcol-cna-2023-a-la-universidad-de-caldas\\\/#primaryimage\",\"url\":\"https:\\\/\\\/www.ucaldas.edu.co\\\/portal\\\/wp-content\\\/uploads\\\/2023\\\/11\\\/medicina.jpg\",\"contentUrl\":\"https:\\\/\\\/www.ucaldas.edu.co\\\/portal\\\/wp-content\\\/uploads\\\/2023\\\/11\\\/medicina.jpg\",\"width\":900,\"height\":510,\"caption\":\"imagen promocional del evento de ascemcol\"},{\"@type\":\"BreadcrumbList\",\"@id\":\"https:\\\/\\\/www.ucaldas.edu.co\\\/portal\\\/llega-la-vigesimo-segunda-convencion-nacional-de-ascemcol-cna-2023-a-la-universidad-de-caldas\\\/#breadcrumb\",\"itemListElement\":[{\"@type\":\"ListItem\",\"position\":1,\"name\":\"Portada\",\"item\":\"https:\\\/\\\/www.ucaldas.edu.co\\\/portal\\\/\"},{\"@type\":\"ListItem\",\"position\":2,\"name\":\"Llega la vig\u00e9simo segunda Convenci\u00f3n Nacional de ASCEMCOL -CNA 2023- a la Universidad de Caldas\"}]},{\"@type\":\"WebSite\",\"@id\":\"https:\\\/\\\/www.ucaldas.edu.co\\\/portal\\\/#website\",\"url\":\"https:\\\/\\\/www.ucaldas.edu.co\\\/portal\\\/\",\"name\":\"Universidad de Caldas\",\"description\":\"\",\"publisher\":{\"@id\":\"https:\\\/\\\/www.ucaldas.edu.co\\\/portal\\\/#organization\"},\"alternateName\":\"U. de Caldas\",\"potentialAction\":[{\"@type\":\"SearchAction\",\"target\":{\"@type\":\"EntryPoint\",\"urlTemplate\":\"https:\\\/\\\/www.ucaldas.edu.co\\\/portal\\\/?s={search_term_string}\"},\"query-input\":{\"@type\":\"PropertyValueSpecification\",\"valueRequired\":true,\"valueName\":\"search_term_string\"}}],\"inLanguage\":\"es\"},{\"@type\":\"Organization\",\"@id\":\"https:\\\/\\\/www.ucaldas.edu.co\\\/portal\\\/#organization\",\"name\":\"Universidad de Caldas\",\"alternateName\":\"U. de Caldas\",\"url\":\"https:\\\/\\\/www.ucaldas.edu.co\\\/portal\\\/\",\"logo\":{\"@type\":\"ImageObject\",\"inLanguage\":\"es\",\"@id\":\"https:\\\/\\\/www.ucaldas.edu.co\\\/portal\\\/#\\\/schema\\\/logo\\\/image\\\/\",\"url\":\"https:\\\/\\\/www.ucaldas.edu.co\\\/portal\\\/wp-content\\\/uploads\\\/2023\\\/11\\\/Logo_horizontal_oscuroU-2023.png\",\"contentUrl\":\"https:\\\/\\\/www.ucaldas.edu.co\\\/portal\\\/wp-content\\\/uploads\\\/2023\\\/11\\\/Logo_horizontal_oscuroU-2023.png\",\"width\":263,\"height\":101,\"caption\":\"Universidad de Caldas\"},\"image\":{\"@id\":\"https:\\\/\\\/www.ucaldas.edu.co\\\/portal\\\/#\\\/schema\\\/logo\\\/image\\\/\"},\"sameAs\":[\"https:\\\/\\\/www.facebook.com\\\/udecaldas\",\"https:\\\/\\\/x.com\\\/udecaldas\",\"https:\\\/\\\/www.youtube.com\\\/universidadcaldas\",\"https:\\\/\\\/www.instagram.com\\\/udecaldas\\\/\"]},{\"@type\":\"Person\",\"@id\":\"https:\\\/\\\/www.ucaldas.edu.co\\\/portal\\\/#\\\/schema\\\/person\\\/a1b482e23449158b4bc319926c074fdf\",\"name\":\"ofiprensa\",\"image\":{\"@type\":\"ImageObject\",\"inLanguage\":\"es\",\"@id\":\"https:\\\/\\\/www.ucaldas.edu.co\\\/portal\\\/wp-content\\\/litespeed\\\/avatar\\\/09ea5085e600095a7a811142c6944527.jpg?ver=1776892805\",\"url\":\"https:\\\/\\\/www.ucaldas.edu.co\\\/portal\\\/wp-content\\\/litespeed\\\/avatar\\\/09ea5085e600095a7a811142c6944527.jpg?ver=1776892805\",\"contentUrl\":\"https:\\\/\\\/www.ucaldas.edu.co\\\/portal\\\/wp-content\\\/litespeed\\\/avatar\\\/09ea5085e600095a7a811142c6944527.jpg?ver=1776892805\",\"caption\":\"ofiprensa\"},\"url\":\"https:\\\/\\\/www.ucaldas.edu.co\\\/portal\\\/author\\\/ofiprensa\\\/\"}]}<\/script>\n<!-- \/ Yoast SEO plugin. -->","yoast_head_json":{"title":"Llega la vig\u00e9simo segunda Convenci\u00f3n Nacional de ASCEMCOL -CNA 2023- a la Universidad de Caldas .","robots":{"index":"index","follow":"follow","max-snippet":"max-snippet:-1","max-image-preview":"max-image-preview:large","max-video-preview":"max-video-preview:-1"},"canonical":"https:\/\/www.ucaldas.edu.co\/portal\/llega-la-vigesimo-segunda-convencion-nacional-de-ascemcol-cna-2023-a-la-universidad-de-caldas\/","schema":{"@context":"https:\/\/schema.org","@graph":[{"@type":"Article","@id":"https:\/\/www.ucaldas.edu.co\/portal\/llega-la-vigesimo-segunda-convencion-nacional-de-ascemcol-cna-2023-a-la-universidad-de-caldas\/#article","isPartOf":{"@id":"https:\/\/www.ucaldas.edu.co\/portal\/llega-la-vigesimo-segunda-convencion-nacional-de-ascemcol-cna-2023-a-la-universidad-de-caldas\/"},"author":{"name":"ofiprensa","@id":"https:\/\/www.ucaldas.edu.co\/portal\/#\/schema\/person\/a1b482e23449158b4bc319926c074fdf"},"headline":"Llega la vig\u00e9simo segunda Convenci\u00f3n Nacional de ASCEMCOL -CNA 2023- a la Universidad de Caldas","datePublished":"2023-11-02T14:06:00+00:00","mainEntityOfPage":{"@id":"https:\/\/www.ucaldas.edu.co\/portal\/llega-la-vigesimo-segunda-convencion-nacional-de-ascemcol-cna-2023-a-la-universidad-de-caldas\/"},"wordCount":214,"publisher":{"@id":"https:\/\/www.ucaldas.edu.co\/portal\/#organization"},"image":{"@id":"https:\/\/www.ucaldas.edu.co\/portal\/llega-la-vigesimo-segunda-convencion-nacional-de-ascemcol-cna-2023-a-la-universidad-de-caldas\/#primaryimage"},"thumbnailUrl":"https:\/\/www.ucaldas.edu.co\/portal\/wp-content\/uploads\/2023\/11\/medicina.jpg","articleSection":["Actualidad","Universidad al D\u00eda","Eventos"],"inLanguage":"es"},{"@type":"WebPage","@id":"https:\/\/www.ucaldas.edu.co\/portal\/llega-la-vigesimo-segunda-convencion-nacional-de-ascemcol-cna-2023-a-la-universidad-de-caldas\/","url":"https:\/\/www.ucaldas.edu.co\/portal\/llega-la-vigesimo-segunda-convencion-nacional-de-ascemcol-cna-2023-a-la-universidad-de-caldas\/","name":"Llega la vig\u00e9simo segunda Convenci\u00f3n Nacional de ASCEMCOL -CNA 2023- a la Universidad de Caldas .","isPartOf":{"@id":"https:\/\/www.ucaldas.edu.co\/portal\/#website"},"primaryImageOfPage":{"@id":"https:\/\/www.ucaldas.edu.co\/portal\/llega-la-vigesimo-segunda-convencion-nacional-de-ascemcol-cna-2023-a-la-universidad-de-caldas\/#primaryimage"},"image":{"@id":"https:\/\/www.ucaldas.edu.co\/portal\/llega-la-vigesimo-segunda-convencion-nacional-de-ascemcol-cna-2023-a-la-universidad-de-caldas\/#primaryimage"},"thumbnailUrl":"https:\/\/www.ucaldas.edu.co\/portal\/wp-content\/uploads\/2023\/11\/medicina.jpg","datePublished":"2023-11-02T14:06:00+00:00","breadcrumb":{"@id":"https:\/\/www.ucaldas.edu.co\/portal\/llega-la-vigesimo-segunda-convencion-nacional-de-ascemcol-cna-2023-a-la-universidad-de-caldas\/#breadcrumb"},"inLanguage":"es","potentialAction":[{"@type":"ReadAction","target":["https:\/\/www.ucaldas.edu.co\/portal\/llega-la-vigesimo-segunda-convencion-nacional-de-ascemcol-cna-2023-a-la-universidad-de-caldas\/"]}]},{"@type":"ImageObject","inLanguage":"es","@id":"https:\/\/www.ucaldas.edu.co\/portal\/llega-la-vigesimo-segunda-convencion-nacional-de-ascemcol-cna-2023-a-la-universidad-de-caldas\/#primaryimage","url":"https:\/\/www.ucaldas.edu.co\/portal\/wp-content\/uploads\/2023\/11\/medicina.jpg","contentUrl":"https:\/\/www.ucaldas.edu.co\/portal\/wp-content\/uploads\/2023\/11\/medicina.jpg","width":900,"height":510,"caption":"imagen promocional del evento de ascemcol"},{"@type":"BreadcrumbList","@id":"https:\/\/www.ucaldas.edu.co\/portal\/llega-la-vigesimo-segunda-convencion-nacional-de-ascemcol-cna-2023-a-la-universidad-de-caldas\/#breadcrumb","itemListElement":[{"@type":"ListItem","position":1,"name":"Portada","item":"https:\/\/www.ucaldas.edu.co\/portal\/"},{"@type":"ListItem","position":2,"name":"Llega la vig\u00e9simo segunda Convenci\u00f3n Nacional de ASCEMCOL -CNA 2023- a la Universidad de Caldas"}]},{"@type":"WebSite","@id":"https:\/\/www.ucaldas.edu.co\/portal\/#website","url":"https:\/\/www.ucaldas.edu.co\/portal\/","name":"Universidad de Caldas","description":"","publisher":{"@id":"https:\/\/www.ucaldas.edu.co\/portal\/#organization"},"alternateName":"U. de Caldas","potentialAction":[{"@type":"SearchAction","target":{"@type":"EntryPoint","urlTemplate":"https:\/\/www.ucaldas.edu.co\/portal\/?s={search_term_string}"},"query-input":{"@type":"PropertyValueSpecification","valueRequired":true,"valueName":"search_term_string"}}],"inLanguage":"es"},{"@type":"Organization","@id":"https:\/\/www.ucaldas.edu.co\/portal\/#organization","name":"Universidad de Caldas","alternateName":"U. de Caldas","url":"https:\/\/www.ucaldas.edu.co\/portal\/","logo":{"@type":"ImageObject","inLanguage":"es","@id":"https:\/\/www.ucaldas.edu.co\/portal\/#\/schema\/logo\/image\/","url":"https:\/\/www.ucaldas.edu.co\/portal\/wp-content\/uploads\/2023\/11\/Logo_horizontal_oscuroU-2023.png","contentUrl":"https:\/\/www.ucaldas.edu.co\/portal\/wp-content\/uploads\/2023\/11\/Logo_horizontal_oscuroU-2023.png","width":263,"height":101,"caption":"Universidad de Caldas"},"image":{"@id":"https:\/\/www.ucaldas.edu.co\/portal\/#\/schema\/logo\/image\/"},"sameAs":["https:\/\/www.facebook.com\/udecaldas","https:\/\/x.com\/udecaldas","https:\/\/www.youtube.com\/universidadcaldas","https:\/\/www.instagram.com\/udecaldas\/"]},{"@type":"Person","@id":"https:\/\/www.ucaldas.edu.co\/portal\/#\/schema\/person\/a1b482e23449158b4bc319926c074fdf","name":"ofiprensa","image":{"@type":"ImageObject","inLanguage":"es","@id":"https:\/\/www.ucaldas.edu.co\/portal\/wp-content\/litespeed\/avatar\/09ea5085e600095a7a811142c6944527.jpg?ver=1776892805","url":"https:\/\/www.ucaldas.edu.co\/portal\/wp-content\/litespeed\/avatar\/09ea5085e600095a7a811142c6944527.jpg?ver=1776892805","contentUrl":"https:\/\/www.ucaldas.edu.co\/portal\/wp-content\/litespeed\/avatar\/09ea5085e600095a7a811142c6944527.jpg?ver=1776892805","caption":"ofiprensa"},"url":"https:\/\/www.ucaldas.edu.co\/portal\/author\/ofiprensa\/"}]}},"_links":{"self":[{"href":"https:\/\/www.ucaldas.edu.co\/portal\/wp-json\/wp\/v2\/posts\/77992","targetHints":{"allow":["GET"]}}],"collection":[{"href":"https:\/\/www.ucaldas.edu.co\/portal\/wp-json\/wp\/v2\/posts"}],"about":[{"href":"https:\/\/www.ucaldas.edu.co\/portal\/wp-json\/wp\/v2\/types\/post"}],"author":[{"embeddable":true,"href":"https:\/\/www.ucaldas.edu.co\/portal\/wp-json\/wp\/v2\/users\/2"}],"replies":[{"embeddable":true,"href":"https:\/\/www.ucaldas.edu.co\/portal\/wp-json\/wp\/v2\/comments?post=77992"}],"version-history":[{"count":0,"href":"https:\/\/www.ucaldas.edu.co\/portal\/wp-json\/wp\/v2\/posts\/77992\/revisions"}],"wp:featuredmedia":[{"embeddable":true,"href":"https:\/\/www.ucaldas.edu.co\/portal\/wp-json\/wp\/v2\/media\/77993"}],"wp:attachment":[{"href":"https:\/\/www.ucaldas.edu.co\/portal\/wp-json\/wp\/v2\/media?parent=77992"}],"wp:term":[{"taxonomy":"category","embeddable":true,"href":"https:\/\/www.ucaldas.edu.co\/portal\/wp-json\/wp\/v2\/categories?post=77992"},{"taxonomy":"post_tag","embeddable":true,"href":"https:\/\/www.ucaldas.edu.co\/portal\/wp-json\/wp\/v2\/tags?post=77992"}],"curies":[{"name":"wp","href":"https:\/\/api.w.org\/{rel}","templated":true}]}}