{"id":77959,"date":"2023-10-17T13:11:36","date_gmt":"2023-10-17T13:11:36","guid":{"rendered":"https:\/\/www.ucaldas.edu.co\/portal\/?p=77959"},"modified":"2023-11-01T13:15:05","modified_gmt":"2023-11-01T13:15:05","slug":"se-desarrollo-en-la-universidad-de-caldas-el-tercer-coloquio-internacional-de-sociolinguistica-e-interculturalidad","status":"publish","type":"post","link":"https:\/\/www.ucaldas.edu.co\/portal\/se-desarrollo-en-la-universidad-de-caldas-el-tercer-coloquio-internacional-de-sociolinguistica-e-interculturalidad\/","title":{"rendered":"Se desarroll\u00f3 en la Universidad de Caldas el Tercer Coloquio Internacional de Socioling\u00fc\u00edstica e Interculturalidad"},"content":{"rendered":"<p><img loading=\"lazy\" decoding=\"async\" class=\"aligncenter size-full wp-image-77960\" src=\"https:\/\/www.ucaldas.edu.co\/portal\/wp-content\/uploads\/2023\/11\/PARA-BOLETINES-9.jpg\" alt=\"\" width=\"900\" height=\"510\" srcset=\"https:\/\/www.ucaldas.edu.co\/portal\/wp-content\/uploads\/2023\/11\/PARA-BOLETINES-9.jpg 900w, https:\/\/www.ucaldas.edu.co\/portal\/wp-content\/uploads\/2023\/11\/PARA-BOLETINES-9-300x170.jpg 300w, https:\/\/www.ucaldas.edu.co\/portal\/wp-content\/uploads\/2023\/11\/PARA-BOLETINES-9-768x435.jpg 768w\" sizes=\"auto, (max-width: 900px) 100vw, 900px\" \/><\/p>\n<p>La Facultad de Artes y Humanidades, el Programa de Lenguas Modernas y el Departamento de Lenguas Extranjeras de la Universidad de Caldas, en colaboraci\u00f3n con la Universidad Paul-Val\u00e9ry Montpellier, presentaron el Tercer Coloquio Internacional de Socioling\u00fc\u00edstica e Interculturalidad.<!--more--><\/p>\n<p>Este evento tuvo como objetivo principal promover el intercambio de conocimientos y experiencias en el campo del aprendizaje y ense\u00f1anza de la lengua, el espa\u00f1ol y el empoderamiento de las lenguas minoritarias.<\/p>\n<p>Durante el coloquio, se reunieron a investigadores y expertos de renombre nacional e internacional para presentar conferencias que abordaron diversos temas relacionados con la relaci\u00f3n entre el lenguaje, la sociedad y la diversidad cultural. Este fue un espacio de di\u00e1logo y reflexi\u00f3n donde se discutieron tendencias actuales, retos y avances en estas disciplinas, as\u00ed como se adquirieron herramientas pr\u00e1cticas para el trabajo en el campo de la socioling\u00fc\u00edstica e interculturalidad.<\/p>\n<p>Este evento ofreci\u00f3 la oportunidad para fortalecer la comunidad acad\u00e9mica, promover la colaboraci\u00f3n entre instituciones y fomentar la investigaci\u00f3n en socioling\u00fc\u00edstica e interculturalidad. Adem\u00e1s, busc\u00f3 generar conciencia sobre la importancia de comprender y valorar la diversidad ling\u00fc\u00edstica y cultural en un mundo cada vez m\u00e1s globalizado.<\/p>\n<p>Esta convocatoria acad\u00e9mica, cont\u00f3 con la participaci\u00f3n de prestigiosas instituciones acad\u00e9micas a nivel internacional, como la Universidad Paul-Val\u00e9ry Montpellier y la Universidad de Purdue, as\u00ed como importantes universidades nacionales, como la UIS, la Universidad del Quind\u00edo, la Universidad de Los Andes, la Universidad del Valle y la Universidad de Caldas.<\/p>\n","protected":false},"excerpt":{"rendered":"<p>La Facultad de Artes y Humanidades, el Programa de Lenguas Modernas y el Departamento de Lenguas Extranjeras de la Universidad de Caldas, en colaboraci\u00f3n con la Universidad Paul-Val\u00e9ry Montpellier, presentaron el Tercer Coloquio Internacional de Socioling\u00fc\u00edstica e Interculturalidad.<\/p>\n","protected":false},"author":2,"featured_media":77960,"comment_status":"closed","ping_status":"open","sticky":false,"template":"","format":"standard","meta":{"footnotes":""},"categories":[48,53],"tags":[764],"class_list":["post-77959","post","type-post","status-publish","format-standard","has-post-thumbnail","hentry","category-actualidad","category-universidad-al-dia","tag-coloquio"],"yoast_head":"<!-- This site is optimized with the Yoast SEO plugin v27.5 - https:\/\/yoast.com\/product\/yoast-seo-wordpress\/ -->\n<title>Se desarroll\u00f3 en la Universidad de Caldas el Tercer Coloquio Internacional de Socioling\u00fc\u00edstica e Interculturalidad .<\/title>\n<meta name=\"robots\" content=\"index, follow, max-snippet:-1, max-image-preview:large, max-video-preview:-1\" \/>\n<link rel=\"canonical\" href=\"https:\/\/www.ucaldas.edu.co\/portal\/se-desarrollo-en-la-universidad-de-caldas-el-tercer-coloquio-internacional-de-sociolinguistica-e-interculturalidad\/\" \/>\n<script type=\"application\/ld+json\" class=\"yoast-schema-graph\">{\"@context\":\"https:\\\/\\\/schema.org\",\"@graph\":[{\"@type\":\"Article\",\"@id\":\"https:\\\/\\\/www.ucaldas.edu.co\\\/portal\\\/se-desarrollo-en-la-universidad-de-caldas-el-tercer-coloquio-internacional-de-sociolinguistica-e-interculturalidad\\\/#article\",\"isPartOf\":{\"@id\":\"https:\\\/\\\/www.ucaldas.edu.co\\\/portal\\\/se-desarrollo-en-la-universidad-de-caldas-el-tercer-coloquio-internacional-de-sociolinguistica-e-interculturalidad\\\/\"},\"author\":{\"name\":\"ofiprensa\",\"@id\":\"https:\\\/\\\/www.ucaldas.edu.co\\\/portal\\\/#\\\/schema\\\/person\\\/a1b482e23449158b4bc319926c074fdf\"},\"headline\":\"Se desarroll\u00f3 en la Universidad de Caldas el Tercer Coloquio Internacional de Socioling\u00fc\u00edstica e Interculturalidad\",\"datePublished\":\"2023-10-17T13:11:36+00:00\",\"dateModified\":\"2023-11-01T13:15:05+00:00\",\"mainEntityOfPage\":{\"@id\":\"https:\\\/\\\/www.ucaldas.edu.co\\\/portal\\\/se-desarrollo-en-la-universidad-de-caldas-el-tercer-coloquio-internacional-de-sociolinguistica-e-interculturalidad\\\/\"},\"wordCount\":274,\"publisher\":{\"@id\":\"https:\\\/\\\/www.ucaldas.edu.co\\\/portal\\\/#organization\"},\"image\":{\"@id\":\"https:\\\/\\\/www.ucaldas.edu.co\\\/portal\\\/se-desarrollo-en-la-universidad-de-caldas-el-tercer-coloquio-internacional-de-sociolinguistica-e-interculturalidad\\\/#primaryimage\"},\"thumbnailUrl\":\"https:\\\/\\\/www.ucaldas.edu.co\\\/portal\\\/wp-content\\\/uploads\\\/2023\\\/11\\\/PARA-BOLETINES-9.jpg\",\"keywords\":[\"coloquio\"],\"articleSection\":[\"Actualidad\",\"Universidad al D\u00eda\"],\"inLanguage\":\"es\"},{\"@type\":\"WebPage\",\"@id\":\"https:\\\/\\\/www.ucaldas.edu.co\\\/portal\\\/se-desarrollo-en-la-universidad-de-caldas-el-tercer-coloquio-internacional-de-sociolinguistica-e-interculturalidad\\\/\",\"url\":\"https:\\\/\\\/www.ucaldas.edu.co\\\/portal\\\/se-desarrollo-en-la-universidad-de-caldas-el-tercer-coloquio-internacional-de-sociolinguistica-e-interculturalidad\\\/\",\"name\":\"Se desarroll\u00f3 en la Universidad de Caldas el Tercer Coloquio Internacional de Socioling\u00fc\u00edstica e Interculturalidad .\",\"isPartOf\":{\"@id\":\"https:\\\/\\\/www.ucaldas.edu.co\\\/portal\\\/#website\"},\"primaryImageOfPage\":{\"@id\":\"https:\\\/\\\/www.ucaldas.edu.co\\\/portal\\\/se-desarrollo-en-la-universidad-de-caldas-el-tercer-coloquio-internacional-de-sociolinguistica-e-interculturalidad\\\/#primaryimage\"},\"image\":{\"@id\":\"https:\\\/\\\/www.ucaldas.edu.co\\\/portal\\\/se-desarrollo-en-la-universidad-de-caldas-el-tercer-coloquio-internacional-de-sociolinguistica-e-interculturalidad\\\/#primaryimage\"},\"thumbnailUrl\":\"https:\\\/\\\/www.ucaldas.edu.co\\\/portal\\\/wp-content\\\/uploads\\\/2023\\\/11\\\/PARA-BOLETINES-9.jpg\",\"datePublished\":\"2023-10-17T13:11:36+00:00\",\"dateModified\":\"2023-11-01T13:15:05+00:00\",\"breadcrumb\":{\"@id\":\"https:\\\/\\\/www.ucaldas.edu.co\\\/portal\\\/se-desarrollo-en-la-universidad-de-caldas-el-tercer-coloquio-internacional-de-sociolinguistica-e-interculturalidad\\\/#breadcrumb\"},\"inLanguage\":\"es\",\"potentialAction\":[{\"@type\":\"ReadAction\",\"target\":[\"https:\\\/\\\/www.ucaldas.edu.co\\\/portal\\\/se-desarrollo-en-la-universidad-de-caldas-el-tercer-coloquio-internacional-de-sociolinguistica-e-interculturalidad\\\/\"]}]},{\"@type\":\"ImageObject\",\"inLanguage\":\"es\",\"@id\":\"https:\\\/\\\/www.ucaldas.edu.co\\\/portal\\\/se-desarrollo-en-la-universidad-de-caldas-el-tercer-coloquio-internacional-de-sociolinguistica-e-interculturalidad\\\/#primaryimage\",\"url\":\"https:\\\/\\\/www.ucaldas.edu.co\\\/portal\\\/wp-content\\\/uploads\\\/2023\\\/11\\\/PARA-BOLETINES-9.jpg\",\"contentUrl\":\"https:\\\/\\\/www.ucaldas.edu.co\\\/portal\\\/wp-content\\\/uploads\\\/2023\\\/11\\\/PARA-BOLETINES-9.jpg\",\"width\":900,\"height\":510},{\"@type\":\"BreadcrumbList\",\"@id\":\"https:\\\/\\\/www.ucaldas.edu.co\\\/portal\\\/se-desarrollo-en-la-universidad-de-caldas-el-tercer-coloquio-internacional-de-sociolinguistica-e-interculturalidad\\\/#breadcrumb\",\"itemListElement\":[{\"@type\":\"ListItem\",\"position\":1,\"name\":\"Portada\",\"item\":\"https:\\\/\\\/www.ucaldas.edu.co\\\/portal\\\/\"},{\"@type\":\"ListItem\",\"position\":2,\"name\":\"Se desarroll\u00f3 en la Universidad de Caldas el Tercer Coloquio Internacional de Socioling\u00fc\u00edstica e Interculturalidad\"}]},{\"@type\":\"WebSite\",\"@id\":\"https:\\\/\\\/www.ucaldas.edu.co\\\/portal\\\/#website\",\"url\":\"https:\\\/\\\/www.ucaldas.edu.co\\\/portal\\\/\",\"name\":\"Universidad de Caldas\",\"description\":\"\",\"publisher\":{\"@id\":\"https:\\\/\\\/www.ucaldas.edu.co\\\/portal\\\/#organization\"},\"alternateName\":\"U. de Caldas\",\"potentialAction\":[{\"@type\":\"SearchAction\",\"target\":{\"@type\":\"EntryPoint\",\"urlTemplate\":\"https:\\\/\\\/www.ucaldas.edu.co\\\/portal\\\/?s={search_term_string}\"},\"query-input\":{\"@type\":\"PropertyValueSpecification\",\"valueRequired\":true,\"valueName\":\"search_term_string\"}}],\"inLanguage\":\"es\"},{\"@type\":\"Organization\",\"@id\":\"https:\\\/\\\/www.ucaldas.edu.co\\\/portal\\\/#organization\",\"name\":\"Universidad de Caldas\",\"alternateName\":\"U. de Caldas\",\"url\":\"https:\\\/\\\/www.ucaldas.edu.co\\\/portal\\\/\",\"logo\":{\"@type\":\"ImageObject\",\"inLanguage\":\"es\",\"@id\":\"https:\\\/\\\/www.ucaldas.edu.co\\\/portal\\\/#\\\/schema\\\/logo\\\/image\\\/\",\"url\":\"https:\\\/\\\/www.ucaldas.edu.co\\\/portal\\\/wp-content\\\/uploads\\\/2023\\\/11\\\/Logo_horizontal_oscuroU-2023.png\",\"contentUrl\":\"https:\\\/\\\/www.ucaldas.edu.co\\\/portal\\\/wp-content\\\/uploads\\\/2023\\\/11\\\/Logo_horizontal_oscuroU-2023.png\",\"width\":263,\"height\":101,\"caption\":\"Universidad de Caldas\"},\"image\":{\"@id\":\"https:\\\/\\\/www.ucaldas.edu.co\\\/portal\\\/#\\\/schema\\\/logo\\\/image\\\/\"},\"sameAs\":[\"https:\\\/\\\/www.facebook.com\\\/udecaldas\",\"https:\\\/\\\/x.com\\\/udecaldas\",\"https:\\\/\\\/www.youtube.com\\\/universidadcaldas\",\"https:\\\/\\\/www.instagram.com\\\/udecaldas\\\/\"]},{\"@type\":\"Person\",\"@id\":\"https:\\\/\\\/www.ucaldas.edu.co\\\/portal\\\/#\\\/schema\\\/person\\\/a1b482e23449158b4bc319926c074fdf\",\"name\":\"ofiprensa\",\"image\":{\"@type\":\"ImageObject\",\"inLanguage\":\"es\",\"@id\":\"https:\\\/\\\/www.ucaldas.edu.co\\\/portal\\\/wp-content\\\/litespeed\\\/avatar\\\/09ea5085e600095a7a811142c6944527.jpg?ver=1777497608\",\"url\":\"https:\\\/\\\/www.ucaldas.edu.co\\\/portal\\\/wp-content\\\/litespeed\\\/avatar\\\/09ea5085e600095a7a811142c6944527.jpg?ver=1777497608\",\"contentUrl\":\"https:\\\/\\\/www.ucaldas.edu.co\\\/portal\\\/wp-content\\\/litespeed\\\/avatar\\\/09ea5085e600095a7a811142c6944527.jpg?ver=1777497608\",\"caption\":\"ofiprensa\"},\"url\":\"https:\\\/\\\/www.ucaldas.edu.co\\\/portal\\\/author\\\/ofiprensa\\\/\"}]}<\/script>\n<!-- \/ Yoast SEO plugin. -->","yoast_head_json":{"title":"Se desarroll\u00f3 en la Universidad de Caldas el Tercer Coloquio Internacional de Socioling\u00fc\u00edstica e Interculturalidad .","robots":{"index":"index","follow":"follow","max-snippet":"max-snippet:-1","max-image-preview":"max-image-preview:large","max-video-preview":"max-video-preview:-1"},"canonical":"https:\/\/www.ucaldas.edu.co\/portal\/se-desarrollo-en-la-universidad-de-caldas-el-tercer-coloquio-internacional-de-sociolinguistica-e-interculturalidad\/","schema":{"@context":"https:\/\/schema.org","@graph":[{"@type":"Article","@id":"https:\/\/www.ucaldas.edu.co\/portal\/se-desarrollo-en-la-universidad-de-caldas-el-tercer-coloquio-internacional-de-sociolinguistica-e-interculturalidad\/#article","isPartOf":{"@id":"https:\/\/www.ucaldas.edu.co\/portal\/se-desarrollo-en-la-universidad-de-caldas-el-tercer-coloquio-internacional-de-sociolinguistica-e-interculturalidad\/"},"author":{"name":"ofiprensa","@id":"https:\/\/www.ucaldas.edu.co\/portal\/#\/schema\/person\/a1b482e23449158b4bc319926c074fdf"},"headline":"Se desarroll\u00f3 en la Universidad de Caldas el Tercer Coloquio Internacional de Socioling\u00fc\u00edstica e Interculturalidad","datePublished":"2023-10-17T13:11:36+00:00","dateModified":"2023-11-01T13:15:05+00:00","mainEntityOfPage":{"@id":"https:\/\/www.ucaldas.edu.co\/portal\/se-desarrollo-en-la-universidad-de-caldas-el-tercer-coloquio-internacional-de-sociolinguistica-e-interculturalidad\/"},"wordCount":274,"publisher":{"@id":"https:\/\/www.ucaldas.edu.co\/portal\/#organization"},"image":{"@id":"https:\/\/www.ucaldas.edu.co\/portal\/se-desarrollo-en-la-universidad-de-caldas-el-tercer-coloquio-internacional-de-sociolinguistica-e-interculturalidad\/#primaryimage"},"thumbnailUrl":"https:\/\/www.ucaldas.edu.co\/portal\/wp-content\/uploads\/2023\/11\/PARA-BOLETINES-9.jpg","keywords":["coloquio"],"articleSection":["Actualidad","Universidad al D\u00eda"],"inLanguage":"es"},{"@type":"WebPage","@id":"https:\/\/www.ucaldas.edu.co\/portal\/se-desarrollo-en-la-universidad-de-caldas-el-tercer-coloquio-internacional-de-sociolinguistica-e-interculturalidad\/","url":"https:\/\/www.ucaldas.edu.co\/portal\/se-desarrollo-en-la-universidad-de-caldas-el-tercer-coloquio-internacional-de-sociolinguistica-e-interculturalidad\/","name":"Se desarroll\u00f3 en la Universidad de Caldas el Tercer Coloquio Internacional de Socioling\u00fc\u00edstica e Interculturalidad .","isPartOf":{"@id":"https:\/\/www.ucaldas.edu.co\/portal\/#website"},"primaryImageOfPage":{"@id":"https:\/\/www.ucaldas.edu.co\/portal\/se-desarrollo-en-la-universidad-de-caldas-el-tercer-coloquio-internacional-de-sociolinguistica-e-interculturalidad\/#primaryimage"},"image":{"@id":"https:\/\/www.ucaldas.edu.co\/portal\/se-desarrollo-en-la-universidad-de-caldas-el-tercer-coloquio-internacional-de-sociolinguistica-e-interculturalidad\/#primaryimage"},"thumbnailUrl":"https:\/\/www.ucaldas.edu.co\/portal\/wp-content\/uploads\/2023\/11\/PARA-BOLETINES-9.jpg","datePublished":"2023-10-17T13:11:36+00:00","dateModified":"2023-11-01T13:15:05+00:00","breadcrumb":{"@id":"https:\/\/www.ucaldas.edu.co\/portal\/se-desarrollo-en-la-universidad-de-caldas-el-tercer-coloquio-internacional-de-sociolinguistica-e-interculturalidad\/#breadcrumb"},"inLanguage":"es","potentialAction":[{"@type":"ReadAction","target":["https:\/\/www.ucaldas.edu.co\/portal\/se-desarrollo-en-la-universidad-de-caldas-el-tercer-coloquio-internacional-de-sociolinguistica-e-interculturalidad\/"]}]},{"@type":"ImageObject","inLanguage":"es","@id":"https:\/\/www.ucaldas.edu.co\/portal\/se-desarrollo-en-la-universidad-de-caldas-el-tercer-coloquio-internacional-de-sociolinguistica-e-interculturalidad\/#primaryimage","url":"https:\/\/www.ucaldas.edu.co\/portal\/wp-content\/uploads\/2023\/11\/PARA-BOLETINES-9.jpg","contentUrl":"https:\/\/www.ucaldas.edu.co\/portal\/wp-content\/uploads\/2023\/11\/PARA-BOLETINES-9.jpg","width":900,"height":510},{"@type":"BreadcrumbList","@id":"https:\/\/www.ucaldas.edu.co\/portal\/se-desarrollo-en-la-universidad-de-caldas-el-tercer-coloquio-internacional-de-sociolinguistica-e-interculturalidad\/#breadcrumb","itemListElement":[{"@type":"ListItem","position":1,"name":"Portada","item":"https:\/\/www.ucaldas.edu.co\/portal\/"},{"@type":"ListItem","position":2,"name":"Se desarroll\u00f3 en la Universidad de Caldas el Tercer Coloquio Internacional de Socioling\u00fc\u00edstica e Interculturalidad"}]},{"@type":"WebSite","@id":"https:\/\/www.ucaldas.edu.co\/portal\/#website","url":"https:\/\/www.ucaldas.edu.co\/portal\/","name":"Universidad de Caldas","description":"","publisher":{"@id":"https:\/\/www.ucaldas.edu.co\/portal\/#organization"},"alternateName":"U. de Caldas","potentialAction":[{"@type":"SearchAction","target":{"@type":"EntryPoint","urlTemplate":"https:\/\/www.ucaldas.edu.co\/portal\/?s={search_term_string}"},"query-input":{"@type":"PropertyValueSpecification","valueRequired":true,"valueName":"search_term_string"}}],"inLanguage":"es"},{"@type":"Organization","@id":"https:\/\/www.ucaldas.edu.co\/portal\/#organization","name":"Universidad de Caldas","alternateName":"U. de Caldas","url":"https:\/\/www.ucaldas.edu.co\/portal\/","logo":{"@type":"ImageObject","inLanguage":"es","@id":"https:\/\/www.ucaldas.edu.co\/portal\/#\/schema\/logo\/image\/","url":"https:\/\/www.ucaldas.edu.co\/portal\/wp-content\/uploads\/2023\/11\/Logo_horizontal_oscuroU-2023.png","contentUrl":"https:\/\/www.ucaldas.edu.co\/portal\/wp-content\/uploads\/2023\/11\/Logo_horizontal_oscuroU-2023.png","width":263,"height":101,"caption":"Universidad de Caldas"},"image":{"@id":"https:\/\/www.ucaldas.edu.co\/portal\/#\/schema\/logo\/image\/"},"sameAs":["https:\/\/www.facebook.com\/udecaldas","https:\/\/x.com\/udecaldas","https:\/\/www.youtube.com\/universidadcaldas","https:\/\/www.instagram.com\/udecaldas\/"]},{"@type":"Person","@id":"https:\/\/www.ucaldas.edu.co\/portal\/#\/schema\/person\/a1b482e23449158b4bc319926c074fdf","name":"ofiprensa","image":{"@type":"ImageObject","inLanguage":"es","@id":"https:\/\/www.ucaldas.edu.co\/portal\/wp-content\/litespeed\/avatar\/09ea5085e600095a7a811142c6944527.jpg?ver=1777497608","url":"https:\/\/www.ucaldas.edu.co\/portal\/wp-content\/litespeed\/avatar\/09ea5085e600095a7a811142c6944527.jpg?ver=1777497608","contentUrl":"https:\/\/www.ucaldas.edu.co\/portal\/wp-content\/litespeed\/avatar\/09ea5085e600095a7a811142c6944527.jpg?ver=1777497608","caption":"ofiprensa"},"url":"https:\/\/www.ucaldas.edu.co\/portal\/author\/ofiprensa\/"}]}},"_links":{"self":[{"href":"https:\/\/www.ucaldas.edu.co\/portal\/wp-json\/wp\/v2\/posts\/77959","targetHints":{"allow":["GET"]}}],"collection":[{"href":"https:\/\/www.ucaldas.edu.co\/portal\/wp-json\/wp\/v2\/posts"}],"about":[{"href":"https:\/\/www.ucaldas.edu.co\/portal\/wp-json\/wp\/v2\/types\/post"}],"author":[{"embeddable":true,"href":"https:\/\/www.ucaldas.edu.co\/portal\/wp-json\/wp\/v2\/users\/2"}],"replies":[{"embeddable":true,"href":"https:\/\/www.ucaldas.edu.co\/portal\/wp-json\/wp\/v2\/comments?post=77959"}],"version-history":[{"count":0,"href":"https:\/\/www.ucaldas.edu.co\/portal\/wp-json\/wp\/v2\/posts\/77959\/revisions"}],"wp:featuredmedia":[{"embeddable":true,"href":"https:\/\/www.ucaldas.edu.co\/portal\/wp-json\/wp\/v2\/media\/77960"}],"wp:attachment":[{"href":"https:\/\/www.ucaldas.edu.co\/portal\/wp-json\/wp\/v2\/media?parent=77959"}],"wp:term":[{"taxonomy":"category","embeddable":true,"href":"https:\/\/www.ucaldas.edu.co\/portal\/wp-json\/wp\/v2\/categories?post=77959"},{"taxonomy":"post_tag","embeddable":true,"href":"https:\/\/www.ucaldas.edu.co\/portal\/wp-json\/wp\/v2\/tags?post=77959"}],"curies":[{"name":"wp","href":"https:\/\/api.w.org\/{rel}","templated":true}]}}