{"id":77667,"date":"2023-10-17T17:33:30","date_gmt":"2023-10-17T17:33:30","guid":{"rendered":"https:\/\/www.ucaldas.edu.co\/portal\/?p=77667"},"modified":"2023-10-17T17:33:30","modified_gmt":"2023-10-17T17:33:30","slug":"inntegra-2023-explorando-sinergias-entre-empresa-universidad-publica-y-sociedad","status":"publish","type":"post","link":"https:\/\/www.ucaldas.edu.co\/portal\/inntegra-2023-explorando-sinergias-entre-empresa-universidad-publica-y-sociedad\/","title":{"rendered":"Inntegra 2023: Explorando Sinergias entre Empresa, Universidad P\u00fablica y Sociedad"},"content":{"rendered":"<p><img loading=\"lazy\" decoding=\"async\" class=\"aligncenter size-full wp-image-77668\" src=\"https:\/\/www.ucaldas.edu.co\/portal\/wp-content\/uploads\/2023\/10\/integra.jpg\" alt=\"imagen promocional del evento Integra\" width=\"900\" height=\"510\" srcset=\"https:\/\/www.ucaldas.edu.co\/portal\/wp-content\/uploads\/2023\/10\/integra.jpg 900w, https:\/\/www.ucaldas.edu.co\/portal\/wp-content\/uploads\/2023\/10\/integra-300x170.jpg 300w, https:\/\/www.ucaldas.edu.co\/portal\/wp-content\/uploads\/2023\/10\/integra-768x435.jpg 768w\" sizes=\"auto, (max-width: 900px) 100vw, 900px\" \/><\/p>\n<p>La Universidad de Caldas y la Universidad Nacional de Colombia sede Manizales, anuncian el evento Inntegra Empresa + Universidad P\u00fablica + Sociedad, una plataforma \u00fanica que promover\u00e1 la colaboraci\u00f3n y el entendimiento entre la empresa, la universidad p\u00fablica y la sociedad. Este encuentro se llevar\u00e1 a cabo la pr\u00f3xima semana los d\u00edas 23 y 24 de octubre de 2023 en el prestigioso Centro Cultural Universitario Rogelio Salmona de la Universidad de Caldas.<!--more--><\/p>\n<p>Inntegra 2023, tiene como prop\u00f3sito principal explorar y comprender las capacidades, necesidades y desaf\u00edos de nuestra organizaci\u00f3n para vincularlas con Centros e Institutos, Spin Off y Tecnolog\u00edas que est\u00e1n desarrollando servicios, productos y soluciones en \u00e1reas de inter\u00e9s com\u00fan. Este evento promete ser una oportunidad \u00fanica para el di\u00e1logo, la colaboraci\u00f3n y el avance conjunto en un mundo en constante evoluci\u00f3n.<\/p>\n<p>Detalles del Evento:<\/p>\n<ul>\n<li>Fecha: 23 y 24 de octubre de 2023<\/li>\n<li>Lugar: Centro Cultural Universitario Rogelio Salmona, Universidad de Caldas<\/li>\n<li>Link de inscripci\u00f3n: https:\/\/forms.gle\/6yomypQXZBs4Me887<\/li>\n<\/ul>\n<p>Programa Destacado:<\/p>\n<ul>\n<li>Conferencias magistrales a cargo de expertos en los campos de la academia, la empresa y la sociedad.<\/li>\n<li>AbstracTalk para discutir desaf\u00edos comunes y oportunidades de colaboraci\u00f3n.<\/li>\n<\/ul>\n<p>La Universidad de Caldas se enorgullece de abrir sus puertas a la comunidad empresarial, acad\u00e9mica y social para fomentar un ecosistema de colaboraci\u00f3n que beneficie a todos. Juntos, buscaremos soluciones innovadoras a los desaf\u00edos del mundo actual y crearemos un futuro m\u00e1s brillante para nuestra regi\u00f3n y m\u00e1s all\u00e1.<\/p>\n<p>Contacto para Prensa:<\/p>\n<ul>\n<li>Sandro Villamil Martha<\/li>\n<li>312 4577368<\/li>\n<li>Director Oficina de Transferencia de Resultados de Investigaci\u00f3n\u2019 (OTRI)<\/li>\n<\/ul>\n<p>Siga las actualizaciones del evento en las redes sociales a trav\u00e9s de los siguientes hashtags:<\/p>\n<p>#Inntegra2023<\/p>\n","protected":false},"excerpt":{"rendered":"<p>La Universidad de Caldas y la Universidad Nacional de Colombia sede Manizales, anuncian el evento Inntegra Empresa + Universidad P\u00fablica + Sociedad, una plataforma \u00fanica que promover\u00e1 la colaboraci\u00f3n y el entendimiento entre la empresa, la universidad p\u00fablica y la sociedad. Este encuentro se llevar\u00e1 a cabo la pr\u00f3xima semana los d\u00edas 23 y 24 [&hellip;]<\/p>\n","protected":false},"author":2,"featured_media":77668,"comment_status":"closed","ping_status":"open","sticky":false,"template":"","format":"standard","meta":{"footnotes":""},"categories":[48,53],"tags":[9739],"class_list":["post-77667","post","type-post","status-publish","format-standard","has-post-thumbnail","hentry","category-actualidad","category-universidad-al-dia","tag-inntegra"],"yoast_head":"<!-- This site is optimized with the Yoast SEO plugin v27.5 - https:\/\/yoast.com\/product\/yoast-seo-wordpress\/ -->\n<title>Inntegra 2023: Explorando Sinergias entre Empresa, Universidad P\u00fablica y Sociedad .<\/title>\n<meta name=\"robots\" content=\"index, follow, max-snippet:-1, max-image-preview:large, max-video-preview:-1\" \/>\n<link rel=\"canonical\" href=\"https:\/\/www.ucaldas.edu.co\/portal\/inntegra-2023-explorando-sinergias-entre-empresa-universidad-publica-y-sociedad\/\" \/>\n<script type=\"application\/ld+json\" class=\"yoast-schema-graph\">{\"@context\":\"https:\\\/\\\/schema.org\",\"@graph\":[{\"@type\":\"Article\",\"@id\":\"https:\\\/\\\/www.ucaldas.edu.co\\\/portal\\\/inntegra-2023-explorando-sinergias-entre-empresa-universidad-publica-y-sociedad\\\/#article\",\"isPartOf\":{\"@id\":\"https:\\\/\\\/www.ucaldas.edu.co\\\/portal\\\/inntegra-2023-explorando-sinergias-entre-empresa-universidad-publica-y-sociedad\\\/\"},\"author\":{\"name\":\"ofiprensa\",\"@id\":\"https:\\\/\\\/www.ucaldas.edu.co\\\/portal\\\/#\\\/schema\\\/person\\\/a1b482e23449158b4bc319926c074fdf\"},\"headline\":\"Inntegra 2023: Explorando Sinergias entre Empresa, Universidad P\u00fablica y Sociedad\",\"datePublished\":\"2023-10-17T17:33:30+00:00\",\"mainEntityOfPage\":{\"@id\":\"https:\\\/\\\/www.ucaldas.edu.co\\\/portal\\\/inntegra-2023-explorando-sinergias-entre-empresa-universidad-publica-y-sociedad\\\/\"},\"wordCount\":296,\"publisher\":{\"@id\":\"https:\\\/\\\/www.ucaldas.edu.co\\\/portal\\\/#organization\"},\"image\":{\"@id\":\"https:\\\/\\\/www.ucaldas.edu.co\\\/portal\\\/inntegra-2023-explorando-sinergias-entre-empresa-universidad-publica-y-sociedad\\\/#primaryimage\"},\"thumbnailUrl\":\"https:\\\/\\\/www.ucaldas.edu.co\\\/portal\\\/wp-content\\\/uploads\\\/2023\\\/10\\\/integra.jpg\",\"keywords\":[\"Inntegra\"],\"articleSection\":[\"Actualidad\",\"Universidad al D\u00eda\"],\"inLanguage\":\"es\"},{\"@type\":\"WebPage\",\"@id\":\"https:\\\/\\\/www.ucaldas.edu.co\\\/portal\\\/inntegra-2023-explorando-sinergias-entre-empresa-universidad-publica-y-sociedad\\\/\",\"url\":\"https:\\\/\\\/www.ucaldas.edu.co\\\/portal\\\/inntegra-2023-explorando-sinergias-entre-empresa-universidad-publica-y-sociedad\\\/\",\"name\":\"Inntegra 2023: Explorando Sinergias entre Empresa, Universidad P\u00fablica y Sociedad .\",\"isPartOf\":{\"@id\":\"https:\\\/\\\/www.ucaldas.edu.co\\\/portal\\\/#website\"},\"primaryImageOfPage\":{\"@id\":\"https:\\\/\\\/www.ucaldas.edu.co\\\/portal\\\/inntegra-2023-explorando-sinergias-entre-empresa-universidad-publica-y-sociedad\\\/#primaryimage\"},\"image\":{\"@id\":\"https:\\\/\\\/www.ucaldas.edu.co\\\/portal\\\/inntegra-2023-explorando-sinergias-entre-empresa-universidad-publica-y-sociedad\\\/#primaryimage\"},\"thumbnailUrl\":\"https:\\\/\\\/www.ucaldas.edu.co\\\/portal\\\/wp-content\\\/uploads\\\/2023\\\/10\\\/integra.jpg\",\"datePublished\":\"2023-10-17T17:33:30+00:00\",\"breadcrumb\":{\"@id\":\"https:\\\/\\\/www.ucaldas.edu.co\\\/portal\\\/inntegra-2023-explorando-sinergias-entre-empresa-universidad-publica-y-sociedad\\\/#breadcrumb\"},\"inLanguage\":\"es\",\"potentialAction\":[{\"@type\":\"ReadAction\",\"target\":[\"https:\\\/\\\/www.ucaldas.edu.co\\\/portal\\\/inntegra-2023-explorando-sinergias-entre-empresa-universidad-publica-y-sociedad\\\/\"]}]},{\"@type\":\"ImageObject\",\"inLanguage\":\"es\",\"@id\":\"https:\\\/\\\/www.ucaldas.edu.co\\\/portal\\\/inntegra-2023-explorando-sinergias-entre-empresa-universidad-publica-y-sociedad\\\/#primaryimage\",\"url\":\"https:\\\/\\\/www.ucaldas.edu.co\\\/portal\\\/wp-content\\\/uploads\\\/2023\\\/10\\\/integra.jpg\",\"contentUrl\":\"https:\\\/\\\/www.ucaldas.edu.co\\\/portal\\\/wp-content\\\/uploads\\\/2023\\\/10\\\/integra.jpg\",\"width\":900,\"height\":510,\"caption\":\"imagen promocional del evento Integra\"},{\"@type\":\"BreadcrumbList\",\"@id\":\"https:\\\/\\\/www.ucaldas.edu.co\\\/portal\\\/inntegra-2023-explorando-sinergias-entre-empresa-universidad-publica-y-sociedad\\\/#breadcrumb\",\"itemListElement\":[{\"@type\":\"ListItem\",\"position\":1,\"name\":\"Portada\",\"item\":\"https:\\\/\\\/www.ucaldas.edu.co\\\/portal\\\/\"},{\"@type\":\"ListItem\",\"position\":2,\"name\":\"Inntegra 2023: Explorando Sinergias entre Empresa, Universidad P\u00fablica y Sociedad\"}]},{\"@type\":\"WebSite\",\"@id\":\"https:\\\/\\\/www.ucaldas.edu.co\\\/portal\\\/#website\",\"url\":\"https:\\\/\\\/www.ucaldas.edu.co\\\/portal\\\/\",\"name\":\"Universidad de Caldas\",\"description\":\"\",\"publisher\":{\"@id\":\"https:\\\/\\\/www.ucaldas.edu.co\\\/portal\\\/#organization\"},\"alternateName\":\"U. de Caldas\",\"potentialAction\":[{\"@type\":\"SearchAction\",\"target\":{\"@type\":\"EntryPoint\",\"urlTemplate\":\"https:\\\/\\\/www.ucaldas.edu.co\\\/portal\\\/?s={search_term_string}\"},\"query-input\":{\"@type\":\"PropertyValueSpecification\",\"valueRequired\":true,\"valueName\":\"search_term_string\"}}],\"inLanguage\":\"es\"},{\"@type\":\"Organization\",\"@id\":\"https:\\\/\\\/www.ucaldas.edu.co\\\/portal\\\/#organization\",\"name\":\"Universidad de Caldas\",\"alternateName\":\"U. de Caldas\",\"url\":\"https:\\\/\\\/www.ucaldas.edu.co\\\/portal\\\/\",\"logo\":{\"@type\":\"ImageObject\",\"inLanguage\":\"es\",\"@id\":\"https:\\\/\\\/www.ucaldas.edu.co\\\/portal\\\/#\\\/schema\\\/logo\\\/image\\\/\",\"url\":\"https:\\\/\\\/www.ucaldas.edu.co\\\/portal\\\/wp-content\\\/uploads\\\/2023\\\/11\\\/Logo_horizontal_oscuroU-2023.png\",\"contentUrl\":\"https:\\\/\\\/www.ucaldas.edu.co\\\/portal\\\/wp-content\\\/uploads\\\/2023\\\/11\\\/Logo_horizontal_oscuroU-2023.png\",\"width\":263,\"height\":101,\"caption\":\"Universidad de Caldas\"},\"image\":{\"@id\":\"https:\\\/\\\/www.ucaldas.edu.co\\\/portal\\\/#\\\/schema\\\/logo\\\/image\\\/\"},\"sameAs\":[\"https:\\\/\\\/www.facebook.com\\\/udecaldas\",\"https:\\\/\\\/x.com\\\/udecaldas\",\"https:\\\/\\\/www.youtube.com\\\/universidadcaldas\",\"https:\\\/\\\/www.instagram.com\\\/udecaldas\\\/\"]},{\"@type\":\"Person\",\"@id\":\"https:\\\/\\\/www.ucaldas.edu.co\\\/portal\\\/#\\\/schema\\\/person\\\/a1b482e23449158b4bc319926c074fdf\",\"name\":\"ofiprensa\",\"image\":{\"@type\":\"ImageObject\",\"inLanguage\":\"es\",\"@id\":\"https:\\\/\\\/www.ucaldas.edu.co\\\/portal\\\/wp-content\\\/litespeed\\\/avatar\\\/09ea5085e600095a7a811142c6944527.jpg?ver=1776892805\",\"url\":\"https:\\\/\\\/www.ucaldas.edu.co\\\/portal\\\/wp-content\\\/litespeed\\\/avatar\\\/09ea5085e600095a7a811142c6944527.jpg?ver=1776892805\",\"contentUrl\":\"https:\\\/\\\/www.ucaldas.edu.co\\\/portal\\\/wp-content\\\/litespeed\\\/avatar\\\/09ea5085e600095a7a811142c6944527.jpg?ver=1776892805\",\"caption\":\"ofiprensa\"},\"url\":\"https:\\\/\\\/www.ucaldas.edu.co\\\/portal\\\/author\\\/ofiprensa\\\/\"}]}<\/script>\n<!-- \/ Yoast SEO plugin. -->","yoast_head_json":{"title":"Inntegra 2023: Explorando Sinergias entre Empresa, Universidad P\u00fablica y Sociedad .","robots":{"index":"index","follow":"follow","max-snippet":"max-snippet:-1","max-image-preview":"max-image-preview:large","max-video-preview":"max-video-preview:-1"},"canonical":"https:\/\/www.ucaldas.edu.co\/portal\/inntegra-2023-explorando-sinergias-entre-empresa-universidad-publica-y-sociedad\/","schema":{"@context":"https:\/\/schema.org","@graph":[{"@type":"Article","@id":"https:\/\/www.ucaldas.edu.co\/portal\/inntegra-2023-explorando-sinergias-entre-empresa-universidad-publica-y-sociedad\/#article","isPartOf":{"@id":"https:\/\/www.ucaldas.edu.co\/portal\/inntegra-2023-explorando-sinergias-entre-empresa-universidad-publica-y-sociedad\/"},"author":{"name":"ofiprensa","@id":"https:\/\/www.ucaldas.edu.co\/portal\/#\/schema\/person\/a1b482e23449158b4bc319926c074fdf"},"headline":"Inntegra 2023: Explorando Sinergias entre Empresa, Universidad P\u00fablica y Sociedad","datePublished":"2023-10-17T17:33:30+00:00","mainEntityOfPage":{"@id":"https:\/\/www.ucaldas.edu.co\/portal\/inntegra-2023-explorando-sinergias-entre-empresa-universidad-publica-y-sociedad\/"},"wordCount":296,"publisher":{"@id":"https:\/\/www.ucaldas.edu.co\/portal\/#organization"},"image":{"@id":"https:\/\/www.ucaldas.edu.co\/portal\/inntegra-2023-explorando-sinergias-entre-empresa-universidad-publica-y-sociedad\/#primaryimage"},"thumbnailUrl":"https:\/\/www.ucaldas.edu.co\/portal\/wp-content\/uploads\/2023\/10\/integra.jpg","keywords":["Inntegra"],"articleSection":["Actualidad","Universidad al D\u00eda"],"inLanguage":"es"},{"@type":"WebPage","@id":"https:\/\/www.ucaldas.edu.co\/portal\/inntegra-2023-explorando-sinergias-entre-empresa-universidad-publica-y-sociedad\/","url":"https:\/\/www.ucaldas.edu.co\/portal\/inntegra-2023-explorando-sinergias-entre-empresa-universidad-publica-y-sociedad\/","name":"Inntegra 2023: Explorando Sinergias entre Empresa, Universidad P\u00fablica y Sociedad .","isPartOf":{"@id":"https:\/\/www.ucaldas.edu.co\/portal\/#website"},"primaryImageOfPage":{"@id":"https:\/\/www.ucaldas.edu.co\/portal\/inntegra-2023-explorando-sinergias-entre-empresa-universidad-publica-y-sociedad\/#primaryimage"},"image":{"@id":"https:\/\/www.ucaldas.edu.co\/portal\/inntegra-2023-explorando-sinergias-entre-empresa-universidad-publica-y-sociedad\/#primaryimage"},"thumbnailUrl":"https:\/\/www.ucaldas.edu.co\/portal\/wp-content\/uploads\/2023\/10\/integra.jpg","datePublished":"2023-10-17T17:33:30+00:00","breadcrumb":{"@id":"https:\/\/www.ucaldas.edu.co\/portal\/inntegra-2023-explorando-sinergias-entre-empresa-universidad-publica-y-sociedad\/#breadcrumb"},"inLanguage":"es","potentialAction":[{"@type":"ReadAction","target":["https:\/\/www.ucaldas.edu.co\/portal\/inntegra-2023-explorando-sinergias-entre-empresa-universidad-publica-y-sociedad\/"]}]},{"@type":"ImageObject","inLanguage":"es","@id":"https:\/\/www.ucaldas.edu.co\/portal\/inntegra-2023-explorando-sinergias-entre-empresa-universidad-publica-y-sociedad\/#primaryimage","url":"https:\/\/www.ucaldas.edu.co\/portal\/wp-content\/uploads\/2023\/10\/integra.jpg","contentUrl":"https:\/\/www.ucaldas.edu.co\/portal\/wp-content\/uploads\/2023\/10\/integra.jpg","width":900,"height":510,"caption":"imagen promocional del evento Integra"},{"@type":"BreadcrumbList","@id":"https:\/\/www.ucaldas.edu.co\/portal\/inntegra-2023-explorando-sinergias-entre-empresa-universidad-publica-y-sociedad\/#breadcrumb","itemListElement":[{"@type":"ListItem","position":1,"name":"Portada","item":"https:\/\/www.ucaldas.edu.co\/portal\/"},{"@type":"ListItem","position":2,"name":"Inntegra 2023: Explorando Sinergias entre Empresa, Universidad P\u00fablica y Sociedad"}]},{"@type":"WebSite","@id":"https:\/\/www.ucaldas.edu.co\/portal\/#website","url":"https:\/\/www.ucaldas.edu.co\/portal\/","name":"Universidad de Caldas","description":"","publisher":{"@id":"https:\/\/www.ucaldas.edu.co\/portal\/#organization"},"alternateName":"U. de Caldas","potentialAction":[{"@type":"SearchAction","target":{"@type":"EntryPoint","urlTemplate":"https:\/\/www.ucaldas.edu.co\/portal\/?s={search_term_string}"},"query-input":{"@type":"PropertyValueSpecification","valueRequired":true,"valueName":"search_term_string"}}],"inLanguage":"es"},{"@type":"Organization","@id":"https:\/\/www.ucaldas.edu.co\/portal\/#organization","name":"Universidad de Caldas","alternateName":"U. de Caldas","url":"https:\/\/www.ucaldas.edu.co\/portal\/","logo":{"@type":"ImageObject","inLanguage":"es","@id":"https:\/\/www.ucaldas.edu.co\/portal\/#\/schema\/logo\/image\/","url":"https:\/\/www.ucaldas.edu.co\/portal\/wp-content\/uploads\/2023\/11\/Logo_horizontal_oscuroU-2023.png","contentUrl":"https:\/\/www.ucaldas.edu.co\/portal\/wp-content\/uploads\/2023\/11\/Logo_horizontal_oscuroU-2023.png","width":263,"height":101,"caption":"Universidad de Caldas"},"image":{"@id":"https:\/\/www.ucaldas.edu.co\/portal\/#\/schema\/logo\/image\/"},"sameAs":["https:\/\/www.facebook.com\/udecaldas","https:\/\/x.com\/udecaldas","https:\/\/www.youtube.com\/universidadcaldas","https:\/\/www.instagram.com\/udecaldas\/"]},{"@type":"Person","@id":"https:\/\/www.ucaldas.edu.co\/portal\/#\/schema\/person\/a1b482e23449158b4bc319926c074fdf","name":"ofiprensa","image":{"@type":"ImageObject","inLanguage":"es","@id":"https:\/\/www.ucaldas.edu.co\/portal\/wp-content\/litespeed\/avatar\/09ea5085e600095a7a811142c6944527.jpg?ver=1776892805","url":"https:\/\/www.ucaldas.edu.co\/portal\/wp-content\/litespeed\/avatar\/09ea5085e600095a7a811142c6944527.jpg?ver=1776892805","contentUrl":"https:\/\/www.ucaldas.edu.co\/portal\/wp-content\/litespeed\/avatar\/09ea5085e600095a7a811142c6944527.jpg?ver=1776892805","caption":"ofiprensa"},"url":"https:\/\/www.ucaldas.edu.co\/portal\/author\/ofiprensa\/"}]}},"_links":{"self":[{"href":"https:\/\/www.ucaldas.edu.co\/portal\/wp-json\/wp\/v2\/posts\/77667","targetHints":{"allow":["GET"]}}],"collection":[{"href":"https:\/\/www.ucaldas.edu.co\/portal\/wp-json\/wp\/v2\/posts"}],"about":[{"href":"https:\/\/www.ucaldas.edu.co\/portal\/wp-json\/wp\/v2\/types\/post"}],"author":[{"embeddable":true,"href":"https:\/\/www.ucaldas.edu.co\/portal\/wp-json\/wp\/v2\/users\/2"}],"replies":[{"embeddable":true,"href":"https:\/\/www.ucaldas.edu.co\/portal\/wp-json\/wp\/v2\/comments?post=77667"}],"version-history":[{"count":0,"href":"https:\/\/www.ucaldas.edu.co\/portal\/wp-json\/wp\/v2\/posts\/77667\/revisions"}],"wp:featuredmedia":[{"embeddable":true,"href":"https:\/\/www.ucaldas.edu.co\/portal\/wp-json\/wp\/v2\/media\/77668"}],"wp:attachment":[{"href":"https:\/\/www.ucaldas.edu.co\/portal\/wp-json\/wp\/v2\/media?parent=77667"}],"wp:term":[{"taxonomy":"category","embeddable":true,"href":"https:\/\/www.ucaldas.edu.co\/portal\/wp-json\/wp\/v2\/categories?post=77667"},{"taxonomy":"post_tag","embeddable":true,"href":"https:\/\/www.ucaldas.edu.co\/portal\/wp-json\/wp\/v2\/tags?post=77667"}],"curies":[{"name":"wp","href":"https:\/\/api.w.org\/{rel}","templated":true}]}}