{"id":77612,"date":"2023-10-11T14:32:46","date_gmt":"2023-10-11T14:32:46","guid":{"rendered":"https:\/\/www.ucaldas.edu.co\/portal\/?p=77612"},"modified":"2023-10-11T16:10:21","modified_gmt":"2023-10-11T16:10:21","slug":"manizales-recibira-800-personas-en-el-tercer-congreso-internacional-de-practicas-pedagogicas-realizado-en-la-universidad-de-caldas","status":"publish","type":"post","link":"https:\/\/www.ucaldas.edu.co\/portal\/manizales-recibira-800-personas-en-el-tercer-congreso-internacional-de-practicas-pedagogicas-realizado-en-la-universidad-de-caldas\/","title":{"rendered":"Manizales recibe 800 personas en el Tercer Congreso Internacional de Pr\u00e1cticas Pedag\u00f3gicas realizado en la Universidad de Caldas"},"content":{"rendered":"<p><img loading=\"lazy\" decoding=\"async\" class=\"aligncenter size-full wp-image-77613\" src=\"https:\/\/www.ucaldas.edu.co\/portal\/wp-content\/uploads\/2023\/10\/congreso.jpg\" alt=\"participantes del congreso de pr\u00e1cticas pedag\u00f3gicas\" width=\"900\" height=\"510\" srcset=\"https:\/\/www.ucaldas.edu.co\/portal\/wp-content\/uploads\/2023\/10\/congreso.jpg 900w, https:\/\/www.ucaldas.edu.co\/portal\/wp-content\/uploads\/2023\/10\/congreso-300x170.jpg 300w, https:\/\/www.ucaldas.edu.co\/portal\/wp-content\/uploads\/2023\/10\/congreso-768x435.jpg 768w\" sizes=\"auto, (max-width: 900px) 100vw, 900px\" \/><\/p>\n<p>Del 11 al 13 de octubre en diferentes escenarios de la Universidad de Caldas, se realiza el Tercer Congreso Internacional de Pr\u00e1cticas Pedag\u00f3gicas, en conjunto con el Cuarto Congreso Regional de Pr\u00e1cticas Pedag\u00f3gicas y el Tercer Coloquio de Posgrados en Educaci\u00f3n.<!--more--><\/p>\n<p>Estos eventos acad\u00e9micos se constituyen en escenarios propicios para la reflexi\u00f3n y la comunicaci\u00f3n de experiencias formativas, investigativas y de innovaci\u00f3n, en diferentes contextos y poblaciones, en los que se hace necesario pensar las pr\u00e1cticas pedag\u00f3gicas desde la diversidad y la interculturalidad, enfoc\u00e1ndose en la construcci\u00f3n de conocimientos y en la formaci\u00f3n de investigadores en los procesos de la Pr\u00e1ctica Pedag\u00f3gica Docente.<\/p>\n<p>A estos espacios se convoca la participaci\u00f3n de maestros de todos los niveles del Sistema Educativo, estudiantes de las Escuelas Normales, programas de licenciaturas y programas de posgrados de Educaci\u00f3n Superior.<\/p>\n<p>El Congreso Internacional de Pr\u00e1cticas Pedag\u00f3gicas est\u00e1 catalogado como uno de los congresos m\u00e1s importantes en educaci\u00f3n de la regi\u00f3n. Para esta oportunidad se inscribieron cerca de 800 personas provenientes de diferentes departamentos como La Guajira, Nari\u00f1o, Valle del Cauca, Cauca, Antioquia, Tolima, Caquet\u00e1, Santander, Bol\u00edvar, C\u00f3rdoba, Sucre, entre otros. En el \u00e1mbito internacional se tienen asistentes e invitados a presentar ponencias de M\u00e9xico, Chile, Ecuador, Rep\u00fablica Dominicana, Argentina, Espa\u00f1a y Per\u00fa.<\/p>\n<p>Entre los invitados destacados est\u00e1n:<\/p>\n<ul>\n<li>Carlos Skliar, investigador, docente, fonoaudi\u00f3logo y escritor argentino, especializado en literatura, pedagog\u00eda y filosof\u00eda. Actualmente es investigador en el Consejo Nacional de Investigaciones Cient\u00edficas y T\u00e9cnicas de Argentina.<\/li>\n<li>Alicia de Alba, miembro de la Academia Mexicana de Ciencias y del Sistema Nacional de Investigadores de M\u00e9xico. Es doctora en Filosof\u00eda y Ciencias de la Educaci\u00f3n por la UNED Madrid y cuenta con estudios posdoctorales en Filosof\u00eda Pol\u00edtica.<\/li>\n<li>Sebasti\u00e1n Urquijo, docente Investigador de la Facultad de Psicolog\u00eda de Universidad Nacional de Mar del Plata en Argentina e investigador en el Consejo Nacional de Investigaciones Cient\u00edficas y T\u00e9cnicas de Argentina.<\/li>\n<li>Rigoberto Mart\u00ednez Esc\u00e1rcega, licenciado en Educaci\u00f3n Primaria, Maestro en Educaci\u00f3n, y doctor en Educaci\u00f3n por la Universidad de Tijuana. Miembro del Consejo Mexicano de Investigaci\u00f3n Educativa.<\/li>\n<\/ul>\n<p>Los asistentes tendr\u00e1n la oportunidad de participar de las 170 ponencias inscritas que se presentar\u00e1n durante el evento, adem\u00e1s de las 125 exposiciones en modalidad poster de proyectos de investigaci\u00f3n.<\/p>\n<p><strong><a href=\"https:\/\/artesyhumanidades.ucaldas.edu.co\/blog\/2023\/05\/04\/congresointernacionaldepracticaspedagogicas\/\">Conozca aqu\u00ed la programaci\u00f3n completa.<\/a><\/strong><\/p>\n","protected":false},"excerpt":{"rendered":"<p>Del 11 al 13 de octubre en diferentes escenarios de la Universidad de Caldas, se realiza el Tercer Congreso Internacional de Pr\u00e1cticas Pedag\u00f3gicas, en conjunto con el Cuarto Congreso Regional de Pr\u00e1cticas Pedag\u00f3gicas y el Tercer Coloquio de Posgrados en Educaci\u00f3n.<\/p>\n","protected":false},"author":2,"featured_media":77613,"comment_status":"closed","ping_status":"open","sticky":false,"template":"","format":"standard","meta":{"footnotes":""},"categories":[48,53],"tags":[171],"class_list":["post-77612","post","type-post","status-publish","format-standard","has-post-thumbnail","hentry","category-actualidad","category-universidad-al-dia","tag-congreso"],"yoast_head":"<!-- This site is optimized with the Yoast SEO plugin v27.5 - https:\/\/yoast.com\/product\/yoast-seo-wordpress\/ -->\n<title>Manizales recibe 800 personas en el Tercer Congreso Internacional de Pr\u00e1cticas Pedag\u00f3gicas realizado en la Universidad de Caldas .<\/title>\n<meta name=\"robots\" content=\"index, follow, max-snippet:-1, max-image-preview:large, max-video-preview:-1\" \/>\n<link rel=\"canonical\" href=\"https:\/\/www.ucaldas.edu.co\/portal\/manizales-recibira-800-personas-en-el-tercer-congreso-internacional-de-practicas-pedagogicas-realizado-en-la-universidad-de-caldas\/\" \/>\n<script type=\"application\/ld+json\" class=\"yoast-schema-graph\">{\"@context\":\"https:\\\/\\\/schema.org\",\"@graph\":[{\"@type\":\"Article\",\"@id\":\"https:\\\/\\\/www.ucaldas.edu.co\\\/portal\\\/manizales-recibira-800-personas-en-el-tercer-congreso-internacional-de-practicas-pedagogicas-realizado-en-la-universidad-de-caldas\\\/#article\",\"isPartOf\":{\"@id\":\"https:\\\/\\\/www.ucaldas.edu.co\\\/portal\\\/manizales-recibira-800-personas-en-el-tercer-congreso-internacional-de-practicas-pedagogicas-realizado-en-la-universidad-de-caldas\\\/\"},\"author\":{\"name\":\"ofiprensa\",\"@id\":\"https:\\\/\\\/www.ucaldas.edu.co\\\/portal\\\/#\\\/schema\\\/person\\\/a1b482e23449158b4bc319926c074fdf\"},\"headline\":\"Manizales recibe 800 personas en el Tercer Congreso Internacional de Pr\u00e1cticas Pedag\u00f3gicas realizado en la Universidad de Caldas\",\"datePublished\":\"2023-10-11T14:32:46+00:00\",\"dateModified\":\"2023-10-11T16:10:21+00:00\",\"mainEntityOfPage\":{\"@id\":\"https:\\\/\\\/www.ucaldas.edu.co\\\/portal\\\/manizales-recibira-800-personas-en-el-tercer-congreso-internacional-de-practicas-pedagogicas-realizado-en-la-universidad-de-caldas\\\/\"},\"wordCount\":439,\"publisher\":{\"@id\":\"https:\\\/\\\/www.ucaldas.edu.co\\\/portal\\\/#organization\"},\"image\":{\"@id\":\"https:\\\/\\\/www.ucaldas.edu.co\\\/portal\\\/manizales-recibira-800-personas-en-el-tercer-congreso-internacional-de-practicas-pedagogicas-realizado-en-la-universidad-de-caldas\\\/#primaryimage\"},\"thumbnailUrl\":\"https:\\\/\\\/www.ucaldas.edu.co\\\/portal\\\/wp-content\\\/uploads\\\/2023\\\/10\\\/congreso.jpg\",\"keywords\":[\"congreso\"],\"articleSection\":[\"Actualidad\",\"Universidad al D\u00eda\"],\"inLanguage\":\"es\"},{\"@type\":\"WebPage\",\"@id\":\"https:\\\/\\\/www.ucaldas.edu.co\\\/portal\\\/manizales-recibira-800-personas-en-el-tercer-congreso-internacional-de-practicas-pedagogicas-realizado-en-la-universidad-de-caldas\\\/\",\"url\":\"https:\\\/\\\/www.ucaldas.edu.co\\\/portal\\\/manizales-recibira-800-personas-en-el-tercer-congreso-internacional-de-practicas-pedagogicas-realizado-en-la-universidad-de-caldas\\\/\",\"name\":\"Manizales recibe 800 personas en el Tercer Congreso Internacional de Pr\u00e1cticas Pedag\u00f3gicas realizado en la Universidad de Caldas .\",\"isPartOf\":{\"@id\":\"https:\\\/\\\/www.ucaldas.edu.co\\\/portal\\\/#website\"},\"primaryImageOfPage\":{\"@id\":\"https:\\\/\\\/www.ucaldas.edu.co\\\/portal\\\/manizales-recibira-800-personas-en-el-tercer-congreso-internacional-de-practicas-pedagogicas-realizado-en-la-universidad-de-caldas\\\/#primaryimage\"},\"image\":{\"@id\":\"https:\\\/\\\/www.ucaldas.edu.co\\\/portal\\\/manizales-recibira-800-personas-en-el-tercer-congreso-internacional-de-practicas-pedagogicas-realizado-en-la-universidad-de-caldas\\\/#primaryimage\"},\"thumbnailUrl\":\"https:\\\/\\\/www.ucaldas.edu.co\\\/portal\\\/wp-content\\\/uploads\\\/2023\\\/10\\\/congreso.jpg\",\"datePublished\":\"2023-10-11T14:32:46+00:00\",\"dateModified\":\"2023-10-11T16:10:21+00:00\",\"breadcrumb\":{\"@id\":\"https:\\\/\\\/www.ucaldas.edu.co\\\/portal\\\/manizales-recibira-800-personas-en-el-tercer-congreso-internacional-de-practicas-pedagogicas-realizado-en-la-universidad-de-caldas\\\/#breadcrumb\"},\"inLanguage\":\"es\",\"potentialAction\":[{\"@type\":\"ReadAction\",\"target\":[\"https:\\\/\\\/www.ucaldas.edu.co\\\/portal\\\/manizales-recibira-800-personas-en-el-tercer-congreso-internacional-de-practicas-pedagogicas-realizado-en-la-universidad-de-caldas\\\/\"]}]},{\"@type\":\"ImageObject\",\"inLanguage\":\"es\",\"@id\":\"https:\\\/\\\/www.ucaldas.edu.co\\\/portal\\\/manizales-recibira-800-personas-en-el-tercer-congreso-internacional-de-practicas-pedagogicas-realizado-en-la-universidad-de-caldas\\\/#primaryimage\",\"url\":\"https:\\\/\\\/www.ucaldas.edu.co\\\/portal\\\/wp-content\\\/uploads\\\/2023\\\/10\\\/congreso.jpg\",\"contentUrl\":\"https:\\\/\\\/www.ucaldas.edu.co\\\/portal\\\/wp-content\\\/uploads\\\/2023\\\/10\\\/congreso.jpg\",\"width\":900,\"height\":510,\"caption\":\"participantes del congreso de pr\u00e1cticas pedag\u00f3gicas\"},{\"@type\":\"BreadcrumbList\",\"@id\":\"https:\\\/\\\/www.ucaldas.edu.co\\\/portal\\\/manizales-recibira-800-personas-en-el-tercer-congreso-internacional-de-practicas-pedagogicas-realizado-en-la-universidad-de-caldas\\\/#breadcrumb\",\"itemListElement\":[{\"@type\":\"ListItem\",\"position\":1,\"name\":\"Portada\",\"item\":\"https:\\\/\\\/www.ucaldas.edu.co\\\/portal\\\/\"},{\"@type\":\"ListItem\",\"position\":2,\"name\":\"Manizales recibe 800 personas en el Tercer Congreso Internacional de Pr\u00e1cticas Pedag\u00f3gicas realizado en la Universidad de Caldas\"}]},{\"@type\":\"WebSite\",\"@id\":\"https:\\\/\\\/www.ucaldas.edu.co\\\/portal\\\/#website\",\"url\":\"https:\\\/\\\/www.ucaldas.edu.co\\\/portal\\\/\",\"name\":\"Universidad de Caldas\",\"description\":\"\",\"publisher\":{\"@id\":\"https:\\\/\\\/www.ucaldas.edu.co\\\/portal\\\/#organization\"},\"alternateName\":\"U. de Caldas\",\"potentialAction\":[{\"@type\":\"SearchAction\",\"target\":{\"@type\":\"EntryPoint\",\"urlTemplate\":\"https:\\\/\\\/www.ucaldas.edu.co\\\/portal\\\/?s={search_term_string}\"},\"query-input\":{\"@type\":\"PropertyValueSpecification\",\"valueRequired\":true,\"valueName\":\"search_term_string\"}}],\"inLanguage\":\"es\"},{\"@type\":\"Organization\",\"@id\":\"https:\\\/\\\/www.ucaldas.edu.co\\\/portal\\\/#organization\",\"name\":\"Universidad de Caldas\",\"alternateName\":\"U. de Caldas\",\"url\":\"https:\\\/\\\/www.ucaldas.edu.co\\\/portal\\\/\",\"logo\":{\"@type\":\"ImageObject\",\"inLanguage\":\"es\",\"@id\":\"https:\\\/\\\/www.ucaldas.edu.co\\\/portal\\\/#\\\/schema\\\/logo\\\/image\\\/\",\"url\":\"https:\\\/\\\/www.ucaldas.edu.co\\\/portal\\\/wp-content\\\/uploads\\\/2023\\\/11\\\/Logo_horizontal_oscuroU-2023.png\",\"contentUrl\":\"https:\\\/\\\/www.ucaldas.edu.co\\\/portal\\\/wp-content\\\/uploads\\\/2023\\\/11\\\/Logo_horizontal_oscuroU-2023.png\",\"width\":263,\"height\":101,\"caption\":\"Universidad de Caldas\"},\"image\":{\"@id\":\"https:\\\/\\\/www.ucaldas.edu.co\\\/portal\\\/#\\\/schema\\\/logo\\\/image\\\/\"},\"sameAs\":[\"https:\\\/\\\/www.facebook.com\\\/udecaldas\",\"https:\\\/\\\/x.com\\\/udecaldas\",\"https:\\\/\\\/www.youtube.com\\\/universidadcaldas\",\"https:\\\/\\\/www.instagram.com\\\/udecaldas\\\/\"]},{\"@type\":\"Person\",\"@id\":\"https:\\\/\\\/www.ucaldas.edu.co\\\/portal\\\/#\\\/schema\\\/person\\\/a1b482e23449158b4bc319926c074fdf\",\"name\":\"ofiprensa\",\"image\":{\"@type\":\"ImageObject\",\"inLanguage\":\"es\",\"@id\":\"https:\\\/\\\/www.ucaldas.edu.co\\\/portal\\\/wp-content\\\/litespeed\\\/avatar\\\/09ea5085e600095a7a811142c6944527.jpg?ver=1777497608\",\"url\":\"https:\\\/\\\/www.ucaldas.edu.co\\\/portal\\\/wp-content\\\/litespeed\\\/avatar\\\/09ea5085e600095a7a811142c6944527.jpg?ver=1777497608\",\"contentUrl\":\"https:\\\/\\\/www.ucaldas.edu.co\\\/portal\\\/wp-content\\\/litespeed\\\/avatar\\\/09ea5085e600095a7a811142c6944527.jpg?ver=1777497608\",\"caption\":\"ofiprensa\"},\"url\":\"https:\\\/\\\/www.ucaldas.edu.co\\\/portal\\\/author\\\/ofiprensa\\\/\"}]}<\/script>\n<!-- \/ Yoast SEO plugin. -->","yoast_head_json":{"title":"Manizales recibe 800 personas en el Tercer Congreso Internacional de Pr\u00e1cticas Pedag\u00f3gicas realizado en la Universidad de Caldas .","robots":{"index":"index","follow":"follow","max-snippet":"max-snippet:-1","max-image-preview":"max-image-preview:large","max-video-preview":"max-video-preview:-1"},"canonical":"https:\/\/www.ucaldas.edu.co\/portal\/manizales-recibira-800-personas-en-el-tercer-congreso-internacional-de-practicas-pedagogicas-realizado-en-la-universidad-de-caldas\/","schema":{"@context":"https:\/\/schema.org","@graph":[{"@type":"Article","@id":"https:\/\/www.ucaldas.edu.co\/portal\/manizales-recibira-800-personas-en-el-tercer-congreso-internacional-de-practicas-pedagogicas-realizado-en-la-universidad-de-caldas\/#article","isPartOf":{"@id":"https:\/\/www.ucaldas.edu.co\/portal\/manizales-recibira-800-personas-en-el-tercer-congreso-internacional-de-practicas-pedagogicas-realizado-en-la-universidad-de-caldas\/"},"author":{"name":"ofiprensa","@id":"https:\/\/www.ucaldas.edu.co\/portal\/#\/schema\/person\/a1b482e23449158b4bc319926c074fdf"},"headline":"Manizales recibe 800 personas en el Tercer Congreso Internacional de Pr\u00e1cticas Pedag\u00f3gicas realizado en la Universidad de Caldas","datePublished":"2023-10-11T14:32:46+00:00","dateModified":"2023-10-11T16:10:21+00:00","mainEntityOfPage":{"@id":"https:\/\/www.ucaldas.edu.co\/portal\/manizales-recibira-800-personas-en-el-tercer-congreso-internacional-de-practicas-pedagogicas-realizado-en-la-universidad-de-caldas\/"},"wordCount":439,"publisher":{"@id":"https:\/\/www.ucaldas.edu.co\/portal\/#organization"},"image":{"@id":"https:\/\/www.ucaldas.edu.co\/portal\/manizales-recibira-800-personas-en-el-tercer-congreso-internacional-de-practicas-pedagogicas-realizado-en-la-universidad-de-caldas\/#primaryimage"},"thumbnailUrl":"https:\/\/www.ucaldas.edu.co\/portal\/wp-content\/uploads\/2023\/10\/congreso.jpg","keywords":["congreso"],"articleSection":["Actualidad","Universidad al D\u00eda"],"inLanguage":"es"},{"@type":"WebPage","@id":"https:\/\/www.ucaldas.edu.co\/portal\/manizales-recibira-800-personas-en-el-tercer-congreso-internacional-de-practicas-pedagogicas-realizado-en-la-universidad-de-caldas\/","url":"https:\/\/www.ucaldas.edu.co\/portal\/manizales-recibira-800-personas-en-el-tercer-congreso-internacional-de-practicas-pedagogicas-realizado-en-la-universidad-de-caldas\/","name":"Manizales recibe 800 personas en el Tercer Congreso Internacional de Pr\u00e1cticas Pedag\u00f3gicas realizado en la Universidad de Caldas .","isPartOf":{"@id":"https:\/\/www.ucaldas.edu.co\/portal\/#website"},"primaryImageOfPage":{"@id":"https:\/\/www.ucaldas.edu.co\/portal\/manizales-recibira-800-personas-en-el-tercer-congreso-internacional-de-practicas-pedagogicas-realizado-en-la-universidad-de-caldas\/#primaryimage"},"image":{"@id":"https:\/\/www.ucaldas.edu.co\/portal\/manizales-recibira-800-personas-en-el-tercer-congreso-internacional-de-practicas-pedagogicas-realizado-en-la-universidad-de-caldas\/#primaryimage"},"thumbnailUrl":"https:\/\/www.ucaldas.edu.co\/portal\/wp-content\/uploads\/2023\/10\/congreso.jpg","datePublished":"2023-10-11T14:32:46+00:00","dateModified":"2023-10-11T16:10:21+00:00","breadcrumb":{"@id":"https:\/\/www.ucaldas.edu.co\/portal\/manizales-recibira-800-personas-en-el-tercer-congreso-internacional-de-practicas-pedagogicas-realizado-en-la-universidad-de-caldas\/#breadcrumb"},"inLanguage":"es","potentialAction":[{"@type":"ReadAction","target":["https:\/\/www.ucaldas.edu.co\/portal\/manizales-recibira-800-personas-en-el-tercer-congreso-internacional-de-practicas-pedagogicas-realizado-en-la-universidad-de-caldas\/"]}]},{"@type":"ImageObject","inLanguage":"es","@id":"https:\/\/www.ucaldas.edu.co\/portal\/manizales-recibira-800-personas-en-el-tercer-congreso-internacional-de-practicas-pedagogicas-realizado-en-la-universidad-de-caldas\/#primaryimage","url":"https:\/\/www.ucaldas.edu.co\/portal\/wp-content\/uploads\/2023\/10\/congreso.jpg","contentUrl":"https:\/\/www.ucaldas.edu.co\/portal\/wp-content\/uploads\/2023\/10\/congreso.jpg","width":900,"height":510,"caption":"participantes del congreso de pr\u00e1cticas pedag\u00f3gicas"},{"@type":"BreadcrumbList","@id":"https:\/\/www.ucaldas.edu.co\/portal\/manizales-recibira-800-personas-en-el-tercer-congreso-internacional-de-practicas-pedagogicas-realizado-en-la-universidad-de-caldas\/#breadcrumb","itemListElement":[{"@type":"ListItem","position":1,"name":"Portada","item":"https:\/\/www.ucaldas.edu.co\/portal\/"},{"@type":"ListItem","position":2,"name":"Manizales recibe 800 personas en el Tercer Congreso Internacional de Pr\u00e1cticas Pedag\u00f3gicas realizado en la Universidad de Caldas"}]},{"@type":"WebSite","@id":"https:\/\/www.ucaldas.edu.co\/portal\/#website","url":"https:\/\/www.ucaldas.edu.co\/portal\/","name":"Universidad de Caldas","description":"","publisher":{"@id":"https:\/\/www.ucaldas.edu.co\/portal\/#organization"},"alternateName":"U. de Caldas","potentialAction":[{"@type":"SearchAction","target":{"@type":"EntryPoint","urlTemplate":"https:\/\/www.ucaldas.edu.co\/portal\/?s={search_term_string}"},"query-input":{"@type":"PropertyValueSpecification","valueRequired":true,"valueName":"search_term_string"}}],"inLanguage":"es"},{"@type":"Organization","@id":"https:\/\/www.ucaldas.edu.co\/portal\/#organization","name":"Universidad de Caldas","alternateName":"U. de Caldas","url":"https:\/\/www.ucaldas.edu.co\/portal\/","logo":{"@type":"ImageObject","inLanguage":"es","@id":"https:\/\/www.ucaldas.edu.co\/portal\/#\/schema\/logo\/image\/","url":"https:\/\/www.ucaldas.edu.co\/portal\/wp-content\/uploads\/2023\/11\/Logo_horizontal_oscuroU-2023.png","contentUrl":"https:\/\/www.ucaldas.edu.co\/portal\/wp-content\/uploads\/2023\/11\/Logo_horizontal_oscuroU-2023.png","width":263,"height":101,"caption":"Universidad de Caldas"},"image":{"@id":"https:\/\/www.ucaldas.edu.co\/portal\/#\/schema\/logo\/image\/"},"sameAs":["https:\/\/www.facebook.com\/udecaldas","https:\/\/x.com\/udecaldas","https:\/\/www.youtube.com\/universidadcaldas","https:\/\/www.instagram.com\/udecaldas\/"]},{"@type":"Person","@id":"https:\/\/www.ucaldas.edu.co\/portal\/#\/schema\/person\/a1b482e23449158b4bc319926c074fdf","name":"ofiprensa","image":{"@type":"ImageObject","inLanguage":"es","@id":"https:\/\/www.ucaldas.edu.co\/portal\/wp-content\/litespeed\/avatar\/09ea5085e600095a7a811142c6944527.jpg?ver=1777497608","url":"https:\/\/www.ucaldas.edu.co\/portal\/wp-content\/litespeed\/avatar\/09ea5085e600095a7a811142c6944527.jpg?ver=1777497608","contentUrl":"https:\/\/www.ucaldas.edu.co\/portal\/wp-content\/litespeed\/avatar\/09ea5085e600095a7a811142c6944527.jpg?ver=1777497608","caption":"ofiprensa"},"url":"https:\/\/www.ucaldas.edu.co\/portal\/author\/ofiprensa\/"}]}},"_links":{"self":[{"href":"https:\/\/www.ucaldas.edu.co\/portal\/wp-json\/wp\/v2\/posts\/77612","targetHints":{"allow":["GET"]}}],"collection":[{"href":"https:\/\/www.ucaldas.edu.co\/portal\/wp-json\/wp\/v2\/posts"}],"about":[{"href":"https:\/\/www.ucaldas.edu.co\/portal\/wp-json\/wp\/v2\/types\/post"}],"author":[{"embeddable":true,"href":"https:\/\/www.ucaldas.edu.co\/portal\/wp-json\/wp\/v2\/users\/2"}],"replies":[{"embeddable":true,"href":"https:\/\/www.ucaldas.edu.co\/portal\/wp-json\/wp\/v2\/comments?post=77612"}],"version-history":[{"count":0,"href":"https:\/\/www.ucaldas.edu.co\/portal\/wp-json\/wp\/v2\/posts\/77612\/revisions"}],"wp:featuredmedia":[{"embeddable":true,"href":"https:\/\/www.ucaldas.edu.co\/portal\/wp-json\/wp\/v2\/media\/77613"}],"wp:attachment":[{"href":"https:\/\/www.ucaldas.edu.co\/portal\/wp-json\/wp\/v2\/media?parent=77612"}],"wp:term":[{"taxonomy":"category","embeddable":true,"href":"https:\/\/www.ucaldas.edu.co\/portal\/wp-json\/wp\/v2\/categories?post=77612"},{"taxonomy":"post_tag","embeddable":true,"href":"https:\/\/www.ucaldas.edu.co\/portal\/wp-json\/wp\/v2\/tags?post=77612"}],"curies":[{"name":"wp","href":"https:\/\/api.w.org\/{rel}","templated":true}]}}