{"id":77548,"date":"2023-10-09T20:28:34","date_gmt":"2023-10-09T20:28:34","guid":{"rendered":"https:\/\/www.ucaldas.edu.co\/portal\/?p=77548"},"modified":"2023-10-09T20:28:34","modified_gmt":"2023-10-09T20:28:34","slug":"docentes-de-la-universidad-de-caldas-participaron-en-el-decimo-congreso-alfepsi-2023-psicologias-necesarias-y-posibles-para-otros-mundos-necesarios-y-urgentes","status":"publish","type":"post","link":"https:\/\/www.ucaldas.edu.co\/portal\/docentes-de-la-universidad-de-caldas-participaron-en-el-decimo-congreso-alfepsi-2023-psicologias-necesarias-y-posibles-para-otros-mundos-necesarios-y-urgentes\/","title":{"rendered":"Docentes de la Universidad de Caldas participaron en el D\u00e9cimo Congreso ALFEPSI 2023 \u201cPsicolog\u00edas necesarias y posibles para otros mundos necesarios y urgentes\u201d"},"content":{"rendered":"<p><img loading=\"lazy\" decoding=\"async\" class=\"aligncenter size-full wp-image-77549\" src=\"https:\/\/www.ucaldas.edu.co\/portal\/wp-content\/uploads\/2023\/10\/uruguay.jpg\" alt=\"docentes y estudiante participantes en el congreso\" width=\"900\" height=\"510\" srcset=\"https:\/\/www.ucaldas.edu.co\/portal\/wp-content\/uploads\/2023\/10\/uruguay.jpg 900w, https:\/\/www.ucaldas.edu.co\/portal\/wp-content\/uploads\/2023\/10\/uruguay-300x170.jpg 300w, https:\/\/www.ucaldas.edu.co\/portal\/wp-content\/uploads\/2023\/10\/uruguay-768x435.jpg 768w\" sizes=\"auto, (max-width: 900px) 100vw, 900px\" \/><\/p>\n<p>Las Docentes del Departamento de Salud P\u00fablica de la Universidad de Caldas, Diana Paola Betancurth Loaiza y Consuelo V\u00e9lez \u00c1lvarez, participaron en el D\u00e9cimo Congreso ALFEPSI 2023, celebrado en la Universidad de la Rep\u00fablica en Uruguay.<!--more--><\/p>\n<p>Durante el evento, las docentes compartieron los resultados de investigaciones desarrolladas en conjunto con la profesora Natalia S\u00e1nchez Palacio, el estudiante de la Maestr\u00eda en Salud P\u00fablica de la Universidad de Caldas, Lucas Pati\u00f1o Fern\u00e1ndez, y el especialista en gerencia hospitalaria, Juan Alejandro Holgu\u00edn.<\/p>\n<p>Una de las ponencias presentadas fue \u00abInstrumento DESOSA 81 para valorar los Determinantes Sociales de la Salud\u00bb, la cual analiz\u00f3 la persistente, inequidad y desigualdad social en Colombia y Am\u00e9rica Latina, resaltando la creaci\u00f3n del instrumento DESOSA 81, el cual fue dise\u00f1ado para caracterizar los determinantes sociales de la salud.<\/p>\n<p>Las docentes de la instituci\u00f3n tambi\u00e9n presentaron la ponencia \u00abOteando los determinantes sociales de la salud, un enfoque transdisciplinario e intersectorial necesario\u00bb, que abord\u00f3 los Determinantes Sociales de la Salud (DSS) seg\u00fan la perspectiva de la Organizaci\u00f3n Mundial de la Salud, enfatizando en la importancia de un enfoque interdisciplinario para abordar los DSS en Colombia y resaltando la necesidad de contar con un instrumento com\u00fan que permita caracterizar a la poblaci\u00f3n y orientar estrategias equitativas en el \u00e1mbito de la salud.<\/p>\n<p>Las ponencias presentadas durante el Congreso representan un avance significativo en la comprensi\u00f3n de los Determinantes Sociales de la Salud, adem\u00e1s de ser un llamado a la colaboraci\u00f3n interdisciplinaria para abordar los desaf\u00edos de inequidad y desigualdad social en las regiones colombianas.<\/p>\n<p>&nbsp;<\/p>\n","protected":false},"excerpt":{"rendered":"<p>Las Docentes del Departamento de Salud P\u00fablica de la Universidad de Caldas, Diana Paola Betancurth Loaiza y Consuelo V\u00e9lez \u00c1lvarez, participaron en el D\u00e9cimo Congreso ALFEPSI 2023, celebrado en la Universidad de la Rep\u00fablica en Uruguay.<\/p>\n","protected":false},"author":2,"featured_media":77549,"comment_status":"closed","ping_status":"open","sticky":false,"template":"","format":"standard","meta":{"footnotes":""},"categories":[48,53],"tags":[171],"class_list":["post-77548","post","type-post","status-publish","format-standard","has-post-thumbnail","hentry","category-actualidad","category-universidad-al-dia","tag-congreso"],"yoast_head":"<!-- This site is optimized with the Yoast SEO plugin v27.5 - https:\/\/yoast.com\/product\/yoast-seo-wordpress\/ -->\n<title>Docentes de la Universidad de Caldas participaron en el D\u00e9cimo Congreso ALFEPSI 2023 \u201cPsicolog\u00edas necesarias y posibles para otros mundos necesarios y urgentes\u201d .<\/title>\n<meta name=\"robots\" content=\"index, follow, max-snippet:-1, max-image-preview:large, max-video-preview:-1\" \/>\n<link rel=\"canonical\" href=\"https:\/\/www.ucaldas.edu.co\/portal\/docentes-de-la-universidad-de-caldas-participaron-en-el-decimo-congreso-alfepsi-2023-psicologias-necesarias-y-posibles-para-otros-mundos-necesarios-y-urgentes\/\" \/>\n<script type=\"application\/ld+json\" class=\"yoast-schema-graph\">{\"@context\":\"https:\\\/\\\/schema.org\",\"@graph\":[{\"@type\":\"Article\",\"@id\":\"https:\\\/\\\/www.ucaldas.edu.co\\\/portal\\\/docentes-de-la-universidad-de-caldas-participaron-en-el-decimo-congreso-alfepsi-2023-psicologias-necesarias-y-posibles-para-otros-mundos-necesarios-y-urgentes\\\/#article\",\"isPartOf\":{\"@id\":\"https:\\\/\\\/www.ucaldas.edu.co\\\/portal\\\/docentes-de-la-universidad-de-caldas-participaron-en-el-decimo-congreso-alfepsi-2023-psicologias-necesarias-y-posibles-para-otros-mundos-necesarios-y-urgentes\\\/\"},\"author\":{\"name\":\"ofiprensa\",\"@id\":\"https:\\\/\\\/www.ucaldas.edu.co\\\/portal\\\/#\\\/schema\\\/person\\\/a1b482e23449158b4bc319926c074fdf\"},\"headline\":\"Docentes de la Universidad de Caldas participaron en el D\u00e9cimo Congreso ALFEPSI 2023 \u201cPsicolog\u00edas necesarias y posibles para otros mundos necesarios y urgentes\u201d\",\"datePublished\":\"2023-10-09T20:28:34+00:00\",\"mainEntityOfPage\":{\"@id\":\"https:\\\/\\\/www.ucaldas.edu.co\\\/portal\\\/docentes-de-la-universidad-de-caldas-participaron-en-el-decimo-congreso-alfepsi-2023-psicologias-necesarias-y-posibles-para-otros-mundos-necesarios-y-urgentes\\\/\"},\"wordCount\":298,\"publisher\":{\"@id\":\"https:\\\/\\\/www.ucaldas.edu.co\\\/portal\\\/#organization\"},\"image\":{\"@id\":\"https:\\\/\\\/www.ucaldas.edu.co\\\/portal\\\/docentes-de-la-universidad-de-caldas-participaron-en-el-decimo-congreso-alfepsi-2023-psicologias-necesarias-y-posibles-para-otros-mundos-necesarios-y-urgentes\\\/#primaryimage\"},\"thumbnailUrl\":\"https:\\\/\\\/www.ucaldas.edu.co\\\/portal\\\/wp-content\\\/uploads\\\/2023\\\/10\\\/uruguay.jpg\",\"keywords\":[\"congreso\"],\"articleSection\":[\"Actualidad\",\"Universidad al D\u00eda\"],\"inLanguage\":\"es\"},{\"@type\":\"WebPage\",\"@id\":\"https:\\\/\\\/www.ucaldas.edu.co\\\/portal\\\/docentes-de-la-universidad-de-caldas-participaron-en-el-decimo-congreso-alfepsi-2023-psicologias-necesarias-y-posibles-para-otros-mundos-necesarios-y-urgentes\\\/\",\"url\":\"https:\\\/\\\/www.ucaldas.edu.co\\\/portal\\\/docentes-de-la-universidad-de-caldas-participaron-en-el-decimo-congreso-alfepsi-2023-psicologias-necesarias-y-posibles-para-otros-mundos-necesarios-y-urgentes\\\/\",\"name\":\"Docentes de la Universidad de Caldas participaron en el D\u00e9cimo Congreso ALFEPSI 2023 \u201cPsicolog\u00edas necesarias y posibles para otros mundos necesarios y urgentes\u201d .\",\"isPartOf\":{\"@id\":\"https:\\\/\\\/www.ucaldas.edu.co\\\/portal\\\/#website\"},\"primaryImageOfPage\":{\"@id\":\"https:\\\/\\\/www.ucaldas.edu.co\\\/portal\\\/docentes-de-la-universidad-de-caldas-participaron-en-el-decimo-congreso-alfepsi-2023-psicologias-necesarias-y-posibles-para-otros-mundos-necesarios-y-urgentes\\\/#primaryimage\"},\"image\":{\"@id\":\"https:\\\/\\\/www.ucaldas.edu.co\\\/portal\\\/docentes-de-la-universidad-de-caldas-participaron-en-el-decimo-congreso-alfepsi-2023-psicologias-necesarias-y-posibles-para-otros-mundos-necesarios-y-urgentes\\\/#primaryimage\"},\"thumbnailUrl\":\"https:\\\/\\\/www.ucaldas.edu.co\\\/portal\\\/wp-content\\\/uploads\\\/2023\\\/10\\\/uruguay.jpg\",\"datePublished\":\"2023-10-09T20:28:34+00:00\",\"breadcrumb\":{\"@id\":\"https:\\\/\\\/www.ucaldas.edu.co\\\/portal\\\/docentes-de-la-universidad-de-caldas-participaron-en-el-decimo-congreso-alfepsi-2023-psicologias-necesarias-y-posibles-para-otros-mundos-necesarios-y-urgentes\\\/#breadcrumb\"},\"inLanguage\":\"es\",\"potentialAction\":[{\"@type\":\"ReadAction\",\"target\":[\"https:\\\/\\\/www.ucaldas.edu.co\\\/portal\\\/docentes-de-la-universidad-de-caldas-participaron-en-el-decimo-congreso-alfepsi-2023-psicologias-necesarias-y-posibles-para-otros-mundos-necesarios-y-urgentes\\\/\"]}]},{\"@type\":\"ImageObject\",\"inLanguage\":\"es\",\"@id\":\"https:\\\/\\\/www.ucaldas.edu.co\\\/portal\\\/docentes-de-la-universidad-de-caldas-participaron-en-el-decimo-congreso-alfepsi-2023-psicologias-necesarias-y-posibles-para-otros-mundos-necesarios-y-urgentes\\\/#primaryimage\",\"url\":\"https:\\\/\\\/www.ucaldas.edu.co\\\/portal\\\/wp-content\\\/uploads\\\/2023\\\/10\\\/uruguay.jpg\",\"contentUrl\":\"https:\\\/\\\/www.ucaldas.edu.co\\\/portal\\\/wp-content\\\/uploads\\\/2023\\\/10\\\/uruguay.jpg\",\"width\":900,\"height\":510,\"caption\":\"docentes y estudiante participantes en el congreso\"},{\"@type\":\"BreadcrumbList\",\"@id\":\"https:\\\/\\\/www.ucaldas.edu.co\\\/portal\\\/docentes-de-la-universidad-de-caldas-participaron-en-el-decimo-congreso-alfepsi-2023-psicologias-necesarias-y-posibles-para-otros-mundos-necesarios-y-urgentes\\\/#breadcrumb\",\"itemListElement\":[{\"@type\":\"ListItem\",\"position\":1,\"name\":\"Portada\",\"item\":\"https:\\\/\\\/www.ucaldas.edu.co\\\/portal\\\/\"},{\"@type\":\"ListItem\",\"position\":2,\"name\":\"Docentes de la Universidad de Caldas participaron en el D\u00e9cimo Congreso ALFEPSI 2023 \u201cPsicolog\u00edas necesarias y posibles para otros mundos necesarios y urgentes\u201d\"}]},{\"@type\":\"WebSite\",\"@id\":\"https:\\\/\\\/www.ucaldas.edu.co\\\/portal\\\/#website\",\"url\":\"https:\\\/\\\/www.ucaldas.edu.co\\\/portal\\\/\",\"name\":\"Universidad de Caldas\",\"description\":\"\",\"publisher\":{\"@id\":\"https:\\\/\\\/www.ucaldas.edu.co\\\/portal\\\/#organization\"},\"alternateName\":\"U. de Caldas\",\"potentialAction\":[{\"@type\":\"SearchAction\",\"target\":{\"@type\":\"EntryPoint\",\"urlTemplate\":\"https:\\\/\\\/www.ucaldas.edu.co\\\/portal\\\/?s={search_term_string}\"},\"query-input\":{\"@type\":\"PropertyValueSpecification\",\"valueRequired\":true,\"valueName\":\"search_term_string\"}}],\"inLanguage\":\"es\"},{\"@type\":\"Organization\",\"@id\":\"https:\\\/\\\/www.ucaldas.edu.co\\\/portal\\\/#organization\",\"name\":\"Universidad de Caldas\",\"alternateName\":\"U. de Caldas\",\"url\":\"https:\\\/\\\/www.ucaldas.edu.co\\\/portal\\\/\",\"logo\":{\"@type\":\"ImageObject\",\"inLanguage\":\"es\",\"@id\":\"https:\\\/\\\/www.ucaldas.edu.co\\\/portal\\\/#\\\/schema\\\/logo\\\/image\\\/\",\"url\":\"https:\\\/\\\/www.ucaldas.edu.co\\\/portal\\\/wp-content\\\/uploads\\\/2023\\\/11\\\/Logo_horizontal_oscuroU-2023.png\",\"contentUrl\":\"https:\\\/\\\/www.ucaldas.edu.co\\\/portal\\\/wp-content\\\/uploads\\\/2023\\\/11\\\/Logo_horizontal_oscuroU-2023.png\",\"width\":263,\"height\":101,\"caption\":\"Universidad de Caldas\"},\"image\":{\"@id\":\"https:\\\/\\\/www.ucaldas.edu.co\\\/portal\\\/#\\\/schema\\\/logo\\\/image\\\/\"},\"sameAs\":[\"https:\\\/\\\/www.facebook.com\\\/udecaldas\",\"https:\\\/\\\/x.com\\\/udecaldas\",\"https:\\\/\\\/www.youtube.com\\\/universidadcaldas\",\"https:\\\/\\\/www.instagram.com\\\/udecaldas\\\/\"]},{\"@type\":\"Person\",\"@id\":\"https:\\\/\\\/www.ucaldas.edu.co\\\/portal\\\/#\\\/schema\\\/person\\\/a1b482e23449158b4bc319926c074fdf\",\"name\":\"ofiprensa\",\"image\":{\"@type\":\"ImageObject\",\"inLanguage\":\"es\",\"@id\":\"https:\\\/\\\/www.ucaldas.edu.co\\\/portal\\\/wp-content\\\/litespeed\\\/avatar\\\/09ea5085e600095a7a811142c6944527.jpg?ver=1777497608\",\"url\":\"https:\\\/\\\/www.ucaldas.edu.co\\\/portal\\\/wp-content\\\/litespeed\\\/avatar\\\/09ea5085e600095a7a811142c6944527.jpg?ver=1777497608\",\"contentUrl\":\"https:\\\/\\\/www.ucaldas.edu.co\\\/portal\\\/wp-content\\\/litespeed\\\/avatar\\\/09ea5085e600095a7a811142c6944527.jpg?ver=1777497608\",\"caption\":\"ofiprensa\"},\"url\":\"https:\\\/\\\/www.ucaldas.edu.co\\\/portal\\\/author\\\/ofiprensa\\\/\"}]}<\/script>\n<!-- \/ Yoast SEO plugin. -->","yoast_head_json":{"title":"Docentes de la Universidad de Caldas participaron en el D\u00e9cimo Congreso ALFEPSI 2023 \u201cPsicolog\u00edas necesarias y posibles para otros mundos necesarios y urgentes\u201d .","robots":{"index":"index","follow":"follow","max-snippet":"max-snippet:-1","max-image-preview":"max-image-preview:large","max-video-preview":"max-video-preview:-1"},"canonical":"https:\/\/www.ucaldas.edu.co\/portal\/docentes-de-la-universidad-de-caldas-participaron-en-el-decimo-congreso-alfepsi-2023-psicologias-necesarias-y-posibles-para-otros-mundos-necesarios-y-urgentes\/","schema":{"@context":"https:\/\/schema.org","@graph":[{"@type":"Article","@id":"https:\/\/www.ucaldas.edu.co\/portal\/docentes-de-la-universidad-de-caldas-participaron-en-el-decimo-congreso-alfepsi-2023-psicologias-necesarias-y-posibles-para-otros-mundos-necesarios-y-urgentes\/#article","isPartOf":{"@id":"https:\/\/www.ucaldas.edu.co\/portal\/docentes-de-la-universidad-de-caldas-participaron-en-el-decimo-congreso-alfepsi-2023-psicologias-necesarias-y-posibles-para-otros-mundos-necesarios-y-urgentes\/"},"author":{"name":"ofiprensa","@id":"https:\/\/www.ucaldas.edu.co\/portal\/#\/schema\/person\/a1b482e23449158b4bc319926c074fdf"},"headline":"Docentes de la Universidad de Caldas participaron en el D\u00e9cimo Congreso ALFEPSI 2023 \u201cPsicolog\u00edas necesarias y posibles para otros mundos necesarios y urgentes\u201d","datePublished":"2023-10-09T20:28:34+00:00","mainEntityOfPage":{"@id":"https:\/\/www.ucaldas.edu.co\/portal\/docentes-de-la-universidad-de-caldas-participaron-en-el-decimo-congreso-alfepsi-2023-psicologias-necesarias-y-posibles-para-otros-mundos-necesarios-y-urgentes\/"},"wordCount":298,"publisher":{"@id":"https:\/\/www.ucaldas.edu.co\/portal\/#organization"},"image":{"@id":"https:\/\/www.ucaldas.edu.co\/portal\/docentes-de-la-universidad-de-caldas-participaron-en-el-decimo-congreso-alfepsi-2023-psicologias-necesarias-y-posibles-para-otros-mundos-necesarios-y-urgentes\/#primaryimage"},"thumbnailUrl":"https:\/\/www.ucaldas.edu.co\/portal\/wp-content\/uploads\/2023\/10\/uruguay.jpg","keywords":["congreso"],"articleSection":["Actualidad","Universidad al D\u00eda"],"inLanguage":"es"},{"@type":"WebPage","@id":"https:\/\/www.ucaldas.edu.co\/portal\/docentes-de-la-universidad-de-caldas-participaron-en-el-decimo-congreso-alfepsi-2023-psicologias-necesarias-y-posibles-para-otros-mundos-necesarios-y-urgentes\/","url":"https:\/\/www.ucaldas.edu.co\/portal\/docentes-de-la-universidad-de-caldas-participaron-en-el-decimo-congreso-alfepsi-2023-psicologias-necesarias-y-posibles-para-otros-mundos-necesarios-y-urgentes\/","name":"Docentes de la Universidad de Caldas participaron en el D\u00e9cimo Congreso ALFEPSI 2023 \u201cPsicolog\u00edas necesarias y posibles para otros mundos necesarios y urgentes\u201d .","isPartOf":{"@id":"https:\/\/www.ucaldas.edu.co\/portal\/#website"},"primaryImageOfPage":{"@id":"https:\/\/www.ucaldas.edu.co\/portal\/docentes-de-la-universidad-de-caldas-participaron-en-el-decimo-congreso-alfepsi-2023-psicologias-necesarias-y-posibles-para-otros-mundos-necesarios-y-urgentes\/#primaryimage"},"image":{"@id":"https:\/\/www.ucaldas.edu.co\/portal\/docentes-de-la-universidad-de-caldas-participaron-en-el-decimo-congreso-alfepsi-2023-psicologias-necesarias-y-posibles-para-otros-mundos-necesarios-y-urgentes\/#primaryimage"},"thumbnailUrl":"https:\/\/www.ucaldas.edu.co\/portal\/wp-content\/uploads\/2023\/10\/uruguay.jpg","datePublished":"2023-10-09T20:28:34+00:00","breadcrumb":{"@id":"https:\/\/www.ucaldas.edu.co\/portal\/docentes-de-la-universidad-de-caldas-participaron-en-el-decimo-congreso-alfepsi-2023-psicologias-necesarias-y-posibles-para-otros-mundos-necesarios-y-urgentes\/#breadcrumb"},"inLanguage":"es","potentialAction":[{"@type":"ReadAction","target":["https:\/\/www.ucaldas.edu.co\/portal\/docentes-de-la-universidad-de-caldas-participaron-en-el-decimo-congreso-alfepsi-2023-psicologias-necesarias-y-posibles-para-otros-mundos-necesarios-y-urgentes\/"]}]},{"@type":"ImageObject","inLanguage":"es","@id":"https:\/\/www.ucaldas.edu.co\/portal\/docentes-de-la-universidad-de-caldas-participaron-en-el-decimo-congreso-alfepsi-2023-psicologias-necesarias-y-posibles-para-otros-mundos-necesarios-y-urgentes\/#primaryimage","url":"https:\/\/www.ucaldas.edu.co\/portal\/wp-content\/uploads\/2023\/10\/uruguay.jpg","contentUrl":"https:\/\/www.ucaldas.edu.co\/portal\/wp-content\/uploads\/2023\/10\/uruguay.jpg","width":900,"height":510,"caption":"docentes y estudiante participantes en el congreso"},{"@type":"BreadcrumbList","@id":"https:\/\/www.ucaldas.edu.co\/portal\/docentes-de-la-universidad-de-caldas-participaron-en-el-decimo-congreso-alfepsi-2023-psicologias-necesarias-y-posibles-para-otros-mundos-necesarios-y-urgentes\/#breadcrumb","itemListElement":[{"@type":"ListItem","position":1,"name":"Portada","item":"https:\/\/www.ucaldas.edu.co\/portal\/"},{"@type":"ListItem","position":2,"name":"Docentes de la Universidad de Caldas participaron en el D\u00e9cimo Congreso ALFEPSI 2023 \u201cPsicolog\u00edas necesarias y posibles para otros mundos necesarios y urgentes\u201d"}]},{"@type":"WebSite","@id":"https:\/\/www.ucaldas.edu.co\/portal\/#website","url":"https:\/\/www.ucaldas.edu.co\/portal\/","name":"Universidad de Caldas","description":"","publisher":{"@id":"https:\/\/www.ucaldas.edu.co\/portal\/#organization"},"alternateName":"U. de Caldas","potentialAction":[{"@type":"SearchAction","target":{"@type":"EntryPoint","urlTemplate":"https:\/\/www.ucaldas.edu.co\/portal\/?s={search_term_string}"},"query-input":{"@type":"PropertyValueSpecification","valueRequired":true,"valueName":"search_term_string"}}],"inLanguage":"es"},{"@type":"Organization","@id":"https:\/\/www.ucaldas.edu.co\/portal\/#organization","name":"Universidad de Caldas","alternateName":"U. de Caldas","url":"https:\/\/www.ucaldas.edu.co\/portal\/","logo":{"@type":"ImageObject","inLanguage":"es","@id":"https:\/\/www.ucaldas.edu.co\/portal\/#\/schema\/logo\/image\/","url":"https:\/\/www.ucaldas.edu.co\/portal\/wp-content\/uploads\/2023\/11\/Logo_horizontal_oscuroU-2023.png","contentUrl":"https:\/\/www.ucaldas.edu.co\/portal\/wp-content\/uploads\/2023\/11\/Logo_horizontal_oscuroU-2023.png","width":263,"height":101,"caption":"Universidad de Caldas"},"image":{"@id":"https:\/\/www.ucaldas.edu.co\/portal\/#\/schema\/logo\/image\/"},"sameAs":["https:\/\/www.facebook.com\/udecaldas","https:\/\/x.com\/udecaldas","https:\/\/www.youtube.com\/universidadcaldas","https:\/\/www.instagram.com\/udecaldas\/"]},{"@type":"Person","@id":"https:\/\/www.ucaldas.edu.co\/portal\/#\/schema\/person\/a1b482e23449158b4bc319926c074fdf","name":"ofiprensa","image":{"@type":"ImageObject","inLanguage":"es","@id":"https:\/\/www.ucaldas.edu.co\/portal\/wp-content\/litespeed\/avatar\/09ea5085e600095a7a811142c6944527.jpg?ver=1777497608","url":"https:\/\/www.ucaldas.edu.co\/portal\/wp-content\/litespeed\/avatar\/09ea5085e600095a7a811142c6944527.jpg?ver=1777497608","contentUrl":"https:\/\/www.ucaldas.edu.co\/portal\/wp-content\/litespeed\/avatar\/09ea5085e600095a7a811142c6944527.jpg?ver=1777497608","caption":"ofiprensa"},"url":"https:\/\/www.ucaldas.edu.co\/portal\/author\/ofiprensa\/"}]}},"_links":{"self":[{"href":"https:\/\/www.ucaldas.edu.co\/portal\/wp-json\/wp\/v2\/posts\/77548","targetHints":{"allow":["GET"]}}],"collection":[{"href":"https:\/\/www.ucaldas.edu.co\/portal\/wp-json\/wp\/v2\/posts"}],"about":[{"href":"https:\/\/www.ucaldas.edu.co\/portal\/wp-json\/wp\/v2\/types\/post"}],"author":[{"embeddable":true,"href":"https:\/\/www.ucaldas.edu.co\/portal\/wp-json\/wp\/v2\/users\/2"}],"replies":[{"embeddable":true,"href":"https:\/\/www.ucaldas.edu.co\/portal\/wp-json\/wp\/v2\/comments?post=77548"}],"version-history":[{"count":0,"href":"https:\/\/www.ucaldas.edu.co\/portal\/wp-json\/wp\/v2\/posts\/77548\/revisions"}],"wp:featuredmedia":[{"embeddable":true,"href":"https:\/\/www.ucaldas.edu.co\/portal\/wp-json\/wp\/v2\/media\/77549"}],"wp:attachment":[{"href":"https:\/\/www.ucaldas.edu.co\/portal\/wp-json\/wp\/v2\/media?parent=77548"}],"wp:term":[{"taxonomy":"category","embeddable":true,"href":"https:\/\/www.ucaldas.edu.co\/portal\/wp-json\/wp\/v2\/categories?post=77548"},{"taxonomy":"post_tag","embeddable":true,"href":"https:\/\/www.ucaldas.edu.co\/portal\/wp-json\/wp\/v2\/tags?post=77548"}],"curies":[{"name":"wp","href":"https:\/\/api.w.org\/{rel}","templated":true}]}}