{"id":77505,"date":"2023-10-04T19:56:32","date_gmt":"2023-10-04T19:56:32","guid":{"rendered":"https:\/\/www.ucaldas.edu.co\/portal\/?p=77505"},"modified":"2023-10-04T19:56:32","modified_gmt":"2023-10-04T19:56:32","slug":"la-universidad-de-caldas-e-instituciones-educativas-del-departamento-desarrollaran-foro-local-la-relacion-familia-escuela-un-compromiso-compartido","status":"publish","type":"post","link":"https:\/\/www.ucaldas.edu.co\/portal\/la-universidad-de-caldas-e-instituciones-educativas-del-departamento-desarrollaran-foro-local-la-relacion-familia-escuela-un-compromiso-compartido\/","title":{"rendered":"La Universidad de Caldas e Instituciones Educativas del Departamento desarrollar\u00e1n Foro Local \u201cLa relaci\u00f3n familia \u2013 escuela, un compromiso compartido\u201d"},"content":{"rendered":"<p><img loading=\"lazy\" decoding=\"async\" class=\"aligncenter size-full wp-image-77506\" src=\"https:\/\/www.ucaldas.edu.co\/portal\/wp-content\/uploads\/2023\/10\/foro.jpg\" alt=\"invitaci\u00f3n Foro Local La relaci\u00f3n familia \u2013 escuela, un compromiso compartido\" width=\"900\" height=\"510\" srcset=\"https:\/\/www.ucaldas.edu.co\/portal\/wp-content\/uploads\/2023\/10\/foro.jpg 900w, https:\/\/www.ucaldas.edu.co\/portal\/wp-content\/uploads\/2023\/10\/foro-300x170.jpg 300w, https:\/\/www.ucaldas.edu.co\/portal\/wp-content\/uploads\/2023\/10\/foro-768x435.jpg 768w\" sizes=\"auto, (max-width: 900px) 100vw, 900px\" \/><\/p>\n<p>\u201cEscuelas Familiares: un escenario de encuentro\u201d de la Universidad de Caldas, llevar\u00e1 a cabo el pr\u00f3ximo lunes 9 de octubre desde las 7:30 a.m. el Foro Local \u201cLa relaci\u00f3n familia \u2013 escuela, un compromiso compartido\u201d, en el Auditorio del Centro Cultural Universitario Rogelio Salmona.<!--more--><\/p>\n<p>\u201cEscuelas Familiares: un escenario de encuentro\u201d es un proyecto que nace de la trayectoria acad\u00e9mica desde el programa de Desarrollo Familiar y del Departamento de Estudios de Familia, quienes desde la docencia y la investigaci\u00f3n identificaron la necesidad de la relaci\u00f3n entre familia y escuela como mediaci\u00f3n para el reconocimiento de ni\u00f1os, ni\u00f1as y adolescentes.<\/p>\n<p>Durante el Foro participar\u00e1n representantes de las instituciones educativas Jos\u00e9 Antonio Gal\u00e1n del municipio de Viterbo, Jaime Duque Grisales de Villamar\u00eda y Mariscal Sucre de Manizales, en compa\u00f1\u00eda de la Secretar\u00eda de Educaci\u00f3n del municipio de Viterbo.<\/p>\n<p>Entrada libre al Foro.<\/p>\n<p><strong><a href=\"https:\/\/www.ucaldas.edu.co\/portal\/wp-content\/uploads\/2023\/10\/Agenda-2023-Foro-Local-Escuelas-Familiares-1.pdf\">Agenda del evento aqu\u00ed.<\/a><\/strong><\/p>\n","protected":false},"excerpt":{"rendered":"<p>\u201cEscuelas Familiares: un escenario de encuentro\u201d de la Universidad de Caldas, llevar\u00e1 a cabo el pr\u00f3ximo lunes 9 de octubre desde las 7:30 a.m. el Foro Local \u201cLa relaci\u00f3n familia \u2013 escuela, un compromiso compartido\u201d, en el Auditorio del Centro Cultural Universitario Rogelio Salmona.<\/p>\n","protected":false},"author":2,"featured_media":77506,"comment_status":"closed","ping_status":"open","sticky":false,"template":"","format":"standard","meta":{"footnotes":"","_members_access_role":[],"_members_access_error":""},"categories":[48,53],"tags":[79],"class_list":["post-77505","post","type-post","status-publish","format-standard","has-post-thumbnail","hentry","category-actualidad","category-universidad-al-dia","tag-foro"],"yoast_head":"<!-- This site is optimized with the Yoast SEO plugin v28.4 - https:\/\/yoast.com\/product\/yoast-seo-wordpress\/ -->\n<title>La Universidad de Caldas e Instituciones Educativas del Departamento desarrollar\u00e1n Foro Local \u201cLa relaci\u00f3n familia \u2013 escuela, un compromiso compartido\u201d .<\/title>\n<meta name=\"robots\" content=\"index, follow, max-snippet:-1, max-image-preview:large, max-video-preview:-1\" \/>\n<link rel=\"canonical\" href=\"https:\/\/www.ucaldas.edu.co\/portal\/la-universidad-de-caldas-e-instituciones-educativas-del-departamento-desarrollaran-foro-local-la-relacion-familia-escuela-un-compromiso-compartido\/\" \/>\n<script type=\"application\/ld+json\" class=\"yoast-schema-graph\">{\"@context\":\"https:\\\/\\\/schema.org\",\"@graph\":[{\"@type\":\"Article\",\"@id\":\"https:\\\/\\\/www.ucaldas.edu.co\\\/portal\\\/la-universidad-de-caldas-e-instituciones-educativas-del-departamento-desarrollaran-foro-local-la-relacion-familia-escuela-un-compromiso-compartido\\\/#article\",\"isPartOf\":{\"@id\":\"https:\\\/\\\/www.ucaldas.edu.co\\\/portal\\\/la-universidad-de-caldas-e-instituciones-educativas-del-departamento-desarrollaran-foro-local-la-relacion-familia-escuela-un-compromiso-compartido\\\/\"},\"author\":{\"name\":\"ofiprensa\",\"@id\":\"https:\\\/\\\/www.ucaldas.edu.co\\\/portal\\\/#\\\/schema\\\/person\\\/a1b482e23449158b4bc319926c074fdf\"},\"headline\":\"La Universidad de Caldas e Instituciones Educativas del Departamento desarrollar\u00e1n Foro Local \u201cLa relaci\u00f3n familia \u2013 escuela, un compromiso compartido\u201d\",\"datePublished\":\"2023-10-04T19:56:32+00:00\",\"mainEntityOfPage\":{\"@id\":\"https:\\\/\\\/www.ucaldas.edu.co\\\/portal\\\/la-universidad-de-caldas-e-instituciones-educativas-del-departamento-desarrollaran-foro-local-la-relacion-familia-escuela-un-compromiso-compartido\\\/\"},\"wordCount\":177,\"publisher\":{\"@id\":\"https:\\\/\\\/www.ucaldas.edu.co\\\/portal\\\/#organization\"},\"image\":{\"@id\":\"https:\\\/\\\/www.ucaldas.edu.co\\\/portal\\\/la-universidad-de-caldas-e-instituciones-educativas-del-departamento-desarrollaran-foro-local-la-relacion-familia-escuela-un-compromiso-compartido\\\/#primaryimage\"},\"thumbnailUrl\":\"https:\\\/\\\/www.ucaldas.edu.co\\\/portal\\\/wp-content\\\/uploads\\\/2023\\\/10\\\/foro.jpg\",\"keywords\":[\"foro\"],\"articleSection\":[\"Actualidad\",\"Universidad al D\u00eda\"],\"inLanguage\":\"es\"},{\"@type\":\"WebPage\",\"@id\":\"https:\\\/\\\/www.ucaldas.edu.co\\\/portal\\\/la-universidad-de-caldas-e-instituciones-educativas-del-departamento-desarrollaran-foro-local-la-relacion-familia-escuela-un-compromiso-compartido\\\/\",\"url\":\"https:\\\/\\\/www.ucaldas.edu.co\\\/portal\\\/la-universidad-de-caldas-e-instituciones-educativas-del-departamento-desarrollaran-foro-local-la-relacion-familia-escuela-un-compromiso-compartido\\\/\",\"name\":\"La Universidad de Caldas e Instituciones Educativas del Departamento desarrollar\u00e1n Foro Local \u201cLa relaci\u00f3n familia \u2013 escuela, un compromiso compartido\u201d .\",\"isPartOf\":{\"@id\":\"https:\\\/\\\/www.ucaldas.edu.co\\\/portal\\\/#website\"},\"primaryImageOfPage\":{\"@id\":\"https:\\\/\\\/www.ucaldas.edu.co\\\/portal\\\/la-universidad-de-caldas-e-instituciones-educativas-del-departamento-desarrollaran-foro-local-la-relacion-familia-escuela-un-compromiso-compartido\\\/#primaryimage\"},\"image\":{\"@id\":\"https:\\\/\\\/www.ucaldas.edu.co\\\/portal\\\/la-universidad-de-caldas-e-instituciones-educativas-del-departamento-desarrollaran-foro-local-la-relacion-familia-escuela-un-compromiso-compartido\\\/#primaryimage\"},\"thumbnailUrl\":\"https:\\\/\\\/www.ucaldas.edu.co\\\/portal\\\/wp-content\\\/uploads\\\/2023\\\/10\\\/foro.jpg\",\"datePublished\":\"2023-10-04T19:56:32+00:00\",\"breadcrumb\":{\"@id\":\"https:\\\/\\\/www.ucaldas.edu.co\\\/portal\\\/la-universidad-de-caldas-e-instituciones-educativas-del-departamento-desarrollaran-foro-local-la-relacion-familia-escuela-un-compromiso-compartido\\\/#breadcrumb\"},\"inLanguage\":\"es\",\"potentialAction\":[{\"@type\":\"ReadAction\",\"target\":[\"https:\\\/\\\/www.ucaldas.edu.co\\\/portal\\\/la-universidad-de-caldas-e-instituciones-educativas-del-departamento-desarrollaran-foro-local-la-relacion-familia-escuela-un-compromiso-compartido\\\/\"]}]},{\"@type\":\"ImageObject\",\"inLanguage\":\"es\",\"@id\":\"https:\\\/\\\/www.ucaldas.edu.co\\\/portal\\\/la-universidad-de-caldas-e-instituciones-educativas-del-departamento-desarrollaran-foro-local-la-relacion-familia-escuela-un-compromiso-compartido\\\/#primaryimage\",\"url\":\"https:\\\/\\\/www.ucaldas.edu.co\\\/portal\\\/wp-content\\\/uploads\\\/2023\\\/10\\\/foro.jpg\",\"contentUrl\":\"https:\\\/\\\/www.ucaldas.edu.co\\\/portal\\\/wp-content\\\/uploads\\\/2023\\\/10\\\/foro.jpg\",\"width\":900,\"height\":510,\"caption\":\"invitaci\u00f3n Foro Local La relaci\u00f3n familia \u2013 escuela, un compromiso compartido\"},{\"@type\":\"BreadcrumbList\",\"@id\":\"https:\\\/\\\/www.ucaldas.edu.co\\\/portal\\\/la-universidad-de-caldas-e-instituciones-educativas-del-departamento-desarrollaran-foro-local-la-relacion-familia-escuela-un-compromiso-compartido\\\/#breadcrumb\",\"itemListElement\":[{\"@type\":\"ListItem\",\"position\":1,\"name\":\"Portada\",\"item\":\"https:\\\/\\\/www.ucaldas.edu.co\\\/portal\\\/\"},{\"@type\":\"ListItem\",\"position\":2,\"name\":\"La Universidad de Caldas e Instituciones Educativas del Departamento desarrollar\u00e1n Foro Local \u201cLa relaci\u00f3n familia \u2013 escuela, un compromiso compartido\u201d\"}]},{\"@type\":\"WebSite\",\"@id\":\"https:\\\/\\\/www.ucaldas.edu.co\\\/portal\\\/#website\",\"url\":\"https:\\\/\\\/www.ucaldas.edu.co\\\/portal\\\/\",\"name\":\"Universidad de Caldas\",\"description\":\"\",\"publisher\":{\"@id\":\"https:\\\/\\\/www.ucaldas.edu.co\\\/portal\\\/#organization\"},\"alternateName\":\"U. de Caldas\",\"potentialAction\":[{\"@type\":\"SearchAction\",\"target\":{\"@type\":\"EntryPoint\",\"urlTemplate\":\"https:\\\/\\\/www.ucaldas.edu.co\\\/portal\\\/?s={search_term_string}\"},\"query-input\":{\"@type\":\"PropertyValueSpecification\",\"valueRequired\":true,\"valueName\":\"search_term_string\"}}],\"inLanguage\":\"es\"},{\"@type\":\"Organization\",\"@id\":\"https:\\\/\\\/www.ucaldas.edu.co\\\/portal\\\/#organization\",\"name\":\"Universidad de Caldas\",\"alternateName\":\"U. de Caldas\",\"url\":\"https:\\\/\\\/www.ucaldas.edu.co\\\/portal\\\/\",\"logo\":{\"@type\":\"ImageObject\",\"inLanguage\":\"es\",\"@id\":\"https:\\\/\\\/www.ucaldas.edu.co\\\/portal\\\/#\\\/schema\\\/logo\\\/image\\\/\",\"url\":\"https:\\\/\\\/www.ucaldas.edu.co\\\/portal\\\/wp-content\\\/uploads\\\/2023\\\/11\\\/Logo_horizontal_oscuroU-2023.png\",\"contentUrl\":\"https:\\\/\\\/www.ucaldas.edu.co\\\/portal\\\/wp-content\\\/uploads\\\/2023\\\/11\\\/Logo_horizontal_oscuroU-2023.png\",\"width\":263,\"height\":101,\"caption\":\"Universidad de Caldas\"},\"image\":{\"@id\":\"https:\\\/\\\/www.ucaldas.edu.co\\\/portal\\\/#\\\/schema\\\/logo\\\/image\\\/\"},\"sameAs\":[\"https:\\\/\\\/www.facebook.com\\\/udecaldas\",\"https:\\\/\\\/x.com\\\/udecaldas\",\"https:\\\/\\\/www.youtube.com\\\/universidadcaldas\",\"https:\\\/\\\/www.instagram.com\\\/udecaldas\\\/\"]},{\"@type\":\"Person\",\"@id\":\"https:\\\/\\\/www.ucaldas.edu.co\\\/portal\\\/#\\\/schema\\\/person\\\/a1b482e23449158b4bc319926c074fdf\",\"name\":\"ofiprensa\",\"image\":{\"@type\":\"ImageObject\",\"inLanguage\":\"es\",\"@id\":\"https:\\\/\\\/www.ucaldas.edu.co\\\/portal\\\/wp-content\\\/litespeed\\\/avatar\\\/09ea5085e600095a7a811142c6944527.jpg?ver=1788384175\",\"url\":\"https:\\\/\\\/www.ucaldas.edu.co\\\/portal\\\/wp-content\\\/litespeed\\\/avatar\\\/09ea5085e600095a7a811142c6944527.jpg?ver=1788384175\",\"contentUrl\":\"https:\\\/\\\/www.ucaldas.edu.co\\\/portal\\\/wp-content\\\/litespeed\\\/avatar\\\/09ea5085e600095a7a811142c6944527.jpg?ver=1788384175\",\"caption\":\"ofiprensa\"},\"url\":\"https:\\\/\\\/www.ucaldas.edu.co\\\/portal\\\/author\\\/ofiprensa\\\/\"}]}<\/script>\n<!-- \/ Yoast SEO plugin. -->","yoast_head_json":{"title":"La Universidad de Caldas e Instituciones Educativas del Departamento desarrollar\u00e1n Foro Local \u201cLa relaci\u00f3n familia \u2013 escuela, un compromiso compartido\u201d .","robots":{"index":"index","follow":"follow","max-snippet":"max-snippet:-1","max-image-preview":"max-image-preview:large","max-video-preview":"max-video-preview:-1"},"canonical":"https:\/\/www.ucaldas.edu.co\/portal\/la-universidad-de-caldas-e-instituciones-educativas-del-departamento-desarrollaran-foro-local-la-relacion-familia-escuela-un-compromiso-compartido\/","schema":{"@context":"https:\/\/schema.org","@graph":[{"@type":"Article","@id":"https:\/\/www.ucaldas.edu.co\/portal\/la-universidad-de-caldas-e-instituciones-educativas-del-departamento-desarrollaran-foro-local-la-relacion-familia-escuela-un-compromiso-compartido\/#article","isPartOf":{"@id":"https:\/\/www.ucaldas.edu.co\/portal\/la-universidad-de-caldas-e-instituciones-educativas-del-departamento-desarrollaran-foro-local-la-relacion-familia-escuela-un-compromiso-compartido\/"},"author":{"name":"ofiprensa","@id":"https:\/\/www.ucaldas.edu.co\/portal\/#\/schema\/person\/a1b482e23449158b4bc319926c074fdf"},"headline":"La Universidad de Caldas e Instituciones Educativas del Departamento desarrollar\u00e1n Foro Local \u201cLa relaci\u00f3n familia \u2013 escuela, un compromiso compartido\u201d","datePublished":"2023-10-04T19:56:32+00:00","mainEntityOfPage":{"@id":"https:\/\/www.ucaldas.edu.co\/portal\/la-universidad-de-caldas-e-instituciones-educativas-del-departamento-desarrollaran-foro-local-la-relacion-familia-escuela-un-compromiso-compartido\/"},"wordCount":177,"publisher":{"@id":"https:\/\/www.ucaldas.edu.co\/portal\/#organization"},"image":{"@id":"https:\/\/www.ucaldas.edu.co\/portal\/la-universidad-de-caldas-e-instituciones-educativas-del-departamento-desarrollaran-foro-local-la-relacion-familia-escuela-un-compromiso-compartido\/#primaryimage"},"thumbnailUrl":"https:\/\/www.ucaldas.edu.co\/portal\/wp-content\/uploads\/2023\/10\/foro.jpg","keywords":["foro"],"articleSection":["Actualidad","Universidad al D\u00eda"],"inLanguage":"es"},{"@type":"WebPage","@id":"https:\/\/www.ucaldas.edu.co\/portal\/la-universidad-de-caldas-e-instituciones-educativas-del-departamento-desarrollaran-foro-local-la-relacion-familia-escuela-un-compromiso-compartido\/","url":"https:\/\/www.ucaldas.edu.co\/portal\/la-universidad-de-caldas-e-instituciones-educativas-del-departamento-desarrollaran-foro-local-la-relacion-familia-escuela-un-compromiso-compartido\/","name":"La Universidad de Caldas e Instituciones Educativas del Departamento desarrollar\u00e1n Foro Local \u201cLa relaci\u00f3n familia \u2013 escuela, un compromiso compartido\u201d .","isPartOf":{"@id":"https:\/\/www.ucaldas.edu.co\/portal\/#website"},"primaryImageOfPage":{"@id":"https:\/\/www.ucaldas.edu.co\/portal\/la-universidad-de-caldas-e-instituciones-educativas-del-departamento-desarrollaran-foro-local-la-relacion-familia-escuela-un-compromiso-compartido\/#primaryimage"},"image":{"@id":"https:\/\/www.ucaldas.edu.co\/portal\/la-universidad-de-caldas-e-instituciones-educativas-del-departamento-desarrollaran-foro-local-la-relacion-familia-escuela-un-compromiso-compartido\/#primaryimage"},"thumbnailUrl":"https:\/\/www.ucaldas.edu.co\/portal\/wp-content\/uploads\/2023\/10\/foro.jpg","datePublished":"2023-10-04T19:56:32+00:00","breadcrumb":{"@id":"https:\/\/www.ucaldas.edu.co\/portal\/la-universidad-de-caldas-e-instituciones-educativas-del-departamento-desarrollaran-foro-local-la-relacion-familia-escuela-un-compromiso-compartido\/#breadcrumb"},"inLanguage":"es","potentialAction":[{"@type":"ReadAction","target":["https:\/\/www.ucaldas.edu.co\/portal\/la-universidad-de-caldas-e-instituciones-educativas-del-departamento-desarrollaran-foro-local-la-relacion-familia-escuela-un-compromiso-compartido\/"]}]},{"@type":"ImageObject","inLanguage":"es","@id":"https:\/\/www.ucaldas.edu.co\/portal\/la-universidad-de-caldas-e-instituciones-educativas-del-departamento-desarrollaran-foro-local-la-relacion-familia-escuela-un-compromiso-compartido\/#primaryimage","url":"https:\/\/www.ucaldas.edu.co\/portal\/wp-content\/uploads\/2023\/10\/foro.jpg","contentUrl":"https:\/\/www.ucaldas.edu.co\/portal\/wp-content\/uploads\/2023\/10\/foro.jpg","width":900,"height":510,"caption":"invitaci\u00f3n Foro Local La relaci\u00f3n familia \u2013 escuela, un compromiso compartido"},{"@type":"BreadcrumbList","@id":"https:\/\/www.ucaldas.edu.co\/portal\/la-universidad-de-caldas-e-instituciones-educativas-del-departamento-desarrollaran-foro-local-la-relacion-familia-escuela-un-compromiso-compartido\/#breadcrumb","itemListElement":[{"@type":"ListItem","position":1,"name":"Portada","item":"https:\/\/www.ucaldas.edu.co\/portal\/"},{"@type":"ListItem","position":2,"name":"La Universidad de Caldas e Instituciones Educativas del Departamento desarrollar\u00e1n Foro Local \u201cLa relaci\u00f3n familia \u2013 escuela, un compromiso compartido\u201d"}]},{"@type":"WebSite","@id":"https:\/\/www.ucaldas.edu.co\/portal\/#website","url":"https:\/\/www.ucaldas.edu.co\/portal\/","name":"Universidad de Caldas","description":"","publisher":{"@id":"https:\/\/www.ucaldas.edu.co\/portal\/#organization"},"alternateName":"U. de Caldas","potentialAction":[{"@type":"SearchAction","target":{"@type":"EntryPoint","urlTemplate":"https:\/\/www.ucaldas.edu.co\/portal\/?s={search_term_string}"},"query-input":{"@type":"PropertyValueSpecification","valueRequired":true,"valueName":"search_term_string"}}],"inLanguage":"es"},{"@type":"Organization","@id":"https:\/\/www.ucaldas.edu.co\/portal\/#organization","name":"Universidad de Caldas","alternateName":"U. de Caldas","url":"https:\/\/www.ucaldas.edu.co\/portal\/","logo":{"@type":"ImageObject","inLanguage":"es","@id":"https:\/\/www.ucaldas.edu.co\/portal\/#\/schema\/logo\/image\/","url":"https:\/\/www.ucaldas.edu.co\/portal\/wp-content\/uploads\/2023\/11\/Logo_horizontal_oscuroU-2023.png","contentUrl":"https:\/\/www.ucaldas.edu.co\/portal\/wp-content\/uploads\/2023\/11\/Logo_horizontal_oscuroU-2023.png","width":263,"height":101,"caption":"Universidad de Caldas"},"image":{"@id":"https:\/\/www.ucaldas.edu.co\/portal\/#\/schema\/logo\/image\/"},"sameAs":["https:\/\/www.facebook.com\/udecaldas","https:\/\/x.com\/udecaldas","https:\/\/www.youtube.com\/universidadcaldas","https:\/\/www.instagram.com\/udecaldas\/"]},{"@type":"Person","@id":"https:\/\/www.ucaldas.edu.co\/portal\/#\/schema\/person\/a1b482e23449158b4bc319926c074fdf","name":"ofiprensa","image":{"@type":"ImageObject","inLanguage":"es","@id":"https:\/\/www.ucaldas.edu.co\/portal\/wp-content\/litespeed\/avatar\/09ea5085e600095a7a811142c6944527.jpg?ver=1788384175","url":"https:\/\/www.ucaldas.edu.co\/portal\/wp-content\/litespeed\/avatar\/09ea5085e600095a7a811142c6944527.jpg?ver=1788384175","contentUrl":"https:\/\/www.ucaldas.edu.co\/portal\/wp-content\/litespeed\/avatar\/09ea5085e600095a7a811142c6944527.jpg?ver=1788384175","caption":"ofiprensa"},"url":"https:\/\/www.ucaldas.edu.co\/portal\/author\/ofiprensa\/"}]}},"_links":{"self":[{"href":"https:\/\/www.ucaldas.edu.co\/portal\/wp-json\/wp\/v2\/posts\/77505","targetHints":{"allow":["GET"]}}],"collection":[{"href":"https:\/\/www.ucaldas.edu.co\/portal\/wp-json\/wp\/v2\/posts"}],"about":[{"href":"https:\/\/www.ucaldas.edu.co\/portal\/wp-json\/wp\/v2\/types\/post"}],"author":[{"embeddable":true,"href":"https:\/\/www.ucaldas.edu.co\/portal\/wp-json\/wp\/v2\/users\/2"}],"replies":[{"embeddable":true,"href":"https:\/\/www.ucaldas.edu.co\/portal\/wp-json\/wp\/v2\/comments?post=77505"}],"version-history":[{"count":0,"href":"https:\/\/www.ucaldas.edu.co\/portal\/wp-json\/wp\/v2\/posts\/77505\/revisions"}],"wp:featuredmedia":[{"embeddable":true,"href":"https:\/\/www.ucaldas.edu.co\/portal\/wp-json\/wp\/v2\/media\/77506"}],"wp:attachment":[{"href":"https:\/\/www.ucaldas.edu.co\/portal\/wp-json\/wp\/v2\/media?parent=77505"}],"wp:term":[{"taxonomy":"category","embeddable":true,"href":"https:\/\/www.ucaldas.edu.co\/portal\/wp-json\/wp\/v2\/categories?post=77505"},{"taxonomy":"post_tag","embeddable":true,"href":"https:\/\/www.ucaldas.edu.co\/portal\/wp-json\/wp\/v2\/tags?post=77505"}],"curies":[{"name":"wp","href":"https:\/\/api.w.org\/{rel}","templated":true}]}}