{"id":77449,"date":"2023-10-02T15:30:28","date_gmt":"2023-10-02T15:30:28","guid":{"rendered":"https:\/\/www.ucaldas.edu.co\/portal\/?p=77449"},"modified":"2023-10-02T15:30:28","modified_gmt":"2023-10-02T15:30:28","slug":"docente-de-la-universidad-de-caldas-participo-como-par-evaluador-del-consejo-nacional-de-acreditacion","status":"publish","type":"post","link":"https:\/\/www.ucaldas.edu.co\/portal\/docente-de-la-universidad-de-caldas-participo-como-par-evaluador-del-consejo-nacional-de-acreditacion\/","title":{"rendered":"Docente de la Universidad de Caldas particip\u00f3 como Par Evaluador del Consejo Nacional de Acreditaci\u00f3n"},"content":{"rendered":"<p><img loading=\"lazy\" decoding=\"async\" class=\"aligncenter size-full wp-image-77450\" src=\"https:\/\/www.ucaldas.edu.co\/portal\/wp-content\/uploads\/2023\/10\/cna.jpg\" alt=\"docente par evaluador cna\" width=\"900\" height=\"510\" srcset=\"https:\/\/www.ucaldas.edu.co\/portal\/wp-content\/uploads\/2023\/10\/cna.jpg 900w, https:\/\/www.ucaldas.edu.co\/portal\/wp-content\/uploads\/2023\/10\/cna-300x170.jpg 300w, https:\/\/www.ucaldas.edu.co\/portal\/wp-content\/uploads\/2023\/10\/cna-768x435.jpg 768w\" sizes=\"auto, (max-width: 900px) 100vw, 900px\" \/><\/p>\n<p>La Docente del Departamento de Estudios Educativos de la Facultad de Artes y Humanidades de la Universidad de Caldas, Sandra Marcela G\u00f3mez Chica, particip\u00f3 como Par Evaluador del Consejo Nacional Acreditaci\u00f3n, CNA, en el proceso de acreditaci\u00f3n de la Maestr\u00eda en Educaci\u00f3n Art\u00edstica de la Universidad Nacional, sede Bogot\u00e1.<!--more--><\/p>\n<p>El Consejo Nacional de Acreditaci\u00f3n, CNA, es una entidad de car\u00e1cter p\u00fablica adscrita al Sistema Nacional de Acreditaci\u00f3n del Ministerio de Educaci\u00f3n de Colombia, cuyo objetivo es garantizar que las instituciones y programas que se acreditan cumplen los m\u00e1s altos niveles de calidad.<\/p>\n<p>Los pares evaluadores designados por el CNA son los encargados de valorar los programas de pregrado y posgrado en aspectos como los procesos internos, vinculaci\u00f3n de estudiantes, proyecci\u00f3n de egresados, investigaci\u00f3n, entre otros factores fundamentales, que le permiten a los programas obtener su acreditaci\u00f3n.<\/p>\n<p>Seg\u00fan lo manifiesta la docente G\u00f3mez, desempe\u00f1arse como par evaluador del CNA, en representaci\u00f3n de la Universidad de Caldas, es un reconocimiento que este organismo le hace a la instituci\u00f3n, puesto que se traduce en la alta calidad profesional con la que cuentan los docentes de la Universidad para la realizaci\u00f3n de este tipo de procesos evaluadores.<\/p>\n<p><strong>Anexo:<\/strong><\/p>\n<p><a href=\"https:\/\/www.ucaldas.edu.co\/portal\/wp-content\/uploads\/2023\/10\/Docente-Universidad-de-Caldas-Sandra-Marcela-Gomez-Chica.mp3\"><strong>Audio Docente Universidad de Caldas, Sandra Marcela G\u00f3mez Chica.<\/strong><\/a><\/p>\n<audio class=\"wp-audio-shortcode\" id=\"audio-77449-1\" preload=\"none\" style=\"width: 100%;\" controls=\"controls\"><source type=\"audio\/mpeg\" src=\"https:\/\/www.ucaldas.edu.co\/portal\/wp-content\/uploads\/2023\/10\/Docente-Universidad-de-Caldas-Sandra-Marcela-Gomez-Chica.mp3?_=1\" \/><a href=\"https:\/\/www.ucaldas.edu.co\/portal\/wp-content\/uploads\/2023\/10\/Docente-Universidad-de-Caldas-Sandra-Marcela-Gomez-Chica.mp3\">https:\/\/www.ucaldas.edu.co\/portal\/wp-content\/uploads\/2023\/10\/Docente-Universidad-de-Caldas-Sandra-Marcela-Gomez-Chica.mp3<\/a><\/audio>\n","protected":false},"excerpt":{"rendered":"<p>La Docente del Departamento de Estudios Educativos de la Facultad de Artes y Humanidades de la Universidad de Caldas, Sandra Marcela G\u00f3mez Chica, particip\u00f3 como Par Evaluador del Consejo Nacional Acreditaci\u00f3n, CNA, en el proceso de acreditaci\u00f3n de la Maestr\u00eda en Educaci\u00f3n Art\u00edstica de la Universidad Nacional, sede Bogot\u00e1.<\/p>\n","protected":false},"author":2,"featured_media":77450,"comment_status":"closed","ping_status":"open","sticky":false,"template":"","format":"standard","meta":{"footnotes":""},"categories":[48,53],"tags":[3774],"class_list":["post-77449","post","type-post","status-publish","format-standard","has-post-thumbnail","hentry","category-actualidad","category-universidad-al-dia","tag-cna"],"yoast_head":"<!-- This site is optimized with the Yoast SEO plugin v27.5 - https:\/\/yoast.com\/product\/yoast-seo-wordpress\/ -->\n<title>Docente de la Universidad de Caldas particip\u00f3 como Par Evaluador del Consejo Nacional de Acreditaci\u00f3n .<\/title>\n<meta name=\"robots\" content=\"index, follow, max-snippet:-1, max-image-preview:large, max-video-preview:-1\" \/>\n<link rel=\"canonical\" href=\"https:\/\/www.ucaldas.edu.co\/portal\/docente-de-la-universidad-de-caldas-participo-como-par-evaluador-del-consejo-nacional-de-acreditacion\/\" \/>\n<script type=\"application\/ld+json\" class=\"yoast-schema-graph\">{\"@context\":\"https:\\\/\\\/schema.org\",\"@graph\":[{\"@type\":\"Article\",\"@id\":\"https:\\\/\\\/www.ucaldas.edu.co\\\/portal\\\/docente-de-la-universidad-de-caldas-participo-como-par-evaluador-del-consejo-nacional-de-acreditacion\\\/#article\",\"isPartOf\":{\"@id\":\"https:\\\/\\\/www.ucaldas.edu.co\\\/portal\\\/docente-de-la-universidad-de-caldas-participo-como-par-evaluador-del-consejo-nacional-de-acreditacion\\\/\"},\"author\":{\"name\":\"ofiprensa\",\"@id\":\"https:\\\/\\\/www.ucaldas.edu.co\\\/portal\\\/#\\\/schema\\\/person\\\/a1b482e23449158b4bc319926c074fdf\"},\"headline\":\"Docente de la Universidad de Caldas particip\u00f3 como Par Evaluador del Consejo Nacional de Acreditaci\u00f3n\",\"datePublished\":\"2023-10-02T15:30:28+00:00\",\"mainEntityOfPage\":{\"@id\":\"https:\\\/\\\/www.ucaldas.edu.co\\\/portal\\\/docente-de-la-universidad-de-caldas-participo-como-par-evaluador-del-consejo-nacional-de-acreditacion\\\/\"},\"wordCount\":255,\"publisher\":{\"@id\":\"https:\\\/\\\/www.ucaldas.edu.co\\\/portal\\\/#organization\"},\"image\":{\"@id\":\"https:\\\/\\\/www.ucaldas.edu.co\\\/portal\\\/docente-de-la-universidad-de-caldas-participo-como-par-evaluador-del-consejo-nacional-de-acreditacion\\\/#primaryimage\"},\"thumbnailUrl\":\"https:\\\/\\\/www.ucaldas.edu.co\\\/portal\\\/wp-content\\\/uploads\\\/2023\\\/10\\\/cna.jpg\",\"keywords\":[\"CNA\"],\"articleSection\":[\"Actualidad\",\"Universidad al D\u00eda\"],\"inLanguage\":\"es\"},{\"@type\":\"WebPage\",\"@id\":\"https:\\\/\\\/www.ucaldas.edu.co\\\/portal\\\/docente-de-la-universidad-de-caldas-participo-como-par-evaluador-del-consejo-nacional-de-acreditacion\\\/\",\"url\":\"https:\\\/\\\/www.ucaldas.edu.co\\\/portal\\\/docente-de-la-universidad-de-caldas-participo-como-par-evaluador-del-consejo-nacional-de-acreditacion\\\/\",\"name\":\"Docente de la Universidad de Caldas particip\u00f3 como Par Evaluador del Consejo Nacional de Acreditaci\u00f3n .\",\"isPartOf\":{\"@id\":\"https:\\\/\\\/www.ucaldas.edu.co\\\/portal\\\/#website\"},\"primaryImageOfPage\":{\"@id\":\"https:\\\/\\\/www.ucaldas.edu.co\\\/portal\\\/docente-de-la-universidad-de-caldas-participo-como-par-evaluador-del-consejo-nacional-de-acreditacion\\\/#primaryimage\"},\"image\":{\"@id\":\"https:\\\/\\\/www.ucaldas.edu.co\\\/portal\\\/docente-de-la-universidad-de-caldas-participo-como-par-evaluador-del-consejo-nacional-de-acreditacion\\\/#primaryimage\"},\"thumbnailUrl\":\"https:\\\/\\\/www.ucaldas.edu.co\\\/portal\\\/wp-content\\\/uploads\\\/2023\\\/10\\\/cna.jpg\",\"datePublished\":\"2023-10-02T15:30:28+00:00\",\"breadcrumb\":{\"@id\":\"https:\\\/\\\/www.ucaldas.edu.co\\\/portal\\\/docente-de-la-universidad-de-caldas-participo-como-par-evaluador-del-consejo-nacional-de-acreditacion\\\/#breadcrumb\"},\"inLanguage\":\"es\",\"potentialAction\":[{\"@type\":\"ReadAction\",\"target\":[\"https:\\\/\\\/www.ucaldas.edu.co\\\/portal\\\/docente-de-la-universidad-de-caldas-participo-como-par-evaluador-del-consejo-nacional-de-acreditacion\\\/\"]}]},{\"@type\":\"ImageObject\",\"inLanguage\":\"es\",\"@id\":\"https:\\\/\\\/www.ucaldas.edu.co\\\/portal\\\/docente-de-la-universidad-de-caldas-participo-como-par-evaluador-del-consejo-nacional-de-acreditacion\\\/#primaryimage\",\"url\":\"https:\\\/\\\/www.ucaldas.edu.co\\\/portal\\\/wp-content\\\/uploads\\\/2023\\\/10\\\/cna.jpg\",\"contentUrl\":\"https:\\\/\\\/www.ucaldas.edu.co\\\/portal\\\/wp-content\\\/uploads\\\/2023\\\/10\\\/cna.jpg\",\"width\":900,\"height\":510,\"caption\":\"docente par evaluador cna\"},{\"@type\":\"BreadcrumbList\",\"@id\":\"https:\\\/\\\/www.ucaldas.edu.co\\\/portal\\\/docente-de-la-universidad-de-caldas-participo-como-par-evaluador-del-consejo-nacional-de-acreditacion\\\/#breadcrumb\",\"itemListElement\":[{\"@type\":\"ListItem\",\"position\":1,\"name\":\"Portada\",\"item\":\"https:\\\/\\\/www.ucaldas.edu.co\\\/portal\\\/\"},{\"@type\":\"ListItem\",\"position\":2,\"name\":\"Docente de la Universidad de Caldas particip\u00f3 como Par Evaluador del Consejo Nacional de Acreditaci\u00f3n\"}]},{\"@type\":\"WebSite\",\"@id\":\"https:\\\/\\\/www.ucaldas.edu.co\\\/portal\\\/#website\",\"url\":\"https:\\\/\\\/www.ucaldas.edu.co\\\/portal\\\/\",\"name\":\"Universidad de Caldas\",\"description\":\"\",\"publisher\":{\"@id\":\"https:\\\/\\\/www.ucaldas.edu.co\\\/portal\\\/#organization\"},\"alternateName\":\"U. de Caldas\",\"potentialAction\":[{\"@type\":\"SearchAction\",\"target\":{\"@type\":\"EntryPoint\",\"urlTemplate\":\"https:\\\/\\\/www.ucaldas.edu.co\\\/portal\\\/?s={search_term_string}\"},\"query-input\":{\"@type\":\"PropertyValueSpecification\",\"valueRequired\":true,\"valueName\":\"search_term_string\"}}],\"inLanguage\":\"es\"},{\"@type\":\"Organization\",\"@id\":\"https:\\\/\\\/www.ucaldas.edu.co\\\/portal\\\/#organization\",\"name\":\"Universidad de Caldas\",\"alternateName\":\"U. de Caldas\",\"url\":\"https:\\\/\\\/www.ucaldas.edu.co\\\/portal\\\/\",\"logo\":{\"@type\":\"ImageObject\",\"inLanguage\":\"es\",\"@id\":\"https:\\\/\\\/www.ucaldas.edu.co\\\/portal\\\/#\\\/schema\\\/logo\\\/image\\\/\",\"url\":\"https:\\\/\\\/www.ucaldas.edu.co\\\/portal\\\/wp-content\\\/uploads\\\/2023\\\/11\\\/Logo_horizontal_oscuroU-2023.png\",\"contentUrl\":\"https:\\\/\\\/www.ucaldas.edu.co\\\/portal\\\/wp-content\\\/uploads\\\/2023\\\/11\\\/Logo_horizontal_oscuroU-2023.png\",\"width\":263,\"height\":101,\"caption\":\"Universidad de Caldas\"},\"image\":{\"@id\":\"https:\\\/\\\/www.ucaldas.edu.co\\\/portal\\\/#\\\/schema\\\/logo\\\/image\\\/\"},\"sameAs\":[\"https:\\\/\\\/www.facebook.com\\\/udecaldas\",\"https:\\\/\\\/x.com\\\/udecaldas\",\"https:\\\/\\\/www.youtube.com\\\/universidadcaldas\",\"https:\\\/\\\/www.instagram.com\\\/udecaldas\\\/\"]},{\"@type\":\"Person\",\"@id\":\"https:\\\/\\\/www.ucaldas.edu.co\\\/portal\\\/#\\\/schema\\\/person\\\/a1b482e23449158b4bc319926c074fdf\",\"name\":\"ofiprensa\",\"image\":{\"@type\":\"ImageObject\",\"inLanguage\":\"es\",\"@id\":\"https:\\\/\\\/www.ucaldas.edu.co\\\/portal\\\/wp-content\\\/litespeed\\\/avatar\\\/09ea5085e600095a7a811142c6944527.jpg?ver=1777497608\",\"url\":\"https:\\\/\\\/www.ucaldas.edu.co\\\/portal\\\/wp-content\\\/litespeed\\\/avatar\\\/09ea5085e600095a7a811142c6944527.jpg?ver=1777497608\",\"contentUrl\":\"https:\\\/\\\/www.ucaldas.edu.co\\\/portal\\\/wp-content\\\/litespeed\\\/avatar\\\/09ea5085e600095a7a811142c6944527.jpg?ver=1777497608\",\"caption\":\"ofiprensa\"},\"url\":\"https:\\\/\\\/www.ucaldas.edu.co\\\/portal\\\/author\\\/ofiprensa\\\/\"}]}<\/script>\n<!-- \/ Yoast SEO plugin. -->","yoast_head_json":{"title":"Docente de la Universidad de Caldas particip\u00f3 como Par Evaluador del Consejo Nacional de Acreditaci\u00f3n .","robots":{"index":"index","follow":"follow","max-snippet":"max-snippet:-1","max-image-preview":"max-image-preview:large","max-video-preview":"max-video-preview:-1"},"canonical":"https:\/\/www.ucaldas.edu.co\/portal\/docente-de-la-universidad-de-caldas-participo-como-par-evaluador-del-consejo-nacional-de-acreditacion\/","schema":{"@context":"https:\/\/schema.org","@graph":[{"@type":"Article","@id":"https:\/\/www.ucaldas.edu.co\/portal\/docente-de-la-universidad-de-caldas-participo-como-par-evaluador-del-consejo-nacional-de-acreditacion\/#article","isPartOf":{"@id":"https:\/\/www.ucaldas.edu.co\/portal\/docente-de-la-universidad-de-caldas-participo-como-par-evaluador-del-consejo-nacional-de-acreditacion\/"},"author":{"name":"ofiprensa","@id":"https:\/\/www.ucaldas.edu.co\/portal\/#\/schema\/person\/a1b482e23449158b4bc319926c074fdf"},"headline":"Docente de la Universidad de Caldas particip\u00f3 como Par Evaluador del Consejo Nacional de Acreditaci\u00f3n","datePublished":"2023-10-02T15:30:28+00:00","mainEntityOfPage":{"@id":"https:\/\/www.ucaldas.edu.co\/portal\/docente-de-la-universidad-de-caldas-participo-como-par-evaluador-del-consejo-nacional-de-acreditacion\/"},"wordCount":255,"publisher":{"@id":"https:\/\/www.ucaldas.edu.co\/portal\/#organization"},"image":{"@id":"https:\/\/www.ucaldas.edu.co\/portal\/docente-de-la-universidad-de-caldas-participo-como-par-evaluador-del-consejo-nacional-de-acreditacion\/#primaryimage"},"thumbnailUrl":"https:\/\/www.ucaldas.edu.co\/portal\/wp-content\/uploads\/2023\/10\/cna.jpg","keywords":["CNA"],"articleSection":["Actualidad","Universidad al D\u00eda"],"inLanguage":"es"},{"@type":"WebPage","@id":"https:\/\/www.ucaldas.edu.co\/portal\/docente-de-la-universidad-de-caldas-participo-como-par-evaluador-del-consejo-nacional-de-acreditacion\/","url":"https:\/\/www.ucaldas.edu.co\/portal\/docente-de-la-universidad-de-caldas-participo-como-par-evaluador-del-consejo-nacional-de-acreditacion\/","name":"Docente de la Universidad de Caldas particip\u00f3 como Par Evaluador del Consejo Nacional de Acreditaci\u00f3n .","isPartOf":{"@id":"https:\/\/www.ucaldas.edu.co\/portal\/#website"},"primaryImageOfPage":{"@id":"https:\/\/www.ucaldas.edu.co\/portal\/docente-de-la-universidad-de-caldas-participo-como-par-evaluador-del-consejo-nacional-de-acreditacion\/#primaryimage"},"image":{"@id":"https:\/\/www.ucaldas.edu.co\/portal\/docente-de-la-universidad-de-caldas-participo-como-par-evaluador-del-consejo-nacional-de-acreditacion\/#primaryimage"},"thumbnailUrl":"https:\/\/www.ucaldas.edu.co\/portal\/wp-content\/uploads\/2023\/10\/cna.jpg","datePublished":"2023-10-02T15:30:28+00:00","breadcrumb":{"@id":"https:\/\/www.ucaldas.edu.co\/portal\/docente-de-la-universidad-de-caldas-participo-como-par-evaluador-del-consejo-nacional-de-acreditacion\/#breadcrumb"},"inLanguage":"es","potentialAction":[{"@type":"ReadAction","target":["https:\/\/www.ucaldas.edu.co\/portal\/docente-de-la-universidad-de-caldas-participo-como-par-evaluador-del-consejo-nacional-de-acreditacion\/"]}]},{"@type":"ImageObject","inLanguage":"es","@id":"https:\/\/www.ucaldas.edu.co\/portal\/docente-de-la-universidad-de-caldas-participo-como-par-evaluador-del-consejo-nacional-de-acreditacion\/#primaryimage","url":"https:\/\/www.ucaldas.edu.co\/portal\/wp-content\/uploads\/2023\/10\/cna.jpg","contentUrl":"https:\/\/www.ucaldas.edu.co\/portal\/wp-content\/uploads\/2023\/10\/cna.jpg","width":900,"height":510,"caption":"docente par evaluador cna"},{"@type":"BreadcrumbList","@id":"https:\/\/www.ucaldas.edu.co\/portal\/docente-de-la-universidad-de-caldas-participo-como-par-evaluador-del-consejo-nacional-de-acreditacion\/#breadcrumb","itemListElement":[{"@type":"ListItem","position":1,"name":"Portada","item":"https:\/\/www.ucaldas.edu.co\/portal\/"},{"@type":"ListItem","position":2,"name":"Docente de la Universidad de Caldas particip\u00f3 como Par Evaluador del Consejo Nacional de Acreditaci\u00f3n"}]},{"@type":"WebSite","@id":"https:\/\/www.ucaldas.edu.co\/portal\/#website","url":"https:\/\/www.ucaldas.edu.co\/portal\/","name":"Universidad de Caldas","description":"","publisher":{"@id":"https:\/\/www.ucaldas.edu.co\/portal\/#organization"},"alternateName":"U. de Caldas","potentialAction":[{"@type":"SearchAction","target":{"@type":"EntryPoint","urlTemplate":"https:\/\/www.ucaldas.edu.co\/portal\/?s={search_term_string}"},"query-input":{"@type":"PropertyValueSpecification","valueRequired":true,"valueName":"search_term_string"}}],"inLanguage":"es"},{"@type":"Organization","@id":"https:\/\/www.ucaldas.edu.co\/portal\/#organization","name":"Universidad de Caldas","alternateName":"U. de Caldas","url":"https:\/\/www.ucaldas.edu.co\/portal\/","logo":{"@type":"ImageObject","inLanguage":"es","@id":"https:\/\/www.ucaldas.edu.co\/portal\/#\/schema\/logo\/image\/","url":"https:\/\/www.ucaldas.edu.co\/portal\/wp-content\/uploads\/2023\/11\/Logo_horizontal_oscuroU-2023.png","contentUrl":"https:\/\/www.ucaldas.edu.co\/portal\/wp-content\/uploads\/2023\/11\/Logo_horizontal_oscuroU-2023.png","width":263,"height":101,"caption":"Universidad de Caldas"},"image":{"@id":"https:\/\/www.ucaldas.edu.co\/portal\/#\/schema\/logo\/image\/"},"sameAs":["https:\/\/www.facebook.com\/udecaldas","https:\/\/x.com\/udecaldas","https:\/\/www.youtube.com\/universidadcaldas","https:\/\/www.instagram.com\/udecaldas\/"]},{"@type":"Person","@id":"https:\/\/www.ucaldas.edu.co\/portal\/#\/schema\/person\/a1b482e23449158b4bc319926c074fdf","name":"ofiprensa","image":{"@type":"ImageObject","inLanguage":"es","@id":"https:\/\/www.ucaldas.edu.co\/portal\/wp-content\/litespeed\/avatar\/09ea5085e600095a7a811142c6944527.jpg?ver=1777497608","url":"https:\/\/www.ucaldas.edu.co\/portal\/wp-content\/litespeed\/avatar\/09ea5085e600095a7a811142c6944527.jpg?ver=1777497608","contentUrl":"https:\/\/www.ucaldas.edu.co\/portal\/wp-content\/litespeed\/avatar\/09ea5085e600095a7a811142c6944527.jpg?ver=1777497608","caption":"ofiprensa"},"url":"https:\/\/www.ucaldas.edu.co\/portal\/author\/ofiprensa\/"}]}},"_links":{"self":[{"href":"https:\/\/www.ucaldas.edu.co\/portal\/wp-json\/wp\/v2\/posts\/77449","targetHints":{"allow":["GET"]}}],"collection":[{"href":"https:\/\/www.ucaldas.edu.co\/portal\/wp-json\/wp\/v2\/posts"}],"about":[{"href":"https:\/\/www.ucaldas.edu.co\/portal\/wp-json\/wp\/v2\/types\/post"}],"author":[{"embeddable":true,"href":"https:\/\/www.ucaldas.edu.co\/portal\/wp-json\/wp\/v2\/users\/2"}],"replies":[{"embeddable":true,"href":"https:\/\/www.ucaldas.edu.co\/portal\/wp-json\/wp\/v2\/comments?post=77449"}],"version-history":[{"count":0,"href":"https:\/\/www.ucaldas.edu.co\/portal\/wp-json\/wp\/v2\/posts\/77449\/revisions"}],"wp:featuredmedia":[{"embeddable":true,"href":"https:\/\/www.ucaldas.edu.co\/portal\/wp-json\/wp\/v2\/media\/77450"}],"wp:attachment":[{"href":"https:\/\/www.ucaldas.edu.co\/portal\/wp-json\/wp\/v2\/media?parent=77449"}],"wp:term":[{"taxonomy":"category","embeddable":true,"href":"https:\/\/www.ucaldas.edu.co\/portal\/wp-json\/wp\/v2\/categories?post=77449"},{"taxonomy":"post_tag","embeddable":true,"href":"https:\/\/www.ucaldas.edu.co\/portal\/wp-json\/wp\/v2\/tags?post=77449"}],"curies":[{"name":"wp","href":"https:\/\/api.w.org\/{rel}","templated":true}]}}