{"id":77342,"date":"2023-09-25T18:54:43","date_gmt":"2023-09-25T18:54:43","guid":{"rendered":"https:\/\/www.ucaldas.edu.co\/portal\/?p=77342"},"modified":"2023-10-02T18:37:57","modified_gmt":"2023-10-02T18:37:57","slug":"participe-en-el-tercer-congreso-internacional-de-practicas-pedagogicas-2","status":"publish","type":"post","link":"https:\/\/www.ucaldas.edu.co\/portal\/participe-en-el-tercer-congreso-internacional-de-practicas-pedagogicas-2\/","title":{"rendered":"Participe en el Tercer Congreso Internacional de Pr\u00e1cticas Pedag\u00f3gicas"},"content":{"rendered":"<p><img loading=\"lazy\" decoding=\"async\" class=\"aligncenter size-full wp-image-77343\" src=\"https:\/\/www.ucaldas.edu.co\/portal\/wp-content\/uploads\/2023\/09\/practicas.jpg\" alt=\"evento desarrollado desde el Departamento de Estudios Educativos de las facultades de Artes y Humanidades, Ciencias Exactas y Naturales, Ciencias para la Salud, Ciencias Jur\u00eddicas y Sociales; y la Vicerrector\u00eda de Proyecci\u00f3n Universitaria.\" width=\"900\" height=\"510\" srcset=\"https:\/\/www.ucaldas.edu.co\/portal\/wp-content\/uploads\/2023\/09\/practicas.jpg 900w, https:\/\/www.ucaldas.edu.co\/portal\/wp-content\/uploads\/2023\/09\/practicas-300x170.jpg 300w, https:\/\/www.ucaldas.edu.co\/portal\/wp-content\/uploads\/2023\/09\/practicas-768x435.jpg 768w\" sizes=\"auto, (max-width: 900px) 100vw, 900px\" \/><\/p>\n<p>Del 11 al 13 de octubre se llevar\u00e1 a cabo en la Universidad de Caldas el Tercer Congreso Internacional de Pr\u00e1cticas Pedag\u00f3gicas, un evento desarrollado desde el Departamento de Estudios Educativos de las facultades de Artes y Humanidades, Ciencias Exactas y Naturales, Ciencias para la Salud, Ciencias Jur\u00eddicas y Sociales; y la Vicerrector\u00eda de Proyecci\u00f3n Universitaria.<!--more--><\/p>\n<p>Este evento est\u00e1 proyectado para maestros en todos los niveles del sistema educativo, para los estudiantes de las Escuelas Normales, programas de Licenciaturas y programas de posgrados de Educaci\u00f3n Superior. Se contar\u00e1 adem\u00e1s con participantes, asistentes y ponentes de diferentes regiones de Colombia y de pa\u00edses como Ecuador, Rep\u00fablica Dominicana, Argentina y Per\u00fa.<\/p>\n<p>La Docente y Coordinadora del Congreso, Tatiana Mar\u00edn S\u00e1nchez, explica que este espacio busca compartir experiencias y estudios en diferentes contextos y poblaciones, en los que se hace necesario pensar las pr\u00e1cticas pedag\u00f3gicas desde la diversidad y la interculturalidad, en sus diferentes manifestaciones, enfoc\u00e1ndose en la construcci\u00f3n de conocimientos y la formaci\u00f3n de investigadores en los procesos de la pr\u00e1ctica pedag\u00f3gica docente.<\/p>\n<p>El Congreso contar\u00e1 con las siguientes mesas de trabajo:<\/p>\n<ul>\n<li>Pr\u00e1cticas pedag\u00f3gicas: Construcci\u00f3n de paz y ciudadan\u00eda.<\/li>\n<li>Pr\u00e1cticas pedag\u00f3gicas: Infancias y juventudes.<\/li>\n<li>Pr\u00e1cticas pedag\u00f3gicas: Investigaci\u00f3n e innovaci\u00f3n y nuevas tecnolog\u00edas.<\/li>\n<li>Pr\u00e1cticas pedag\u00f3gicas art\u00edsticas: docencia, investigaci\u00f3n y creaci\u00f3n.<\/li>\n<li>Pr\u00e1cticas pedag\u00f3gicas: did\u00e1cticas de las Ciencias.<\/li>\n<li>Pr\u00e1cticas pedag\u00f3gicas: Educaci\u00f3n Ambiental.<\/li>\n<li>Pr\u00e1cticas pedag\u00f3gicas: curr\u00edculum y evaluaci\u00f3n.<\/li>\n<li>Pr\u00e1cticas pedag\u00f3gicas de educaci\u00f3n inclusiva, diversidad e interculturalidad.<\/li>\n<li>Pr\u00e1cticas pedag\u00f3gicas. Contextos educativos rurales.<\/li>\n<li>Pr\u00e1cticas pedag\u00f3gicas del aprendizaje significativo al aprendizaje estrat\u00e9gico.<\/li>\n<\/ul>\n<p>Actualmente, se encuentran abiertas las inscripciones como asistente en el siguiente enlace: <strong><a href=\"https:\/\/forms.gle\/sdSG8gbq9bHETFEx7\">Inscripciones.<\/a><\/strong><\/p>\n<p>En paralelo al evento, se desarrollar\u00e1 tambi\u00e9n el cuarto Congreso Regional de Pr\u00e1cticas Pedag\u00f3gicas y y el tercer Coloquio de Estudiantes de Posgrado.<\/p>\n<p><strong>Anexo:<\/strong><\/p>\n<p><a href=\"https:\/\/www.ucaldas.edu.co\/portal\/wp-content\/uploads\/2023\/09\/Coordinadora-del-Congreso-Tatiana-Marin-Sanchez.mp3\"><strong>Audio Coordinadora del Congreso, Tatiana Mar\u00edn S\u00e1nchez.<\/strong><\/a><\/p>\n<audio class=\"wp-audio-shortcode\" id=\"audio-77342-1\" preload=\"none\" style=\"width: 100%;\" controls=\"controls\"><source type=\"audio\/mpeg\" src=\"https:\/\/www.ucaldas.edu.co\/portal\/wp-content\/uploads\/2023\/09\/Coordinadora-del-Congreso-Tatiana-Marin-Sanchez.mp3?_=1\" \/><a href=\"https:\/\/www.ucaldas.edu.co\/portal\/wp-content\/uploads\/2023\/09\/Coordinadora-del-Congreso-Tatiana-Marin-Sanchez.mp3\">https:\/\/www.ucaldas.edu.co\/portal\/wp-content\/uploads\/2023\/09\/Coordinadora-del-Congreso-Tatiana-Marin-Sanchez.mp3<\/a><\/audio>\n","protected":false},"excerpt":{"rendered":"<p>Del 11 al 13 de octubre se llevar\u00e1 a cabo en la Universidad de Caldas el Tercer Congreso Internacional de Pr\u00e1cticas Pedag\u00f3gicas, un evento desarrollado desde el Departamento de Estudios Educativos de las facultades de Artes y Humanidades, Ciencias Exactas y Naturales, Ciencias para la Salud, Ciencias Jur\u00eddicas y Sociales; y la Vicerrector\u00eda de Proyecci\u00f3n [&hellip;]<\/p>\n","protected":false},"author":2,"featured_media":77343,"comment_status":"closed","ping_status":"open","sticky":false,"template":"","format":"standard","meta":{"footnotes":""},"categories":[48,53],"tags":[171],"class_list":["post-77342","post","type-post","status-publish","format-standard","has-post-thumbnail","hentry","category-actualidad","category-universidad-al-dia","tag-congreso"],"yoast_head":"<!-- This site is optimized with the Yoast SEO plugin v27.5 - https:\/\/yoast.com\/product\/yoast-seo-wordpress\/ -->\n<title>Participe en el Tercer Congreso Internacional de Pr\u00e1cticas Pedag\u00f3gicas .<\/title>\n<meta name=\"robots\" content=\"index, follow, max-snippet:-1, max-image-preview:large, max-video-preview:-1\" \/>\n<link rel=\"canonical\" href=\"https:\/\/www.ucaldas.edu.co\/portal\/participe-en-el-tercer-congreso-internacional-de-practicas-pedagogicas-2\/\" \/>\n<script type=\"application\/ld+json\" class=\"yoast-schema-graph\">{\"@context\":\"https:\\\/\\\/schema.org\",\"@graph\":[{\"@type\":\"Article\",\"@id\":\"https:\\\/\\\/www.ucaldas.edu.co\\\/portal\\\/participe-en-el-tercer-congreso-internacional-de-practicas-pedagogicas-2\\\/#article\",\"isPartOf\":{\"@id\":\"https:\\\/\\\/www.ucaldas.edu.co\\\/portal\\\/participe-en-el-tercer-congreso-internacional-de-practicas-pedagogicas-2\\\/\"},\"author\":{\"name\":\"ofiprensa\",\"@id\":\"https:\\\/\\\/www.ucaldas.edu.co\\\/portal\\\/#\\\/schema\\\/person\\\/a1b482e23449158b4bc319926c074fdf\"},\"headline\":\"Participe en el Tercer Congreso Internacional de Pr\u00e1cticas Pedag\u00f3gicas\",\"datePublished\":\"2023-09-25T18:54:43+00:00\",\"dateModified\":\"2023-10-02T18:37:57+00:00\",\"mainEntityOfPage\":{\"@id\":\"https:\\\/\\\/www.ucaldas.edu.co\\\/portal\\\/participe-en-el-tercer-congreso-internacional-de-practicas-pedagogicas-2\\\/\"},\"wordCount\":366,\"publisher\":{\"@id\":\"https:\\\/\\\/www.ucaldas.edu.co\\\/portal\\\/#organization\"},\"image\":{\"@id\":\"https:\\\/\\\/www.ucaldas.edu.co\\\/portal\\\/participe-en-el-tercer-congreso-internacional-de-practicas-pedagogicas-2\\\/#primaryimage\"},\"thumbnailUrl\":\"https:\\\/\\\/www.ucaldas.edu.co\\\/portal\\\/wp-content\\\/uploads\\\/2023\\\/09\\\/practicas.jpg\",\"keywords\":[\"congreso\"],\"articleSection\":[\"Actualidad\",\"Universidad al D\u00eda\"],\"inLanguage\":\"es\"},{\"@type\":\"WebPage\",\"@id\":\"https:\\\/\\\/www.ucaldas.edu.co\\\/portal\\\/participe-en-el-tercer-congreso-internacional-de-practicas-pedagogicas-2\\\/\",\"url\":\"https:\\\/\\\/www.ucaldas.edu.co\\\/portal\\\/participe-en-el-tercer-congreso-internacional-de-practicas-pedagogicas-2\\\/\",\"name\":\"Participe en el Tercer Congreso Internacional de Pr\u00e1cticas Pedag\u00f3gicas .\",\"isPartOf\":{\"@id\":\"https:\\\/\\\/www.ucaldas.edu.co\\\/portal\\\/#website\"},\"primaryImageOfPage\":{\"@id\":\"https:\\\/\\\/www.ucaldas.edu.co\\\/portal\\\/participe-en-el-tercer-congreso-internacional-de-practicas-pedagogicas-2\\\/#primaryimage\"},\"image\":{\"@id\":\"https:\\\/\\\/www.ucaldas.edu.co\\\/portal\\\/participe-en-el-tercer-congreso-internacional-de-practicas-pedagogicas-2\\\/#primaryimage\"},\"thumbnailUrl\":\"https:\\\/\\\/www.ucaldas.edu.co\\\/portal\\\/wp-content\\\/uploads\\\/2023\\\/09\\\/practicas.jpg\",\"datePublished\":\"2023-09-25T18:54:43+00:00\",\"dateModified\":\"2023-10-02T18:37:57+00:00\",\"breadcrumb\":{\"@id\":\"https:\\\/\\\/www.ucaldas.edu.co\\\/portal\\\/participe-en-el-tercer-congreso-internacional-de-practicas-pedagogicas-2\\\/#breadcrumb\"},\"inLanguage\":\"es\",\"potentialAction\":[{\"@type\":\"ReadAction\",\"target\":[\"https:\\\/\\\/www.ucaldas.edu.co\\\/portal\\\/participe-en-el-tercer-congreso-internacional-de-practicas-pedagogicas-2\\\/\"]}]},{\"@type\":\"ImageObject\",\"inLanguage\":\"es\",\"@id\":\"https:\\\/\\\/www.ucaldas.edu.co\\\/portal\\\/participe-en-el-tercer-congreso-internacional-de-practicas-pedagogicas-2\\\/#primaryimage\",\"url\":\"https:\\\/\\\/www.ucaldas.edu.co\\\/portal\\\/wp-content\\\/uploads\\\/2023\\\/09\\\/practicas.jpg\",\"contentUrl\":\"https:\\\/\\\/www.ucaldas.edu.co\\\/portal\\\/wp-content\\\/uploads\\\/2023\\\/09\\\/practicas.jpg\",\"width\":900,\"height\":510,\"caption\":\"evento desarrollado desde el Departamento de Estudios Educativos de las facultades de Artes y Humanidades, Ciencias Exactas y Naturales, Ciencias para la Salud, Ciencias Jur\u00eddicas y Sociales; y la Vicerrector\u00eda de Proyecci\u00f3n Universitaria.\"},{\"@type\":\"BreadcrumbList\",\"@id\":\"https:\\\/\\\/www.ucaldas.edu.co\\\/portal\\\/participe-en-el-tercer-congreso-internacional-de-practicas-pedagogicas-2\\\/#breadcrumb\",\"itemListElement\":[{\"@type\":\"ListItem\",\"position\":1,\"name\":\"Portada\",\"item\":\"https:\\\/\\\/www.ucaldas.edu.co\\\/portal\\\/\"},{\"@type\":\"ListItem\",\"position\":2,\"name\":\"Participe en el Tercer Congreso Internacional de Pr\u00e1cticas Pedag\u00f3gicas\"}]},{\"@type\":\"WebSite\",\"@id\":\"https:\\\/\\\/www.ucaldas.edu.co\\\/portal\\\/#website\",\"url\":\"https:\\\/\\\/www.ucaldas.edu.co\\\/portal\\\/\",\"name\":\"Universidad de Caldas\",\"description\":\"\",\"publisher\":{\"@id\":\"https:\\\/\\\/www.ucaldas.edu.co\\\/portal\\\/#organization\"},\"alternateName\":\"U. de Caldas\",\"potentialAction\":[{\"@type\":\"SearchAction\",\"target\":{\"@type\":\"EntryPoint\",\"urlTemplate\":\"https:\\\/\\\/www.ucaldas.edu.co\\\/portal\\\/?s={search_term_string}\"},\"query-input\":{\"@type\":\"PropertyValueSpecification\",\"valueRequired\":true,\"valueName\":\"search_term_string\"}}],\"inLanguage\":\"es\"},{\"@type\":\"Organization\",\"@id\":\"https:\\\/\\\/www.ucaldas.edu.co\\\/portal\\\/#organization\",\"name\":\"Universidad de Caldas\",\"alternateName\":\"U. de Caldas\",\"url\":\"https:\\\/\\\/www.ucaldas.edu.co\\\/portal\\\/\",\"logo\":{\"@type\":\"ImageObject\",\"inLanguage\":\"es\",\"@id\":\"https:\\\/\\\/www.ucaldas.edu.co\\\/portal\\\/#\\\/schema\\\/logo\\\/image\\\/\",\"url\":\"https:\\\/\\\/www.ucaldas.edu.co\\\/portal\\\/wp-content\\\/uploads\\\/2023\\\/11\\\/Logo_horizontal_oscuroU-2023.png\",\"contentUrl\":\"https:\\\/\\\/www.ucaldas.edu.co\\\/portal\\\/wp-content\\\/uploads\\\/2023\\\/11\\\/Logo_horizontal_oscuroU-2023.png\",\"width\":263,\"height\":101,\"caption\":\"Universidad de Caldas\"},\"image\":{\"@id\":\"https:\\\/\\\/www.ucaldas.edu.co\\\/portal\\\/#\\\/schema\\\/logo\\\/image\\\/\"},\"sameAs\":[\"https:\\\/\\\/www.facebook.com\\\/udecaldas\",\"https:\\\/\\\/x.com\\\/udecaldas\",\"https:\\\/\\\/www.youtube.com\\\/universidadcaldas\",\"https:\\\/\\\/www.instagram.com\\\/udecaldas\\\/\"]},{\"@type\":\"Person\",\"@id\":\"https:\\\/\\\/www.ucaldas.edu.co\\\/portal\\\/#\\\/schema\\\/person\\\/a1b482e23449158b4bc319926c074fdf\",\"name\":\"ofiprensa\",\"image\":{\"@type\":\"ImageObject\",\"inLanguage\":\"es\",\"@id\":\"https:\\\/\\\/www.ucaldas.edu.co\\\/portal\\\/wp-content\\\/litespeed\\\/avatar\\\/09ea5085e600095a7a811142c6944527.jpg?ver=1777497608\",\"url\":\"https:\\\/\\\/www.ucaldas.edu.co\\\/portal\\\/wp-content\\\/litespeed\\\/avatar\\\/09ea5085e600095a7a811142c6944527.jpg?ver=1777497608\",\"contentUrl\":\"https:\\\/\\\/www.ucaldas.edu.co\\\/portal\\\/wp-content\\\/litespeed\\\/avatar\\\/09ea5085e600095a7a811142c6944527.jpg?ver=1777497608\",\"caption\":\"ofiprensa\"},\"url\":\"https:\\\/\\\/www.ucaldas.edu.co\\\/portal\\\/author\\\/ofiprensa\\\/\"}]}<\/script>\n<!-- \/ Yoast SEO plugin. -->","yoast_head_json":{"title":"Participe en el Tercer Congreso Internacional de Pr\u00e1cticas Pedag\u00f3gicas .","robots":{"index":"index","follow":"follow","max-snippet":"max-snippet:-1","max-image-preview":"max-image-preview:large","max-video-preview":"max-video-preview:-1"},"canonical":"https:\/\/www.ucaldas.edu.co\/portal\/participe-en-el-tercer-congreso-internacional-de-practicas-pedagogicas-2\/","schema":{"@context":"https:\/\/schema.org","@graph":[{"@type":"Article","@id":"https:\/\/www.ucaldas.edu.co\/portal\/participe-en-el-tercer-congreso-internacional-de-practicas-pedagogicas-2\/#article","isPartOf":{"@id":"https:\/\/www.ucaldas.edu.co\/portal\/participe-en-el-tercer-congreso-internacional-de-practicas-pedagogicas-2\/"},"author":{"name":"ofiprensa","@id":"https:\/\/www.ucaldas.edu.co\/portal\/#\/schema\/person\/a1b482e23449158b4bc319926c074fdf"},"headline":"Participe en el Tercer Congreso Internacional de Pr\u00e1cticas Pedag\u00f3gicas","datePublished":"2023-09-25T18:54:43+00:00","dateModified":"2023-10-02T18:37:57+00:00","mainEntityOfPage":{"@id":"https:\/\/www.ucaldas.edu.co\/portal\/participe-en-el-tercer-congreso-internacional-de-practicas-pedagogicas-2\/"},"wordCount":366,"publisher":{"@id":"https:\/\/www.ucaldas.edu.co\/portal\/#organization"},"image":{"@id":"https:\/\/www.ucaldas.edu.co\/portal\/participe-en-el-tercer-congreso-internacional-de-practicas-pedagogicas-2\/#primaryimage"},"thumbnailUrl":"https:\/\/www.ucaldas.edu.co\/portal\/wp-content\/uploads\/2023\/09\/practicas.jpg","keywords":["congreso"],"articleSection":["Actualidad","Universidad al D\u00eda"],"inLanguage":"es"},{"@type":"WebPage","@id":"https:\/\/www.ucaldas.edu.co\/portal\/participe-en-el-tercer-congreso-internacional-de-practicas-pedagogicas-2\/","url":"https:\/\/www.ucaldas.edu.co\/portal\/participe-en-el-tercer-congreso-internacional-de-practicas-pedagogicas-2\/","name":"Participe en el Tercer Congreso Internacional de Pr\u00e1cticas Pedag\u00f3gicas .","isPartOf":{"@id":"https:\/\/www.ucaldas.edu.co\/portal\/#website"},"primaryImageOfPage":{"@id":"https:\/\/www.ucaldas.edu.co\/portal\/participe-en-el-tercer-congreso-internacional-de-practicas-pedagogicas-2\/#primaryimage"},"image":{"@id":"https:\/\/www.ucaldas.edu.co\/portal\/participe-en-el-tercer-congreso-internacional-de-practicas-pedagogicas-2\/#primaryimage"},"thumbnailUrl":"https:\/\/www.ucaldas.edu.co\/portal\/wp-content\/uploads\/2023\/09\/practicas.jpg","datePublished":"2023-09-25T18:54:43+00:00","dateModified":"2023-10-02T18:37:57+00:00","breadcrumb":{"@id":"https:\/\/www.ucaldas.edu.co\/portal\/participe-en-el-tercer-congreso-internacional-de-practicas-pedagogicas-2\/#breadcrumb"},"inLanguage":"es","potentialAction":[{"@type":"ReadAction","target":["https:\/\/www.ucaldas.edu.co\/portal\/participe-en-el-tercer-congreso-internacional-de-practicas-pedagogicas-2\/"]}]},{"@type":"ImageObject","inLanguage":"es","@id":"https:\/\/www.ucaldas.edu.co\/portal\/participe-en-el-tercer-congreso-internacional-de-practicas-pedagogicas-2\/#primaryimage","url":"https:\/\/www.ucaldas.edu.co\/portal\/wp-content\/uploads\/2023\/09\/practicas.jpg","contentUrl":"https:\/\/www.ucaldas.edu.co\/portal\/wp-content\/uploads\/2023\/09\/practicas.jpg","width":900,"height":510,"caption":"evento desarrollado desde el Departamento de Estudios Educativos de las facultades de Artes y Humanidades, Ciencias Exactas y Naturales, Ciencias para la Salud, Ciencias Jur\u00eddicas y Sociales; y la Vicerrector\u00eda de Proyecci\u00f3n Universitaria."},{"@type":"BreadcrumbList","@id":"https:\/\/www.ucaldas.edu.co\/portal\/participe-en-el-tercer-congreso-internacional-de-practicas-pedagogicas-2\/#breadcrumb","itemListElement":[{"@type":"ListItem","position":1,"name":"Portada","item":"https:\/\/www.ucaldas.edu.co\/portal\/"},{"@type":"ListItem","position":2,"name":"Participe en el Tercer Congreso Internacional de Pr\u00e1cticas Pedag\u00f3gicas"}]},{"@type":"WebSite","@id":"https:\/\/www.ucaldas.edu.co\/portal\/#website","url":"https:\/\/www.ucaldas.edu.co\/portal\/","name":"Universidad de Caldas","description":"","publisher":{"@id":"https:\/\/www.ucaldas.edu.co\/portal\/#organization"},"alternateName":"U. de Caldas","potentialAction":[{"@type":"SearchAction","target":{"@type":"EntryPoint","urlTemplate":"https:\/\/www.ucaldas.edu.co\/portal\/?s={search_term_string}"},"query-input":{"@type":"PropertyValueSpecification","valueRequired":true,"valueName":"search_term_string"}}],"inLanguage":"es"},{"@type":"Organization","@id":"https:\/\/www.ucaldas.edu.co\/portal\/#organization","name":"Universidad de Caldas","alternateName":"U. de Caldas","url":"https:\/\/www.ucaldas.edu.co\/portal\/","logo":{"@type":"ImageObject","inLanguage":"es","@id":"https:\/\/www.ucaldas.edu.co\/portal\/#\/schema\/logo\/image\/","url":"https:\/\/www.ucaldas.edu.co\/portal\/wp-content\/uploads\/2023\/11\/Logo_horizontal_oscuroU-2023.png","contentUrl":"https:\/\/www.ucaldas.edu.co\/portal\/wp-content\/uploads\/2023\/11\/Logo_horizontal_oscuroU-2023.png","width":263,"height":101,"caption":"Universidad de Caldas"},"image":{"@id":"https:\/\/www.ucaldas.edu.co\/portal\/#\/schema\/logo\/image\/"},"sameAs":["https:\/\/www.facebook.com\/udecaldas","https:\/\/x.com\/udecaldas","https:\/\/www.youtube.com\/universidadcaldas","https:\/\/www.instagram.com\/udecaldas\/"]},{"@type":"Person","@id":"https:\/\/www.ucaldas.edu.co\/portal\/#\/schema\/person\/a1b482e23449158b4bc319926c074fdf","name":"ofiprensa","image":{"@type":"ImageObject","inLanguage":"es","@id":"https:\/\/www.ucaldas.edu.co\/portal\/wp-content\/litespeed\/avatar\/09ea5085e600095a7a811142c6944527.jpg?ver=1777497608","url":"https:\/\/www.ucaldas.edu.co\/portal\/wp-content\/litespeed\/avatar\/09ea5085e600095a7a811142c6944527.jpg?ver=1777497608","contentUrl":"https:\/\/www.ucaldas.edu.co\/portal\/wp-content\/litespeed\/avatar\/09ea5085e600095a7a811142c6944527.jpg?ver=1777497608","caption":"ofiprensa"},"url":"https:\/\/www.ucaldas.edu.co\/portal\/author\/ofiprensa\/"}]}},"_links":{"self":[{"href":"https:\/\/www.ucaldas.edu.co\/portal\/wp-json\/wp\/v2\/posts\/77342","targetHints":{"allow":["GET"]}}],"collection":[{"href":"https:\/\/www.ucaldas.edu.co\/portal\/wp-json\/wp\/v2\/posts"}],"about":[{"href":"https:\/\/www.ucaldas.edu.co\/portal\/wp-json\/wp\/v2\/types\/post"}],"author":[{"embeddable":true,"href":"https:\/\/www.ucaldas.edu.co\/portal\/wp-json\/wp\/v2\/users\/2"}],"replies":[{"embeddable":true,"href":"https:\/\/www.ucaldas.edu.co\/portal\/wp-json\/wp\/v2\/comments?post=77342"}],"version-history":[{"count":0,"href":"https:\/\/www.ucaldas.edu.co\/portal\/wp-json\/wp\/v2\/posts\/77342\/revisions"}],"wp:featuredmedia":[{"embeddable":true,"href":"https:\/\/www.ucaldas.edu.co\/portal\/wp-json\/wp\/v2\/media\/77343"}],"wp:attachment":[{"href":"https:\/\/www.ucaldas.edu.co\/portal\/wp-json\/wp\/v2\/media?parent=77342"}],"wp:term":[{"taxonomy":"category","embeddable":true,"href":"https:\/\/www.ucaldas.edu.co\/portal\/wp-json\/wp\/v2\/categories?post=77342"},{"taxonomy":"post_tag","embeddable":true,"href":"https:\/\/www.ucaldas.edu.co\/portal\/wp-json\/wp\/v2\/tags?post=77342"}],"curies":[{"name":"wp","href":"https:\/\/api.w.org\/{rel}","templated":true}]}}