{"id":77141,"date":"2023-09-04T18:49:35","date_gmt":"2023-09-04T18:49:35","guid":{"rendered":"https:\/\/www.ucaldas.edu.co\/portal\/?p=77141"},"modified":"2023-09-04T18:49:35","modified_gmt":"2023-09-04T18:49:35","slug":"hoy-inicia-la-octava-version-del-festival-internacional-de-musica-cima","status":"publish","type":"post","link":"https:\/\/www.ucaldas.edu.co\/portal\/hoy-inicia-la-octava-version-del-festival-internacional-de-musica-cima\/","title":{"rendered":"Hoy inicia la octava versi\u00f3n del Festival Internacional de M\u00fasica CiMa"},"content":{"rendered":"<p><img loading=\"lazy\" decoding=\"async\" class=\"aligncenter size-full wp-image-77142\" src=\"https:\/\/www.ucaldas.edu.co\/portal\/wp-content\/uploads\/2023\/09\/cima.jpg\" alt=\"cima\" width=\"900\" height=\"510\" srcset=\"https:\/\/www.ucaldas.edu.co\/portal\/wp-content\/uploads\/2023\/09\/cima.jpg 900w, https:\/\/www.ucaldas.edu.co\/portal\/wp-content\/uploads\/2023\/09\/cima-300x170.jpg 300w, https:\/\/www.ucaldas.edu.co\/portal\/wp-content\/uploads\/2023\/09\/cima-768x435.jpg 768w\" sizes=\"auto, (max-width: 900px) 100vw, 900px\" \/><\/p>\n<p>El Festival Internacional de M\u00fasica CiMa &#8211; Ciudad de Manizales, es uno de los principales eventos del panorama musical en la regi\u00f3n y en el pa\u00eds que, durante su octava versi\u00f3n, se realizar\u00e1 del 4 al 9 de septiembre con programaci\u00f3n acad\u00e9mica y art\u00edstica en el Centro Cultural Universitario Rogelio Salmona, Centro Cultural del Banco de la Rep\u00fablica, Campus Bellas Artes de la Universidad de Caldas y Centro Cultural y de Convenciones Teatro Los Fundadores.<!--more--><\/p>\n<p>CiMa, organizado por el Departamento de M\u00fasica de la Universidad de Caldas es un festival que busca llevar la cultura y la m\u00fasica a la ciudad y propiciar a trav\u00e9s del arte, un di\u00e1logo pluralista desde la creaci\u00f3n, la interpretaci\u00f3n y la investigaci\u00f3n musical.<\/p>\n<p>Durante los seis d\u00edas de programaci\u00f3n se realizar\u00e1n 20 conciertos, 12 conferencias, 19 clases magistrales y un panel de expertos. Ser\u00e1n alrededor de 300 artistas en escena con un repertorio musical variado entre m\u00fasica cl\u00e1sica, colombiana, latinoamericana, reggae, jazz, entre otros. Las actividades de CiMa son totalmente abiertas al p\u00fablico y sin ning\u00fan costo de boleter\u00eda.<\/p>\n<p>El Festival tendr\u00e1 la presencia de m\u00fasicos de diferentes pa\u00edses del mundo como Argentina, Canad\u00e1, Brasil, Portugal, M\u00e9xico, Chile, Venezuela, Francia y por supuesto Colombia.<\/p>\n<p>\u201cCiMa tiene muchas bondades, una de ellas es la programaci\u00f3n vers\u00e1til, tenemos muchos g\u00e9neros musicales y conciertos para todos los gustos. La invitaci\u00f3n es a todas las personas de Manizales, turistas y todo Caldas, para que se vuelquen a los escenarios, este es un esfuerzo que hacemos por brindar a la ciudad una oferta cultural de alta calidad y es una gran posibilidad para responder a la pregunta de qu\u00e9 hacer en Manizales\u201d, afirma el maestro Yovanny Betancur Santa, director del Festival.<\/p>\n<p>En las ma\u00f1anas se realizar\u00e1n las actividades acad\u00e9micas en el Campus Bellas Artes y en las tardes se tendr\u00e1n los conciertos en las franjas de horario de 3:00 p.m., 5:00 p.m. y 7:00 p.m.<\/p>\n<p>Entre los invitados internacionales se destaca Cristian Gort (Argentina), quien ha sido director musical de la Orquesta Sinf\u00f3nica de l\u2019Isle, de los ensambles de m\u00fasica contempor\u00e1nea Les Enfants Terribles y La Machine, as\u00ed como profesor invitado a los talleres de m\u00fasica contempor\u00e1nea de la Universidad de Montreal. Actualmente Cristian es director titular y consejero musical de la Sociedad de m\u00fasica contempor\u00e1nea de Qu\u00e9bec y director musical del ensemble vocal M\u00fasica Viva. \u00c9l viene como maestro invitado al concierto que se realizar\u00e1 con la Orquesta Sinf\u00f3nica de Caldas el mi\u00e9rcoles 6 de septiembre en el Centro Cultural y de Convenciones Teatro Los Fundadores a las 7:00 p.m.<\/p>\n<p>En el siguiente link encontrar\u00e1 la programaci\u00f3n completa. <strong><a href=\"https:\/\/artesyhumanidades.ucaldas.edu.co\/blog\/2022\/08\/12\/festival-internacional-de-musica-cima\/\">Programaci\u00f3n CiMa.<\/a><\/strong><\/p>\n<p><strong>Inauguraci\u00f3n: <\/strong><\/p>\n<p>La inauguraci\u00f3n oficial de CiMa se realiza hoy a las 7:00 p.m. en el auditorio del Centro Cultural Universitario Rogelio Salmona con un acto protocolario y concierto del D\u00fao Villalobos (Colombia-Venezuela).<\/p>\n<p>Esta agrupaci\u00f3n cuenta con una trayectoria de 10 a\u00f1os y ha llevado a cabo conciertos en Europa, Estados Unidos y Sudam\u00e9rica. El d\u00fao ha sido galardonado con premios destacados, incluido el m\u00e1ximo premio de m\u00fasica contempor\u00e1nea en el Festival de Interpretaci\u00f3n Musical Arjau de Barcelona.<\/p>\n<p>Cecilia Palma y Edwin Guevara Guti\u00e9rrez, son los m\u00fasicos integrantes del grupo. Ambos han sido elogiados por p\u00fablico y cr\u00edticos, y sus logros se reflejan en su participaci\u00f3n en festivales, su presencia en medios digitales y f\u00edsicos y su compromiso con la m\u00fasica de c\u00e1mara y la formaci\u00f3n musical.<\/p>\n<p><strong>Anexo:<\/strong><\/p>\n<p><a href=\"https:\/\/www.ucaldas.edu.co\/portal\/wp-content\/uploads\/2023\/09\/Yovanny-Betancur-Santa.mp3\"><strong>Audio maestro Yovanny Betancur Santa, director del Festival. <\/strong><\/a><\/p>\n<audio class=\"wp-audio-shortcode\" id=\"audio-77141-1\" preload=\"none\" style=\"width: 100%;\" controls=\"controls\"><source type=\"audio\/mpeg\" src=\"https:\/\/www.ucaldas.edu.co\/portal\/wp-content\/uploads\/2023\/09\/Yovanny-Betancur-Santa.mp3?_=1\" \/><a href=\"https:\/\/www.ucaldas.edu.co\/portal\/wp-content\/uploads\/2023\/09\/Yovanny-Betancur-Santa.mp3\">https:\/\/www.ucaldas.edu.co\/portal\/wp-content\/uploads\/2023\/09\/Yovanny-Betancur-Santa.mp3<\/a><\/audio>\n","protected":false},"excerpt":{"rendered":"<p>El Festival Internacional de M\u00fasica CiMa &#8211; Ciudad de Manizales, es uno de los principales eventos del panorama musical en la regi\u00f3n y en el pa\u00eds que, durante su octava versi\u00f3n, se realizar\u00e1 del 4 al 9 de septiembre con programaci\u00f3n acad\u00e9mica y art\u00edstica en el Centro Cultural Universitario Rogelio Salmona, Centro Cultural del Banco [&hellip;]<\/p>\n","protected":false},"author":2,"featured_media":77142,"comment_status":"closed","ping_status":"open","sticky":false,"template":"","format":"standard","meta":{"footnotes":""},"categories":[48,53],"tags":[3830],"class_list":["post-77141","post","type-post","status-publish","format-standard","has-post-thumbnail","hentry","category-actualidad","category-universidad-al-dia","tag-festival-cima"],"yoast_head":"<!-- This site is optimized with the Yoast SEO plugin v27.5 - https:\/\/yoast.com\/product\/yoast-seo-wordpress\/ -->\n<title>Hoy inicia la octava versi\u00f3n del Festival Internacional de M\u00fasica CiMa .<\/title>\n<meta name=\"robots\" content=\"index, follow, max-snippet:-1, max-image-preview:large, max-video-preview:-1\" \/>\n<link rel=\"canonical\" href=\"https:\/\/www.ucaldas.edu.co\/portal\/hoy-inicia-la-octava-version-del-festival-internacional-de-musica-cima\/\" \/>\n<script type=\"application\/ld+json\" class=\"yoast-schema-graph\">{\"@context\":\"https:\\\/\\\/schema.org\",\"@graph\":[{\"@type\":\"Article\",\"@id\":\"https:\\\/\\\/www.ucaldas.edu.co\\\/portal\\\/hoy-inicia-la-octava-version-del-festival-internacional-de-musica-cima\\\/#article\",\"isPartOf\":{\"@id\":\"https:\\\/\\\/www.ucaldas.edu.co\\\/portal\\\/hoy-inicia-la-octava-version-del-festival-internacional-de-musica-cima\\\/\"},\"author\":{\"name\":\"ofiprensa\",\"@id\":\"https:\\\/\\\/www.ucaldas.edu.co\\\/portal\\\/#\\\/schema\\\/person\\\/a1b482e23449158b4bc319926c074fdf\"},\"headline\":\"Hoy inicia la octava versi\u00f3n del Festival Internacional de M\u00fasica CiMa\",\"datePublished\":\"2023-09-04T18:49:35+00:00\",\"mainEntityOfPage\":{\"@id\":\"https:\\\/\\\/www.ucaldas.edu.co\\\/portal\\\/hoy-inicia-la-octava-version-del-festival-internacional-de-musica-cima\\\/\"},\"wordCount\":654,\"publisher\":{\"@id\":\"https:\\\/\\\/www.ucaldas.edu.co\\\/portal\\\/#organization\"},\"image\":{\"@id\":\"https:\\\/\\\/www.ucaldas.edu.co\\\/portal\\\/hoy-inicia-la-octava-version-del-festival-internacional-de-musica-cima\\\/#primaryimage\"},\"thumbnailUrl\":\"https:\\\/\\\/www.ucaldas.edu.co\\\/portal\\\/wp-content\\\/uploads\\\/2023\\\/09\\\/cima.jpg\",\"keywords\":[\"festival cima\"],\"articleSection\":[\"Actualidad\",\"Universidad al D\u00eda\"],\"inLanguage\":\"es\"},{\"@type\":\"WebPage\",\"@id\":\"https:\\\/\\\/www.ucaldas.edu.co\\\/portal\\\/hoy-inicia-la-octava-version-del-festival-internacional-de-musica-cima\\\/\",\"url\":\"https:\\\/\\\/www.ucaldas.edu.co\\\/portal\\\/hoy-inicia-la-octava-version-del-festival-internacional-de-musica-cima\\\/\",\"name\":\"Hoy inicia la octava versi\u00f3n del Festival Internacional de M\u00fasica CiMa .\",\"isPartOf\":{\"@id\":\"https:\\\/\\\/www.ucaldas.edu.co\\\/portal\\\/#website\"},\"primaryImageOfPage\":{\"@id\":\"https:\\\/\\\/www.ucaldas.edu.co\\\/portal\\\/hoy-inicia-la-octava-version-del-festival-internacional-de-musica-cima\\\/#primaryimage\"},\"image\":{\"@id\":\"https:\\\/\\\/www.ucaldas.edu.co\\\/portal\\\/hoy-inicia-la-octava-version-del-festival-internacional-de-musica-cima\\\/#primaryimage\"},\"thumbnailUrl\":\"https:\\\/\\\/www.ucaldas.edu.co\\\/portal\\\/wp-content\\\/uploads\\\/2023\\\/09\\\/cima.jpg\",\"datePublished\":\"2023-09-04T18:49:35+00:00\",\"breadcrumb\":{\"@id\":\"https:\\\/\\\/www.ucaldas.edu.co\\\/portal\\\/hoy-inicia-la-octava-version-del-festival-internacional-de-musica-cima\\\/#breadcrumb\"},\"inLanguage\":\"es\",\"potentialAction\":[{\"@type\":\"ReadAction\",\"target\":[\"https:\\\/\\\/www.ucaldas.edu.co\\\/portal\\\/hoy-inicia-la-octava-version-del-festival-internacional-de-musica-cima\\\/\"]}]},{\"@type\":\"ImageObject\",\"inLanguage\":\"es\",\"@id\":\"https:\\\/\\\/www.ucaldas.edu.co\\\/portal\\\/hoy-inicia-la-octava-version-del-festival-internacional-de-musica-cima\\\/#primaryimage\",\"url\":\"https:\\\/\\\/www.ucaldas.edu.co\\\/portal\\\/wp-content\\\/uploads\\\/2023\\\/09\\\/cima.jpg\",\"contentUrl\":\"https:\\\/\\\/www.ucaldas.edu.co\\\/portal\\\/wp-content\\\/uploads\\\/2023\\\/09\\\/cima.jpg\",\"width\":900,\"height\":510,\"caption\":\"invitaci\u00f3n al festival internacional de m\u00fasica cima\"},{\"@type\":\"BreadcrumbList\",\"@id\":\"https:\\\/\\\/www.ucaldas.edu.co\\\/portal\\\/hoy-inicia-la-octava-version-del-festival-internacional-de-musica-cima\\\/#breadcrumb\",\"itemListElement\":[{\"@type\":\"ListItem\",\"position\":1,\"name\":\"Portada\",\"item\":\"https:\\\/\\\/www.ucaldas.edu.co\\\/portal\\\/\"},{\"@type\":\"ListItem\",\"position\":2,\"name\":\"Hoy inicia la octava versi\u00f3n del Festival Internacional de M\u00fasica CiMa\"}]},{\"@type\":\"WebSite\",\"@id\":\"https:\\\/\\\/www.ucaldas.edu.co\\\/portal\\\/#website\",\"url\":\"https:\\\/\\\/www.ucaldas.edu.co\\\/portal\\\/\",\"name\":\"Universidad de Caldas\",\"description\":\"\",\"publisher\":{\"@id\":\"https:\\\/\\\/www.ucaldas.edu.co\\\/portal\\\/#organization\"},\"alternateName\":\"U. de Caldas\",\"potentialAction\":[{\"@type\":\"SearchAction\",\"target\":{\"@type\":\"EntryPoint\",\"urlTemplate\":\"https:\\\/\\\/www.ucaldas.edu.co\\\/portal\\\/?s={search_term_string}\"},\"query-input\":{\"@type\":\"PropertyValueSpecification\",\"valueRequired\":true,\"valueName\":\"search_term_string\"}}],\"inLanguage\":\"es\"},{\"@type\":\"Organization\",\"@id\":\"https:\\\/\\\/www.ucaldas.edu.co\\\/portal\\\/#organization\",\"name\":\"Universidad de Caldas\",\"alternateName\":\"U. de Caldas\",\"url\":\"https:\\\/\\\/www.ucaldas.edu.co\\\/portal\\\/\",\"logo\":{\"@type\":\"ImageObject\",\"inLanguage\":\"es\",\"@id\":\"https:\\\/\\\/www.ucaldas.edu.co\\\/portal\\\/#\\\/schema\\\/logo\\\/image\\\/\",\"url\":\"https:\\\/\\\/www.ucaldas.edu.co\\\/portal\\\/wp-content\\\/uploads\\\/2023\\\/11\\\/Logo_horizontal_oscuroU-2023.png\",\"contentUrl\":\"https:\\\/\\\/www.ucaldas.edu.co\\\/portal\\\/wp-content\\\/uploads\\\/2023\\\/11\\\/Logo_horizontal_oscuroU-2023.png\",\"width\":263,\"height\":101,\"caption\":\"Universidad de Caldas\"},\"image\":{\"@id\":\"https:\\\/\\\/www.ucaldas.edu.co\\\/portal\\\/#\\\/schema\\\/logo\\\/image\\\/\"},\"sameAs\":[\"https:\\\/\\\/www.facebook.com\\\/udecaldas\",\"https:\\\/\\\/x.com\\\/udecaldas\",\"https:\\\/\\\/www.youtube.com\\\/universidadcaldas\",\"https:\\\/\\\/www.instagram.com\\\/udecaldas\\\/\"]},{\"@type\":\"Person\",\"@id\":\"https:\\\/\\\/www.ucaldas.edu.co\\\/portal\\\/#\\\/schema\\\/person\\\/a1b482e23449158b4bc319926c074fdf\",\"name\":\"ofiprensa\",\"image\":{\"@type\":\"ImageObject\",\"inLanguage\":\"es\",\"@id\":\"https:\\\/\\\/www.ucaldas.edu.co\\\/portal\\\/wp-content\\\/litespeed\\\/avatar\\\/09ea5085e600095a7a811142c6944527.jpg?ver=1777497608\",\"url\":\"https:\\\/\\\/www.ucaldas.edu.co\\\/portal\\\/wp-content\\\/litespeed\\\/avatar\\\/09ea5085e600095a7a811142c6944527.jpg?ver=1777497608\",\"contentUrl\":\"https:\\\/\\\/www.ucaldas.edu.co\\\/portal\\\/wp-content\\\/litespeed\\\/avatar\\\/09ea5085e600095a7a811142c6944527.jpg?ver=1777497608\",\"caption\":\"ofiprensa\"},\"url\":\"https:\\\/\\\/www.ucaldas.edu.co\\\/portal\\\/author\\\/ofiprensa\\\/\"}]}<\/script>\n<!-- \/ Yoast SEO plugin. -->","yoast_head_json":{"title":"Hoy inicia la octava versi\u00f3n del Festival Internacional de M\u00fasica CiMa .","robots":{"index":"index","follow":"follow","max-snippet":"max-snippet:-1","max-image-preview":"max-image-preview:large","max-video-preview":"max-video-preview:-1"},"canonical":"https:\/\/www.ucaldas.edu.co\/portal\/hoy-inicia-la-octava-version-del-festival-internacional-de-musica-cima\/","schema":{"@context":"https:\/\/schema.org","@graph":[{"@type":"Article","@id":"https:\/\/www.ucaldas.edu.co\/portal\/hoy-inicia-la-octava-version-del-festival-internacional-de-musica-cima\/#article","isPartOf":{"@id":"https:\/\/www.ucaldas.edu.co\/portal\/hoy-inicia-la-octava-version-del-festival-internacional-de-musica-cima\/"},"author":{"name":"ofiprensa","@id":"https:\/\/www.ucaldas.edu.co\/portal\/#\/schema\/person\/a1b482e23449158b4bc319926c074fdf"},"headline":"Hoy inicia la octava versi\u00f3n del Festival Internacional de M\u00fasica CiMa","datePublished":"2023-09-04T18:49:35+00:00","mainEntityOfPage":{"@id":"https:\/\/www.ucaldas.edu.co\/portal\/hoy-inicia-la-octava-version-del-festival-internacional-de-musica-cima\/"},"wordCount":654,"publisher":{"@id":"https:\/\/www.ucaldas.edu.co\/portal\/#organization"},"image":{"@id":"https:\/\/www.ucaldas.edu.co\/portal\/hoy-inicia-la-octava-version-del-festival-internacional-de-musica-cima\/#primaryimage"},"thumbnailUrl":"https:\/\/www.ucaldas.edu.co\/portal\/wp-content\/uploads\/2023\/09\/cima.jpg","keywords":["festival cima"],"articleSection":["Actualidad","Universidad al D\u00eda"],"inLanguage":"es"},{"@type":"WebPage","@id":"https:\/\/www.ucaldas.edu.co\/portal\/hoy-inicia-la-octava-version-del-festival-internacional-de-musica-cima\/","url":"https:\/\/www.ucaldas.edu.co\/portal\/hoy-inicia-la-octava-version-del-festival-internacional-de-musica-cima\/","name":"Hoy inicia la octava versi\u00f3n del Festival Internacional de M\u00fasica CiMa .","isPartOf":{"@id":"https:\/\/www.ucaldas.edu.co\/portal\/#website"},"primaryImageOfPage":{"@id":"https:\/\/www.ucaldas.edu.co\/portal\/hoy-inicia-la-octava-version-del-festival-internacional-de-musica-cima\/#primaryimage"},"image":{"@id":"https:\/\/www.ucaldas.edu.co\/portal\/hoy-inicia-la-octava-version-del-festival-internacional-de-musica-cima\/#primaryimage"},"thumbnailUrl":"https:\/\/www.ucaldas.edu.co\/portal\/wp-content\/uploads\/2023\/09\/cima.jpg","datePublished":"2023-09-04T18:49:35+00:00","breadcrumb":{"@id":"https:\/\/www.ucaldas.edu.co\/portal\/hoy-inicia-la-octava-version-del-festival-internacional-de-musica-cima\/#breadcrumb"},"inLanguage":"es","potentialAction":[{"@type":"ReadAction","target":["https:\/\/www.ucaldas.edu.co\/portal\/hoy-inicia-la-octava-version-del-festival-internacional-de-musica-cima\/"]}]},{"@type":"ImageObject","inLanguage":"es","@id":"https:\/\/www.ucaldas.edu.co\/portal\/hoy-inicia-la-octava-version-del-festival-internacional-de-musica-cima\/#primaryimage","url":"https:\/\/www.ucaldas.edu.co\/portal\/wp-content\/uploads\/2023\/09\/cima.jpg","contentUrl":"https:\/\/www.ucaldas.edu.co\/portal\/wp-content\/uploads\/2023\/09\/cima.jpg","width":900,"height":510,"caption":"invitaci\u00f3n al festival internacional de m\u00fasica cima"},{"@type":"BreadcrumbList","@id":"https:\/\/www.ucaldas.edu.co\/portal\/hoy-inicia-la-octava-version-del-festival-internacional-de-musica-cima\/#breadcrumb","itemListElement":[{"@type":"ListItem","position":1,"name":"Portada","item":"https:\/\/www.ucaldas.edu.co\/portal\/"},{"@type":"ListItem","position":2,"name":"Hoy inicia la octava versi\u00f3n del Festival Internacional de M\u00fasica CiMa"}]},{"@type":"WebSite","@id":"https:\/\/www.ucaldas.edu.co\/portal\/#website","url":"https:\/\/www.ucaldas.edu.co\/portal\/","name":"Universidad de Caldas","description":"","publisher":{"@id":"https:\/\/www.ucaldas.edu.co\/portal\/#organization"},"alternateName":"U. de Caldas","potentialAction":[{"@type":"SearchAction","target":{"@type":"EntryPoint","urlTemplate":"https:\/\/www.ucaldas.edu.co\/portal\/?s={search_term_string}"},"query-input":{"@type":"PropertyValueSpecification","valueRequired":true,"valueName":"search_term_string"}}],"inLanguage":"es"},{"@type":"Organization","@id":"https:\/\/www.ucaldas.edu.co\/portal\/#organization","name":"Universidad de Caldas","alternateName":"U. de Caldas","url":"https:\/\/www.ucaldas.edu.co\/portal\/","logo":{"@type":"ImageObject","inLanguage":"es","@id":"https:\/\/www.ucaldas.edu.co\/portal\/#\/schema\/logo\/image\/","url":"https:\/\/www.ucaldas.edu.co\/portal\/wp-content\/uploads\/2023\/11\/Logo_horizontal_oscuroU-2023.png","contentUrl":"https:\/\/www.ucaldas.edu.co\/portal\/wp-content\/uploads\/2023\/11\/Logo_horizontal_oscuroU-2023.png","width":263,"height":101,"caption":"Universidad de Caldas"},"image":{"@id":"https:\/\/www.ucaldas.edu.co\/portal\/#\/schema\/logo\/image\/"},"sameAs":["https:\/\/www.facebook.com\/udecaldas","https:\/\/x.com\/udecaldas","https:\/\/www.youtube.com\/universidadcaldas","https:\/\/www.instagram.com\/udecaldas\/"]},{"@type":"Person","@id":"https:\/\/www.ucaldas.edu.co\/portal\/#\/schema\/person\/a1b482e23449158b4bc319926c074fdf","name":"ofiprensa","image":{"@type":"ImageObject","inLanguage":"es","@id":"https:\/\/www.ucaldas.edu.co\/portal\/wp-content\/litespeed\/avatar\/09ea5085e600095a7a811142c6944527.jpg?ver=1777497608","url":"https:\/\/www.ucaldas.edu.co\/portal\/wp-content\/litespeed\/avatar\/09ea5085e600095a7a811142c6944527.jpg?ver=1777497608","contentUrl":"https:\/\/www.ucaldas.edu.co\/portal\/wp-content\/litespeed\/avatar\/09ea5085e600095a7a811142c6944527.jpg?ver=1777497608","caption":"ofiprensa"},"url":"https:\/\/www.ucaldas.edu.co\/portal\/author\/ofiprensa\/"}]}},"_links":{"self":[{"href":"https:\/\/www.ucaldas.edu.co\/portal\/wp-json\/wp\/v2\/posts\/77141","targetHints":{"allow":["GET"]}}],"collection":[{"href":"https:\/\/www.ucaldas.edu.co\/portal\/wp-json\/wp\/v2\/posts"}],"about":[{"href":"https:\/\/www.ucaldas.edu.co\/portal\/wp-json\/wp\/v2\/types\/post"}],"author":[{"embeddable":true,"href":"https:\/\/www.ucaldas.edu.co\/portal\/wp-json\/wp\/v2\/users\/2"}],"replies":[{"embeddable":true,"href":"https:\/\/www.ucaldas.edu.co\/portal\/wp-json\/wp\/v2\/comments?post=77141"}],"version-history":[{"count":0,"href":"https:\/\/www.ucaldas.edu.co\/portal\/wp-json\/wp\/v2\/posts\/77141\/revisions"}],"wp:featuredmedia":[{"embeddable":true,"href":"https:\/\/www.ucaldas.edu.co\/portal\/wp-json\/wp\/v2\/media\/77142"}],"wp:attachment":[{"href":"https:\/\/www.ucaldas.edu.co\/portal\/wp-json\/wp\/v2\/media?parent=77141"}],"wp:term":[{"taxonomy":"category","embeddable":true,"href":"https:\/\/www.ucaldas.edu.co\/portal\/wp-json\/wp\/v2\/categories?post=77141"},{"taxonomy":"post_tag","embeddable":true,"href":"https:\/\/www.ucaldas.edu.co\/portal\/wp-json\/wp\/v2\/tags?post=77141"}],"curies":[{"name":"wp","href":"https:\/\/api.w.org\/{rel}","templated":true}]}}