{"id":76521,"date":"2023-07-11T21:59:40","date_gmt":"2023-07-11T21:59:40","guid":{"rendered":"https:\/\/www.ucaldas.edu.co\/portal\/?p=76521"},"modified":"2023-07-11T21:59:40","modified_gmt":"2023-07-11T21:59:40","slug":"universidad-de-caldas-y-chec-presentaron-proyecto-de-energia-solar-en-granja-montelindo","status":"publish","type":"post","link":"https:\/\/www.ucaldas.edu.co\/portal\/universidad-de-caldas-y-chec-presentaron-proyecto-de-energia-solar-en-granja-montelindo\/","title":{"rendered":"Universidad de Caldas y CHEC presentaron proyecto de energ\u00eda solar en granja Montelindo"},"content":{"rendered":"<p><img loading=\"lazy\" decoding=\"async\" class=\"aligncenter size-full wp-image-76524\" src=\"https:\/\/www.ucaldas.edu.co\/portal\/wp-content\/uploads\/2023\/07\/solar.jpg\" alt=\"energ\u00eda solar\" width=\"900\" height=\"510\" srcset=\"https:\/\/www.ucaldas.edu.co\/portal\/wp-content\/uploads\/2023\/07\/solar.jpg 900w, https:\/\/www.ucaldas.edu.co\/portal\/wp-content\/uploads\/2023\/07\/solar-300x170.jpg 300w, https:\/\/www.ucaldas.edu.co\/portal\/wp-content\/uploads\/2023\/07\/solar-768x435.jpg 768w\" sizes=\"auto, (max-width: 900px) 100vw, 900px\" \/><\/p>\n<p>La Universidad de Caldas, en alianza con CHEC como ejecutor del proyecto, present\u00f3 hoy su primera instalaci\u00f3n de energ\u00eda solar fotovoltaica, ubicada en la granja Montelindo, en el sector de Sant\u00e1gueda.<!--more--><\/p>\n<p>Este proyecto de autogeneraci\u00f3n a peque\u00f1a escala, que cuenta con una capacidad instalada de 100,1 kWp en 182 paneles solares, abastecer\u00e1 el 100% de la demanda de energ\u00eda en cuatro zonas de procesos productivos de la granja que requieren del funcionamiento de m\u00e1quinas para actividades como orde\u00f1o, cr\u00eda de peces, bombas de aireaci\u00f3n de lagos, sistemas de alimentaci\u00f3n en galpones, entre otros.<\/p>\n<p>A trav\u00e9s de esta soluci\u00f3n solar, la Universidad de Caldas lograr\u00e1 disminuir cerca del 80% en el gasto operacional asociado a la factura de energ\u00eda el\u00e9ctrica y minimizar el impacto ambiental generado por el consumo energ\u00e9tico, al dejar de emitir cerca de 2 mil 700 toneladas de CO2 al ambiente, durante los 25 a\u00f1os de vida \u00fatil estimados para el proyecto.<\/p>\n<p>La Universidad de Caldas confi\u00f3 en la experiencia y capacidades t\u00e9cnicas y humanas de CHEC para desarrollar el dise\u00f1o, suministro y construcci\u00f3n de este proyecto en el que se trabaj\u00f3 durante 5 meses, hasta la fecha de su entrega y puesta en marcha, asegur\u00f3 el Gerente de CHEC, Santiago Villegas Yepes.<\/p>\n<p>Con esta iniciativa, que hace parte del cubrimiento de indicadores Green Metric, la Universidad de Caldas y CHEC afianzan su capacidad de establecer alianzas interinstitucionales en pro de aportar a la transformaci\u00f3n energ\u00e9tica regional, a trav\u00e9s de la implementaci\u00f3n de sistemas de energ\u00edas renovables no convencionales (ERNC).<\/p>\n<p>El Vicerrector Acad\u00e9mico de la Universidad de Caldas, German G\u00f3mez Londo\u00f1o, agreg\u00f3 que se espera subir en el escalaf\u00f3n de Green Metric con el trabajo hasta el momento realizado y demostrable como lo es la generaci\u00f3n de energ\u00eda limpia para la instituci\u00f3n con el proyecto de energ\u00eda solar en granja Montelindo.<\/p>\n<p>Otros datos relevantes sobre este proyecto:<\/p>\n<ul>\n<li>Su costo total fue de 417 millones COP.<\/li>\n<li>Los 100,1 kWp de capacidad de instalada, equivalen al consumo mensual promedio de 55 viviendas.<\/li>\n<li>Su puesta en operaci\u00f3n permitir\u00e1 que se dejen de emitir 108,59 toneladas de CO2 al a\u00f1o (durante 25 a\u00f1os), lo que equivaldr\u00eda a sacar de circulaci\u00f3n 111 veh\u00edculos con un recorrido de 5 mil km cada uno.<\/li>\n<li>Este proyecto se ejecut\u00f3 bajo la modalidad EPC (Engineering, Procurement and Construction) que significa que CHEC actu\u00f3 en calidad de contratista, encarg\u00e1ndose del manejo de los frentes de ingenier\u00eda, abastecimiento y construcci\u00f3n y entregando una instalaci\u00f3n complemente finalizada y funcional.<\/li>\n<li>Este hace parte de una serie de proyectos de energ\u00eda solar fotovoltaica que CHEC ha ejecutado para otras instituciones de la regi\u00f3n, con un grupo interdisciplinario de profesionales de las \u00e1reas de comercial, generaci\u00f3n y subestaciones y l\u00edneas.<\/li>\n<\/ul>\n<p>&nbsp;<\/p>\n<p><strong>Anexos:<\/strong><\/p>\n<p><a href=\"https:\/\/www.ucaldas.edu.co\/portal\/wp-content\/uploads\/2023\/07\/Gerente-de-Chec-Santiago-Villegas-Yepes.mp3\"><strong>Audio Gerente de Chec, Santiago Villegas Yepes.<\/strong><\/a><\/p>\n<audio class=\"wp-audio-shortcode\" id=\"audio-76521-1\" preload=\"none\" style=\"width: 100%;\" controls=\"controls\"><source type=\"audio\/mpeg\" src=\"https:\/\/www.ucaldas.edu.co\/portal\/wp-content\/uploads\/2023\/07\/Gerente-de-Chec-Santiago-Villegas-Yepes.mp3?_=1\" \/><a href=\"https:\/\/www.ucaldas.edu.co\/portal\/wp-content\/uploads\/2023\/07\/Gerente-de-Chec-Santiago-Villegas-Yepes.mp3\">https:\/\/www.ucaldas.edu.co\/portal\/wp-content\/uploads\/2023\/07\/Gerente-de-Chec-Santiago-Villegas-Yepes.mp3<\/a><\/audio>\n<p><a href=\"https:\/\/www.ucaldas.edu.co\/portal\/wp-content\/uploads\/2023\/07\/Vicerrector-Academico-Universidad-de-Caldas-German-Gomez-Londono.mp3\"><strong>Audio Vicerrector Acad\u00e9mico Universidad de Caldas, German G\u00f3mez Londo\u00f1o.<\/strong><\/a><\/p>\n<audio class=\"wp-audio-shortcode\" id=\"audio-76521-2\" preload=\"none\" style=\"width: 100%;\" controls=\"controls\"><source type=\"audio\/mpeg\" src=\"https:\/\/www.ucaldas.edu.co\/portal\/wp-content\/uploads\/2023\/07\/Vicerrector-Academico-Universidad-de-Caldas-German-Gomez-Londono.mp3?_=2\" \/><a href=\"https:\/\/www.ucaldas.edu.co\/portal\/wp-content\/uploads\/2023\/07\/Vicerrector-Academico-Universidad-de-Caldas-German-Gomez-Londono.mp3\">https:\/\/www.ucaldas.edu.co\/portal\/wp-content\/uploads\/2023\/07\/Vicerrector-Academico-Universidad-de-Caldas-German-Gomez-Londono.mp3<\/a><\/audio>\n","protected":false},"excerpt":{"rendered":"<p>La Universidad de Caldas, en alianza con CHEC como ejecutor del proyecto, present\u00f3 hoy su primera instalaci\u00f3n de energ\u00eda solar fotovoltaica, ubicada en la granja Montelindo, en el sector de Sant\u00e1gueda.<\/p>\n","protected":false},"author":2,"featured_media":76524,"comment_status":"closed","ping_status":"open","sticky":false,"template":"","format":"standard","meta":{"footnotes":"","_members_access_role":[],"_members_access_error":""},"categories":[48,53,624],"tags":[8066],"class_list":["post-76521","post","type-post","status-publish","format-standard","has-post-thumbnail","hentry","category-actualidad","category-universidad-al-dia","category-ucaldas-activa","tag-energia-solar"],"yoast_head":"<!-- This site is optimized with the Yoast SEO plugin v28.4 - https:\/\/yoast.com\/product\/yoast-seo-wordpress\/ -->\n<title>Universidad de Caldas y CHEC presentaron proyecto de energ\u00eda solar en granja Montelindo .<\/title>\n<meta name=\"robots\" content=\"index, follow, max-snippet:-1, max-image-preview:large, max-video-preview:-1\" \/>\n<link rel=\"canonical\" href=\"https:\/\/www.ucaldas.edu.co\/portal\/universidad-de-caldas-y-chec-presentaron-proyecto-de-energia-solar-en-granja-montelindo\/\" \/>\n<script type=\"application\/ld+json\" class=\"yoast-schema-graph\">{\"@context\":\"https:\\\/\\\/schema.org\",\"@graph\":[{\"@type\":\"Article\",\"@id\":\"https:\\\/\\\/www.ucaldas.edu.co\\\/portal\\\/universidad-de-caldas-y-chec-presentaron-proyecto-de-energia-solar-en-granja-montelindo\\\/#article\",\"isPartOf\":{\"@id\":\"https:\\\/\\\/www.ucaldas.edu.co\\\/portal\\\/universidad-de-caldas-y-chec-presentaron-proyecto-de-energia-solar-en-granja-montelindo\\\/\"},\"author\":{\"name\":\"ofiprensa\",\"@id\":\"https:\\\/\\\/www.ucaldas.edu.co\\\/portal\\\/#\\\/schema\\\/person\\\/a1b482e23449158b4bc319926c074fdf\"},\"headline\":\"Universidad de Caldas y CHEC presentaron proyecto de energ\u00eda solar en granja Montelindo\",\"datePublished\":\"2023-07-11T21:59:40+00:00\",\"mainEntityOfPage\":{\"@id\":\"https:\\\/\\\/www.ucaldas.edu.co\\\/portal\\\/universidad-de-caldas-y-chec-presentaron-proyecto-de-energia-solar-en-granja-montelindo\\\/\"},\"wordCount\":540,\"publisher\":{\"@id\":\"https:\\\/\\\/www.ucaldas.edu.co\\\/portal\\\/#organization\"},\"image\":{\"@id\":\"https:\\\/\\\/www.ucaldas.edu.co\\\/portal\\\/universidad-de-caldas-y-chec-presentaron-proyecto-de-energia-solar-en-granja-montelindo\\\/#primaryimage\"},\"thumbnailUrl\":\"https:\\\/\\\/www.ucaldas.edu.co\\\/portal\\\/wp-content\\\/uploads\\\/2023\\\/07\\\/solar.jpg\",\"keywords\":[\"energ\u00eda solar\"],\"articleSection\":[\"Actualidad\",\"Universidad al D\u00eda\",\"UCaldas Activa\"],\"inLanguage\":\"es\"},{\"@type\":\"WebPage\",\"@id\":\"https:\\\/\\\/www.ucaldas.edu.co\\\/portal\\\/universidad-de-caldas-y-chec-presentaron-proyecto-de-energia-solar-en-granja-montelindo\\\/\",\"url\":\"https:\\\/\\\/www.ucaldas.edu.co\\\/portal\\\/universidad-de-caldas-y-chec-presentaron-proyecto-de-energia-solar-en-granja-montelindo\\\/\",\"name\":\"Universidad de Caldas y CHEC presentaron proyecto de energ\u00eda solar en granja Montelindo .\",\"isPartOf\":{\"@id\":\"https:\\\/\\\/www.ucaldas.edu.co\\\/portal\\\/#website\"},\"primaryImageOfPage\":{\"@id\":\"https:\\\/\\\/www.ucaldas.edu.co\\\/portal\\\/universidad-de-caldas-y-chec-presentaron-proyecto-de-energia-solar-en-granja-montelindo\\\/#primaryimage\"},\"image\":{\"@id\":\"https:\\\/\\\/www.ucaldas.edu.co\\\/portal\\\/universidad-de-caldas-y-chec-presentaron-proyecto-de-energia-solar-en-granja-montelindo\\\/#primaryimage\"},\"thumbnailUrl\":\"https:\\\/\\\/www.ucaldas.edu.co\\\/portal\\\/wp-content\\\/uploads\\\/2023\\\/07\\\/solar.jpg\",\"datePublished\":\"2023-07-11T21:59:40+00:00\",\"breadcrumb\":{\"@id\":\"https:\\\/\\\/www.ucaldas.edu.co\\\/portal\\\/universidad-de-caldas-y-chec-presentaron-proyecto-de-energia-solar-en-granja-montelindo\\\/#breadcrumb\"},\"inLanguage\":\"es\",\"potentialAction\":[{\"@type\":\"ReadAction\",\"target\":[\"https:\\\/\\\/www.ucaldas.edu.co\\\/portal\\\/universidad-de-caldas-y-chec-presentaron-proyecto-de-energia-solar-en-granja-montelindo\\\/\"]}]},{\"@type\":\"ImageObject\",\"inLanguage\":\"es\",\"@id\":\"https:\\\/\\\/www.ucaldas.edu.co\\\/portal\\\/universidad-de-caldas-y-chec-presentaron-proyecto-de-energia-solar-en-granja-montelindo\\\/#primaryimage\",\"url\":\"https:\\\/\\\/www.ucaldas.edu.co\\\/portal\\\/wp-content\\\/uploads\\\/2023\\\/07\\\/solar.jpg\",\"contentUrl\":\"https:\\\/\\\/www.ucaldas.edu.co\\\/portal\\\/wp-content\\\/uploads\\\/2023\\\/07\\\/solar.jpg\",\"width\":900,\"height\":510,\"caption\":\"energ\u00eda solar\"},{\"@type\":\"BreadcrumbList\",\"@id\":\"https:\\\/\\\/www.ucaldas.edu.co\\\/portal\\\/universidad-de-caldas-y-chec-presentaron-proyecto-de-energia-solar-en-granja-montelindo\\\/#breadcrumb\",\"itemListElement\":[{\"@type\":\"ListItem\",\"position\":1,\"name\":\"Portada\",\"item\":\"https:\\\/\\\/www.ucaldas.edu.co\\\/portal\\\/\"},{\"@type\":\"ListItem\",\"position\":2,\"name\":\"Universidad de Caldas y CHEC presentaron proyecto de energ\u00eda solar en granja Montelindo\"}]},{\"@type\":\"WebSite\",\"@id\":\"https:\\\/\\\/www.ucaldas.edu.co\\\/portal\\\/#website\",\"url\":\"https:\\\/\\\/www.ucaldas.edu.co\\\/portal\\\/\",\"name\":\"Universidad de Caldas\",\"description\":\"\",\"publisher\":{\"@id\":\"https:\\\/\\\/www.ucaldas.edu.co\\\/portal\\\/#organization\"},\"alternateName\":\"U. de Caldas\",\"potentialAction\":[{\"@type\":\"SearchAction\",\"target\":{\"@type\":\"EntryPoint\",\"urlTemplate\":\"https:\\\/\\\/www.ucaldas.edu.co\\\/portal\\\/?s={search_term_string}\"},\"query-input\":{\"@type\":\"PropertyValueSpecification\",\"valueRequired\":true,\"valueName\":\"search_term_string\"}}],\"inLanguage\":\"es\"},{\"@type\":\"Organization\",\"@id\":\"https:\\\/\\\/www.ucaldas.edu.co\\\/portal\\\/#organization\",\"name\":\"Universidad de Caldas\",\"alternateName\":\"U. de Caldas\",\"url\":\"https:\\\/\\\/www.ucaldas.edu.co\\\/portal\\\/\",\"logo\":{\"@type\":\"ImageObject\",\"inLanguage\":\"es\",\"@id\":\"https:\\\/\\\/www.ucaldas.edu.co\\\/portal\\\/#\\\/schema\\\/logo\\\/image\\\/\",\"url\":\"https:\\\/\\\/www.ucaldas.edu.co\\\/portal\\\/wp-content\\\/uploads\\\/2023\\\/11\\\/Logo_horizontal_oscuroU-2023.png\",\"contentUrl\":\"https:\\\/\\\/www.ucaldas.edu.co\\\/portal\\\/wp-content\\\/uploads\\\/2023\\\/11\\\/Logo_horizontal_oscuroU-2023.png\",\"width\":263,\"height\":101,\"caption\":\"Universidad de Caldas\"},\"image\":{\"@id\":\"https:\\\/\\\/www.ucaldas.edu.co\\\/portal\\\/#\\\/schema\\\/logo\\\/image\\\/\"},\"sameAs\":[\"https:\\\/\\\/www.facebook.com\\\/udecaldas\",\"https:\\\/\\\/x.com\\\/udecaldas\",\"https:\\\/\\\/www.youtube.com\\\/universidadcaldas\",\"https:\\\/\\\/www.instagram.com\\\/udecaldas\\\/\"]},{\"@type\":\"Person\",\"@id\":\"https:\\\/\\\/www.ucaldas.edu.co\\\/portal\\\/#\\\/schema\\\/person\\\/a1b482e23449158b4bc319926c074fdf\",\"name\":\"ofiprensa\",\"image\":{\"@type\":\"ImageObject\",\"inLanguage\":\"es\",\"@id\":\"https:\\\/\\\/www.ucaldas.edu.co\\\/portal\\\/wp-content\\\/litespeed\\\/avatar\\\/09ea5085e600095a7a811142c6944527.jpg?ver=1788384175\",\"url\":\"https:\\\/\\\/www.ucaldas.edu.co\\\/portal\\\/wp-content\\\/litespeed\\\/avatar\\\/09ea5085e600095a7a811142c6944527.jpg?ver=1788384175\",\"contentUrl\":\"https:\\\/\\\/www.ucaldas.edu.co\\\/portal\\\/wp-content\\\/litespeed\\\/avatar\\\/09ea5085e600095a7a811142c6944527.jpg?ver=1788384175\",\"caption\":\"ofiprensa\"},\"url\":\"https:\\\/\\\/www.ucaldas.edu.co\\\/portal\\\/author\\\/ofiprensa\\\/\"}]}<\/script>\n<!-- \/ Yoast SEO plugin. -->","yoast_head_json":{"title":"Universidad de Caldas y CHEC presentaron proyecto de energ\u00eda solar en granja Montelindo .","robots":{"index":"index","follow":"follow","max-snippet":"max-snippet:-1","max-image-preview":"max-image-preview:large","max-video-preview":"max-video-preview:-1"},"canonical":"https:\/\/www.ucaldas.edu.co\/portal\/universidad-de-caldas-y-chec-presentaron-proyecto-de-energia-solar-en-granja-montelindo\/","schema":{"@context":"https:\/\/schema.org","@graph":[{"@type":"Article","@id":"https:\/\/www.ucaldas.edu.co\/portal\/universidad-de-caldas-y-chec-presentaron-proyecto-de-energia-solar-en-granja-montelindo\/#article","isPartOf":{"@id":"https:\/\/www.ucaldas.edu.co\/portal\/universidad-de-caldas-y-chec-presentaron-proyecto-de-energia-solar-en-granja-montelindo\/"},"author":{"name":"ofiprensa","@id":"https:\/\/www.ucaldas.edu.co\/portal\/#\/schema\/person\/a1b482e23449158b4bc319926c074fdf"},"headline":"Universidad de Caldas y CHEC presentaron proyecto de energ\u00eda solar en granja Montelindo","datePublished":"2023-07-11T21:59:40+00:00","mainEntityOfPage":{"@id":"https:\/\/www.ucaldas.edu.co\/portal\/universidad-de-caldas-y-chec-presentaron-proyecto-de-energia-solar-en-granja-montelindo\/"},"wordCount":540,"publisher":{"@id":"https:\/\/www.ucaldas.edu.co\/portal\/#organization"},"image":{"@id":"https:\/\/www.ucaldas.edu.co\/portal\/universidad-de-caldas-y-chec-presentaron-proyecto-de-energia-solar-en-granja-montelindo\/#primaryimage"},"thumbnailUrl":"https:\/\/www.ucaldas.edu.co\/portal\/wp-content\/uploads\/2023\/07\/solar.jpg","keywords":["energ\u00eda solar"],"articleSection":["Actualidad","Universidad al D\u00eda","UCaldas Activa"],"inLanguage":"es"},{"@type":"WebPage","@id":"https:\/\/www.ucaldas.edu.co\/portal\/universidad-de-caldas-y-chec-presentaron-proyecto-de-energia-solar-en-granja-montelindo\/","url":"https:\/\/www.ucaldas.edu.co\/portal\/universidad-de-caldas-y-chec-presentaron-proyecto-de-energia-solar-en-granja-montelindo\/","name":"Universidad de Caldas y CHEC presentaron proyecto de energ\u00eda solar en granja Montelindo .","isPartOf":{"@id":"https:\/\/www.ucaldas.edu.co\/portal\/#website"},"primaryImageOfPage":{"@id":"https:\/\/www.ucaldas.edu.co\/portal\/universidad-de-caldas-y-chec-presentaron-proyecto-de-energia-solar-en-granja-montelindo\/#primaryimage"},"image":{"@id":"https:\/\/www.ucaldas.edu.co\/portal\/universidad-de-caldas-y-chec-presentaron-proyecto-de-energia-solar-en-granja-montelindo\/#primaryimage"},"thumbnailUrl":"https:\/\/www.ucaldas.edu.co\/portal\/wp-content\/uploads\/2023\/07\/solar.jpg","datePublished":"2023-07-11T21:59:40+00:00","breadcrumb":{"@id":"https:\/\/www.ucaldas.edu.co\/portal\/universidad-de-caldas-y-chec-presentaron-proyecto-de-energia-solar-en-granja-montelindo\/#breadcrumb"},"inLanguage":"es","potentialAction":[{"@type":"ReadAction","target":["https:\/\/www.ucaldas.edu.co\/portal\/universidad-de-caldas-y-chec-presentaron-proyecto-de-energia-solar-en-granja-montelindo\/"]}]},{"@type":"ImageObject","inLanguage":"es","@id":"https:\/\/www.ucaldas.edu.co\/portal\/universidad-de-caldas-y-chec-presentaron-proyecto-de-energia-solar-en-granja-montelindo\/#primaryimage","url":"https:\/\/www.ucaldas.edu.co\/portal\/wp-content\/uploads\/2023\/07\/solar.jpg","contentUrl":"https:\/\/www.ucaldas.edu.co\/portal\/wp-content\/uploads\/2023\/07\/solar.jpg","width":900,"height":510,"caption":"energ\u00eda solar"},{"@type":"BreadcrumbList","@id":"https:\/\/www.ucaldas.edu.co\/portal\/universidad-de-caldas-y-chec-presentaron-proyecto-de-energia-solar-en-granja-montelindo\/#breadcrumb","itemListElement":[{"@type":"ListItem","position":1,"name":"Portada","item":"https:\/\/www.ucaldas.edu.co\/portal\/"},{"@type":"ListItem","position":2,"name":"Universidad de Caldas y CHEC presentaron proyecto de energ\u00eda solar en granja Montelindo"}]},{"@type":"WebSite","@id":"https:\/\/www.ucaldas.edu.co\/portal\/#website","url":"https:\/\/www.ucaldas.edu.co\/portal\/","name":"Universidad de Caldas","description":"","publisher":{"@id":"https:\/\/www.ucaldas.edu.co\/portal\/#organization"},"alternateName":"U. de Caldas","potentialAction":[{"@type":"SearchAction","target":{"@type":"EntryPoint","urlTemplate":"https:\/\/www.ucaldas.edu.co\/portal\/?s={search_term_string}"},"query-input":{"@type":"PropertyValueSpecification","valueRequired":true,"valueName":"search_term_string"}}],"inLanguage":"es"},{"@type":"Organization","@id":"https:\/\/www.ucaldas.edu.co\/portal\/#organization","name":"Universidad de Caldas","alternateName":"U. de Caldas","url":"https:\/\/www.ucaldas.edu.co\/portal\/","logo":{"@type":"ImageObject","inLanguage":"es","@id":"https:\/\/www.ucaldas.edu.co\/portal\/#\/schema\/logo\/image\/","url":"https:\/\/www.ucaldas.edu.co\/portal\/wp-content\/uploads\/2023\/11\/Logo_horizontal_oscuroU-2023.png","contentUrl":"https:\/\/www.ucaldas.edu.co\/portal\/wp-content\/uploads\/2023\/11\/Logo_horizontal_oscuroU-2023.png","width":263,"height":101,"caption":"Universidad de Caldas"},"image":{"@id":"https:\/\/www.ucaldas.edu.co\/portal\/#\/schema\/logo\/image\/"},"sameAs":["https:\/\/www.facebook.com\/udecaldas","https:\/\/x.com\/udecaldas","https:\/\/www.youtube.com\/universidadcaldas","https:\/\/www.instagram.com\/udecaldas\/"]},{"@type":"Person","@id":"https:\/\/www.ucaldas.edu.co\/portal\/#\/schema\/person\/a1b482e23449158b4bc319926c074fdf","name":"ofiprensa","image":{"@type":"ImageObject","inLanguage":"es","@id":"https:\/\/www.ucaldas.edu.co\/portal\/wp-content\/litespeed\/avatar\/09ea5085e600095a7a811142c6944527.jpg?ver=1788384175","url":"https:\/\/www.ucaldas.edu.co\/portal\/wp-content\/litespeed\/avatar\/09ea5085e600095a7a811142c6944527.jpg?ver=1788384175","contentUrl":"https:\/\/www.ucaldas.edu.co\/portal\/wp-content\/litespeed\/avatar\/09ea5085e600095a7a811142c6944527.jpg?ver=1788384175","caption":"ofiprensa"},"url":"https:\/\/www.ucaldas.edu.co\/portal\/author\/ofiprensa\/"}]}},"_links":{"self":[{"href":"https:\/\/www.ucaldas.edu.co\/portal\/wp-json\/wp\/v2\/posts\/76521","targetHints":{"allow":["GET"]}}],"collection":[{"href":"https:\/\/www.ucaldas.edu.co\/portal\/wp-json\/wp\/v2\/posts"}],"about":[{"href":"https:\/\/www.ucaldas.edu.co\/portal\/wp-json\/wp\/v2\/types\/post"}],"author":[{"embeddable":true,"href":"https:\/\/www.ucaldas.edu.co\/portal\/wp-json\/wp\/v2\/users\/2"}],"replies":[{"embeddable":true,"href":"https:\/\/www.ucaldas.edu.co\/portal\/wp-json\/wp\/v2\/comments?post=76521"}],"version-history":[{"count":0,"href":"https:\/\/www.ucaldas.edu.co\/portal\/wp-json\/wp\/v2\/posts\/76521\/revisions"}],"wp:featuredmedia":[{"embeddable":true,"href":"https:\/\/www.ucaldas.edu.co\/portal\/wp-json\/wp\/v2\/media\/76524"}],"wp:attachment":[{"href":"https:\/\/www.ucaldas.edu.co\/portal\/wp-json\/wp\/v2\/media?parent=76521"}],"wp:term":[{"taxonomy":"category","embeddable":true,"href":"https:\/\/www.ucaldas.edu.co\/portal\/wp-json\/wp\/v2\/categories?post=76521"},{"taxonomy":"post_tag","embeddable":true,"href":"https:\/\/www.ucaldas.edu.co\/portal\/wp-json\/wp\/v2\/tags?post=76521"}],"curies":[{"name":"wp","href":"https:\/\/api.w.org\/{rel}","templated":true}]}}