{"id":76499,"date":"2023-07-11T18:19:19","date_gmt":"2023-07-11T18:19:19","guid":{"rendered":"https:\/\/www.ucaldas.edu.co\/portal\/?p=76499"},"modified":"2023-07-11T18:19:19","modified_gmt":"2023-07-11T18:19:19","slug":"universidad-de-caldas-participo-en-la-reunion-final-del-proyecto-equam-la-en-argentina","status":"publish","type":"post","link":"https:\/\/www.ucaldas.edu.co\/portal\/universidad-de-caldas-participo-en-la-reunion-final-del-proyecto-equam-la-en-argentina\/","title":{"rendered":"Universidad de Caldas particip\u00f3 en la reuni\u00f3n final del proyecto EQUAM-LA en Argentina"},"content":{"rendered":"<p><img loading=\"lazy\" decoding=\"async\" class=\"aligncenter size-full wp-image-76500\" src=\"https:\/\/www.ucaldas.edu.co\/portal\/wp-content\/uploads\/2023\/07\/pryecto-equam-argentina.jpg\" alt=\"proyecto equam\" width=\"900\" height=\"510\" srcset=\"https:\/\/www.ucaldas.edu.co\/portal\/wp-content\/uploads\/2023\/07\/pryecto-equam-argentina.jpg 900w, https:\/\/www.ucaldas.edu.co\/portal\/wp-content\/uploads\/2023\/07\/pryecto-equam-argentina-300x170.jpg 300w, https:\/\/www.ucaldas.edu.co\/portal\/wp-content\/uploads\/2023\/07\/pryecto-equam-argentina-768x435.jpg 768w\" sizes=\"auto, (max-width: 900px) 100vw, 900px\" \/><\/p>\n<p>&nbsp;<\/p>\n<p>El Decano de la Facultad de Ciencias Agropecuarias, Henry Mesa Echeverry, y el coordinador del proyecto EQUAM-LA, Bernardo Rivera S\u00e1nchez, representaron a la Universidad de Caldas en la reuni\u00f3n final del proyecto EQUAM-LA \u201cMejorando la gesti\u00f3n y el reconocimiento de la calidad en las universidades latinoamericanas para fortalecer el espacio Latinoamericano de Educaci\u00f3n Superior\u201d.<!--more--><\/p>\n<p>El proyecto, financiado con recursos del programa Erasmus Plus, de la Uni\u00f3n Europea, se propuso consolidar los sistemas internos de aseguramiento de la calidad, con un enfoque compartido y comparable, para que, sobre la base del mejoramiento de la calidad y la confianza mutua, se promueva la comparabilidad de los sistemas, se garantice el reconocimiento y se fortalezca la movilidad y la internacionalizaci\u00f3n.<\/p>\n<p>Recientemente, se llev\u00f3 a cabo en la ciudad de Santa Fe, Argentina, la reuni\u00f3n final del proyecto, luego de tres a\u00f1os y seis meses de ejecuci\u00f3n. En esta, se realiz\u00f3 un an\u00e1lisis de los resultados alcanzados y de las estrategias de sostenibilidad institucional del proyecto en las universidades participantes.<\/p>\n<p>Mesa y Rivera, en representaci\u00f3n de la Universidad de Caldas, destacaron los resultados del proyecto en t\u00e9rminos del reforzamiento de los equipos de trabajo para la autoevaluaci\u00f3n de programas acad\u00e9micos y como oportunidad para la actualizaci\u00f3n del Sistema Interno de Aseguramiento de la Calidad (SIAC), cuya vigencia est\u00e1 pr\u00f3xima a cumplir los 20 a\u00f1os. As\u00ed mismo, se corrobor\u00f3 que el Modelo Integrado de Desempe\u00f1o Institucional (MIDI) de la Universidad es un marco de referencia para planear, ejecutar, evaluar y controlar la gesti\u00f3n de la instituci\u00f3n para la modernizaci\u00f3n administrativa.<\/p>\n<p>La sostenibilidad del proyecto implica el acompa\u00f1amiento al proceso de autoevaluaci\u00f3n con fines de acreditaci\u00f3n para seis nuevos programas de maestr\u00eda, la posibilidad de aplicar el AUDIT Internacional para la certificaci\u00f3n del sistema interno de calidad, y el creciente inter\u00e9s institucional por consolidar redes de conocimiento para la creaci\u00f3n de valor agregado en los procesos de aseguramiento de la calidad.<\/p>\n","protected":false},"excerpt":{"rendered":"<p>&nbsp; El Decano de la Facultad de Ciencias Agropecuarias, Henry Mesa Echeverry, y el coordinador del proyecto EQUAM-LA, Bernardo Rivera S\u00e1nchez, representaron a la Universidad de Caldas en la reuni\u00f3n final del proyecto EQUAM-LA \u201cMejorando la gesti\u00f3n y el reconocimiento de la calidad en las universidades latinoamericanas para fortalecer el espacio Latinoamericano de Educaci\u00f3n Superior\u201d.<\/p>\n","protected":false},"author":2,"featured_media":76500,"comment_status":"closed","ping_status":"open","sticky":false,"template":"","format":"standard","meta":{"footnotes":""},"categories":[48,53],"tags":[9475],"class_list":["post-76499","post","type-post","status-publish","format-standard","has-post-thumbnail","hentry","category-actualidad","category-universidad-al-dia","tag-equam-la"],"yoast_head":"<!-- This site is optimized with the Yoast SEO plugin v27.4 - https:\/\/yoast.com\/product\/yoast-seo-wordpress\/ -->\n<title>Universidad de Caldas particip\u00f3 en la reuni\u00f3n final del proyecto EQUAM-LA en Argentina .<\/title>\n<meta name=\"robots\" content=\"index, follow, max-snippet:-1, max-image-preview:large, max-video-preview:-1\" \/>\n<link rel=\"canonical\" href=\"https:\/\/www.ucaldas.edu.co\/portal\/universidad-de-caldas-participo-en-la-reunion-final-del-proyecto-equam-la-en-argentina\/\" \/>\n<script type=\"application\/ld+json\" class=\"yoast-schema-graph\">{\"@context\":\"https:\\\/\\\/schema.org\",\"@graph\":[{\"@type\":\"Article\",\"@id\":\"https:\\\/\\\/www.ucaldas.edu.co\\\/portal\\\/universidad-de-caldas-participo-en-la-reunion-final-del-proyecto-equam-la-en-argentina\\\/#article\",\"isPartOf\":{\"@id\":\"https:\\\/\\\/www.ucaldas.edu.co\\\/portal\\\/universidad-de-caldas-participo-en-la-reunion-final-del-proyecto-equam-la-en-argentina\\\/\"},\"author\":{\"name\":\"ofiprensa\",\"@id\":\"https:\\\/\\\/www.ucaldas.edu.co\\\/portal\\\/#\\\/schema\\\/person\\\/a1b482e23449158b4bc319926c074fdf\"},\"headline\":\"Universidad de Caldas particip\u00f3 en la reuni\u00f3n final del proyecto EQUAM-LA en Argentina\",\"datePublished\":\"2023-07-11T18:19:19+00:00\",\"mainEntityOfPage\":{\"@id\":\"https:\\\/\\\/www.ucaldas.edu.co\\\/portal\\\/universidad-de-caldas-participo-en-la-reunion-final-del-proyecto-equam-la-en-argentina\\\/\"},\"wordCount\":357,\"publisher\":{\"@id\":\"https:\\\/\\\/www.ucaldas.edu.co\\\/portal\\\/#organization\"},\"image\":{\"@id\":\"https:\\\/\\\/www.ucaldas.edu.co\\\/portal\\\/universidad-de-caldas-participo-en-la-reunion-final-del-proyecto-equam-la-en-argentina\\\/#primaryimage\"},\"thumbnailUrl\":\"https:\\\/\\\/www.ucaldas.edu.co\\\/portal\\\/wp-content\\\/uploads\\\/2023\\\/07\\\/pryecto-equam-argentina.jpg\",\"keywords\":[\"equam la\"],\"articleSection\":[\"Actualidad\",\"Universidad al D\u00eda\"],\"inLanguage\":\"es\"},{\"@type\":\"WebPage\",\"@id\":\"https:\\\/\\\/www.ucaldas.edu.co\\\/portal\\\/universidad-de-caldas-participo-en-la-reunion-final-del-proyecto-equam-la-en-argentina\\\/\",\"url\":\"https:\\\/\\\/www.ucaldas.edu.co\\\/portal\\\/universidad-de-caldas-participo-en-la-reunion-final-del-proyecto-equam-la-en-argentina\\\/\",\"name\":\"Universidad de Caldas particip\u00f3 en la reuni\u00f3n final del proyecto EQUAM-LA en Argentina .\",\"isPartOf\":{\"@id\":\"https:\\\/\\\/www.ucaldas.edu.co\\\/portal\\\/#website\"},\"primaryImageOfPage\":{\"@id\":\"https:\\\/\\\/www.ucaldas.edu.co\\\/portal\\\/universidad-de-caldas-participo-en-la-reunion-final-del-proyecto-equam-la-en-argentina\\\/#primaryimage\"},\"image\":{\"@id\":\"https:\\\/\\\/www.ucaldas.edu.co\\\/portal\\\/universidad-de-caldas-participo-en-la-reunion-final-del-proyecto-equam-la-en-argentina\\\/#primaryimage\"},\"thumbnailUrl\":\"https:\\\/\\\/www.ucaldas.edu.co\\\/portal\\\/wp-content\\\/uploads\\\/2023\\\/07\\\/pryecto-equam-argentina.jpg\",\"datePublished\":\"2023-07-11T18:19:19+00:00\",\"breadcrumb\":{\"@id\":\"https:\\\/\\\/www.ucaldas.edu.co\\\/portal\\\/universidad-de-caldas-participo-en-la-reunion-final-del-proyecto-equam-la-en-argentina\\\/#breadcrumb\"},\"inLanguage\":\"es\",\"potentialAction\":[{\"@type\":\"ReadAction\",\"target\":[\"https:\\\/\\\/www.ucaldas.edu.co\\\/portal\\\/universidad-de-caldas-participo-en-la-reunion-final-del-proyecto-equam-la-en-argentina\\\/\"]}]},{\"@type\":\"ImageObject\",\"inLanguage\":\"es\",\"@id\":\"https:\\\/\\\/www.ucaldas.edu.co\\\/portal\\\/universidad-de-caldas-participo-en-la-reunion-final-del-proyecto-equam-la-en-argentina\\\/#primaryimage\",\"url\":\"https:\\\/\\\/www.ucaldas.edu.co\\\/portal\\\/wp-content\\\/uploads\\\/2023\\\/07\\\/pryecto-equam-argentina.jpg\",\"contentUrl\":\"https:\\\/\\\/www.ucaldas.edu.co\\\/portal\\\/wp-content\\\/uploads\\\/2023\\\/07\\\/pryecto-equam-argentina.jpg\",\"width\":900,\"height\":510,\"caption\":\"proyecto equam\"},{\"@type\":\"BreadcrumbList\",\"@id\":\"https:\\\/\\\/www.ucaldas.edu.co\\\/portal\\\/universidad-de-caldas-participo-en-la-reunion-final-del-proyecto-equam-la-en-argentina\\\/#breadcrumb\",\"itemListElement\":[{\"@type\":\"ListItem\",\"position\":1,\"name\":\"Portada\",\"item\":\"https:\\\/\\\/www.ucaldas.edu.co\\\/portal\\\/\"},{\"@type\":\"ListItem\",\"position\":2,\"name\":\"Universidad de Caldas particip\u00f3 en la reuni\u00f3n final del proyecto EQUAM-LA en Argentina\"}]},{\"@type\":\"WebSite\",\"@id\":\"https:\\\/\\\/www.ucaldas.edu.co\\\/portal\\\/#website\",\"url\":\"https:\\\/\\\/www.ucaldas.edu.co\\\/portal\\\/\",\"name\":\"Universidad de Caldas\",\"description\":\"\",\"publisher\":{\"@id\":\"https:\\\/\\\/www.ucaldas.edu.co\\\/portal\\\/#organization\"},\"alternateName\":\"U. de Caldas\",\"potentialAction\":[{\"@type\":\"SearchAction\",\"target\":{\"@type\":\"EntryPoint\",\"urlTemplate\":\"https:\\\/\\\/www.ucaldas.edu.co\\\/portal\\\/?s={search_term_string}\"},\"query-input\":{\"@type\":\"PropertyValueSpecification\",\"valueRequired\":true,\"valueName\":\"search_term_string\"}}],\"inLanguage\":\"es\"},{\"@type\":\"Organization\",\"@id\":\"https:\\\/\\\/www.ucaldas.edu.co\\\/portal\\\/#organization\",\"name\":\"Universidad de Caldas\",\"alternateName\":\"U. de Caldas\",\"url\":\"https:\\\/\\\/www.ucaldas.edu.co\\\/portal\\\/\",\"logo\":{\"@type\":\"ImageObject\",\"inLanguage\":\"es\",\"@id\":\"https:\\\/\\\/www.ucaldas.edu.co\\\/portal\\\/#\\\/schema\\\/logo\\\/image\\\/\",\"url\":\"https:\\\/\\\/www.ucaldas.edu.co\\\/portal\\\/wp-content\\\/uploads\\\/2023\\\/11\\\/Logo_horizontal_oscuroU-2023.png\",\"contentUrl\":\"https:\\\/\\\/www.ucaldas.edu.co\\\/portal\\\/wp-content\\\/uploads\\\/2023\\\/11\\\/Logo_horizontal_oscuroU-2023.png\",\"width\":263,\"height\":101,\"caption\":\"Universidad de Caldas\"},\"image\":{\"@id\":\"https:\\\/\\\/www.ucaldas.edu.co\\\/portal\\\/#\\\/schema\\\/logo\\\/image\\\/\"},\"sameAs\":[\"https:\\\/\\\/www.facebook.com\\\/udecaldas\",\"https:\\\/\\\/x.com\\\/udecaldas\",\"https:\\\/\\\/www.youtube.com\\\/universidadcaldas\",\"https:\\\/\\\/www.instagram.com\\\/udecaldas\\\/\"]},{\"@type\":\"Person\",\"@id\":\"https:\\\/\\\/www.ucaldas.edu.co\\\/portal\\\/#\\\/schema\\\/person\\\/a1b482e23449158b4bc319926c074fdf\",\"name\":\"ofiprensa\",\"image\":{\"@type\":\"ImageObject\",\"inLanguage\":\"es\",\"@id\":\"https:\\\/\\\/www.ucaldas.edu.co\\\/portal\\\/wp-content\\\/litespeed\\\/avatar\\\/09ea5085e600095a7a811142c6944527.jpg?ver=1776892805\",\"url\":\"https:\\\/\\\/www.ucaldas.edu.co\\\/portal\\\/wp-content\\\/litespeed\\\/avatar\\\/09ea5085e600095a7a811142c6944527.jpg?ver=1776892805\",\"contentUrl\":\"https:\\\/\\\/www.ucaldas.edu.co\\\/portal\\\/wp-content\\\/litespeed\\\/avatar\\\/09ea5085e600095a7a811142c6944527.jpg?ver=1776892805\",\"caption\":\"ofiprensa\"},\"url\":\"https:\\\/\\\/www.ucaldas.edu.co\\\/portal\\\/author\\\/ofiprensa\\\/\"}]}<\/script>\n<!-- \/ Yoast SEO plugin. -->","yoast_head_json":{"title":"Universidad de Caldas particip\u00f3 en la reuni\u00f3n final del proyecto EQUAM-LA en Argentina .","robots":{"index":"index","follow":"follow","max-snippet":"max-snippet:-1","max-image-preview":"max-image-preview:large","max-video-preview":"max-video-preview:-1"},"canonical":"https:\/\/www.ucaldas.edu.co\/portal\/universidad-de-caldas-participo-en-la-reunion-final-del-proyecto-equam-la-en-argentina\/","schema":{"@context":"https:\/\/schema.org","@graph":[{"@type":"Article","@id":"https:\/\/www.ucaldas.edu.co\/portal\/universidad-de-caldas-participo-en-la-reunion-final-del-proyecto-equam-la-en-argentina\/#article","isPartOf":{"@id":"https:\/\/www.ucaldas.edu.co\/portal\/universidad-de-caldas-participo-en-la-reunion-final-del-proyecto-equam-la-en-argentina\/"},"author":{"name":"ofiprensa","@id":"https:\/\/www.ucaldas.edu.co\/portal\/#\/schema\/person\/a1b482e23449158b4bc319926c074fdf"},"headline":"Universidad de Caldas particip\u00f3 en la reuni\u00f3n final del proyecto EQUAM-LA en Argentina","datePublished":"2023-07-11T18:19:19+00:00","mainEntityOfPage":{"@id":"https:\/\/www.ucaldas.edu.co\/portal\/universidad-de-caldas-participo-en-la-reunion-final-del-proyecto-equam-la-en-argentina\/"},"wordCount":357,"publisher":{"@id":"https:\/\/www.ucaldas.edu.co\/portal\/#organization"},"image":{"@id":"https:\/\/www.ucaldas.edu.co\/portal\/universidad-de-caldas-participo-en-la-reunion-final-del-proyecto-equam-la-en-argentina\/#primaryimage"},"thumbnailUrl":"https:\/\/www.ucaldas.edu.co\/portal\/wp-content\/uploads\/2023\/07\/pryecto-equam-argentina.jpg","keywords":["equam la"],"articleSection":["Actualidad","Universidad al D\u00eda"],"inLanguage":"es"},{"@type":"WebPage","@id":"https:\/\/www.ucaldas.edu.co\/portal\/universidad-de-caldas-participo-en-la-reunion-final-del-proyecto-equam-la-en-argentina\/","url":"https:\/\/www.ucaldas.edu.co\/portal\/universidad-de-caldas-participo-en-la-reunion-final-del-proyecto-equam-la-en-argentina\/","name":"Universidad de Caldas particip\u00f3 en la reuni\u00f3n final del proyecto EQUAM-LA en Argentina .","isPartOf":{"@id":"https:\/\/www.ucaldas.edu.co\/portal\/#website"},"primaryImageOfPage":{"@id":"https:\/\/www.ucaldas.edu.co\/portal\/universidad-de-caldas-participo-en-la-reunion-final-del-proyecto-equam-la-en-argentina\/#primaryimage"},"image":{"@id":"https:\/\/www.ucaldas.edu.co\/portal\/universidad-de-caldas-participo-en-la-reunion-final-del-proyecto-equam-la-en-argentina\/#primaryimage"},"thumbnailUrl":"https:\/\/www.ucaldas.edu.co\/portal\/wp-content\/uploads\/2023\/07\/pryecto-equam-argentina.jpg","datePublished":"2023-07-11T18:19:19+00:00","breadcrumb":{"@id":"https:\/\/www.ucaldas.edu.co\/portal\/universidad-de-caldas-participo-en-la-reunion-final-del-proyecto-equam-la-en-argentina\/#breadcrumb"},"inLanguage":"es","potentialAction":[{"@type":"ReadAction","target":["https:\/\/www.ucaldas.edu.co\/portal\/universidad-de-caldas-participo-en-la-reunion-final-del-proyecto-equam-la-en-argentina\/"]}]},{"@type":"ImageObject","inLanguage":"es","@id":"https:\/\/www.ucaldas.edu.co\/portal\/universidad-de-caldas-participo-en-la-reunion-final-del-proyecto-equam-la-en-argentina\/#primaryimage","url":"https:\/\/www.ucaldas.edu.co\/portal\/wp-content\/uploads\/2023\/07\/pryecto-equam-argentina.jpg","contentUrl":"https:\/\/www.ucaldas.edu.co\/portal\/wp-content\/uploads\/2023\/07\/pryecto-equam-argentina.jpg","width":900,"height":510,"caption":"proyecto equam"},{"@type":"BreadcrumbList","@id":"https:\/\/www.ucaldas.edu.co\/portal\/universidad-de-caldas-participo-en-la-reunion-final-del-proyecto-equam-la-en-argentina\/#breadcrumb","itemListElement":[{"@type":"ListItem","position":1,"name":"Portada","item":"https:\/\/www.ucaldas.edu.co\/portal\/"},{"@type":"ListItem","position":2,"name":"Universidad de Caldas particip\u00f3 en la reuni\u00f3n final del proyecto EQUAM-LA en Argentina"}]},{"@type":"WebSite","@id":"https:\/\/www.ucaldas.edu.co\/portal\/#website","url":"https:\/\/www.ucaldas.edu.co\/portal\/","name":"Universidad de Caldas","description":"","publisher":{"@id":"https:\/\/www.ucaldas.edu.co\/portal\/#organization"},"alternateName":"U. de Caldas","potentialAction":[{"@type":"SearchAction","target":{"@type":"EntryPoint","urlTemplate":"https:\/\/www.ucaldas.edu.co\/portal\/?s={search_term_string}"},"query-input":{"@type":"PropertyValueSpecification","valueRequired":true,"valueName":"search_term_string"}}],"inLanguage":"es"},{"@type":"Organization","@id":"https:\/\/www.ucaldas.edu.co\/portal\/#organization","name":"Universidad de Caldas","alternateName":"U. de Caldas","url":"https:\/\/www.ucaldas.edu.co\/portal\/","logo":{"@type":"ImageObject","inLanguage":"es","@id":"https:\/\/www.ucaldas.edu.co\/portal\/#\/schema\/logo\/image\/","url":"https:\/\/www.ucaldas.edu.co\/portal\/wp-content\/uploads\/2023\/11\/Logo_horizontal_oscuroU-2023.png","contentUrl":"https:\/\/www.ucaldas.edu.co\/portal\/wp-content\/uploads\/2023\/11\/Logo_horizontal_oscuroU-2023.png","width":263,"height":101,"caption":"Universidad de Caldas"},"image":{"@id":"https:\/\/www.ucaldas.edu.co\/portal\/#\/schema\/logo\/image\/"},"sameAs":["https:\/\/www.facebook.com\/udecaldas","https:\/\/x.com\/udecaldas","https:\/\/www.youtube.com\/universidadcaldas","https:\/\/www.instagram.com\/udecaldas\/"]},{"@type":"Person","@id":"https:\/\/www.ucaldas.edu.co\/portal\/#\/schema\/person\/a1b482e23449158b4bc319926c074fdf","name":"ofiprensa","image":{"@type":"ImageObject","inLanguage":"es","@id":"https:\/\/www.ucaldas.edu.co\/portal\/wp-content\/litespeed\/avatar\/09ea5085e600095a7a811142c6944527.jpg?ver=1776892805","url":"https:\/\/www.ucaldas.edu.co\/portal\/wp-content\/litespeed\/avatar\/09ea5085e600095a7a811142c6944527.jpg?ver=1776892805","contentUrl":"https:\/\/www.ucaldas.edu.co\/portal\/wp-content\/litespeed\/avatar\/09ea5085e600095a7a811142c6944527.jpg?ver=1776892805","caption":"ofiprensa"},"url":"https:\/\/www.ucaldas.edu.co\/portal\/author\/ofiprensa\/"}]}},"_links":{"self":[{"href":"https:\/\/www.ucaldas.edu.co\/portal\/wp-json\/wp\/v2\/posts\/76499","targetHints":{"allow":["GET"]}}],"collection":[{"href":"https:\/\/www.ucaldas.edu.co\/portal\/wp-json\/wp\/v2\/posts"}],"about":[{"href":"https:\/\/www.ucaldas.edu.co\/portal\/wp-json\/wp\/v2\/types\/post"}],"author":[{"embeddable":true,"href":"https:\/\/www.ucaldas.edu.co\/portal\/wp-json\/wp\/v2\/users\/2"}],"replies":[{"embeddable":true,"href":"https:\/\/www.ucaldas.edu.co\/portal\/wp-json\/wp\/v2\/comments?post=76499"}],"version-history":[{"count":0,"href":"https:\/\/www.ucaldas.edu.co\/portal\/wp-json\/wp\/v2\/posts\/76499\/revisions"}],"wp:featuredmedia":[{"embeddable":true,"href":"https:\/\/www.ucaldas.edu.co\/portal\/wp-json\/wp\/v2\/media\/76500"}],"wp:attachment":[{"href":"https:\/\/www.ucaldas.edu.co\/portal\/wp-json\/wp\/v2\/media?parent=76499"}],"wp:term":[{"taxonomy":"category","embeddable":true,"href":"https:\/\/www.ucaldas.edu.co\/portal\/wp-json\/wp\/v2\/categories?post=76499"},{"taxonomy":"post_tag","embeddable":true,"href":"https:\/\/www.ucaldas.edu.co\/portal\/wp-json\/wp\/v2\/tags?post=76499"}],"curies":[{"name":"wp","href":"https:\/\/api.w.org\/{rel}","templated":true}]}}