{"id":76496,"date":"2023-07-11T18:18:03","date_gmt":"2023-07-11T18:18:03","guid":{"rendered":"https:\/\/www.ucaldas.edu.co\/portal\/?p=76496"},"modified":"2023-07-11T18:18:03","modified_gmt":"2023-07-11T18:18:03","slug":"telesalud-tiene-abiertas-inscripciones-para-su-tercera-cohorte-de-cursos-y-diplomados-virtuales","status":"publish","type":"post","link":"https:\/\/www.ucaldas.edu.co\/portal\/telesalud-tiene-abiertas-inscripciones-para-su-tercera-cohorte-de-cursos-y-diplomados-virtuales\/","title":{"rendered":"Telesalud tiene abiertas inscripciones para su tercera cohorte de cursos y diplomados virtuales"},"content":{"rendered":"<p><img loading=\"lazy\" decoding=\"async\" class=\"aligncenter size-full wp-image-76497\" src=\"https:\/\/www.ucaldas.edu.co\/portal\/wp-content\/uploads\/2023\/07\/telesalud-1.jpg\" alt=\"telesalud\" width=\"900\" height=\"510\" srcset=\"https:\/\/www.ucaldas.edu.co\/portal\/wp-content\/uploads\/2023\/07\/telesalud-1.jpg 900w, https:\/\/www.ucaldas.edu.co\/portal\/wp-content\/uploads\/2023\/07\/telesalud-1-300x170.jpg 300w, https:\/\/www.ucaldas.edu.co\/portal\/wp-content\/uploads\/2023\/07\/telesalud-1-768x435.jpg 768w\" sizes=\"auto, (max-width: 900px) 100vw, 900px\" \/><\/p>\n<p>Telesalud Colombia de la Universidad de Caldas con m\u00e1s de 22 a\u00f1os de experiencia es una instituci\u00f3n l\u00edder en formaci\u00f3n en salud y durante el mes de julio tiene abiertas las inscripciones para su tercera cohorte de cursos y diplomados virtuales en el campo de la salud.<!--more--><\/p>\n<p>Conscientes de la necesidad de acompa\u00f1ar a los profesionales de la salud en su crecimiento profesional, Telesalud ofrece para la tercera cohorte los siguientes programas educativos en l\u00ednea:<\/p>\n<ul>\n<li>Curso virtual C\u00e1ncer de C\u00e9rvix y toma de citolog\u00eda<\/li>\n<li>Curso virtual Telemedicina<\/li>\n<li>Curso Reanimaci\u00f3n Neonatal<\/li>\n<li>Curso virtual Manejo de Infecciones m\u00e1s comunes en urgencias y consulta externa<\/li>\n<li>Curso virtual C\u00e1ncer de Mam\u00e1<\/li>\n<li>Curso Socializaci\u00f3n 3100 de 2019<\/li>\n<li>Curso virtual de Telepsicolog\u00eda<\/li>\n<li>Curso virtual Geohelmintiaisis<\/li>\n<li>Curso virtual AIEPI Comunitario<\/li>\n<li>Curso virtual actualizaci\u00f3n Pediatr\u00eda Pr\u00e1ctica en el marco de las RIAS<\/li>\n<li>Diplomado Promoci\u00f3n\u00a0de estilos de vida saludables y atenci\u00f3n integral a Enfermedades Cr\u00f3nicas No Transmisibles<\/li>\n<li>Diplomado Abordaje Integral de la persona con Trastorno por Consumo de SPA<\/li>\n<li>Diplomado C\u00f3digo Fucsia &#8211; Actualizaci\u00f3n ataques con agentes qu\u00edmicos<\/li>\n<li>Diplomado Actualizaci\u00f3n Pedi\u00e1trica basado en la estrategia AIEPI<\/li>\n<li>Diplomado Consejer\u00eda en Lactancia Materna<\/li>\n<li>Diplomado sexualidad, derechos sexuales y derechos reproductivos<\/li>\n<li>Diplomado Manejo Integral de la Desnutrici\u00f3n en ni\u00f1os menores de 5 a\u00f1os<\/li>\n<li>Diplomado Salud mental en atenci\u00f3n primaria<\/li>\n<li>Diplomado virtual Accidente Of\u00eddico, r\u00e1bico y leishmaniasis<\/li>\n<\/ul>\n<p>La tercera cohorte de cursos y diplomados virtuales de Telesalud brindan una oportunidad \u00fanica a m\u00e9dicos, enfermeros, especialistas de la salud y otros profesionales relacionados,\u00a0para adquirir los conocimientos necesarios y las habilidades pr\u00e1cticas que los ayudar\u00e1n a brindar una mejor atenci\u00f3n y contribuir a la detecci\u00f3n, manejo y control de enfermedades.<\/p>\n<p>Telesalud a trav\u00e9s de su central virtual de aprendizaje \u00abDiaspora\u00bb brinda acceso a contenido de calidad actualizados a 2023 y desarrollado por expertos en el campo.\u00a0 Es de destacar que todos los cursos y diplomados cuentan con el respaldo acad\u00e9mico y certificaci\u00f3n de la Universidad de Caldas, instituci\u00f3n acreditada de alta calidad.<\/p>\n<p>Las inscripciones para la tercera cohorte de los programas de Telesalud est\u00e1n abiertas y se pueden realizar a trav\u00e9s de la l\u00ednea de WhatsApp 321 760 1961. Para conocer m\u00e1s visita la p\u00e1gina web\u00a0<a href=\"http:\/\/www.telesaludcolombia.co\/\">www.telesaludcolombia.co<\/a><\/p>\n","protected":false},"excerpt":{"rendered":"<p>Telesalud Colombia de la Universidad de Caldas con m\u00e1s de 22 a\u00f1os de experiencia es una instituci\u00f3n l\u00edder en formaci\u00f3n en salud y durante el mes de julio tiene abiertas las inscripciones para su tercera cohorte de cursos y diplomados virtuales en el campo de la salud.<\/p>\n","protected":false},"author":2,"featured_media":76497,"comment_status":"closed","ping_status":"open","sticky":false,"template":"","format":"standard","meta":{"footnotes":""},"categories":[48,53,682],"tags":[275],"class_list":["post-76496","post","type-post","status-publish","format-standard","has-post-thumbnail","hentry","category-actualidad","category-universidad-al-dia","category-ucaldas-virtual","tag-telesalud"],"yoast_head":"<!-- This site is optimized with the Yoast SEO plugin v27.5 - https:\/\/yoast.com\/product\/yoast-seo-wordpress\/ -->\n<title>Telesalud tiene abiertas inscripciones para su tercera cohorte de cursos y diplomados virtuales .<\/title>\n<meta name=\"robots\" content=\"index, follow, max-snippet:-1, max-image-preview:large, max-video-preview:-1\" \/>\n<link rel=\"canonical\" href=\"https:\/\/www.ucaldas.edu.co\/portal\/telesalud-tiene-abiertas-inscripciones-para-su-tercera-cohorte-de-cursos-y-diplomados-virtuales\/\" \/>\n<script type=\"application\/ld+json\" class=\"yoast-schema-graph\">{\"@context\":\"https:\\\/\\\/schema.org\",\"@graph\":[{\"@type\":\"Article\",\"@id\":\"https:\\\/\\\/www.ucaldas.edu.co\\\/portal\\\/telesalud-tiene-abiertas-inscripciones-para-su-tercera-cohorte-de-cursos-y-diplomados-virtuales\\\/#article\",\"isPartOf\":{\"@id\":\"https:\\\/\\\/www.ucaldas.edu.co\\\/portal\\\/telesalud-tiene-abiertas-inscripciones-para-su-tercera-cohorte-de-cursos-y-diplomados-virtuales\\\/\"},\"author\":{\"name\":\"ofiprensa\",\"@id\":\"https:\\\/\\\/www.ucaldas.edu.co\\\/portal\\\/#\\\/schema\\\/person\\\/a1b482e23449158b4bc319926c074fdf\"},\"headline\":\"Telesalud tiene abiertas inscripciones para su tercera cohorte de cursos y diplomados virtuales\",\"datePublished\":\"2023-07-11T18:18:03+00:00\",\"mainEntityOfPage\":{\"@id\":\"https:\\\/\\\/www.ucaldas.edu.co\\\/portal\\\/telesalud-tiene-abiertas-inscripciones-para-su-tercera-cohorte-de-cursos-y-diplomados-virtuales\\\/\"},\"wordCount\":408,\"publisher\":{\"@id\":\"https:\\\/\\\/www.ucaldas.edu.co\\\/portal\\\/#organization\"},\"image\":{\"@id\":\"https:\\\/\\\/www.ucaldas.edu.co\\\/portal\\\/telesalud-tiene-abiertas-inscripciones-para-su-tercera-cohorte-de-cursos-y-diplomados-virtuales\\\/#primaryimage\"},\"thumbnailUrl\":\"https:\\\/\\\/www.ucaldas.edu.co\\\/portal\\\/wp-content\\\/uploads\\\/2023\\\/07\\\/telesalud-1.jpg\",\"keywords\":[\"Telesalud\"],\"articleSection\":[\"Actualidad\",\"Universidad al D\u00eda\",\"UCaldas Virtual\"],\"inLanguage\":\"es\"},{\"@type\":\"WebPage\",\"@id\":\"https:\\\/\\\/www.ucaldas.edu.co\\\/portal\\\/telesalud-tiene-abiertas-inscripciones-para-su-tercera-cohorte-de-cursos-y-diplomados-virtuales\\\/\",\"url\":\"https:\\\/\\\/www.ucaldas.edu.co\\\/portal\\\/telesalud-tiene-abiertas-inscripciones-para-su-tercera-cohorte-de-cursos-y-diplomados-virtuales\\\/\",\"name\":\"Telesalud tiene abiertas inscripciones para su tercera cohorte de cursos y diplomados virtuales .\",\"isPartOf\":{\"@id\":\"https:\\\/\\\/www.ucaldas.edu.co\\\/portal\\\/#website\"},\"primaryImageOfPage\":{\"@id\":\"https:\\\/\\\/www.ucaldas.edu.co\\\/portal\\\/telesalud-tiene-abiertas-inscripciones-para-su-tercera-cohorte-de-cursos-y-diplomados-virtuales\\\/#primaryimage\"},\"image\":{\"@id\":\"https:\\\/\\\/www.ucaldas.edu.co\\\/portal\\\/telesalud-tiene-abiertas-inscripciones-para-su-tercera-cohorte-de-cursos-y-diplomados-virtuales\\\/#primaryimage\"},\"thumbnailUrl\":\"https:\\\/\\\/www.ucaldas.edu.co\\\/portal\\\/wp-content\\\/uploads\\\/2023\\\/07\\\/telesalud-1.jpg\",\"datePublished\":\"2023-07-11T18:18:03+00:00\",\"breadcrumb\":{\"@id\":\"https:\\\/\\\/www.ucaldas.edu.co\\\/portal\\\/telesalud-tiene-abiertas-inscripciones-para-su-tercera-cohorte-de-cursos-y-diplomados-virtuales\\\/#breadcrumb\"},\"inLanguage\":\"es\",\"potentialAction\":[{\"@type\":\"ReadAction\",\"target\":[\"https:\\\/\\\/www.ucaldas.edu.co\\\/portal\\\/telesalud-tiene-abiertas-inscripciones-para-su-tercera-cohorte-de-cursos-y-diplomados-virtuales\\\/\"]}]},{\"@type\":\"ImageObject\",\"inLanguage\":\"es\",\"@id\":\"https:\\\/\\\/www.ucaldas.edu.co\\\/portal\\\/telesalud-tiene-abiertas-inscripciones-para-su-tercera-cohorte-de-cursos-y-diplomados-virtuales\\\/#primaryimage\",\"url\":\"https:\\\/\\\/www.ucaldas.edu.co\\\/portal\\\/wp-content\\\/uploads\\\/2023\\\/07\\\/telesalud-1.jpg\",\"contentUrl\":\"https:\\\/\\\/www.ucaldas.edu.co\\\/portal\\\/wp-content\\\/uploads\\\/2023\\\/07\\\/telesalud-1.jpg\",\"width\":900,\"height\":510,\"caption\":\"telesalud\"},{\"@type\":\"BreadcrumbList\",\"@id\":\"https:\\\/\\\/www.ucaldas.edu.co\\\/portal\\\/telesalud-tiene-abiertas-inscripciones-para-su-tercera-cohorte-de-cursos-y-diplomados-virtuales\\\/#breadcrumb\",\"itemListElement\":[{\"@type\":\"ListItem\",\"position\":1,\"name\":\"Portada\",\"item\":\"https:\\\/\\\/www.ucaldas.edu.co\\\/portal\\\/\"},{\"@type\":\"ListItem\",\"position\":2,\"name\":\"Telesalud tiene abiertas inscripciones para su tercera cohorte de cursos y diplomados virtuales\"}]},{\"@type\":\"WebSite\",\"@id\":\"https:\\\/\\\/www.ucaldas.edu.co\\\/portal\\\/#website\",\"url\":\"https:\\\/\\\/www.ucaldas.edu.co\\\/portal\\\/\",\"name\":\"Universidad de Caldas\",\"description\":\"\",\"publisher\":{\"@id\":\"https:\\\/\\\/www.ucaldas.edu.co\\\/portal\\\/#organization\"},\"alternateName\":\"U. de Caldas\",\"potentialAction\":[{\"@type\":\"SearchAction\",\"target\":{\"@type\":\"EntryPoint\",\"urlTemplate\":\"https:\\\/\\\/www.ucaldas.edu.co\\\/portal\\\/?s={search_term_string}\"},\"query-input\":{\"@type\":\"PropertyValueSpecification\",\"valueRequired\":true,\"valueName\":\"search_term_string\"}}],\"inLanguage\":\"es\"},{\"@type\":\"Organization\",\"@id\":\"https:\\\/\\\/www.ucaldas.edu.co\\\/portal\\\/#organization\",\"name\":\"Universidad de Caldas\",\"alternateName\":\"U. de Caldas\",\"url\":\"https:\\\/\\\/www.ucaldas.edu.co\\\/portal\\\/\",\"logo\":{\"@type\":\"ImageObject\",\"inLanguage\":\"es\",\"@id\":\"https:\\\/\\\/www.ucaldas.edu.co\\\/portal\\\/#\\\/schema\\\/logo\\\/image\\\/\",\"url\":\"https:\\\/\\\/www.ucaldas.edu.co\\\/portal\\\/wp-content\\\/uploads\\\/2023\\\/11\\\/Logo_horizontal_oscuroU-2023.png\",\"contentUrl\":\"https:\\\/\\\/www.ucaldas.edu.co\\\/portal\\\/wp-content\\\/uploads\\\/2023\\\/11\\\/Logo_horizontal_oscuroU-2023.png\",\"width\":263,\"height\":101,\"caption\":\"Universidad de Caldas\"},\"image\":{\"@id\":\"https:\\\/\\\/www.ucaldas.edu.co\\\/portal\\\/#\\\/schema\\\/logo\\\/image\\\/\"},\"sameAs\":[\"https:\\\/\\\/www.facebook.com\\\/udecaldas\",\"https:\\\/\\\/x.com\\\/udecaldas\",\"https:\\\/\\\/www.youtube.com\\\/universidadcaldas\",\"https:\\\/\\\/www.instagram.com\\\/udecaldas\\\/\"]},{\"@type\":\"Person\",\"@id\":\"https:\\\/\\\/www.ucaldas.edu.co\\\/portal\\\/#\\\/schema\\\/person\\\/a1b482e23449158b4bc319926c074fdf\",\"name\":\"ofiprensa\",\"image\":{\"@type\":\"ImageObject\",\"inLanguage\":\"es\",\"@id\":\"https:\\\/\\\/www.ucaldas.edu.co\\\/portal\\\/wp-content\\\/litespeed\\\/avatar\\\/09ea5085e600095a7a811142c6944527.jpg?ver=1777497608\",\"url\":\"https:\\\/\\\/www.ucaldas.edu.co\\\/portal\\\/wp-content\\\/litespeed\\\/avatar\\\/09ea5085e600095a7a811142c6944527.jpg?ver=1777497608\",\"contentUrl\":\"https:\\\/\\\/www.ucaldas.edu.co\\\/portal\\\/wp-content\\\/litespeed\\\/avatar\\\/09ea5085e600095a7a811142c6944527.jpg?ver=1777497608\",\"caption\":\"ofiprensa\"},\"url\":\"https:\\\/\\\/www.ucaldas.edu.co\\\/portal\\\/author\\\/ofiprensa\\\/\"}]}<\/script>\n<!-- \/ Yoast SEO plugin. -->","yoast_head_json":{"title":"Telesalud tiene abiertas inscripciones para su tercera cohorte de cursos y diplomados virtuales .","robots":{"index":"index","follow":"follow","max-snippet":"max-snippet:-1","max-image-preview":"max-image-preview:large","max-video-preview":"max-video-preview:-1"},"canonical":"https:\/\/www.ucaldas.edu.co\/portal\/telesalud-tiene-abiertas-inscripciones-para-su-tercera-cohorte-de-cursos-y-diplomados-virtuales\/","schema":{"@context":"https:\/\/schema.org","@graph":[{"@type":"Article","@id":"https:\/\/www.ucaldas.edu.co\/portal\/telesalud-tiene-abiertas-inscripciones-para-su-tercera-cohorte-de-cursos-y-diplomados-virtuales\/#article","isPartOf":{"@id":"https:\/\/www.ucaldas.edu.co\/portal\/telesalud-tiene-abiertas-inscripciones-para-su-tercera-cohorte-de-cursos-y-diplomados-virtuales\/"},"author":{"name":"ofiprensa","@id":"https:\/\/www.ucaldas.edu.co\/portal\/#\/schema\/person\/a1b482e23449158b4bc319926c074fdf"},"headline":"Telesalud tiene abiertas inscripciones para su tercera cohorte de cursos y diplomados virtuales","datePublished":"2023-07-11T18:18:03+00:00","mainEntityOfPage":{"@id":"https:\/\/www.ucaldas.edu.co\/portal\/telesalud-tiene-abiertas-inscripciones-para-su-tercera-cohorte-de-cursos-y-diplomados-virtuales\/"},"wordCount":408,"publisher":{"@id":"https:\/\/www.ucaldas.edu.co\/portal\/#organization"},"image":{"@id":"https:\/\/www.ucaldas.edu.co\/portal\/telesalud-tiene-abiertas-inscripciones-para-su-tercera-cohorte-de-cursos-y-diplomados-virtuales\/#primaryimage"},"thumbnailUrl":"https:\/\/www.ucaldas.edu.co\/portal\/wp-content\/uploads\/2023\/07\/telesalud-1.jpg","keywords":["Telesalud"],"articleSection":["Actualidad","Universidad al D\u00eda","UCaldas Virtual"],"inLanguage":"es"},{"@type":"WebPage","@id":"https:\/\/www.ucaldas.edu.co\/portal\/telesalud-tiene-abiertas-inscripciones-para-su-tercera-cohorte-de-cursos-y-diplomados-virtuales\/","url":"https:\/\/www.ucaldas.edu.co\/portal\/telesalud-tiene-abiertas-inscripciones-para-su-tercera-cohorte-de-cursos-y-diplomados-virtuales\/","name":"Telesalud tiene abiertas inscripciones para su tercera cohorte de cursos y diplomados virtuales .","isPartOf":{"@id":"https:\/\/www.ucaldas.edu.co\/portal\/#website"},"primaryImageOfPage":{"@id":"https:\/\/www.ucaldas.edu.co\/portal\/telesalud-tiene-abiertas-inscripciones-para-su-tercera-cohorte-de-cursos-y-diplomados-virtuales\/#primaryimage"},"image":{"@id":"https:\/\/www.ucaldas.edu.co\/portal\/telesalud-tiene-abiertas-inscripciones-para-su-tercera-cohorte-de-cursos-y-diplomados-virtuales\/#primaryimage"},"thumbnailUrl":"https:\/\/www.ucaldas.edu.co\/portal\/wp-content\/uploads\/2023\/07\/telesalud-1.jpg","datePublished":"2023-07-11T18:18:03+00:00","breadcrumb":{"@id":"https:\/\/www.ucaldas.edu.co\/portal\/telesalud-tiene-abiertas-inscripciones-para-su-tercera-cohorte-de-cursos-y-diplomados-virtuales\/#breadcrumb"},"inLanguage":"es","potentialAction":[{"@type":"ReadAction","target":["https:\/\/www.ucaldas.edu.co\/portal\/telesalud-tiene-abiertas-inscripciones-para-su-tercera-cohorte-de-cursos-y-diplomados-virtuales\/"]}]},{"@type":"ImageObject","inLanguage":"es","@id":"https:\/\/www.ucaldas.edu.co\/portal\/telesalud-tiene-abiertas-inscripciones-para-su-tercera-cohorte-de-cursos-y-diplomados-virtuales\/#primaryimage","url":"https:\/\/www.ucaldas.edu.co\/portal\/wp-content\/uploads\/2023\/07\/telesalud-1.jpg","contentUrl":"https:\/\/www.ucaldas.edu.co\/portal\/wp-content\/uploads\/2023\/07\/telesalud-1.jpg","width":900,"height":510,"caption":"telesalud"},{"@type":"BreadcrumbList","@id":"https:\/\/www.ucaldas.edu.co\/portal\/telesalud-tiene-abiertas-inscripciones-para-su-tercera-cohorte-de-cursos-y-diplomados-virtuales\/#breadcrumb","itemListElement":[{"@type":"ListItem","position":1,"name":"Portada","item":"https:\/\/www.ucaldas.edu.co\/portal\/"},{"@type":"ListItem","position":2,"name":"Telesalud tiene abiertas inscripciones para su tercera cohorte de cursos y diplomados virtuales"}]},{"@type":"WebSite","@id":"https:\/\/www.ucaldas.edu.co\/portal\/#website","url":"https:\/\/www.ucaldas.edu.co\/portal\/","name":"Universidad de Caldas","description":"","publisher":{"@id":"https:\/\/www.ucaldas.edu.co\/portal\/#organization"},"alternateName":"U. de Caldas","potentialAction":[{"@type":"SearchAction","target":{"@type":"EntryPoint","urlTemplate":"https:\/\/www.ucaldas.edu.co\/portal\/?s={search_term_string}"},"query-input":{"@type":"PropertyValueSpecification","valueRequired":true,"valueName":"search_term_string"}}],"inLanguage":"es"},{"@type":"Organization","@id":"https:\/\/www.ucaldas.edu.co\/portal\/#organization","name":"Universidad de Caldas","alternateName":"U. de Caldas","url":"https:\/\/www.ucaldas.edu.co\/portal\/","logo":{"@type":"ImageObject","inLanguage":"es","@id":"https:\/\/www.ucaldas.edu.co\/portal\/#\/schema\/logo\/image\/","url":"https:\/\/www.ucaldas.edu.co\/portal\/wp-content\/uploads\/2023\/11\/Logo_horizontal_oscuroU-2023.png","contentUrl":"https:\/\/www.ucaldas.edu.co\/portal\/wp-content\/uploads\/2023\/11\/Logo_horizontal_oscuroU-2023.png","width":263,"height":101,"caption":"Universidad de Caldas"},"image":{"@id":"https:\/\/www.ucaldas.edu.co\/portal\/#\/schema\/logo\/image\/"},"sameAs":["https:\/\/www.facebook.com\/udecaldas","https:\/\/x.com\/udecaldas","https:\/\/www.youtube.com\/universidadcaldas","https:\/\/www.instagram.com\/udecaldas\/"]},{"@type":"Person","@id":"https:\/\/www.ucaldas.edu.co\/portal\/#\/schema\/person\/a1b482e23449158b4bc319926c074fdf","name":"ofiprensa","image":{"@type":"ImageObject","inLanguage":"es","@id":"https:\/\/www.ucaldas.edu.co\/portal\/wp-content\/litespeed\/avatar\/09ea5085e600095a7a811142c6944527.jpg?ver=1777497608","url":"https:\/\/www.ucaldas.edu.co\/portal\/wp-content\/litespeed\/avatar\/09ea5085e600095a7a811142c6944527.jpg?ver=1777497608","contentUrl":"https:\/\/www.ucaldas.edu.co\/portal\/wp-content\/litespeed\/avatar\/09ea5085e600095a7a811142c6944527.jpg?ver=1777497608","caption":"ofiprensa"},"url":"https:\/\/www.ucaldas.edu.co\/portal\/author\/ofiprensa\/"}]}},"_links":{"self":[{"href":"https:\/\/www.ucaldas.edu.co\/portal\/wp-json\/wp\/v2\/posts\/76496","targetHints":{"allow":["GET"]}}],"collection":[{"href":"https:\/\/www.ucaldas.edu.co\/portal\/wp-json\/wp\/v2\/posts"}],"about":[{"href":"https:\/\/www.ucaldas.edu.co\/portal\/wp-json\/wp\/v2\/types\/post"}],"author":[{"embeddable":true,"href":"https:\/\/www.ucaldas.edu.co\/portal\/wp-json\/wp\/v2\/users\/2"}],"replies":[{"embeddable":true,"href":"https:\/\/www.ucaldas.edu.co\/portal\/wp-json\/wp\/v2\/comments?post=76496"}],"version-history":[{"count":0,"href":"https:\/\/www.ucaldas.edu.co\/portal\/wp-json\/wp\/v2\/posts\/76496\/revisions"}],"wp:featuredmedia":[{"embeddable":true,"href":"https:\/\/www.ucaldas.edu.co\/portal\/wp-json\/wp\/v2\/media\/76497"}],"wp:attachment":[{"href":"https:\/\/www.ucaldas.edu.co\/portal\/wp-json\/wp\/v2\/media?parent=76496"}],"wp:term":[{"taxonomy":"category","embeddable":true,"href":"https:\/\/www.ucaldas.edu.co\/portal\/wp-json\/wp\/v2\/categories?post=76496"},{"taxonomy":"post_tag","embeddable":true,"href":"https:\/\/www.ucaldas.edu.co\/portal\/wp-json\/wp\/v2\/tags?post=76496"}],"curies":[{"name":"wp","href":"https:\/\/api.w.org\/{rel}","templated":true}]}}