{"id":76415,"date":"2023-06-27T19:38:16","date_gmt":"2023-06-27T19:38:16","guid":{"rendered":"https:\/\/www.ucaldas.edu.co\/portal\/?p=76415"},"modified":"2023-06-27T19:38:16","modified_gmt":"2023-06-27T19:38:16","slug":"proyecto-climar-de-la-union-europea-presento-workshop-en-la-ciudad-de-manizales","status":"publish","type":"post","link":"https:\/\/www.ucaldas.edu.co\/portal\/proyecto-climar-de-la-union-europea-presento-workshop-en-la-ciudad-de-manizales\/","title":{"rendered":"Proyecto CLIMAR de la Uni\u00f3n Europea present\u00f3 Workshop en la ciudad de Manizales"},"content":{"rendered":"<p><img loading=\"lazy\" decoding=\"async\" class=\"aligncenter size-full wp-image-76416\" src=\"https:\/\/www.ucaldas.edu.co\/portal\/wp-content\/uploads\/2023\/06\/climar.jpg\" alt=\"climar\" width=\"900\" height=\"510\" srcset=\"https:\/\/www.ucaldas.edu.co\/portal\/wp-content\/uploads\/2023\/06\/climar.jpg 900w, https:\/\/www.ucaldas.edu.co\/portal\/wp-content\/uploads\/2023\/06\/climar-300x170.jpg 300w, https:\/\/www.ucaldas.edu.co\/portal\/wp-content\/uploads\/2023\/06\/climar-768x435.jpg 768w\" sizes=\"auto, (max-width: 900px) 100vw, 900px\" \/><\/p>\n<p>Durante el Congreso Internacional sobre Ciudades y Territorios Inteligentes, se llev\u00f3 a cabo el Workshop del proyecto CLIMAR \u201cFortalecimiento de la investigaci\u00f3n, la innovaci\u00f3n y la transferencia de conocimiento sobre cambio clim\u00e1tico y turismo en instituciones de educaci\u00f3n superior de Am\u00e9rica Latina\u201d, del cual la Universidad de Caldas hace parte por medio de un consorcio coordinado por la Universidad de Las Palmas de Gran Canaria.<!--more--><\/p>\n<p>El proyecto tiene como objetivo preparar al sector tur\u00edstico para enfrentar mejor el cambio clim\u00e1tico y mitigar sus impactos por medio de la vinculaci\u00f3n de la investigaci\u00f3n interdisciplinaria, la innovaci\u00f3n y la transferencia de conocimientos con el desarrollo curricular y la educaci\u00f3n continuada.<\/p>\n<p>El coordinador del proyecto CLIMAR, Javier de Le\u00f3n Ledesma, explica que este proyecto se enfoca principalmente en la formaci\u00f3n y en el fortalecimiento de la investigaci\u00f3n sobre cambio clim\u00e1tico, turismo y econom\u00eda circular, buscando desarrollar, entre otras cosas, programas de educaci\u00f3n que beneficien a empresas y entidades del sector p\u00fablico.<\/p>\n<p>La ejecuci\u00f3n de CLIMAR mejorar\u00e1 la transferencia de conocimiento entre universidad, ONG, industria y administraci\u00f3n p\u00fablica, contribuyendo al desarrollo sostenible y a nuevas oportunidades de empleo; garantizando adem\u00e1s las relaciones acad\u00e9micas sostenibles y asociaciones estrat\u00e9gicas entre las instituciones de educaci\u00f3n superior.<\/p>\n<p>El docente investigador del grupo de investigaci\u00f3n ASPA, de la Universidad de Caldas e integrante del proyecto, Bernardo Rivera S\u00e1nchez, menciona que este trabajo abordar\u00e1 temas de alta prioridad en Colombia, tanto en lo ambiental como en la din\u00e1mica que el Gobierno Nacional quiere darle al turismo comunitario.<\/p>\n<p>Rivera agreg\u00f3 que durante el Workshop se logr\u00f3 un trabajo din\u00e1mico con los asistentes en la b\u00fasqueda de estrategias de mitigaci\u00f3n y compensaci\u00f3n, para que el turismo genere menos impactos ambientales y a su vez no se vea afectado por el cambio clim\u00e1tico. A\u00f1adi\u00f3 que este proyecto es una gran oportunidad para que la Universidad de Caldas comience a fortalecer la investigaci\u00f3n, formaci\u00f3n y proyecci\u00f3n en temas relacionados con el turismo ambiental.<\/p>\n<p>El proyecto CLIMAR tendr\u00e1 una duraci\u00f3n de 3 a\u00f1os y contar\u00e1 con cerca de 900 mil euros para su ejecuci\u00f3n de la mano de Universidad de Am\u00e9rica Latina.<\/p>\n<p>&nbsp;<\/p>\n<p><strong>Anexo:<\/strong><\/p>\n<p><a href=\"https:\/\/www.ucaldas.edu.co\/portal\/wp-content\/uploads\/2023\/06\/Coordinador-del-proyecto-CLIMAR-Javier-de-Leon-Ledesma.mp3\"><strong>Audio Coordinador del proyecto CLIMAR, Javier de Le\u00f3n Ledesma.<\/strong><\/a><\/p>\n<audio class=\"wp-audio-shortcode\" id=\"audio-76415-1\" preload=\"none\" style=\"width: 100%;\" controls=\"controls\"><source type=\"audio\/mpeg\" src=\"https:\/\/www.ucaldas.edu.co\/portal\/wp-content\/uploads\/2023\/06\/Coordinador-del-proyecto-CLIMAR-Javier-de-Leon-Ledesma.mp3?_=1\" \/><a href=\"https:\/\/www.ucaldas.edu.co\/portal\/wp-content\/uploads\/2023\/06\/Coordinador-del-proyecto-CLIMAR-Javier-de-Leon-Ledesma.mp3\">https:\/\/www.ucaldas.edu.co\/portal\/wp-content\/uploads\/2023\/06\/Coordinador-del-proyecto-CLIMAR-Javier-de-Leon-Ledesma.mp3<\/a><\/audio>\n<p><a href=\"https:\/\/www.ucaldas.edu.co\/portal\/wp-content\/uploads\/2023\/06\/Investigador-del-grupo-de-investigacion-ASPA-de-la-Universidad-de-Caldas-Bernardo-Rivera-Sanchez.mp3\"><strong>Audio Investigador del grupo de investigaci\u00f3n ASPA de la Universidad de Caldas, Bernardo Rivera S\u00e1nchez.<\/strong><\/a><\/p>\n<audio class=\"wp-audio-shortcode\" id=\"audio-76415-2\" preload=\"none\" style=\"width: 100%;\" controls=\"controls\"><source type=\"audio\/mpeg\" src=\"https:\/\/www.ucaldas.edu.co\/portal\/wp-content\/uploads\/2023\/06\/Investigador-del-grupo-de-investigacion-ASPA-de-la-Universidad-de-Caldas-Bernardo-Rivera-Sanchez.mp3?_=2\" \/><a href=\"https:\/\/www.ucaldas.edu.co\/portal\/wp-content\/uploads\/2023\/06\/Investigador-del-grupo-de-investigacion-ASPA-de-la-Universidad-de-Caldas-Bernardo-Rivera-Sanchez.mp3\">https:\/\/www.ucaldas.edu.co\/portal\/wp-content\/uploads\/2023\/06\/Investigador-del-grupo-de-investigacion-ASPA-de-la-Universidad-de-Caldas-Bernardo-Rivera-Sanchez.mp3<\/a><\/audio>\n","protected":false},"excerpt":{"rendered":"<p>Durante el Congreso Internacional sobre Ciudades y Territorios Inteligentes, se llev\u00f3 a cabo el Workshop del proyecto CLIMAR \u201cFortalecimiento de la investigaci\u00f3n, la innovaci\u00f3n y la transferencia de conocimiento sobre cambio clim\u00e1tico y turismo en instituciones de educaci\u00f3n superior de Am\u00e9rica Latina\u201d, del cual la Universidad de Caldas hace parte por medio de un consorcio [&hellip;]<\/p>\n","protected":false},"author":2,"featured_media":76416,"comment_status":"closed","ping_status":"open","sticky":false,"template":"","format":"standard","meta":{"footnotes":""},"categories":[53,48],"tags":[9179],"class_list":["post-76415","post","type-post","status-publish","format-standard","has-post-thumbnail","hentry","category-universidad-al-dia","category-actualidad","tag-proyecto-climar"],"yoast_head":"<!-- This site is optimized with the Yoast SEO plugin v27.5 - https:\/\/yoast.com\/product\/yoast-seo-wordpress\/ -->\n<title>Proyecto CLIMAR de la Uni\u00f3n Europea present\u00f3 Workshop en la ciudad de Manizales .<\/title>\n<meta name=\"robots\" content=\"index, follow, max-snippet:-1, max-image-preview:large, max-video-preview:-1\" \/>\n<link rel=\"canonical\" href=\"https:\/\/www.ucaldas.edu.co\/portal\/proyecto-climar-de-la-union-europea-presento-workshop-en-la-ciudad-de-manizales\/\" \/>\n<script type=\"application\/ld+json\" class=\"yoast-schema-graph\">{\"@context\":\"https:\\\/\\\/schema.org\",\"@graph\":[{\"@type\":\"Article\",\"@id\":\"https:\\\/\\\/www.ucaldas.edu.co\\\/portal\\\/proyecto-climar-de-la-union-europea-presento-workshop-en-la-ciudad-de-manizales\\\/#article\",\"isPartOf\":{\"@id\":\"https:\\\/\\\/www.ucaldas.edu.co\\\/portal\\\/proyecto-climar-de-la-union-europea-presento-workshop-en-la-ciudad-de-manizales\\\/\"},\"author\":{\"name\":\"ofiprensa\",\"@id\":\"https:\\\/\\\/www.ucaldas.edu.co\\\/portal\\\/#\\\/schema\\\/person\\\/a1b482e23449158b4bc319926c074fdf\"},\"headline\":\"Proyecto CLIMAR de la Uni\u00f3n Europea present\u00f3 Workshop en la ciudad de Manizales\",\"datePublished\":\"2023-06-27T19:38:16+00:00\",\"mainEntityOfPage\":{\"@id\":\"https:\\\/\\\/www.ucaldas.edu.co\\\/portal\\\/proyecto-climar-de-la-union-europea-presento-workshop-en-la-ciudad-de-manizales\\\/\"},\"wordCount\":455,\"publisher\":{\"@id\":\"https:\\\/\\\/www.ucaldas.edu.co\\\/portal\\\/#organization\"},\"image\":{\"@id\":\"https:\\\/\\\/www.ucaldas.edu.co\\\/portal\\\/proyecto-climar-de-la-union-europea-presento-workshop-en-la-ciudad-de-manizales\\\/#primaryimage\"},\"thumbnailUrl\":\"https:\\\/\\\/www.ucaldas.edu.co\\\/portal\\\/wp-content\\\/uploads\\\/2023\\\/06\\\/climar.jpg\",\"keywords\":[\"proyecto climar\"],\"articleSection\":[\"Universidad al D\u00eda\",\"Actualidad\"],\"inLanguage\":\"es\"},{\"@type\":\"WebPage\",\"@id\":\"https:\\\/\\\/www.ucaldas.edu.co\\\/portal\\\/proyecto-climar-de-la-union-europea-presento-workshop-en-la-ciudad-de-manizales\\\/\",\"url\":\"https:\\\/\\\/www.ucaldas.edu.co\\\/portal\\\/proyecto-climar-de-la-union-europea-presento-workshop-en-la-ciudad-de-manizales\\\/\",\"name\":\"Proyecto CLIMAR de la Uni\u00f3n Europea present\u00f3 Workshop en la ciudad de Manizales .\",\"isPartOf\":{\"@id\":\"https:\\\/\\\/www.ucaldas.edu.co\\\/portal\\\/#website\"},\"primaryImageOfPage\":{\"@id\":\"https:\\\/\\\/www.ucaldas.edu.co\\\/portal\\\/proyecto-climar-de-la-union-europea-presento-workshop-en-la-ciudad-de-manizales\\\/#primaryimage\"},\"image\":{\"@id\":\"https:\\\/\\\/www.ucaldas.edu.co\\\/portal\\\/proyecto-climar-de-la-union-europea-presento-workshop-en-la-ciudad-de-manizales\\\/#primaryimage\"},\"thumbnailUrl\":\"https:\\\/\\\/www.ucaldas.edu.co\\\/portal\\\/wp-content\\\/uploads\\\/2023\\\/06\\\/climar.jpg\",\"datePublished\":\"2023-06-27T19:38:16+00:00\",\"breadcrumb\":{\"@id\":\"https:\\\/\\\/www.ucaldas.edu.co\\\/portal\\\/proyecto-climar-de-la-union-europea-presento-workshop-en-la-ciudad-de-manizales\\\/#breadcrumb\"},\"inLanguage\":\"es\",\"potentialAction\":[{\"@type\":\"ReadAction\",\"target\":[\"https:\\\/\\\/www.ucaldas.edu.co\\\/portal\\\/proyecto-climar-de-la-union-europea-presento-workshop-en-la-ciudad-de-manizales\\\/\"]}]},{\"@type\":\"ImageObject\",\"inLanguage\":\"es\",\"@id\":\"https:\\\/\\\/www.ucaldas.edu.co\\\/portal\\\/proyecto-climar-de-la-union-europea-presento-workshop-en-la-ciudad-de-manizales\\\/#primaryimage\",\"url\":\"https:\\\/\\\/www.ucaldas.edu.co\\\/portal\\\/wp-content\\\/uploads\\\/2023\\\/06\\\/climar.jpg\",\"contentUrl\":\"https:\\\/\\\/www.ucaldas.edu.co\\\/portal\\\/wp-content\\\/uploads\\\/2023\\\/06\\\/climar.jpg\",\"width\":900,\"height\":510,\"caption\":\"climar\"},{\"@type\":\"BreadcrumbList\",\"@id\":\"https:\\\/\\\/www.ucaldas.edu.co\\\/portal\\\/proyecto-climar-de-la-union-europea-presento-workshop-en-la-ciudad-de-manizales\\\/#breadcrumb\",\"itemListElement\":[{\"@type\":\"ListItem\",\"position\":1,\"name\":\"Portada\",\"item\":\"https:\\\/\\\/www.ucaldas.edu.co\\\/portal\\\/\"},{\"@type\":\"ListItem\",\"position\":2,\"name\":\"Proyecto CLIMAR de la Uni\u00f3n Europea present\u00f3 Workshop en la ciudad de Manizales\"}]},{\"@type\":\"WebSite\",\"@id\":\"https:\\\/\\\/www.ucaldas.edu.co\\\/portal\\\/#website\",\"url\":\"https:\\\/\\\/www.ucaldas.edu.co\\\/portal\\\/\",\"name\":\"Universidad de Caldas\",\"description\":\"\",\"publisher\":{\"@id\":\"https:\\\/\\\/www.ucaldas.edu.co\\\/portal\\\/#organization\"},\"alternateName\":\"U. de Caldas\",\"potentialAction\":[{\"@type\":\"SearchAction\",\"target\":{\"@type\":\"EntryPoint\",\"urlTemplate\":\"https:\\\/\\\/www.ucaldas.edu.co\\\/portal\\\/?s={search_term_string}\"},\"query-input\":{\"@type\":\"PropertyValueSpecification\",\"valueRequired\":true,\"valueName\":\"search_term_string\"}}],\"inLanguage\":\"es\"},{\"@type\":\"Organization\",\"@id\":\"https:\\\/\\\/www.ucaldas.edu.co\\\/portal\\\/#organization\",\"name\":\"Universidad de Caldas\",\"alternateName\":\"U. de Caldas\",\"url\":\"https:\\\/\\\/www.ucaldas.edu.co\\\/portal\\\/\",\"logo\":{\"@type\":\"ImageObject\",\"inLanguage\":\"es\",\"@id\":\"https:\\\/\\\/www.ucaldas.edu.co\\\/portal\\\/#\\\/schema\\\/logo\\\/image\\\/\",\"url\":\"https:\\\/\\\/www.ucaldas.edu.co\\\/portal\\\/wp-content\\\/uploads\\\/2023\\\/11\\\/Logo_horizontal_oscuroU-2023.png\",\"contentUrl\":\"https:\\\/\\\/www.ucaldas.edu.co\\\/portal\\\/wp-content\\\/uploads\\\/2023\\\/11\\\/Logo_horizontal_oscuroU-2023.png\",\"width\":263,\"height\":101,\"caption\":\"Universidad de Caldas\"},\"image\":{\"@id\":\"https:\\\/\\\/www.ucaldas.edu.co\\\/portal\\\/#\\\/schema\\\/logo\\\/image\\\/\"},\"sameAs\":[\"https:\\\/\\\/www.facebook.com\\\/udecaldas\",\"https:\\\/\\\/x.com\\\/udecaldas\",\"https:\\\/\\\/www.youtube.com\\\/universidadcaldas\",\"https:\\\/\\\/www.instagram.com\\\/udecaldas\\\/\"]},{\"@type\":\"Person\",\"@id\":\"https:\\\/\\\/www.ucaldas.edu.co\\\/portal\\\/#\\\/schema\\\/person\\\/a1b482e23449158b4bc319926c074fdf\",\"name\":\"ofiprensa\",\"image\":{\"@type\":\"ImageObject\",\"inLanguage\":\"es\",\"@id\":\"https:\\\/\\\/www.ucaldas.edu.co\\\/portal\\\/wp-content\\\/litespeed\\\/avatar\\\/09ea5085e600095a7a811142c6944527.jpg?ver=1777497608\",\"url\":\"https:\\\/\\\/www.ucaldas.edu.co\\\/portal\\\/wp-content\\\/litespeed\\\/avatar\\\/09ea5085e600095a7a811142c6944527.jpg?ver=1777497608\",\"contentUrl\":\"https:\\\/\\\/www.ucaldas.edu.co\\\/portal\\\/wp-content\\\/litespeed\\\/avatar\\\/09ea5085e600095a7a811142c6944527.jpg?ver=1777497608\",\"caption\":\"ofiprensa\"},\"url\":\"https:\\\/\\\/www.ucaldas.edu.co\\\/portal\\\/author\\\/ofiprensa\\\/\"}]}<\/script>\n<!-- \/ Yoast SEO plugin. -->","yoast_head_json":{"title":"Proyecto CLIMAR de la Uni\u00f3n Europea present\u00f3 Workshop en la ciudad de Manizales .","robots":{"index":"index","follow":"follow","max-snippet":"max-snippet:-1","max-image-preview":"max-image-preview:large","max-video-preview":"max-video-preview:-1"},"canonical":"https:\/\/www.ucaldas.edu.co\/portal\/proyecto-climar-de-la-union-europea-presento-workshop-en-la-ciudad-de-manizales\/","schema":{"@context":"https:\/\/schema.org","@graph":[{"@type":"Article","@id":"https:\/\/www.ucaldas.edu.co\/portal\/proyecto-climar-de-la-union-europea-presento-workshop-en-la-ciudad-de-manizales\/#article","isPartOf":{"@id":"https:\/\/www.ucaldas.edu.co\/portal\/proyecto-climar-de-la-union-europea-presento-workshop-en-la-ciudad-de-manizales\/"},"author":{"name":"ofiprensa","@id":"https:\/\/www.ucaldas.edu.co\/portal\/#\/schema\/person\/a1b482e23449158b4bc319926c074fdf"},"headline":"Proyecto CLIMAR de la Uni\u00f3n Europea present\u00f3 Workshop en la ciudad de Manizales","datePublished":"2023-06-27T19:38:16+00:00","mainEntityOfPage":{"@id":"https:\/\/www.ucaldas.edu.co\/portal\/proyecto-climar-de-la-union-europea-presento-workshop-en-la-ciudad-de-manizales\/"},"wordCount":455,"publisher":{"@id":"https:\/\/www.ucaldas.edu.co\/portal\/#organization"},"image":{"@id":"https:\/\/www.ucaldas.edu.co\/portal\/proyecto-climar-de-la-union-europea-presento-workshop-en-la-ciudad-de-manizales\/#primaryimage"},"thumbnailUrl":"https:\/\/www.ucaldas.edu.co\/portal\/wp-content\/uploads\/2023\/06\/climar.jpg","keywords":["proyecto climar"],"articleSection":["Universidad al D\u00eda","Actualidad"],"inLanguage":"es"},{"@type":"WebPage","@id":"https:\/\/www.ucaldas.edu.co\/portal\/proyecto-climar-de-la-union-europea-presento-workshop-en-la-ciudad-de-manizales\/","url":"https:\/\/www.ucaldas.edu.co\/portal\/proyecto-climar-de-la-union-europea-presento-workshop-en-la-ciudad-de-manizales\/","name":"Proyecto CLIMAR de la Uni\u00f3n Europea present\u00f3 Workshop en la ciudad de Manizales .","isPartOf":{"@id":"https:\/\/www.ucaldas.edu.co\/portal\/#website"},"primaryImageOfPage":{"@id":"https:\/\/www.ucaldas.edu.co\/portal\/proyecto-climar-de-la-union-europea-presento-workshop-en-la-ciudad-de-manizales\/#primaryimage"},"image":{"@id":"https:\/\/www.ucaldas.edu.co\/portal\/proyecto-climar-de-la-union-europea-presento-workshop-en-la-ciudad-de-manizales\/#primaryimage"},"thumbnailUrl":"https:\/\/www.ucaldas.edu.co\/portal\/wp-content\/uploads\/2023\/06\/climar.jpg","datePublished":"2023-06-27T19:38:16+00:00","breadcrumb":{"@id":"https:\/\/www.ucaldas.edu.co\/portal\/proyecto-climar-de-la-union-europea-presento-workshop-en-la-ciudad-de-manizales\/#breadcrumb"},"inLanguage":"es","potentialAction":[{"@type":"ReadAction","target":["https:\/\/www.ucaldas.edu.co\/portal\/proyecto-climar-de-la-union-europea-presento-workshop-en-la-ciudad-de-manizales\/"]}]},{"@type":"ImageObject","inLanguage":"es","@id":"https:\/\/www.ucaldas.edu.co\/portal\/proyecto-climar-de-la-union-europea-presento-workshop-en-la-ciudad-de-manizales\/#primaryimage","url":"https:\/\/www.ucaldas.edu.co\/portal\/wp-content\/uploads\/2023\/06\/climar.jpg","contentUrl":"https:\/\/www.ucaldas.edu.co\/portal\/wp-content\/uploads\/2023\/06\/climar.jpg","width":900,"height":510,"caption":"climar"},{"@type":"BreadcrumbList","@id":"https:\/\/www.ucaldas.edu.co\/portal\/proyecto-climar-de-la-union-europea-presento-workshop-en-la-ciudad-de-manizales\/#breadcrumb","itemListElement":[{"@type":"ListItem","position":1,"name":"Portada","item":"https:\/\/www.ucaldas.edu.co\/portal\/"},{"@type":"ListItem","position":2,"name":"Proyecto CLIMAR de la Uni\u00f3n Europea present\u00f3 Workshop en la ciudad de Manizales"}]},{"@type":"WebSite","@id":"https:\/\/www.ucaldas.edu.co\/portal\/#website","url":"https:\/\/www.ucaldas.edu.co\/portal\/","name":"Universidad de Caldas","description":"","publisher":{"@id":"https:\/\/www.ucaldas.edu.co\/portal\/#organization"},"alternateName":"U. de Caldas","potentialAction":[{"@type":"SearchAction","target":{"@type":"EntryPoint","urlTemplate":"https:\/\/www.ucaldas.edu.co\/portal\/?s={search_term_string}"},"query-input":{"@type":"PropertyValueSpecification","valueRequired":true,"valueName":"search_term_string"}}],"inLanguage":"es"},{"@type":"Organization","@id":"https:\/\/www.ucaldas.edu.co\/portal\/#organization","name":"Universidad de Caldas","alternateName":"U. de Caldas","url":"https:\/\/www.ucaldas.edu.co\/portal\/","logo":{"@type":"ImageObject","inLanguage":"es","@id":"https:\/\/www.ucaldas.edu.co\/portal\/#\/schema\/logo\/image\/","url":"https:\/\/www.ucaldas.edu.co\/portal\/wp-content\/uploads\/2023\/11\/Logo_horizontal_oscuroU-2023.png","contentUrl":"https:\/\/www.ucaldas.edu.co\/portal\/wp-content\/uploads\/2023\/11\/Logo_horizontal_oscuroU-2023.png","width":263,"height":101,"caption":"Universidad de Caldas"},"image":{"@id":"https:\/\/www.ucaldas.edu.co\/portal\/#\/schema\/logo\/image\/"},"sameAs":["https:\/\/www.facebook.com\/udecaldas","https:\/\/x.com\/udecaldas","https:\/\/www.youtube.com\/universidadcaldas","https:\/\/www.instagram.com\/udecaldas\/"]},{"@type":"Person","@id":"https:\/\/www.ucaldas.edu.co\/portal\/#\/schema\/person\/a1b482e23449158b4bc319926c074fdf","name":"ofiprensa","image":{"@type":"ImageObject","inLanguage":"es","@id":"https:\/\/www.ucaldas.edu.co\/portal\/wp-content\/litespeed\/avatar\/09ea5085e600095a7a811142c6944527.jpg?ver=1777497608","url":"https:\/\/www.ucaldas.edu.co\/portal\/wp-content\/litespeed\/avatar\/09ea5085e600095a7a811142c6944527.jpg?ver=1777497608","contentUrl":"https:\/\/www.ucaldas.edu.co\/portal\/wp-content\/litespeed\/avatar\/09ea5085e600095a7a811142c6944527.jpg?ver=1777497608","caption":"ofiprensa"},"url":"https:\/\/www.ucaldas.edu.co\/portal\/author\/ofiprensa\/"}]}},"_links":{"self":[{"href":"https:\/\/www.ucaldas.edu.co\/portal\/wp-json\/wp\/v2\/posts\/76415","targetHints":{"allow":["GET"]}}],"collection":[{"href":"https:\/\/www.ucaldas.edu.co\/portal\/wp-json\/wp\/v2\/posts"}],"about":[{"href":"https:\/\/www.ucaldas.edu.co\/portal\/wp-json\/wp\/v2\/types\/post"}],"author":[{"embeddable":true,"href":"https:\/\/www.ucaldas.edu.co\/portal\/wp-json\/wp\/v2\/users\/2"}],"replies":[{"embeddable":true,"href":"https:\/\/www.ucaldas.edu.co\/portal\/wp-json\/wp\/v2\/comments?post=76415"}],"version-history":[{"count":0,"href":"https:\/\/www.ucaldas.edu.co\/portal\/wp-json\/wp\/v2\/posts\/76415\/revisions"}],"wp:featuredmedia":[{"embeddable":true,"href":"https:\/\/www.ucaldas.edu.co\/portal\/wp-json\/wp\/v2\/media\/76416"}],"wp:attachment":[{"href":"https:\/\/www.ucaldas.edu.co\/portal\/wp-json\/wp\/v2\/media?parent=76415"}],"wp:term":[{"taxonomy":"category","embeddable":true,"href":"https:\/\/www.ucaldas.edu.co\/portal\/wp-json\/wp\/v2\/categories?post=76415"},{"taxonomy":"post_tag","embeddable":true,"href":"https:\/\/www.ucaldas.edu.co\/portal\/wp-json\/wp\/v2\/tags?post=76415"}],"curies":[{"name":"wp","href":"https:\/\/api.w.org\/{rel}","templated":true}]}}