{"id":76411,"date":"2023-06-27T19:35:25","date_gmt":"2023-06-27T19:35:25","guid":{"rendered":"https:\/\/www.ucaldas.edu.co\/portal\/?p=76411"},"modified":"2023-06-27T19:35:25","modified_gmt":"2023-06-27T19:35:25","slug":"docente-de-la-universidad-de-caldas-participara-en-el-septimo-congreso-panamericano-de-historia-de-la-medicina-en-panama","status":"publish","type":"post","link":"https:\/\/www.ucaldas.edu.co\/portal\/docente-de-la-universidad-de-caldas-participara-en-el-septimo-congreso-panamericano-de-historia-de-la-medicina-en-panama\/","title":{"rendered":"Docente de la Universidad de Caldas participar\u00e1 en el S\u00e9ptimo Congreso Panamericano de Historia de la Medicina en Panam\u00e1"},"content":{"rendered":"<p><img loading=\"lazy\" decoding=\"async\" class=\"aligncenter size-full wp-image-76412\" src=\"https:\/\/www.ucaldas.edu.co\/portal\/wp-content\/uploads\/2023\/06\/docente.jpg\" alt=\"docente\" width=\"900\" height=\"510\" srcset=\"https:\/\/www.ucaldas.edu.co\/portal\/wp-content\/uploads\/2023\/06\/docente.jpg 900w, https:\/\/www.ucaldas.edu.co\/portal\/wp-content\/uploads\/2023\/06\/docente-300x170.jpg 300w, https:\/\/www.ucaldas.edu.co\/portal\/wp-content\/uploads\/2023\/06\/docente-768x435.jpg 768w\" sizes=\"auto, (max-width: 900px) 100vw, 900px\" \/><\/p>\n<p>El docente del Departamento de Ciencias B\u00e1sicas de la Facultad de Ciencias para la Salud de la Universidad de Caldas, Jorge Eduardo Duque Parra, fue invitado a participar como ponente en el S\u00e9ptimo Congreso Panamericano de Historia de la Medicina que se llevar\u00e1 a cabo en la Universidad de Panam\u00e1.<!--more--><\/p>\n<p>El Congreso Panamericano de Historia de la Medicina es un evento acad\u00e9mico y de investigaci\u00f3n, en el cual se pretende resaltar la importancia de la medicina y los avances e innovaciones a lo largo de la historia de la humanidad.<\/p>\n<p>El docente Duque presentar\u00e1 la ponencia denominada \u201cEl \u00e1rea del Lenguaje Articulado, perspectiva hist\u00f3rica y denominaci\u00f3n Ep\u00f3nima Equ\u00edvoca: Entre Dax y Broca\u201d en la que har\u00e1 especial \u00e9nfasis en que fue el m\u00e9dico franc\u00e9s Marc Dax y no Paul Pierre Broca quien en realidad descubri\u00f3 el \u00e1rea del lenguaje articulado.<\/p>\n<p>Seg\u00fan lo manifiesta el docente, esta ponencia ser\u00e1 novedosa y buscar\u00e1 cambiar un dogma ya establecido por los profesionales de la medicina. Agrega adem\u00e1s que su participaci\u00f3n como representante de la Universidad de Caldas pondr\u00e1 el nombre de la instituci\u00f3n en el \u00e1mbito internacional del \u00e1rea de la salud.<\/p>\n<p>Los interesados en conocer m\u00e1s de esta ponencia pueden ingresar a la revista International Journal of Morphology, donde se encuentra publicado el art\u00edculo de investigaci\u00f3n del docente Duque.<\/p>\n<p><strong><a href=\"http:\/\/www.intjmorphol.com\/wp-content\/uploads\/2023\/06\/Art_33_413_2023.pdf\">Conozca aqu\u00ed el art\u00edculo \u201cEl \u00e1rea del Lenguaje Articulado, perspectiva hist\u00f3rica y denominaci\u00f3n Ep\u00f3nima Equ\u00edvoca: Entre Dax y Broca<\/a><\/strong><strong>\u201d.<\/strong><\/p>\n<p><strong>\u00a0<\/strong><\/p>\n<p><strong>Anexo:<\/strong><\/p>\n<p><a href=\"https:\/\/www.ucaldas.edu.co\/portal\/wp-content\/uploads\/2023\/06\/Docente-del-Departamento-de-Ciencias-Basicas-Jorge-Eduardo-Duque-Parra.mp3\"><strong>Audio Docente del Departamento de Ciencias B\u00e1sicas, Jorge Eduardo Duque Parra.<\/strong><\/a><\/p>\n<audio class=\"wp-audio-shortcode\" id=\"audio-76411-1\" preload=\"none\" style=\"width: 100%;\" controls=\"controls\"><source type=\"audio\/mpeg\" src=\"https:\/\/www.ucaldas.edu.co\/portal\/wp-content\/uploads\/2023\/06\/Docente-del-Departamento-de-Ciencias-Basicas-Jorge-Eduardo-Duque-Parra.mp3?_=1\" \/><a href=\"https:\/\/www.ucaldas.edu.co\/portal\/wp-content\/uploads\/2023\/06\/Docente-del-Departamento-de-Ciencias-Basicas-Jorge-Eduardo-Duque-Parra.mp3\">https:\/\/www.ucaldas.edu.co\/portal\/wp-content\/uploads\/2023\/06\/Docente-del-Departamento-de-Ciencias-Basicas-Jorge-Eduardo-Duque-Parra.mp3<\/a><\/audio>\n","protected":false},"excerpt":{"rendered":"<p>El docente del Departamento de Ciencias B\u00e1sicas de la Facultad de Ciencias para la Salud de la Universidad de Caldas, Jorge Eduardo Duque Parra, fue invitado a participar como ponente en el S\u00e9ptimo Congreso Panamericano de Historia de la Medicina que se llevar\u00e1 a cabo en la Universidad de Panam\u00e1.<\/p>\n","protected":false},"author":2,"featured_media":76412,"comment_status":"closed","ping_status":"open","sticky":false,"template":"","format":"standard","meta":{"footnotes":""},"categories":[48,53,614],"tags":[9710],"class_list":["post-76411","post","type-post","status-publish","format-standard","has-post-thumbnail","hentry","category-actualidad","category-universidad-al-dia","category-ucaldas-internacional","tag-docente-medicina"],"yoast_head":"<!-- This site is optimized with the Yoast SEO plugin v27.5 - https:\/\/yoast.com\/product\/yoast-seo-wordpress\/ -->\n<title>Docente de la Universidad de Caldas participar\u00e1 en el S\u00e9ptimo Congreso Panamericano de Historia de la Medicina en Panam\u00e1 .<\/title>\n<meta name=\"robots\" content=\"index, follow, max-snippet:-1, max-image-preview:large, max-video-preview:-1\" \/>\n<link rel=\"canonical\" href=\"https:\/\/www.ucaldas.edu.co\/portal\/docente-de-la-universidad-de-caldas-participara-en-el-septimo-congreso-panamericano-de-historia-de-la-medicina-en-panama\/\" \/>\n<script type=\"application\/ld+json\" class=\"yoast-schema-graph\">{\"@context\":\"https:\\\/\\\/schema.org\",\"@graph\":[{\"@type\":\"Article\",\"@id\":\"https:\\\/\\\/www.ucaldas.edu.co\\\/portal\\\/docente-de-la-universidad-de-caldas-participara-en-el-septimo-congreso-panamericano-de-historia-de-la-medicina-en-panama\\\/#article\",\"isPartOf\":{\"@id\":\"https:\\\/\\\/www.ucaldas.edu.co\\\/portal\\\/docente-de-la-universidad-de-caldas-participara-en-el-septimo-congreso-panamericano-de-historia-de-la-medicina-en-panama\\\/\"},\"author\":{\"name\":\"ofiprensa\",\"@id\":\"https:\\\/\\\/www.ucaldas.edu.co\\\/portal\\\/#\\\/schema\\\/person\\\/a1b482e23449158b4bc319926c074fdf\"},\"headline\":\"Docente de la Universidad de Caldas participar\u00e1 en el S\u00e9ptimo Congreso Panamericano de Historia de la Medicina en Panam\u00e1\",\"datePublished\":\"2023-06-27T19:35:25+00:00\",\"mainEntityOfPage\":{\"@id\":\"https:\\\/\\\/www.ucaldas.edu.co\\\/portal\\\/docente-de-la-universidad-de-caldas-participara-en-el-septimo-congreso-panamericano-de-historia-de-la-medicina-en-panama\\\/\"},\"wordCount\":304,\"publisher\":{\"@id\":\"https:\\\/\\\/www.ucaldas.edu.co\\\/portal\\\/#organization\"},\"image\":{\"@id\":\"https:\\\/\\\/www.ucaldas.edu.co\\\/portal\\\/docente-de-la-universidad-de-caldas-participara-en-el-septimo-congreso-panamericano-de-historia-de-la-medicina-en-panama\\\/#primaryimage\"},\"thumbnailUrl\":\"https:\\\/\\\/www.ucaldas.edu.co\\\/portal\\\/wp-content\\\/uploads\\\/2023\\\/06\\\/docente.jpg\",\"keywords\":[\"docente medicina\"],\"articleSection\":[\"Actualidad\",\"Universidad al D\u00eda\",\"Ucaldas Internacional\"],\"inLanguage\":\"es\"},{\"@type\":\"WebPage\",\"@id\":\"https:\\\/\\\/www.ucaldas.edu.co\\\/portal\\\/docente-de-la-universidad-de-caldas-participara-en-el-septimo-congreso-panamericano-de-historia-de-la-medicina-en-panama\\\/\",\"url\":\"https:\\\/\\\/www.ucaldas.edu.co\\\/portal\\\/docente-de-la-universidad-de-caldas-participara-en-el-septimo-congreso-panamericano-de-historia-de-la-medicina-en-panama\\\/\",\"name\":\"Docente de la Universidad de Caldas participar\u00e1 en el S\u00e9ptimo Congreso Panamericano de Historia de la Medicina en Panam\u00e1 .\",\"isPartOf\":{\"@id\":\"https:\\\/\\\/www.ucaldas.edu.co\\\/portal\\\/#website\"},\"primaryImageOfPage\":{\"@id\":\"https:\\\/\\\/www.ucaldas.edu.co\\\/portal\\\/docente-de-la-universidad-de-caldas-participara-en-el-septimo-congreso-panamericano-de-historia-de-la-medicina-en-panama\\\/#primaryimage\"},\"image\":{\"@id\":\"https:\\\/\\\/www.ucaldas.edu.co\\\/portal\\\/docente-de-la-universidad-de-caldas-participara-en-el-septimo-congreso-panamericano-de-historia-de-la-medicina-en-panama\\\/#primaryimage\"},\"thumbnailUrl\":\"https:\\\/\\\/www.ucaldas.edu.co\\\/portal\\\/wp-content\\\/uploads\\\/2023\\\/06\\\/docente.jpg\",\"datePublished\":\"2023-06-27T19:35:25+00:00\",\"breadcrumb\":{\"@id\":\"https:\\\/\\\/www.ucaldas.edu.co\\\/portal\\\/docente-de-la-universidad-de-caldas-participara-en-el-septimo-congreso-panamericano-de-historia-de-la-medicina-en-panama\\\/#breadcrumb\"},\"inLanguage\":\"es\",\"potentialAction\":[{\"@type\":\"ReadAction\",\"target\":[\"https:\\\/\\\/www.ucaldas.edu.co\\\/portal\\\/docente-de-la-universidad-de-caldas-participara-en-el-septimo-congreso-panamericano-de-historia-de-la-medicina-en-panama\\\/\"]}]},{\"@type\":\"ImageObject\",\"inLanguage\":\"es\",\"@id\":\"https:\\\/\\\/www.ucaldas.edu.co\\\/portal\\\/docente-de-la-universidad-de-caldas-participara-en-el-septimo-congreso-panamericano-de-historia-de-la-medicina-en-panama\\\/#primaryimage\",\"url\":\"https:\\\/\\\/www.ucaldas.edu.co\\\/portal\\\/wp-content\\\/uploads\\\/2023\\\/06\\\/docente.jpg\",\"contentUrl\":\"https:\\\/\\\/www.ucaldas.edu.co\\\/portal\\\/wp-content\\\/uploads\\\/2023\\\/06\\\/docente.jpg\",\"width\":900,\"height\":510,\"caption\":\"docente\"},{\"@type\":\"BreadcrumbList\",\"@id\":\"https:\\\/\\\/www.ucaldas.edu.co\\\/portal\\\/docente-de-la-universidad-de-caldas-participara-en-el-septimo-congreso-panamericano-de-historia-de-la-medicina-en-panama\\\/#breadcrumb\",\"itemListElement\":[{\"@type\":\"ListItem\",\"position\":1,\"name\":\"Portada\",\"item\":\"https:\\\/\\\/www.ucaldas.edu.co\\\/portal\\\/\"},{\"@type\":\"ListItem\",\"position\":2,\"name\":\"Docente de la Universidad de Caldas participar\u00e1 en el S\u00e9ptimo Congreso Panamericano de Historia de la Medicina en Panam\u00e1\"}]},{\"@type\":\"WebSite\",\"@id\":\"https:\\\/\\\/www.ucaldas.edu.co\\\/portal\\\/#website\",\"url\":\"https:\\\/\\\/www.ucaldas.edu.co\\\/portal\\\/\",\"name\":\"Universidad de Caldas\",\"description\":\"\",\"publisher\":{\"@id\":\"https:\\\/\\\/www.ucaldas.edu.co\\\/portal\\\/#organization\"},\"alternateName\":\"U. de Caldas\",\"potentialAction\":[{\"@type\":\"SearchAction\",\"target\":{\"@type\":\"EntryPoint\",\"urlTemplate\":\"https:\\\/\\\/www.ucaldas.edu.co\\\/portal\\\/?s={search_term_string}\"},\"query-input\":{\"@type\":\"PropertyValueSpecification\",\"valueRequired\":true,\"valueName\":\"search_term_string\"}}],\"inLanguage\":\"es\"},{\"@type\":\"Organization\",\"@id\":\"https:\\\/\\\/www.ucaldas.edu.co\\\/portal\\\/#organization\",\"name\":\"Universidad de Caldas\",\"alternateName\":\"U. de Caldas\",\"url\":\"https:\\\/\\\/www.ucaldas.edu.co\\\/portal\\\/\",\"logo\":{\"@type\":\"ImageObject\",\"inLanguage\":\"es\",\"@id\":\"https:\\\/\\\/www.ucaldas.edu.co\\\/portal\\\/#\\\/schema\\\/logo\\\/image\\\/\",\"url\":\"https:\\\/\\\/www.ucaldas.edu.co\\\/portal\\\/wp-content\\\/uploads\\\/2023\\\/11\\\/Logo_horizontal_oscuroU-2023.png\",\"contentUrl\":\"https:\\\/\\\/www.ucaldas.edu.co\\\/portal\\\/wp-content\\\/uploads\\\/2023\\\/11\\\/Logo_horizontal_oscuroU-2023.png\",\"width\":263,\"height\":101,\"caption\":\"Universidad de Caldas\"},\"image\":{\"@id\":\"https:\\\/\\\/www.ucaldas.edu.co\\\/portal\\\/#\\\/schema\\\/logo\\\/image\\\/\"},\"sameAs\":[\"https:\\\/\\\/www.facebook.com\\\/udecaldas\",\"https:\\\/\\\/x.com\\\/udecaldas\",\"https:\\\/\\\/www.youtube.com\\\/universidadcaldas\",\"https:\\\/\\\/www.instagram.com\\\/udecaldas\\\/\"]},{\"@type\":\"Person\",\"@id\":\"https:\\\/\\\/www.ucaldas.edu.co\\\/portal\\\/#\\\/schema\\\/person\\\/a1b482e23449158b4bc319926c074fdf\",\"name\":\"ofiprensa\",\"image\":{\"@type\":\"ImageObject\",\"inLanguage\":\"es\",\"@id\":\"https:\\\/\\\/www.ucaldas.edu.co\\\/portal\\\/wp-content\\\/litespeed\\\/avatar\\\/09ea5085e600095a7a811142c6944527.jpg?ver=1777497608\",\"url\":\"https:\\\/\\\/www.ucaldas.edu.co\\\/portal\\\/wp-content\\\/litespeed\\\/avatar\\\/09ea5085e600095a7a811142c6944527.jpg?ver=1777497608\",\"contentUrl\":\"https:\\\/\\\/www.ucaldas.edu.co\\\/portal\\\/wp-content\\\/litespeed\\\/avatar\\\/09ea5085e600095a7a811142c6944527.jpg?ver=1777497608\",\"caption\":\"ofiprensa\"},\"url\":\"https:\\\/\\\/www.ucaldas.edu.co\\\/portal\\\/author\\\/ofiprensa\\\/\"}]}<\/script>\n<!-- \/ Yoast SEO plugin. -->","yoast_head_json":{"title":"Docente de la Universidad de Caldas participar\u00e1 en el S\u00e9ptimo Congreso Panamericano de Historia de la Medicina en Panam\u00e1 .","robots":{"index":"index","follow":"follow","max-snippet":"max-snippet:-1","max-image-preview":"max-image-preview:large","max-video-preview":"max-video-preview:-1"},"canonical":"https:\/\/www.ucaldas.edu.co\/portal\/docente-de-la-universidad-de-caldas-participara-en-el-septimo-congreso-panamericano-de-historia-de-la-medicina-en-panama\/","schema":{"@context":"https:\/\/schema.org","@graph":[{"@type":"Article","@id":"https:\/\/www.ucaldas.edu.co\/portal\/docente-de-la-universidad-de-caldas-participara-en-el-septimo-congreso-panamericano-de-historia-de-la-medicina-en-panama\/#article","isPartOf":{"@id":"https:\/\/www.ucaldas.edu.co\/portal\/docente-de-la-universidad-de-caldas-participara-en-el-septimo-congreso-panamericano-de-historia-de-la-medicina-en-panama\/"},"author":{"name":"ofiprensa","@id":"https:\/\/www.ucaldas.edu.co\/portal\/#\/schema\/person\/a1b482e23449158b4bc319926c074fdf"},"headline":"Docente de la Universidad de Caldas participar\u00e1 en el S\u00e9ptimo Congreso Panamericano de Historia de la Medicina en Panam\u00e1","datePublished":"2023-06-27T19:35:25+00:00","mainEntityOfPage":{"@id":"https:\/\/www.ucaldas.edu.co\/portal\/docente-de-la-universidad-de-caldas-participara-en-el-septimo-congreso-panamericano-de-historia-de-la-medicina-en-panama\/"},"wordCount":304,"publisher":{"@id":"https:\/\/www.ucaldas.edu.co\/portal\/#organization"},"image":{"@id":"https:\/\/www.ucaldas.edu.co\/portal\/docente-de-la-universidad-de-caldas-participara-en-el-septimo-congreso-panamericano-de-historia-de-la-medicina-en-panama\/#primaryimage"},"thumbnailUrl":"https:\/\/www.ucaldas.edu.co\/portal\/wp-content\/uploads\/2023\/06\/docente.jpg","keywords":["docente medicina"],"articleSection":["Actualidad","Universidad al D\u00eda","Ucaldas Internacional"],"inLanguage":"es"},{"@type":"WebPage","@id":"https:\/\/www.ucaldas.edu.co\/portal\/docente-de-la-universidad-de-caldas-participara-en-el-septimo-congreso-panamericano-de-historia-de-la-medicina-en-panama\/","url":"https:\/\/www.ucaldas.edu.co\/portal\/docente-de-la-universidad-de-caldas-participara-en-el-septimo-congreso-panamericano-de-historia-de-la-medicina-en-panama\/","name":"Docente de la Universidad de Caldas participar\u00e1 en el S\u00e9ptimo Congreso Panamericano de Historia de la Medicina en Panam\u00e1 .","isPartOf":{"@id":"https:\/\/www.ucaldas.edu.co\/portal\/#website"},"primaryImageOfPage":{"@id":"https:\/\/www.ucaldas.edu.co\/portal\/docente-de-la-universidad-de-caldas-participara-en-el-septimo-congreso-panamericano-de-historia-de-la-medicina-en-panama\/#primaryimage"},"image":{"@id":"https:\/\/www.ucaldas.edu.co\/portal\/docente-de-la-universidad-de-caldas-participara-en-el-septimo-congreso-panamericano-de-historia-de-la-medicina-en-panama\/#primaryimage"},"thumbnailUrl":"https:\/\/www.ucaldas.edu.co\/portal\/wp-content\/uploads\/2023\/06\/docente.jpg","datePublished":"2023-06-27T19:35:25+00:00","breadcrumb":{"@id":"https:\/\/www.ucaldas.edu.co\/portal\/docente-de-la-universidad-de-caldas-participara-en-el-septimo-congreso-panamericano-de-historia-de-la-medicina-en-panama\/#breadcrumb"},"inLanguage":"es","potentialAction":[{"@type":"ReadAction","target":["https:\/\/www.ucaldas.edu.co\/portal\/docente-de-la-universidad-de-caldas-participara-en-el-septimo-congreso-panamericano-de-historia-de-la-medicina-en-panama\/"]}]},{"@type":"ImageObject","inLanguage":"es","@id":"https:\/\/www.ucaldas.edu.co\/portal\/docente-de-la-universidad-de-caldas-participara-en-el-septimo-congreso-panamericano-de-historia-de-la-medicina-en-panama\/#primaryimage","url":"https:\/\/www.ucaldas.edu.co\/portal\/wp-content\/uploads\/2023\/06\/docente.jpg","contentUrl":"https:\/\/www.ucaldas.edu.co\/portal\/wp-content\/uploads\/2023\/06\/docente.jpg","width":900,"height":510,"caption":"docente"},{"@type":"BreadcrumbList","@id":"https:\/\/www.ucaldas.edu.co\/portal\/docente-de-la-universidad-de-caldas-participara-en-el-septimo-congreso-panamericano-de-historia-de-la-medicina-en-panama\/#breadcrumb","itemListElement":[{"@type":"ListItem","position":1,"name":"Portada","item":"https:\/\/www.ucaldas.edu.co\/portal\/"},{"@type":"ListItem","position":2,"name":"Docente de la Universidad de Caldas participar\u00e1 en el S\u00e9ptimo Congreso Panamericano de Historia de la Medicina en Panam\u00e1"}]},{"@type":"WebSite","@id":"https:\/\/www.ucaldas.edu.co\/portal\/#website","url":"https:\/\/www.ucaldas.edu.co\/portal\/","name":"Universidad de Caldas","description":"","publisher":{"@id":"https:\/\/www.ucaldas.edu.co\/portal\/#organization"},"alternateName":"U. de Caldas","potentialAction":[{"@type":"SearchAction","target":{"@type":"EntryPoint","urlTemplate":"https:\/\/www.ucaldas.edu.co\/portal\/?s={search_term_string}"},"query-input":{"@type":"PropertyValueSpecification","valueRequired":true,"valueName":"search_term_string"}}],"inLanguage":"es"},{"@type":"Organization","@id":"https:\/\/www.ucaldas.edu.co\/portal\/#organization","name":"Universidad de Caldas","alternateName":"U. de Caldas","url":"https:\/\/www.ucaldas.edu.co\/portal\/","logo":{"@type":"ImageObject","inLanguage":"es","@id":"https:\/\/www.ucaldas.edu.co\/portal\/#\/schema\/logo\/image\/","url":"https:\/\/www.ucaldas.edu.co\/portal\/wp-content\/uploads\/2023\/11\/Logo_horizontal_oscuroU-2023.png","contentUrl":"https:\/\/www.ucaldas.edu.co\/portal\/wp-content\/uploads\/2023\/11\/Logo_horizontal_oscuroU-2023.png","width":263,"height":101,"caption":"Universidad de Caldas"},"image":{"@id":"https:\/\/www.ucaldas.edu.co\/portal\/#\/schema\/logo\/image\/"},"sameAs":["https:\/\/www.facebook.com\/udecaldas","https:\/\/x.com\/udecaldas","https:\/\/www.youtube.com\/universidadcaldas","https:\/\/www.instagram.com\/udecaldas\/"]},{"@type":"Person","@id":"https:\/\/www.ucaldas.edu.co\/portal\/#\/schema\/person\/a1b482e23449158b4bc319926c074fdf","name":"ofiprensa","image":{"@type":"ImageObject","inLanguage":"es","@id":"https:\/\/www.ucaldas.edu.co\/portal\/wp-content\/litespeed\/avatar\/09ea5085e600095a7a811142c6944527.jpg?ver=1777497608","url":"https:\/\/www.ucaldas.edu.co\/portal\/wp-content\/litespeed\/avatar\/09ea5085e600095a7a811142c6944527.jpg?ver=1777497608","contentUrl":"https:\/\/www.ucaldas.edu.co\/portal\/wp-content\/litespeed\/avatar\/09ea5085e600095a7a811142c6944527.jpg?ver=1777497608","caption":"ofiprensa"},"url":"https:\/\/www.ucaldas.edu.co\/portal\/author\/ofiprensa\/"}]}},"_links":{"self":[{"href":"https:\/\/www.ucaldas.edu.co\/portal\/wp-json\/wp\/v2\/posts\/76411","targetHints":{"allow":["GET"]}}],"collection":[{"href":"https:\/\/www.ucaldas.edu.co\/portal\/wp-json\/wp\/v2\/posts"}],"about":[{"href":"https:\/\/www.ucaldas.edu.co\/portal\/wp-json\/wp\/v2\/types\/post"}],"author":[{"embeddable":true,"href":"https:\/\/www.ucaldas.edu.co\/portal\/wp-json\/wp\/v2\/users\/2"}],"replies":[{"embeddable":true,"href":"https:\/\/www.ucaldas.edu.co\/portal\/wp-json\/wp\/v2\/comments?post=76411"}],"version-history":[{"count":0,"href":"https:\/\/www.ucaldas.edu.co\/portal\/wp-json\/wp\/v2\/posts\/76411\/revisions"}],"wp:featuredmedia":[{"embeddable":true,"href":"https:\/\/www.ucaldas.edu.co\/portal\/wp-json\/wp\/v2\/media\/76412"}],"wp:attachment":[{"href":"https:\/\/www.ucaldas.edu.co\/portal\/wp-json\/wp\/v2\/media?parent=76411"}],"wp:term":[{"taxonomy":"category","embeddable":true,"href":"https:\/\/www.ucaldas.edu.co\/portal\/wp-json\/wp\/v2\/categories?post=76411"},{"taxonomy":"post_tag","embeddable":true,"href":"https:\/\/www.ucaldas.edu.co\/portal\/wp-json\/wp\/v2\/tags?post=76411"}],"curies":[{"name":"wp","href":"https:\/\/api.w.org\/{rel}","templated":true}]}}