{"id":76405,"date":"2023-06-27T19:29:47","date_gmt":"2023-06-27T19:29:47","guid":{"rendered":"https:\/\/www.ucaldas.edu.co\/portal\/?p=76405"},"modified":"2023-06-27T21:20:52","modified_gmt":"2023-06-27T21:20:52","slug":"estudiante-de-la-universidad-de-caldas-presente-en-la-cuadragesima-reunion-anual-de-dermatologos-latinoamericanos-redla-2023","status":"publish","type":"post","link":"https:\/\/www.ucaldas.edu.co\/portal\/estudiante-de-la-universidad-de-caldas-presente-en-la-cuadragesima-reunion-anual-de-dermatologos-latinoamericanos-redla-2023\/","title":{"rendered":"Estudiante de la Universidad de Caldas presente en la Cuadrag\u00e9sima Reuni\u00f3n Anual de Dermat\u00f3logos Latinoamericanos RADLA 2023"},"content":{"rendered":"<p><img loading=\"lazy\" decoding=\"async\" class=\"aligncenter size-full wp-image-76406\" src=\"https:\/\/www.ucaldas.edu.co\/portal\/wp-content\/uploads\/2023\/06\/estudiante.jpg\" alt=\"radla 2023\" width=\"900\" height=\"510\" srcset=\"https:\/\/www.ucaldas.edu.co\/portal\/wp-content\/uploads\/2023\/06\/estudiante.jpg 900w, https:\/\/www.ucaldas.edu.co\/portal\/wp-content\/uploads\/2023\/06\/estudiante-300x170.jpg 300w, https:\/\/www.ucaldas.edu.co\/portal\/wp-content\/uploads\/2023\/06\/estudiante-768x435.jpg 768w\" sizes=\"auto, (max-width: 900px) 100vw, 900px\" \/><\/p>\n<p>El estudiante de la Especializaci\u00f3n en Dermatolog\u00eda de la Universidad de Caldas, Juan Daniel Fern\u00e1ndez Mart\u00ednez, particip\u00f3 en la Cuadrag\u00e9sima Reuni\u00f3n Anual de Dermat\u00f3logos Latinoamericanos, RADLA 2023, evento que se llev\u00f3 a cabo en Curitiba, Brasil.<!--more--><\/p>\n<p>RADLA, es una organizaci\u00f3n profesional de car\u00e1cter cient\u00edfico que agrupa a dermat\u00f3logos y residentes en dermatolog\u00eda de 15 pa\u00edses latinoamericanos, donde se realizan ponencias, conferencias y presentaciones en torno al bienestar del ser humano en esta \u00e1rea de la medicina.<\/p>\n<p>El estudiante Fern\u00e1ndez present\u00f3 el poster denominado \u201cInfecci\u00f3n por micobacteria no tuberculosa posterior a blefaroplastia\u201d, donde presenta la etapa inicial de un estudio que realiza referente a las infecciones por micobacterias, en procedimientos quir\u00fargicos, con una baja incidencia como la blefaroplastia, que conllevan un riesgo de complicaci\u00f3n alto.<\/p>\n<p>La participaci\u00f3n de estudiantes de la Universidad de Caldas en eventos acad\u00e9micos internacionales es una muestra del trabajo en investigaci\u00f3n que se realiza desde la instituci\u00f3n, buscando fortalecer adem\u00e1s la formaci\u00f3n profesional de alta calidad y resolver situaciones de para el bienestar de la humanidad.<\/p>\n","protected":false},"excerpt":{"rendered":"<p>El estudiante de la Especializaci\u00f3n en Dermatolog\u00eda de la Universidad de Caldas, Juan Daniel Fern\u00e1ndez Mart\u00ednez, particip\u00f3 en la Cuadrag\u00e9sima Reuni\u00f3n Anual de Dermat\u00f3logos Latinoamericanos, RADLA 2023, evento que se llev\u00f3 a cabo en Curitiba, Brasil.<\/p>\n","protected":false},"author":2,"featured_media":76406,"comment_status":"closed","ping_status":"open","sticky":false,"template":"","format":"standard","meta":{"footnotes":""},"categories":[48,53,614],"tags":[9709],"class_list":["post-76405","post","type-post","status-publish","format-standard","has-post-thumbnail","hentry","category-actualidad","category-universidad-al-dia","category-ucaldas-internacional","tag-radla-2023"],"yoast_head":"<!-- This site is optimized with the Yoast SEO plugin v27.5 - https:\/\/yoast.com\/product\/yoast-seo-wordpress\/ -->\n<title>Estudiante de la Universidad de Caldas presente en la Cuadrag\u00e9sima Reuni\u00f3n Anual de Dermat\u00f3logos Latinoamericanos RADLA 2023 .<\/title>\n<meta name=\"robots\" content=\"index, follow, max-snippet:-1, max-image-preview:large, max-video-preview:-1\" \/>\n<link rel=\"canonical\" href=\"https:\/\/www.ucaldas.edu.co\/portal\/estudiante-de-la-universidad-de-caldas-presente-en-la-cuadragesima-reunion-anual-de-dermatologos-latinoamericanos-redla-2023\/\" \/>\n<script type=\"application\/ld+json\" class=\"yoast-schema-graph\">{\"@context\":\"https:\\\/\\\/schema.org\",\"@graph\":[{\"@type\":\"Article\",\"@id\":\"https:\\\/\\\/www.ucaldas.edu.co\\\/portal\\\/estudiante-de-la-universidad-de-caldas-presente-en-la-cuadragesima-reunion-anual-de-dermatologos-latinoamericanos-redla-2023\\\/#article\",\"isPartOf\":{\"@id\":\"https:\\\/\\\/www.ucaldas.edu.co\\\/portal\\\/estudiante-de-la-universidad-de-caldas-presente-en-la-cuadragesima-reunion-anual-de-dermatologos-latinoamericanos-redla-2023\\\/\"},\"author\":{\"name\":\"ofiprensa\",\"@id\":\"https:\\\/\\\/www.ucaldas.edu.co\\\/portal\\\/#\\\/schema\\\/person\\\/a1b482e23449158b4bc319926c074fdf\"},\"headline\":\"Estudiante de la Universidad de Caldas presente en la Cuadrag\u00e9sima Reuni\u00f3n Anual de Dermat\u00f3logos Latinoamericanos RADLA 2023\",\"datePublished\":\"2023-06-27T19:29:47+00:00\",\"dateModified\":\"2023-06-27T21:20:52+00:00\",\"mainEntityOfPage\":{\"@id\":\"https:\\\/\\\/www.ucaldas.edu.co\\\/portal\\\/estudiante-de-la-universidad-de-caldas-presente-en-la-cuadragesima-reunion-anual-de-dermatologos-latinoamericanos-redla-2023\\\/\"},\"wordCount\":209,\"publisher\":{\"@id\":\"https:\\\/\\\/www.ucaldas.edu.co\\\/portal\\\/#organization\"},\"image\":{\"@id\":\"https:\\\/\\\/www.ucaldas.edu.co\\\/portal\\\/estudiante-de-la-universidad-de-caldas-presente-en-la-cuadragesima-reunion-anual-de-dermatologos-latinoamericanos-redla-2023\\\/#primaryimage\"},\"thumbnailUrl\":\"https:\\\/\\\/www.ucaldas.edu.co\\\/portal\\\/wp-content\\\/uploads\\\/2023\\\/06\\\/estudiante.jpg\",\"keywords\":[\"radla 2023\"],\"articleSection\":[\"Actualidad\",\"Universidad al D\u00eda\",\"Ucaldas Internacional\"],\"inLanguage\":\"es\"},{\"@type\":\"WebPage\",\"@id\":\"https:\\\/\\\/www.ucaldas.edu.co\\\/portal\\\/estudiante-de-la-universidad-de-caldas-presente-en-la-cuadragesima-reunion-anual-de-dermatologos-latinoamericanos-redla-2023\\\/\",\"url\":\"https:\\\/\\\/www.ucaldas.edu.co\\\/portal\\\/estudiante-de-la-universidad-de-caldas-presente-en-la-cuadragesima-reunion-anual-de-dermatologos-latinoamericanos-redla-2023\\\/\",\"name\":\"Estudiante de la Universidad de Caldas presente en la Cuadrag\u00e9sima Reuni\u00f3n Anual de Dermat\u00f3logos Latinoamericanos RADLA 2023 .\",\"isPartOf\":{\"@id\":\"https:\\\/\\\/www.ucaldas.edu.co\\\/portal\\\/#website\"},\"primaryImageOfPage\":{\"@id\":\"https:\\\/\\\/www.ucaldas.edu.co\\\/portal\\\/estudiante-de-la-universidad-de-caldas-presente-en-la-cuadragesima-reunion-anual-de-dermatologos-latinoamericanos-redla-2023\\\/#primaryimage\"},\"image\":{\"@id\":\"https:\\\/\\\/www.ucaldas.edu.co\\\/portal\\\/estudiante-de-la-universidad-de-caldas-presente-en-la-cuadragesima-reunion-anual-de-dermatologos-latinoamericanos-redla-2023\\\/#primaryimage\"},\"thumbnailUrl\":\"https:\\\/\\\/www.ucaldas.edu.co\\\/portal\\\/wp-content\\\/uploads\\\/2023\\\/06\\\/estudiante.jpg\",\"datePublished\":\"2023-06-27T19:29:47+00:00\",\"dateModified\":\"2023-06-27T21:20:52+00:00\",\"breadcrumb\":{\"@id\":\"https:\\\/\\\/www.ucaldas.edu.co\\\/portal\\\/estudiante-de-la-universidad-de-caldas-presente-en-la-cuadragesima-reunion-anual-de-dermatologos-latinoamericanos-redla-2023\\\/#breadcrumb\"},\"inLanguage\":\"es\",\"potentialAction\":[{\"@type\":\"ReadAction\",\"target\":[\"https:\\\/\\\/www.ucaldas.edu.co\\\/portal\\\/estudiante-de-la-universidad-de-caldas-presente-en-la-cuadragesima-reunion-anual-de-dermatologos-latinoamericanos-redla-2023\\\/\"]}]},{\"@type\":\"ImageObject\",\"inLanguage\":\"es\",\"@id\":\"https:\\\/\\\/www.ucaldas.edu.co\\\/portal\\\/estudiante-de-la-universidad-de-caldas-presente-en-la-cuadragesima-reunion-anual-de-dermatologos-latinoamericanos-redla-2023\\\/#primaryimage\",\"url\":\"https:\\\/\\\/www.ucaldas.edu.co\\\/portal\\\/wp-content\\\/uploads\\\/2023\\\/06\\\/estudiante.jpg\",\"contentUrl\":\"https:\\\/\\\/www.ucaldas.edu.co\\\/portal\\\/wp-content\\\/uploads\\\/2023\\\/06\\\/estudiante.jpg\",\"width\":900,\"height\":510,\"caption\":\"radla 2023\"},{\"@type\":\"BreadcrumbList\",\"@id\":\"https:\\\/\\\/www.ucaldas.edu.co\\\/portal\\\/estudiante-de-la-universidad-de-caldas-presente-en-la-cuadragesima-reunion-anual-de-dermatologos-latinoamericanos-redla-2023\\\/#breadcrumb\",\"itemListElement\":[{\"@type\":\"ListItem\",\"position\":1,\"name\":\"Portada\",\"item\":\"https:\\\/\\\/www.ucaldas.edu.co\\\/portal\\\/\"},{\"@type\":\"ListItem\",\"position\":2,\"name\":\"Estudiante de la Universidad de Caldas presente en la Cuadrag\u00e9sima Reuni\u00f3n Anual de Dermat\u00f3logos Latinoamericanos RADLA 2023\"}]},{\"@type\":\"WebSite\",\"@id\":\"https:\\\/\\\/www.ucaldas.edu.co\\\/portal\\\/#website\",\"url\":\"https:\\\/\\\/www.ucaldas.edu.co\\\/portal\\\/\",\"name\":\"Universidad de Caldas\",\"description\":\"\",\"publisher\":{\"@id\":\"https:\\\/\\\/www.ucaldas.edu.co\\\/portal\\\/#organization\"},\"alternateName\":\"U. de Caldas\",\"potentialAction\":[{\"@type\":\"SearchAction\",\"target\":{\"@type\":\"EntryPoint\",\"urlTemplate\":\"https:\\\/\\\/www.ucaldas.edu.co\\\/portal\\\/?s={search_term_string}\"},\"query-input\":{\"@type\":\"PropertyValueSpecification\",\"valueRequired\":true,\"valueName\":\"search_term_string\"}}],\"inLanguage\":\"es\"},{\"@type\":\"Organization\",\"@id\":\"https:\\\/\\\/www.ucaldas.edu.co\\\/portal\\\/#organization\",\"name\":\"Universidad de Caldas\",\"alternateName\":\"U. de Caldas\",\"url\":\"https:\\\/\\\/www.ucaldas.edu.co\\\/portal\\\/\",\"logo\":{\"@type\":\"ImageObject\",\"inLanguage\":\"es\",\"@id\":\"https:\\\/\\\/www.ucaldas.edu.co\\\/portal\\\/#\\\/schema\\\/logo\\\/image\\\/\",\"url\":\"https:\\\/\\\/www.ucaldas.edu.co\\\/portal\\\/wp-content\\\/uploads\\\/2023\\\/11\\\/Logo_horizontal_oscuroU-2023.png\",\"contentUrl\":\"https:\\\/\\\/www.ucaldas.edu.co\\\/portal\\\/wp-content\\\/uploads\\\/2023\\\/11\\\/Logo_horizontal_oscuroU-2023.png\",\"width\":263,\"height\":101,\"caption\":\"Universidad de Caldas\"},\"image\":{\"@id\":\"https:\\\/\\\/www.ucaldas.edu.co\\\/portal\\\/#\\\/schema\\\/logo\\\/image\\\/\"},\"sameAs\":[\"https:\\\/\\\/www.facebook.com\\\/udecaldas\",\"https:\\\/\\\/x.com\\\/udecaldas\",\"https:\\\/\\\/www.youtube.com\\\/universidadcaldas\",\"https:\\\/\\\/www.instagram.com\\\/udecaldas\\\/\"]},{\"@type\":\"Person\",\"@id\":\"https:\\\/\\\/www.ucaldas.edu.co\\\/portal\\\/#\\\/schema\\\/person\\\/a1b482e23449158b4bc319926c074fdf\",\"name\":\"ofiprensa\",\"image\":{\"@type\":\"ImageObject\",\"inLanguage\":\"es\",\"@id\":\"https:\\\/\\\/www.ucaldas.edu.co\\\/portal\\\/wp-content\\\/litespeed\\\/avatar\\\/09ea5085e600095a7a811142c6944527.jpg?ver=1777497608\",\"url\":\"https:\\\/\\\/www.ucaldas.edu.co\\\/portal\\\/wp-content\\\/litespeed\\\/avatar\\\/09ea5085e600095a7a811142c6944527.jpg?ver=1777497608\",\"contentUrl\":\"https:\\\/\\\/www.ucaldas.edu.co\\\/portal\\\/wp-content\\\/litespeed\\\/avatar\\\/09ea5085e600095a7a811142c6944527.jpg?ver=1777497608\",\"caption\":\"ofiprensa\"},\"url\":\"https:\\\/\\\/www.ucaldas.edu.co\\\/portal\\\/author\\\/ofiprensa\\\/\"}]}<\/script>\n<!-- \/ Yoast SEO plugin. -->","yoast_head_json":{"title":"Estudiante de la Universidad de Caldas presente en la Cuadrag\u00e9sima Reuni\u00f3n Anual de Dermat\u00f3logos Latinoamericanos RADLA 2023 .","robots":{"index":"index","follow":"follow","max-snippet":"max-snippet:-1","max-image-preview":"max-image-preview:large","max-video-preview":"max-video-preview:-1"},"canonical":"https:\/\/www.ucaldas.edu.co\/portal\/estudiante-de-la-universidad-de-caldas-presente-en-la-cuadragesima-reunion-anual-de-dermatologos-latinoamericanos-redla-2023\/","schema":{"@context":"https:\/\/schema.org","@graph":[{"@type":"Article","@id":"https:\/\/www.ucaldas.edu.co\/portal\/estudiante-de-la-universidad-de-caldas-presente-en-la-cuadragesima-reunion-anual-de-dermatologos-latinoamericanos-redla-2023\/#article","isPartOf":{"@id":"https:\/\/www.ucaldas.edu.co\/portal\/estudiante-de-la-universidad-de-caldas-presente-en-la-cuadragesima-reunion-anual-de-dermatologos-latinoamericanos-redla-2023\/"},"author":{"name":"ofiprensa","@id":"https:\/\/www.ucaldas.edu.co\/portal\/#\/schema\/person\/a1b482e23449158b4bc319926c074fdf"},"headline":"Estudiante de la Universidad de Caldas presente en la Cuadrag\u00e9sima Reuni\u00f3n Anual de Dermat\u00f3logos Latinoamericanos RADLA 2023","datePublished":"2023-06-27T19:29:47+00:00","dateModified":"2023-06-27T21:20:52+00:00","mainEntityOfPage":{"@id":"https:\/\/www.ucaldas.edu.co\/portal\/estudiante-de-la-universidad-de-caldas-presente-en-la-cuadragesima-reunion-anual-de-dermatologos-latinoamericanos-redla-2023\/"},"wordCount":209,"publisher":{"@id":"https:\/\/www.ucaldas.edu.co\/portal\/#organization"},"image":{"@id":"https:\/\/www.ucaldas.edu.co\/portal\/estudiante-de-la-universidad-de-caldas-presente-en-la-cuadragesima-reunion-anual-de-dermatologos-latinoamericanos-redla-2023\/#primaryimage"},"thumbnailUrl":"https:\/\/www.ucaldas.edu.co\/portal\/wp-content\/uploads\/2023\/06\/estudiante.jpg","keywords":["radla 2023"],"articleSection":["Actualidad","Universidad al D\u00eda","Ucaldas Internacional"],"inLanguage":"es"},{"@type":"WebPage","@id":"https:\/\/www.ucaldas.edu.co\/portal\/estudiante-de-la-universidad-de-caldas-presente-en-la-cuadragesima-reunion-anual-de-dermatologos-latinoamericanos-redla-2023\/","url":"https:\/\/www.ucaldas.edu.co\/portal\/estudiante-de-la-universidad-de-caldas-presente-en-la-cuadragesima-reunion-anual-de-dermatologos-latinoamericanos-redla-2023\/","name":"Estudiante de la Universidad de Caldas presente en la Cuadrag\u00e9sima Reuni\u00f3n Anual de Dermat\u00f3logos Latinoamericanos RADLA 2023 .","isPartOf":{"@id":"https:\/\/www.ucaldas.edu.co\/portal\/#website"},"primaryImageOfPage":{"@id":"https:\/\/www.ucaldas.edu.co\/portal\/estudiante-de-la-universidad-de-caldas-presente-en-la-cuadragesima-reunion-anual-de-dermatologos-latinoamericanos-redla-2023\/#primaryimage"},"image":{"@id":"https:\/\/www.ucaldas.edu.co\/portal\/estudiante-de-la-universidad-de-caldas-presente-en-la-cuadragesima-reunion-anual-de-dermatologos-latinoamericanos-redla-2023\/#primaryimage"},"thumbnailUrl":"https:\/\/www.ucaldas.edu.co\/portal\/wp-content\/uploads\/2023\/06\/estudiante.jpg","datePublished":"2023-06-27T19:29:47+00:00","dateModified":"2023-06-27T21:20:52+00:00","breadcrumb":{"@id":"https:\/\/www.ucaldas.edu.co\/portal\/estudiante-de-la-universidad-de-caldas-presente-en-la-cuadragesima-reunion-anual-de-dermatologos-latinoamericanos-redla-2023\/#breadcrumb"},"inLanguage":"es","potentialAction":[{"@type":"ReadAction","target":["https:\/\/www.ucaldas.edu.co\/portal\/estudiante-de-la-universidad-de-caldas-presente-en-la-cuadragesima-reunion-anual-de-dermatologos-latinoamericanos-redla-2023\/"]}]},{"@type":"ImageObject","inLanguage":"es","@id":"https:\/\/www.ucaldas.edu.co\/portal\/estudiante-de-la-universidad-de-caldas-presente-en-la-cuadragesima-reunion-anual-de-dermatologos-latinoamericanos-redla-2023\/#primaryimage","url":"https:\/\/www.ucaldas.edu.co\/portal\/wp-content\/uploads\/2023\/06\/estudiante.jpg","contentUrl":"https:\/\/www.ucaldas.edu.co\/portal\/wp-content\/uploads\/2023\/06\/estudiante.jpg","width":900,"height":510,"caption":"radla 2023"},{"@type":"BreadcrumbList","@id":"https:\/\/www.ucaldas.edu.co\/portal\/estudiante-de-la-universidad-de-caldas-presente-en-la-cuadragesima-reunion-anual-de-dermatologos-latinoamericanos-redla-2023\/#breadcrumb","itemListElement":[{"@type":"ListItem","position":1,"name":"Portada","item":"https:\/\/www.ucaldas.edu.co\/portal\/"},{"@type":"ListItem","position":2,"name":"Estudiante de la Universidad de Caldas presente en la Cuadrag\u00e9sima Reuni\u00f3n Anual de Dermat\u00f3logos Latinoamericanos RADLA 2023"}]},{"@type":"WebSite","@id":"https:\/\/www.ucaldas.edu.co\/portal\/#website","url":"https:\/\/www.ucaldas.edu.co\/portal\/","name":"Universidad de Caldas","description":"","publisher":{"@id":"https:\/\/www.ucaldas.edu.co\/portal\/#organization"},"alternateName":"U. de Caldas","potentialAction":[{"@type":"SearchAction","target":{"@type":"EntryPoint","urlTemplate":"https:\/\/www.ucaldas.edu.co\/portal\/?s={search_term_string}"},"query-input":{"@type":"PropertyValueSpecification","valueRequired":true,"valueName":"search_term_string"}}],"inLanguage":"es"},{"@type":"Organization","@id":"https:\/\/www.ucaldas.edu.co\/portal\/#organization","name":"Universidad de Caldas","alternateName":"U. de Caldas","url":"https:\/\/www.ucaldas.edu.co\/portal\/","logo":{"@type":"ImageObject","inLanguage":"es","@id":"https:\/\/www.ucaldas.edu.co\/portal\/#\/schema\/logo\/image\/","url":"https:\/\/www.ucaldas.edu.co\/portal\/wp-content\/uploads\/2023\/11\/Logo_horizontal_oscuroU-2023.png","contentUrl":"https:\/\/www.ucaldas.edu.co\/portal\/wp-content\/uploads\/2023\/11\/Logo_horizontal_oscuroU-2023.png","width":263,"height":101,"caption":"Universidad de Caldas"},"image":{"@id":"https:\/\/www.ucaldas.edu.co\/portal\/#\/schema\/logo\/image\/"},"sameAs":["https:\/\/www.facebook.com\/udecaldas","https:\/\/x.com\/udecaldas","https:\/\/www.youtube.com\/universidadcaldas","https:\/\/www.instagram.com\/udecaldas\/"]},{"@type":"Person","@id":"https:\/\/www.ucaldas.edu.co\/portal\/#\/schema\/person\/a1b482e23449158b4bc319926c074fdf","name":"ofiprensa","image":{"@type":"ImageObject","inLanguage":"es","@id":"https:\/\/www.ucaldas.edu.co\/portal\/wp-content\/litespeed\/avatar\/09ea5085e600095a7a811142c6944527.jpg?ver=1777497608","url":"https:\/\/www.ucaldas.edu.co\/portal\/wp-content\/litespeed\/avatar\/09ea5085e600095a7a811142c6944527.jpg?ver=1777497608","contentUrl":"https:\/\/www.ucaldas.edu.co\/portal\/wp-content\/litespeed\/avatar\/09ea5085e600095a7a811142c6944527.jpg?ver=1777497608","caption":"ofiprensa"},"url":"https:\/\/www.ucaldas.edu.co\/portal\/author\/ofiprensa\/"}]}},"_links":{"self":[{"href":"https:\/\/www.ucaldas.edu.co\/portal\/wp-json\/wp\/v2\/posts\/76405","targetHints":{"allow":["GET"]}}],"collection":[{"href":"https:\/\/www.ucaldas.edu.co\/portal\/wp-json\/wp\/v2\/posts"}],"about":[{"href":"https:\/\/www.ucaldas.edu.co\/portal\/wp-json\/wp\/v2\/types\/post"}],"author":[{"embeddable":true,"href":"https:\/\/www.ucaldas.edu.co\/portal\/wp-json\/wp\/v2\/users\/2"}],"replies":[{"embeddable":true,"href":"https:\/\/www.ucaldas.edu.co\/portal\/wp-json\/wp\/v2\/comments?post=76405"}],"version-history":[{"count":0,"href":"https:\/\/www.ucaldas.edu.co\/portal\/wp-json\/wp\/v2\/posts\/76405\/revisions"}],"wp:featuredmedia":[{"embeddable":true,"href":"https:\/\/www.ucaldas.edu.co\/portal\/wp-json\/wp\/v2\/media\/76406"}],"wp:attachment":[{"href":"https:\/\/www.ucaldas.edu.co\/portal\/wp-json\/wp\/v2\/media?parent=76405"}],"wp:term":[{"taxonomy":"category","embeddable":true,"href":"https:\/\/www.ucaldas.edu.co\/portal\/wp-json\/wp\/v2\/categories?post=76405"},{"taxonomy":"post_tag","embeddable":true,"href":"https:\/\/www.ucaldas.edu.co\/portal\/wp-json\/wp\/v2\/tags?post=76405"}],"curies":[{"name":"wp","href":"https:\/\/api.w.org\/{rel}","templated":true}]}}