{"id":76389,"date":"2023-06-22T19:25:21","date_gmt":"2023-06-22T19:25:21","guid":{"rendered":"https:\/\/www.ucaldas.edu.co\/portal\/?p=76389"},"modified":"2023-06-22T19:25:21","modified_gmt":"2023-06-22T19:25:21","slug":"funcionarios-de-efigas-se-forman-con-diplomado-creado-entre-las-universidades-de-caldas-y-salamanca","status":"publish","type":"post","link":"https:\/\/www.ucaldas.edu.co\/portal\/funcionarios-de-efigas-se-forman-con-diplomado-creado-entre-las-universidades-de-caldas-y-salamanca\/","title":{"rendered":"Funcionarios de  Efigas se forman con Diplomado creado entre las Universidades de Caldas y Salamanca"},"content":{"rendered":"<p><img loading=\"lazy\" decoding=\"async\" class=\"aligncenter size-full wp-image-76390\" src=\"https:\/\/www.ucaldas.edu.co\/portal\/wp-content\/uploads\/2023\/06\/PARA-BOLETINES-8.jpg\" alt=\"diplomado\" width=\"900\" height=\"510\" srcset=\"https:\/\/www.ucaldas.edu.co\/portal\/wp-content\/uploads\/2023\/06\/PARA-BOLETINES-8.jpg 900w, https:\/\/www.ucaldas.edu.co\/portal\/wp-content\/uploads\/2023\/06\/PARA-BOLETINES-8-300x170.jpg 300w, https:\/\/www.ucaldas.edu.co\/portal\/wp-content\/uploads\/2023\/06\/PARA-BOLETINES-8-768x435.jpg 768w\" sizes=\"auto, (max-width: 900px) 100vw, 900px\" \/><\/p>\n<p>La Universidad de Caldas en asocio con la Fundaci\u00f3n General de la Universidad de Salamanca y el grupo de investigaci\u00f3n BISITE de la dicha universidad espa\u00f1ola, dio inicio al Diplomado en Anal\u00edtica de Datos para toma de decisiones en el nivel Gerencial.<!--more--><\/p>\n<p>Este espacio de formaci\u00f3n est\u00e1 dirigido a funcionarios de la empresa Efigas, quienes desarrollar\u00e1n competencias en herramientas y metodolog\u00edas para el fortalecimiento de procesos relacionados con el an\u00e1lisis y la toma oportuna de acciones que conllevan al mejoramiento de la organizaci\u00f3n.<\/p>\n<p>Los funcionarios participantes desarrollan el programa de manera h\u00edbrida, con sesiones sincr\u00f3nicas desde la Universidad de Salamanca y presenciales en la Universidad de Caldas, siendo la virtualidad un componente fundamental para su formaci\u00f3n.<\/p>\n<p>Esta alianza entre ambas instituciones universitarias permite fortalecer la presencia internacional en procesos acad\u00e9micos y establecer relaciones de cooperaci\u00f3n con las empresas de la regi\u00f3n. Este es un proyecto articulado con la Vicerrector\u00eda de Proyecci\u00f3n Universitaria, la Oficina de Innovaci\u00f3n y Proyectos y la Facultad de Ingenier\u00edas de la Universidad de Caldas.<\/p>\n","protected":false},"excerpt":{"rendered":"<p>La Universidad de Caldas en asocio con la Fundaci\u00f3n General de la Universidad de Salamanca y el grupo de investigaci\u00f3n BISITE de la dicha universidad espa\u00f1ola, dio inicio al Diplomado en Anal\u00edtica de Datos para toma de decisiones en el nivel Gerencial.<\/p>\n","protected":false},"author":2,"featured_media":76390,"comment_status":"closed","ping_status":"open","sticky":false,"template":"","format":"standard","meta":{"footnotes":""},"categories":[48,53],"tags":[395],"class_list":["post-76389","post","type-post","status-publish","format-standard","has-post-thumbnail","hentry","category-actualidad","category-universidad-al-dia","tag-diplomado"],"yoast_head":"<!-- This site is optimized with the Yoast SEO plugin v27.5 - https:\/\/yoast.com\/product\/yoast-seo-wordpress\/ -->\n<title>Funcionarios de Efigas se forman con Diplomado creado entre las Universidades de Caldas y Salamanca .<\/title>\n<meta name=\"robots\" content=\"index, follow, max-snippet:-1, max-image-preview:large, max-video-preview:-1\" \/>\n<link rel=\"canonical\" href=\"https:\/\/www.ucaldas.edu.co\/portal\/funcionarios-de-efigas-se-forman-con-diplomado-creado-entre-las-universidades-de-caldas-y-salamanca\/\" \/>\n<script type=\"application\/ld+json\" class=\"yoast-schema-graph\">{\"@context\":\"https:\\\/\\\/schema.org\",\"@graph\":[{\"@type\":\"Article\",\"@id\":\"https:\\\/\\\/www.ucaldas.edu.co\\\/portal\\\/funcionarios-de-efigas-se-forman-con-diplomado-creado-entre-las-universidades-de-caldas-y-salamanca\\\/#article\",\"isPartOf\":{\"@id\":\"https:\\\/\\\/www.ucaldas.edu.co\\\/portal\\\/funcionarios-de-efigas-se-forman-con-diplomado-creado-entre-las-universidades-de-caldas-y-salamanca\\\/\"},\"author\":{\"name\":\"ofiprensa\",\"@id\":\"https:\\\/\\\/www.ucaldas.edu.co\\\/portal\\\/#\\\/schema\\\/person\\\/a1b482e23449158b4bc319926c074fdf\"},\"headline\":\"Funcionarios de Efigas se forman con Diplomado creado entre las Universidades de Caldas y Salamanca\",\"datePublished\":\"2023-06-22T19:25:21+00:00\",\"mainEntityOfPage\":{\"@id\":\"https:\\\/\\\/www.ucaldas.edu.co\\\/portal\\\/funcionarios-de-efigas-se-forman-con-diplomado-creado-entre-las-universidades-de-caldas-y-salamanca\\\/\"},\"wordCount\":202,\"publisher\":{\"@id\":\"https:\\\/\\\/www.ucaldas.edu.co\\\/portal\\\/#organization\"},\"image\":{\"@id\":\"https:\\\/\\\/www.ucaldas.edu.co\\\/portal\\\/funcionarios-de-efigas-se-forman-con-diplomado-creado-entre-las-universidades-de-caldas-y-salamanca\\\/#primaryimage\"},\"thumbnailUrl\":\"https:\\\/\\\/www.ucaldas.edu.co\\\/portal\\\/wp-content\\\/uploads\\\/2023\\\/06\\\/PARA-BOLETINES-8.jpg\",\"keywords\":[\"diplomado\"],\"articleSection\":[\"Actualidad\",\"Universidad al D\u00eda\"],\"inLanguage\":\"es\"},{\"@type\":\"WebPage\",\"@id\":\"https:\\\/\\\/www.ucaldas.edu.co\\\/portal\\\/funcionarios-de-efigas-se-forman-con-diplomado-creado-entre-las-universidades-de-caldas-y-salamanca\\\/\",\"url\":\"https:\\\/\\\/www.ucaldas.edu.co\\\/portal\\\/funcionarios-de-efigas-se-forman-con-diplomado-creado-entre-las-universidades-de-caldas-y-salamanca\\\/\",\"name\":\"Funcionarios de Efigas se forman con Diplomado creado entre las Universidades de Caldas y Salamanca .\",\"isPartOf\":{\"@id\":\"https:\\\/\\\/www.ucaldas.edu.co\\\/portal\\\/#website\"},\"primaryImageOfPage\":{\"@id\":\"https:\\\/\\\/www.ucaldas.edu.co\\\/portal\\\/funcionarios-de-efigas-se-forman-con-diplomado-creado-entre-las-universidades-de-caldas-y-salamanca\\\/#primaryimage\"},\"image\":{\"@id\":\"https:\\\/\\\/www.ucaldas.edu.co\\\/portal\\\/funcionarios-de-efigas-se-forman-con-diplomado-creado-entre-las-universidades-de-caldas-y-salamanca\\\/#primaryimage\"},\"thumbnailUrl\":\"https:\\\/\\\/www.ucaldas.edu.co\\\/portal\\\/wp-content\\\/uploads\\\/2023\\\/06\\\/PARA-BOLETINES-8.jpg\",\"datePublished\":\"2023-06-22T19:25:21+00:00\",\"breadcrumb\":{\"@id\":\"https:\\\/\\\/www.ucaldas.edu.co\\\/portal\\\/funcionarios-de-efigas-se-forman-con-diplomado-creado-entre-las-universidades-de-caldas-y-salamanca\\\/#breadcrumb\"},\"inLanguage\":\"es\",\"potentialAction\":[{\"@type\":\"ReadAction\",\"target\":[\"https:\\\/\\\/www.ucaldas.edu.co\\\/portal\\\/funcionarios-de-efigas-se-forman-con-diplomado-creado-entre-las-universidades-de-caldas-y-salamanca\\\/\"]}]},{\"@type\":\"ImageObject\",\"inLanguage\":\"es\",\"@id\":\"https:\\\/\\\/www.ucaldas.edu.co\\\/portal\\\/funcionarios-de-efigas-se-forman-con-diplomado-creado-entre-las-universidades-de-caldas-y-salamanca\\\/#primaryimage\",\"url\":\"https:\\\/\\\/www.ucaldas.edu.co\\\/portal\\\/wp-content\\\/uploads\\\/2023\\\/06\\\/PARA-BOLETINES-8.jpg\",\"contentUrl\":\"https:\\\/\\\/www.ucaldas.edu.co\\\/portal\\\/wp-content\\\/uploads\\\/2023\\\/06\\\/PARA-BOLETINES-8.jpg\",\"width\":900,\"height\":510,\"caption\":\"diplomado\"},{\"@type\":\"BreadcrumbList\",\"@id\":\"https:\\\/\\\/www.ucaldas.edu.co\\\/portal\\\/funcionarios-de-efigas-se-forman-con-diplomado-creado-entre-las-universidades-de-caldas-y-salamanca\\\/#breadcrumb\",\"itemListElement\":[{\"@type\":\"ListItem\",\"position\":1,\"name\":\"Portada\",\"item\":\"https:\\\/\\\/www.ucaldas.edu.co\\\/portal\\\/\"},{\"@type\":\"ListItem\",\"position\":2,\"name\":\"Funcionarios de Efigas se forman con Diplomado creado entre las Universidades de Caldas y Salamanca\"}]},{\"@type\":\"WebSite\",\"@id\":\"https:\\\/\\\/www.ucaldas.edu.co\\\/portal\\\/#website\",\"url\":\"https:\\\/\\\/www.ucaldas.edu.co\\\/portal\\\/\",\"name\":\"Universidad de Caldas\",\"description\":\"\",\"publisher\":{\"@id\":\"https:\\\/\\\/www.ucaldas.edu.co\\\/portal\\\/#organization\"},\"alternateName\":\"U. de Caldas\",\"potentialAction\":[{\"@type\":\"SearchAction\",\"target\":{\"@type\":\"EntryPoint\",\"urlTemplate\":\"https:\\\/\\\/www.ucaldas.edu.co\\\/portal\\\/?s={search_term_string}\"},\"query-input\":{\"@type\":\"PropertyValueSpecification\",\"valueRequired\":true,\"valueName\":\"search_term_string\"}}],\"inLanguage\":\"es\"},{\"@type\":\"Organization\",\"@id\":\"https:\\\/\\\/www.ucaldas.edu.co\\\/portal\\\/#organization\",\"name\":\"Universidad de Caldas\",\"alternateName\":\"U. de Caldas\",\"url\":\"https:\\\/\\\/www.ucaldas.edu.co\\\/portal\\\/\",\"logo\":{\"@type\":\"ImageObject\",\"inLanguage\":\"es\",\"@id\":\"https:\\\/\\\/www.ucaldas.edu.co\\\/portal\\\/#\\\/schema\\\/logo\\\/image\\\/\",\"url\":\"https:\\\/\\\/www.ucaldas.edu.co\\\/portal\\\/wp-content\\\/uploads\\\/2023\\\/11\\\/Logo_horizontal_oscuroU-2023.png\",\"contentUrl\":\"https:\\\/\\\/www.ucaldas.edu.co\\\/portal\\\/wp-content\\\/uploads\\\/2023\\\/11\\\/Logo_horizontal_oscuroU-2023.png\",\"width\":263,\"height\":101,\"caption\":\"Universidad de Caldas\"},\"image\":{\"@id\":\"https:\\\/\\\/www.ucaldas.edu.co\\\/portal\\\/#\\\/schema\\\/logo\\\/image\\\/\"},\"sameAs\":[\"https:\\\/\\\/www.facebook.com\\\/udecaldas\",\"https:\\\/\\\/x.com\\\/udecaldas\",\"https:\\\/\\\/www.youtube.com\\\/universidadcaldas\",\"https:\\\/\\\/www.instagram.com\\\/udecaldas\\\/\"]},{\"@type\":\"Person\",\"@id\":\"https:\\\/\\\/www.ucaldas.edu.co\\\/portal\\\/#\\\/schema\\\/person\\\/a1b482e23449158b4bc319926c074fdf\",\"name\":\"ofiprensa\",\"image\":{\"@type\":\"ImageObject\",\"inLanguage\":\"es\",\"@id\":\"https:\\\/\\\/www.ucaldas.edu.co\\\/portal\\\/wp-content\\\/litespeed\\\/avatar\\\/09ea5085e600095a7a811142c6944527.jpg?ver=1777497608\",\"url\":\"https:\\\/\\\/www.ucaldas.edu.co\\\/portal\\\/wp-content\\\/litespeed\\\/avatar\\\/09ea5085e600095a7a811142c6944527.jpg?ver=1777497608\",\"contentUrl\":\"https:\\\/\\\/www.ucaldas.edu.co\\\/portal\\\/wp-content\\\/litespeed\\\/avatar\\\/09ea5085e600095a7a811142c6944527.jpg?ver=1777497608\",\"caption\":\"ofiprensa\"},\"url\":\"https:\\\/\\\/www.ucaldas.edu.co\\\/portal\\\/author\\\/ofiprensa\\\/\"}]}<\/script>\n<!-- \/ Yoast SEO plugin. -->","yoast_head_json":{"title":"Funcionarios de Efigas se forman con Diplomado creado entre las Universidades de Caldas y Salamanca .","robots":{"index":"index","follow":"follow","max-snippet":"max-snippet:-1","max-image-preview":"max-image-preview:large","max-video-preview":"max-video-preview:-1"},"canonical":"https:\/\/www.ucaldas.edu.co\/portal\/funcionarios-de-efigas-se-forman-con-diplomado-creado-entre-las-universidades-de-caldas-y-salamanca\/","schema":{"@context":"https:\/\/schema.org","@graph":[{"@type":"Article","@id":"https:\/\/www.ucaldas.edu.co\/portal\/funcionarios-de-efigas-se-forman-con-diplomado-creado-entre-las-universidades-de-caldas-y-salamanca\/#article","isPartOf":{"@id":"https:\/\/www.ucaldas.edu.co\/portal\/funcionarios-de-efigas-se-forman-con-diplomado-creado-entre-las-universidades-de-caldas-y-salamanca\/"},"author":{"name":"ofiprensa","@id":"https:\/\/www.ucaldas.edu.co\/portal\/#\/schema\/person\/a1b482e23449158b4bc319926c074fdf"},"headline":"Funcionarios de Efigas se forman con Diplomado creado entre las Universidades de Caldas y Salamanca","datePublished":"2023-06-22T19:25:21+00:00","mainEntityOfPage":{"@id":"https:\/\/www.ucaldas.edu.co\/portal\/funcionarios-de-efigas-se-forman-con-diplomado-creado-entre-las-universidades-de-caldas-y-salamanca\/"},"wordCount":202,"publisher":{"@id":"https:\/\/www.ucaldas.edu.co\/portal\/#organization"},"image":{"@id":"https:\/\/www.ucaldas.edu.co\/portal\/funcionarios-de-efigas-se-forman-con-diplomado-creado-entre-las-universidades-de-caldas-y-salamanca\/#primaryimage"},"thumbnailUrl":"https:\/\/www.ucaldas.edu.co\/portal\/wp-content\/uploads\/2023\/06\/PARA-BOLETINES-8.jpg","keywords":["diplomado"],"articleSection":["Actualidad","Universidad al D\u00eda"],"inLanguage":"es"},{"@type":"WebPage","@id":"https:\/\/www.ucaldas.edu.co\/portal\/funcionarios-de-efigas-se-forman-con-diplomado-creado-entre-las-universidades-de-caldas-y-salamanca\/","url":"https:\/\/www.ucaldas.edu.co\/portal\/funcionarios-de-efigas-se-forman-con-diplomado-creado-entre-las-universidades-de-caldas-y-salamanca\/","name":"Funcionarios de Efigas se forman con Diplomado creado entre las Universidades de Caldas y Salamanca .","isPartOf":{"@id":"https:\/\/www.ucaldas.edu.co\/portal\/#website"},"primaryImageOfPage":{"@id":"https:\/\/www.ucaldas.edu.co\/portal\/funcionarios-de-efigas-se-forman-con-diplomado-creado-entre-las-universidades-de-caldas-y-salamanca\/#primaryimage"},"image":{"@id":"https:\/\/www.ucaldas.edu.co\/portal\/funcionarios-de-efigas-se-forman-con-diplomado-creado-entre-las-universidades-de-caldas-y-salamanca\/#primaryimage"},"thumbnailUrl":"https:\/\/www.ucaldas.edu.co\/portal\/wp-content\/uploads\/2023\/06\/PARA-BOLETINES-8.jpg","datePublished":"2023-06-22T19:25:21+00:00","breadcrumb":{"@id":"https:\/\/www.ucaldas.edu.co\/portal\/funcionarios-de-efigas-se-forman-con-diplomado-creado-entre-las-universidades-de-caldas-y-salamanca\/#breadcrumb"},"inLanguage":"es","potentialAction":[{"@type":"ReadAction","target":["https:\/\/www.ucaldas.edu.co\/portal\/funcionarios-de-efigas-se-forman-con-diplomado-creado-entre-las-universidades-de-caldas-y-salamanca\/"]}]},{"@type":"ImageObject","inLanguage":"es","@id":"https:\/\/www.ucaldas.edu.co\/portal\/funcionarios-de-efigas-se-forman-con-diplomado-creado-entre-las-universidades-de-caldas-y-salamanca\/#primaryimage","url":"https:\/\/www.ucaldas.edu.co\/portal\/wp-content\/uploads\/2023\/06\/PARA-BOLETINES-8.jpg","contentUrl":"https:\/\/www.ucaldas.edu.co\/portal\/wp-content\/uploads\/2023\/06\/PARA-BOLETINES-8.jpg","width":900,"height":510,"caption":"diplomado"},{"@type":"BreadcrumbList","@id":"https:\/\/www.ucaldas.edu.co\/portal\/funcionarios-de-efigas-se-forman-con-diplomado-creado-entre-las-universidades-de-caldas-y-salamanca\/#breadcrumb","itemListElement":[{"@type":"ListItem","position":1,"name":"Portada","item":"https:\/\/www.ucaldas.edu.co\/portal\/"},{"@type":"ListItem","position":2,"name":"Funcionarios de Efigas se forman con Diplomado creado entre las Universidades de Caldas y Salamanca"}]},{"@type":"WebSite","@id":"https:\/\/www.ucaldas.edu.co\/portal\/#website","url":"https:\/\/www.ucaldas.edu.co\/portal\/","name":"Universidad de Caldas","description":"","publisher":{"@id":"https:\/\/www.ucaldas.edu.co\/portal\/#organization"},"alternateName":"U. de Caldas","potentialAction":[{"@type":"SearchAction","target":{"@type":"EntryPoint","urlTemplate":"https:\/\/www.ucaldas.edu.co\/portal\/?s={search_term_string}"},"query-input":{"@type":"PropertyValueSpecification","valueRequired":true,"valueName":"search_term_string"}}],"inLanguage":"es"},{"@type":"Organization","@id":"https:\/\/www.ucaldas.edu.co\/portal\/#organization","name":"Universidad de Caldas","alternateName":"U. de Caldas","url":"https:\/\/www.ucaldas.edu.co\/portal\/","logo":{"@type":"ImageObject","inLanguage":"es","@id":"https:\/\/www.ucaldas.edu.co\/portal\/#\/schema\/logo\/image\/","url":"https:\/\/www.ucaldas.edu.co\/portal\/wp-content\/uploads\/2023\/11\/Logo_horizontal_oscuroU-2023.png","contentUrl":"https:\/\/www.ucaldas.edu.co\/portal\/wp-content\/uploads\/2023\/11\/Logo_horizontal_oscuroU-2023.png","width":263,"height":101,"caption":"Universidad de Caldas"},"image":{"@id":"https:\/\/www.ucaldas.edu.co\/portal\/#\/schema\/logo\/image\/"},"sameAs":["https:\/\/www.facebook.com\/udecaldas","https:\/\/x.com\/udecaldas","https:\/\/www.youtube.com\/universidadcaldas","https:\/\/www.instagram.com\/udecaldas\/"]},{"@type":"Person","@id":"https:\/\/www.ucaldas.edu.co\/portal\/#\/schema\/person\/a1b482e23449158b4bc319926c074fdf","name":"ofiprensa","image":{"@type":"ImageObject","inLanguage":"es","@id":"https:\/\/www.ucaldas.edu.co\/portal\/wp-content\/litespeed\/avatar\/09ea5085e600095a7a811142c6944527.jpg?ver=1777497608","url":"https:\/\/www.ucaldas.edu.co\/portal\/wp-content\/litespeed\/avatar\/09ea5085e600095a7a811142c6944527.jpg?ver=1777497608","contentUrl":"https:\/\/www.ucaldas.edu.co\/portal\/wp-content\/litespeed\/avatar\/09ea5085e600095a7a811142c6944527.jpg?ver=1777497608","caption":"ofiprensa"},"url":"https:\/\/www.ucaldas.edu.co\/portal\/author\/ofiprensa\/"}]}},"_links":{"self":[{"href":"https:\/\/www.ucaldas.edu.co\/portal\/wp-json\/wp\/v2\/posts\/76389","targetHints":{"allow":["GET"]}}],"collection":[{"href":"https:\/\/www.ucaldas.edu.co\/portal\/wp-json\/wp\/v2\/posts"}],"about":[{"href":"https:\/\/www.ucaldas.edu.co\/portal\/wp-json\/wp\/v2\/types\/post"}],"author":[{"embeddable":true,"href":"https:\/\/www.ucaldas.edu.co\/portal\/wp-json\/wp\/v2\/users\/2"}],"replies":[{"embeddable":true,"href":"https:\/\/www.ucaldas.edu.co\/portal\/wp-json\/wp\/v2\/comments?post=76389"}],"version-history":[{"count":0,"href":"https:\/\/www.ucaldas.edu.co\/portal\/wp-json\/wp\/v2\/posts\/76389\/revisions"}],"wp:featuredmedia":[{"embeddable":true,"href":"https:\/\/www.ucaldas.edu.co\/portal\/wp-json\/wp\/v2\/media\/76390"}],"wp:attachment":[{"href":"https:\/\/www.ucaldas.edu.co\/portal\/wp-json\/wp\/v2\/media?parent=76389"}],"wp:term":[{"taxonomy":"category","embeddable":true,"href":"https:\/\/www.ucaldas.edu.co\/portal\/wp-json\/wp\/v2\/categories?post=76389"},{"taxonomy":"post_tag","embeddable":true,"href":"https:\/\/www.ucaldas.edu.co\/portal\/wp-json\/wp\/v2\/tags?post=76389"}],"curies":[{"name":"wp","href":"https:\/\/api.w.org\/{rel}","templated":true}]}}