{"id":76386,"date":"2023-06-22T19:23:35","date_gmt":"2023-06-22T19:23:35","guid":{"rendered":"https:\/\/www.ucaldas.edu.co\/portal\/?p=76386"},"modified":"2023-06-22T19:23:35","modified_gmt":"2023-06-22T19:23:35","slug":"participe-de-la-valoracion-y-entrenamiento-gratuito-que-la-universidad-de-caldas-realizara-a-pacientes-con-enfermedad-pulmonar-obstructiva-cronica-epoc","status":"publish","type":"post","link":"https:\/\/www.ucaldas.edu.co\/portal\/participe-de-la-valoracion-y-entrenamiento-gratuito-que-la-universidad-de-caldas-realizara-a-pacientes-con-enfermedad-pulmonar-obstructiva-cronica-epoc\/","title":{"rendered":"Participe de la valoraci\u00f3n y entrenamiento gratuito que la Universidad de Caldas realizar\u00e1 a pacientes con Enfermedad Pulmonar Obstructiva Cr\u00f3nica EPOC"},"content":{"rendered":"<p><img loading=\"lazy\" decoding=\"async\" class=\"aligncenter size-full wp-image-76387\" src=\"https:\/\/www.ucaldas.edu.co\/portal\/wp-content\/uploads\/2023\/06\/epoc.jpg\" alt=\"evaluaci\u00f3n epoc\" width=\"900\" height=\"510\" srcset=\"https:\/\/www.ucaldas.edu.co\/portal\/wp-content\/uploads\/2023\/06\/epoc.jpg 900w, https:\/\/www.ucaldas.edu.co\/portal\/wp-content\/uploads\/2023\/06\/epoc-300x170.jpg 300w, https:\/\/www.ucaldas.edu.co\/portal\/wp-content\/uploads\/2023\/06\/epoc-768x435.jpg 768w\" sizes=\"auto, (max-width: 900px) 100vw, 900px\" \/><\/p>\n<p>El Departamento de Ciencias B\u00e1sicas de la Facultad de Ciencias para la Salud de la Universidad de Caldas invita a la poblaci\u00f3n con Enfermedad Pulmonar Obstructiva Cr\u00f3nica (EPOC) a realizarse una valoraci\u00f3n gratuita de la condici\u00f3n y estado de salud de los pulmones.<!--more--><\/p>\n<p>Esta valoraci\u00f3n gratuita hace parte del proyecto \u201cEntrenamiento f\u00edsico para pacientes con Enfermedad Pulmonar Obstructiva Cr\u00f3nica (EPOC)\u201d y tiene como prop\u00f3sito ofrecer analizar la composici\u00f3n corporal y capacidad funcional de las personas que padecen la enfermedad, para as\u00ed brindar una intervenci\u00f3n de entrenamiento de fuerza y resistencia.<\/p>\n<p>Las personas que participen en este estudio recibir\u00e1n un reporte completo que les permitir\u00e1 conocer su estado de salud, c\u00f3mo est\u00e1 su funci\u00f3n muscular y su composici\u00f3n corporal. Adem\u00e1s, de recibir intervenci\u00f3n de entrenamiento f\u00edsico 3 veces por semana durante 3 meses.<\/p>\n<p>La valoraci\u00f3n y estudio no tiene fecha espec\u00edfica toda vez que se realiza seg\u00fan agendamiento y n\u00famero de cupos disponibles, para mayor informaci\u00f3n o adquirir cita en los siguientes canales de comunicaci\u00f3n:<\/p>\n<ul>\n<li>Celular y WhatsApp: 301-219-1953<\/li>\n<li>Tel\u00e9fono: 878-1500 ext. 14217<\/li>\n<li>Correo electr\u00f3nico: maria.22919131551@ucaldas.edu.co<\/li>\n<\/ul>\n","protected":false},"excerpt":{"rendered":"<p>El Departamento de Ciencias B\u00e1sicas de la Facultad de Ciencias para la Salud de la Universidad de Caldas invita a la poblaci\u00f3n con Enfermedad Pulmonar Obstructiva Cr\u00f3nica (EPOC) a realizarse una valoraci\u00f3n gratuita de la condici\u00f3n y estado de salud de los pulmones.<\/p>\n","protected":false},"author":2,"featured_media":76387,"comment_status":"closed","ping_status":"open","sticky":false,"template":"","format":"standard","meta":{"footnotes":""},"categories":[48,53],"tags":[9708],"class_list":["post-76386","post","type-post","status-publish","format-standard","has-post-thumbnail","hentry","category-actualidad","category-universidad-al-dia","tag-estudio-epoc"],"yoast_head":"<!-- This site is optimized with the Yoast SEO plugin v27.5 - https:\/\/yoast.com\/product\/yoast-seo-wordpress\/ -->\n<title>Participe de la valoraci\u00f3n y entrenamiento gratuito que la Universidad de Caldas realizar\u00e1 a pacientes con Enfermedad Pulmonar Obstructiva Cr\u00f3nica EPOC .<\/title>\n<meta name=\"robots\" content=\"index, follow, max-snippet:-1, max-image-preview:large, max-video-preview:-1\" \/>\n<link rel=\"canonical\" href=\"https:\/\/www.ucaldas.edu.co\/portal\/participe-de-la-valoracion-y-entrenamiento-gratuito-que-la-universidad-de-caldas-realizara-a-pacientes-con-enfermedad-pulmonar-obstructiva-cronica-epoc\/\" \/>\n<script type=\"application\/ld+json\" class=\"yoast-schema-graph\">{\"@context\":\"https:\\\/\\\/schema.org\",\"@graph\":[{\"@type\":\"Article\",\"@id\":\"https:\\\/\\\/www.ucaldas.edu.co\\\/portal\\\/participe-de-la-valoracion-y-entrenamiento-gratuito-que-la-universidad-de-caldas-realizara-a-pacientes-con-enfermedad-pulmonar-obstructiva-cronica-epoc\\\/#article\",\"isPartOf\":{\"@id\":\"https:\\\/\\\/www.ucaldas.edu.co\\\/portal\\\/participe-de-la-valoracion-y-entrenamiento-gratuito-que-la-universidad-de-caldas-realizara-a-pacientes-con-enfermedad-pulmonar-obstructiva-cronica-epoc\\\/\"},\"author\":{\"name\":\"ofiprensa\",\"@id\":\"https:\\\/\\\/www.ucaldas.edu.co\\\/portal\\\/#\\\/schema\\\/person\\\/a1b482e23449158b4bc319926c074fdf\"},\"headline\":\"Participe de la valoraci\u00f3n y entrenamiento gratuito que la Universidad de Caldas realizar\u00e1 a pacientes con Enfermedad Pulmonar Obstructiva Cr\u00f3nica EPOC\",\"datePublished\":\"2023-06-22T19:23:35+00:00\",\"mainEntityOfPage\":{\"@id\":\"https:\\\/\\\/www.ucaldas.edu.co\\\/portal\\\/participe-de-la-valoracion-y-entrenamiento-gratuito-que-la-universidad-de-caldas-realizara-a-pacientes-con-enfermedad-pulmonar-obstructiva-cronica-epoc\\\/\"},\"wordCount\":225,\"publisher\":{\"@id\":\"https:\\\/\\\/www.ucaldas.edu.co\\\/portal\\\/#organization\"},\"image\":{\"@id\":\"https:\\\/\\\/www.ucaldas.edu.co\\\/portal\\\/participe-de-la-valoracion-y-entrenamiento-gratuito-que-la-universidad-de-caldas-realizara-a-pacientes-con-enfermedad-pulmonar-obstructiva-cronica-epoc\\\/#primaryimage\"},\"thumbnailUrl\":\"https:\\\/\\\/www.ucaldas.edu.co\\\/portal\\\/wp-content\\\/uploads\\\/2023\\\/06\\\/epoc.jpg\",\"keywords\":[\"estudio epoc\"],\"articleSection\":[\"Actualidad\",\"Universidad al D\u00eda\"],\"inLanguage\":\"es\"},{\"@type\":\"WebPage\",\"@id\":\"https:\\\/\\\/www.ucaldas.edu.co\\\/portal\\\/participe-de-la-valoracion-y-entrenamiento-gratuito-que-la-universidad-de-caldas-realizara-a-pacientes-con-enfermedad-pulmonar-obstructiva-cronica-epoc\\\/\",\"url\":\"https:\\\/\\\/www.ucaldas.edu.co\\\/portal\\\/participe-de-la-valoracion-y-entrenamiento-gratuito-que-la-universidad-de-caldas-realizara-a-pacientes-con-enfermedad-pulmonar-obstructiva-cronica-epoc\\\/\",\"name\":\"Participe de la valoraci\u00f3n y entrenamiento gratuito que la Universidad de Caldas realizar\u00e1 a pacientes con Enfermedad Pulmonar Obstructiva Cr\u00f3nica EPOC .\",\"isPartOf\":{\"@id\":\"https:\\\/\\\/www.ucaldas.edu.co\\\/portal\\\/#website\"},\"primaryImageOfPage\":{\"@id\":\"https:\\\/\\\/www.ucaldas.edu.co\\\/portal\\\/participe-de-la-valoracion-y-entrenamiento-gratuito-que-la-universidad-de-caldas-realizara-a-pacientes-con-enfermedad-pulmonar-obstructiva-cronica-epoc\\\/#primaryimage\"},\"image\":{\"@id\":\"https:\\\/\\\/www.ucaldas.edu.co\\\/portal\\\/participe-de-la-valoracion-y-entrenamiento-gratuito-que-la-universidad-de-caldas-realizara-a-pacientes-con-enfermedad-pulmonar-obstructiva-cronica-epoc\\\/#primaryimage\"},\"thumbnailUrl\":\"https:\\\/\\\/www.ucaldas.edu.co\\\/portal\\\/wp-content\\\/uploads\\\/2023\\\/06\\\/epoc.jpg\",\"datePublished\":\"2023-06-22T19:23:35+00:00\",\"breadcrumb\":{\"@id\":\"https:\\\/\\\/www.ucaldas.edu.co\\\/portal\\\/participe-de-la-valoracion-y-entrenamiento-gratuito-que-la-universidad-de-caldas-realizara-a-pacientes-con-enfermedad-pulmonar-obstructiva-cronica-epoc\\\/#breadcrumb\"},\"inLanguage\":\"es\",\"potentialAction\":[{\"@type\":\"ReadAction\",\"target\":[\"https:\\\/\\\/www.ucaldas.edu.co\\\/portal\\\/participe-de-la-valoracion-y-entrenamiento-gratuito-que-la-universidad-de-caldas-realizara-a-pacientes-con-enfermedad-pulmonar-obstructiva-cronica-epoc\\\/\"]}]},{\"@type\":\"ImageObject\",\"inLanguage\":\"es\",\"@id\":\"https:\\\/\\\/www.ucaldas.edu.co\\\/portal\\\/participe-de-la-valoracion-y-entrenamiento-gratuito-que-la-universidad-de-caldas-realizara-a-pacientes-con-enfermedad-pulmonar-obstructiva-cronica-epoc\\\/#primaryimage\",\"url\":\"https:\\\/\\\/www.ucaldas.edu.co\\\/portal\\\/wp-content\\\/uploads\\\/2023\\\/06\\\/epoc.jpg\",\"contentUrl\":\"https:\\\/\\\/www.ucaldas.edu.co\\\/portal\\\/wp-content\\\/uploads\\\/2023\\\/06\\\/epoc.jpg\",\"width\":900,\"height\":510,\"caption\":\"evaluaci\u00f3n epoc\"},{\"@type\":\"BreadcrumbList\",\"@id\":\"https:\\\/\\\/www.ucaldas.edu.co\\\/portal\\\/participe-de-la-valoracion-y-entrenamiento-gratuito-que-la-universidad-de-caldas-realizara-a-pacientes-con-enfermedad-pulmonar-obstructiva-cronica-epoc\\\/#breadcrumb\",\"itemListElement\":[{\"@type\":\"ListItem\",\"position\":1,\"name\":\"Portada\",\"item\":\"https:\\\/\\\/www.ucaldas.edu.co\\\/portal\\\/\"},{\"@type\":\"ListItem\",\"position\":2,\"name\":\"Participe de la valoraci\u00f3n y entrenamiento gratuito que la Universidad de Caldas realizar\u00e1 a pacientes con Enfermedad Pulmonar Obstructiva Cr\u00f3nica EPOC\"}]},{\"@type\":\"WebSite\",\"@id\":\"https:\\\/\\\/www.ucaldas.edu.co\\\/portal\\\/#website\",\"url\":\"https:\\\/\\\/www.ucaldas.edu.co\\\/portal\\\/\",\"name\":\"Universidad de Caldas\",\"description\":\"\",\"publisher\":{\"@id\":\"https:\\\/\\\/www.ucaldas.edu.co\\\/portal\\\/#organization\"},\"alternateName\":\"U. de Caldas\",\"potentialAction\":[{\"@type\":\"SearchAction\",\"target\":{\"@type\":\"EntryPoint\",\"urlTemplate\":\"https:\\\/\\\/www.ucaldas.edu.co\\\/portal\\\/?s={search_term_string}\"},\"query-input\":{\"@type\":\"PropertyValueSpecification\",\"valueRequired\":true,\"valueName\":\"search_term_string\"}}],\"inLanguage\":\"es\"},{\"@type\":\"Organization\",\"@id\":\"https:\\\/\\\/www.ucaldas.edu.co\\\/portal\\\/#organization\",\"name\":\"Universidad de Caldas\",\"alternateName\":\"U. de Caldas\",\"url\":\"https:\\\/\\\/www.ucaldas.edu.co\\\/portal\\\/\",\"logo\":{\"@type\":\"ImageObject\",\"inLanguage\":\"es\",\"@id\":\"https:\\\/\\\/www.ucaldas.edu.co\\\/portal\\\/#\\\/schema\\\/logo\\\/image\\\/\",\"url\":\"https:\\\/\\\/www.ucaldas.edu.co\\\/portal\\\/wp-content\\\/uploads\\\/2023\\\/11\\\/Logo_horizontal_oscuroU-2023.png\",\"contentUrl\":\"https:\\\/\\\/www.ucaldas.edu.co\\\/portal\\\/wp-content\\\/uploads\\\/2023\\\/11\\\/Logo_horizontal_oscuroU-2023.png\",\"width\":263,\"height\":101,\"caption\":\"Universidad de Caldas\"},\"image\":{\"@id\":\"https:\\\/\\\/www.ucaldas.edu.co\\\/portal\\\/#\\\/schema\\\/logo\\\/image\\\/\"},\"sameAs\":[\"https:\\\/\\\/www.facebook.com\\\/udecaldas\",\"https:\\\/\\\/x.com\\\/udecaldas\",\"https:\\\/\\\/www.youtube.com\\\/universidadcaldas\",\"https:\\\/\\\/www.instagram.com\\\/udecaldas\\\/\"]},{\"@type\":\"Person\",\"@id\":\"https:\\\/\\\/www.ucaldas.edu.co\\\/portal\\\/#\\\/schema\\\/person\\\/a1b482e23449158b4bc319926c074fdf\",\"name\":\"ofiprensa\",\"image\":{\"@type\":\"ImageObject\",\"inLanguage\":\"es\",\"@id\":\"https:\\\/\\\/www.ucaldas.edu.co\\\/portal\\\/wp-content\\\/litespeed\\\/avatar\\\/09ea5085e600095a7a811142c6944527.jpg?ver=1777497608\",\"url\":\"https:\\\/\\\/www.ucaldas.edu.co\\\/portal\\\/wp-content\\\/litespeed\\\/avatar\\\/09ea5085e600095a7a811142c6944527.jpg?ver=1777497608\",\"contentUrl\":\"https:\\\/\\\/www.ucaldas.edu.co\\\/portal\\\/wp-content\\\/litespeed\\\/avatar\\\/09ea5085e600095a7a811142c6944527.jpg?ver=1777497608\",\"caption\":\"ofiprensa\"},\"url\":\"https:\\\/\\\/www.ucaldas.edu.co\\\/portal\\\/author\\\/ofiprensa\\\/\"}]}<\/script>\n<!-- \/ Yoast SEO plugin. -->","yoast_head_json":{"title":"Participe de la valoraci\u00f3n y entrenamiento gratuito que la Universidad de Caldas realizar\u00e1 a pacientes con Enfermedad Pulmonar Obstructiva Cr\u00f3nica EPOC .","robots":{"index":"index","follow":"follow","max-snippet":"max-snippet:-1","max-image-preview":"max-image-preview:large","max-video-preview":"max-video-preview:-1"},"canonical":"https:\/\/www.ucaldas.edu.co\/portal\/participe-de-la-valoracion-y-entrenamiento-gratuito-que-la-universidad-de-caldas-realizara-a-pacientes-con-enfermedad-pulmonar-obstructiva-cronica-epoc\/","schema":{"@context":"https:\/\/schema.org","@graph":[{"@type":"Article","@id":"https:\/\/www.ucaldas.edu.co\/portal\/participe-de-la-valoracion-y-entrenamiento-gratuito-que-la-universidad-de-caldas-realizara-a-pacientes-con-enfermedad-pulmonar-obstructiva-cronica-epoc\/#article","isPartOf":{"@id":"https:\/\/www.ucaldas.edu.co\/portal\/participe-de-la-valoracion-y-entrenamiento-gratuito-que-la-universidad-de-caldas-realizara-a-pacientes-con-enfermedad-pulmonar-obstructiva-cronica-epoc\/"},"author":{"name":"ofiprensa","@id":"https:\/\/www.ucaldas.edu.co\/portal\/#\/schema\/person\/a1b482e23449158b4bc319926c074fdf"},"headline":"Participe de la valoraci\u00f3n y entrenamiento gratuito que la Universidad de Caldas realizar\u00e1 a pacientes con Enfermedad Pulmonar Obstructiva Cr\u00f3nica EPOC","datePublished":"2023-06-22T19:23:35+00:00","mainEntityOfPage":{"@id":"https:\/\/www.ucaldas.edu.co\/portal\/participe-de-la-valoracion-y-entrenamiento-gratuito-que-la-universidad-de-caldas-realizara-a-pacientes-con-enfermedad-pulmonar-obstructiva-cronica-epoc\/"},"wordCount":225,"publisher":{"@id":"https:\/\/www.ucaldas.edu.co\/portal\/#organization"},"image":{"@id":"https:\/\/www.ucaldas.edu.co\/portal\/participe-de-la-valoracion-y-entrenamiento-gratuito-que-la-universidad-de-caldas-realizara-a-pacientes-con-enfermedad-pulmonar-obstructiva-cronica-epoc\/#primaryimage"},"thumbnailUrl":"https:\/\/www.ucaldas.edu.co\/portal\/wp-content\/uploads\/2023\/06\/epoc.jpg","keywords":["estudio epoc"],"articleSection":["Actualidad","Universidad al D\u00eda"],"inLanguage":"es"},{"@type":"WebPage","@id":"https:\/\/www.ucaldas.edu.co\/portal\/participe-de-la-valoracion-y-entrenamiento-gratuito-que-la-universidad-de-caldas-realizara-a-pacientes-con-enfermedad-pulmonar-obstructiva-cronica-epoc\/","url":"https:\/\/www.ucaldas.edu.co\/portal\/participe-de-la-valoracion-y-entrenamiento-gratuito-que-la-universidad-de-caldas-realizara-a-pacientes-con-enfermedad-pulmonar-obstructiva-cronica-epoc\/","name":"Participe de la valoraci\u00f3n y entrenamiento gratuito que la Universidad de Caldas realizar\u00e1 a pacientes con Enfermedad Pulmonar Obstructiva Cr\u00f3nica EPOC .","isPartOf":{"@id":"https:\/\/www.ucaldas.edu.co\/portal\/#website"},"primaryImageOfPage":{"@id":"https:\/\/www.ucaldas.edu.co\/portal\/participe-de-la-valoracion-y-entrenamiento-gratuito-que-la-universidad-de-caldas-realizara-a-pacientes-con-enfermedad-pulmonar-obstructiva-cronica-epoc\/#primaryimage"},"image":{"@id":"https:\/\/www.ucaldas.edu.co\/portal\/participe-de-la-valoracion-y-entrenamiento-gratuito-que-la-universidad-de-caldas-realizara-a-pacientes-con-enfermedad-pulmonar-obstructiva-cronica-epoc\/#primaryimage"},"thumbnailUrl":"https:\/\/www.ucaldas.edu.co\/portal\/wp-content\/uploads\/2023\/06\/epoc.jpg","datePublished":"2023-06-22T19:23:35+00:00","breadcrumb":{"@id":"https:\/\/www.ucaldas.edu.co\/portal\/participe-de-la-valoracion-y-entrenamiento-gratuito-que-la-universidad-de-caldas-realizara-a-pacientes-con-enfermedad-pulmonar-obstructiva-cronica-epoc\/#breadcrumb"},"inLanguage":"es","potentialAction":[{"@type":"ReadAction","target":["https:\/\/www.ucaldas.edu.co\/portal\/participe-de-la-valoracion-y-entrenamiento-gratuito-que-la-universidad-de-caldas-realizara-a-pacientes-con-enfermedad-pulmonar-obstructiva-cronica-epoc\/"]}]},{"@type":"ImageObject","inLanguage":"es","@id":"https:\/\/www.ucaldas.edu.co\/portal\/participe-de-la-valoracion-y-entrenamiento-gratuito-que-la-universidad-de-caldas-realizara-a-pacientes-con-enfermedad-pulmonar-obstructiva-cronica-epoc\/#primaryimage","url":"https:\/\/www.ucaldas.edu.co\/portal\/wp-content\/uploads\/2023\/06\/epoc.jpg","contentUrl":"https:\/\/www.ucaldas.edu.co\/portal\/wp-content\/uploads\/2023\/06\/epoc.jpg","width":900,"height":510,"caption":"evaluaci\u00f3n epoc"},{"@type":"BreadcrumbList","@id":"https:\/\/www.ucaldas.edu.co\/portal\/participe-de-la-valoracion-y-entrenamiento-gratuito-que-la-universidad-de-caldas-realizara-a-pacientes-con-enfermedad-pulmonar-obstructiva-cronica-epoc\/#breadcrumb","itemListElement":[{"@type":"ListItem","position":1,"name":"Portada","item":"https:\/\/www.ucaldas.edu.co\/portal\/"},{"@type":"ListItem","position":2,"name":"Participe de la valoraci\u00f3n y entrenamiento gratuito que la Universidad de Caldas realizar\u00e1 a pacientes con Enfermedad Pulmonar Obstructiva Cr\u00f3nica EPOC"}]},{"@type":"WebSite","@id":"https:\/\/www.ucaldas.edu.co\/portal\/#website","url":"https:\/\/www.ucaldas.edu.co\/portal\/","name":"Universidad de Caldas","description":"","publisher":{"@id":"https:\/\/www.ucaldas.edu.co\/portal\/#organization"},"alternateName":"U. de Caldas","potentialAction":[{"@type":"SearchAction","target":{"@type":"EntryPoint","urlTemplate":"https:\/\/www.ucaldas.edu.co\/portal\/?s={search_term_string}"},"query-input":{"@type":"PropertyValueSpecification","valueRequired":true,"valueName":"search_term_string"}}],"inLanguage":"es"},{"@type":"Organization","@id":"https:\/\/www.ucaldas.edu.co\/portal\/#organization","name":"Universidad de Caldas","alternateName":"U. de Caldas","url":"https:\/\/www.ucaldas.edu.co\/portal\/","logo":{"@type":"ImageObject","inLanguage":"es","@id":"https:\/\/www.ucaldas.edu.co\/portal\/#\/schema\/logo\/image\/","url":"https:\/\/www.ucaldas.edu.co\/portal\/wp-content\/uploads\/2023\/11\/Logo_horizontal_oscuroU-2023.png","contentUrl":"https:\/\/www.ucaldas.edu.co\/portal\/wp-content\/uploads\/2023\/11\/Logo_horizontal_oscuroU-2023.png","width":263,"height":101,"caption":"Universidad de Caldas"},"image":{"@id":"https:\/\/www.ucaldas.edu.co\/portal\/#\/schema\/logo\/image\/"},"sameAs":["https:\/\/www.facebook.com\/udecaldas","https:\/\/x.com\/udecaldas","https:\/\/www.youtube.com\/universidadcaldas","https:\/\/www.instagram.com\/udecaldas\/"]},{"@type":"Person","@id":"https:\/\/www.ucaldas.edu.co\/portal\/#\/schema\/person\/a1b482e23449158b4bc319926c074fdf","name":"ofiprensa","image":{"@type":"ImageObject","inLanguage":"es","@id":"https:\/\/www.ucaldas.edu.co\/portal\/wp-content\/litespeed\/avatar\/09ea5085e600095a7a811142c6944527.jpg?ver=1777497608","url":"https:\/\/www.ucaldas.edu.co\/portal\/wp-content\/litespeed\/avatar\/09ea5085e600095a7a811142c6944527.jpg?ver=1777497608","contentUrl":"https:\/\/www.ucaldas.edu.co\/portal\/wp-content\/litespeed\/avatar\/09ea5085e600095a7a811142c6944527.jpg?ver=1777497608","caption":"ofiprensa"},"url":"https:\/\/www.ucaldas.edu.co\/portal\/author\/ofiprensa\/"}]}},"_links":{"self":[{"href":"https:\/\/www.ucaldas.edu.co\/portal\/wp-json\/wp\/v2\/posts\/76386","targetHints":{"allow":["GET"]}}],"collection":[{"href":"https:\/\/www.ucaldas.edu.co\/portal\/wp-json\/wp\/v2\/posts"}],"about":[{"href":"https:\/\/www.ucaldas.edu.co\/portal\/wp-json\/wp\/v2\/types\/post"}],"author":[{"embeddable":true,"href":"https:\/\/www.ucaldas.edu.co\/portal\/wp-json\/wp\/v2\/users\/2"}],"replies":[{"embeddable":true,"href":"https:\/\/www.ucaldas.edu.co\/portal\/wp-json\/wp\/v2\/comments?post=76386"}],"version-history":[{"count":0,"href":"https:\/\/www.ucaldas.edu.co\/portal\/wp-json\/wp\/v2\/posts\/76386\/revisions"}],"wp:featuredmedia":[{"embeddable":true,"href":"https:\/\/www.ucaldas.edu.co\/portal\/wp-json\/wp\/v2\/media\/76387"}],"wp:attachment":[{"href":"https:\/\/www.ucaldas.edu.co\/portal\/wp-json\/wp\/v2\/media?parent=76386"}],"wp:term":[{"taxonomy":"category","embeddable":true,"href":"https:\/\/www.ucaldas.edu.co\/portal\/wp-json\/wp\/v2\/categories?post=76386"},{"taxonomy":"post_tag","embeddable":true,"href":"https:\/\/www.ucaldas.edu.co\/portal\/wp-json\/wp\/v2\/tags?post=76386"}],"curies":[{"name":"wp","href":"https:\/\/api.w.org\/{rel}","templated":true}]}}