{"id":76366,"date":"2023-06-20T18:55:45","date_gmt":"2023-06-20T18:55:45","guid":{"rendered":"https:\/\/www.ucaldas.edu.co\/portal\/?p=76366"},"modified":"2023-06-20T20:54:58","modified_gmt":"2023-06-20T20:54:58","slug":"telesalud-obtiene-reconocimiento-internacional-de-la-sociedad-espanola-de-epidemiologia-y-la-asociacion-portuguesa-de-epidemiologia","status":"publish","type":"post","link":"https:\/\/www.ucaldas.edu.co\/portal\/telesalud-obtiene-reconocimiento-internacional-de-la-sociedad-espanola-de-epidemiologia-y-la-asociacion-portuguesa-de-epidemiologia\/","title":{"rendered":"Telesalud obtiene reconocimiento internacional de la Sociedad Espa\u00f1ola de Epidemiolog\u00eda y la Asociaci\u00f3n Portuguesa de Epidemiolog\u00eda"},"content":{"rendered":"<p style=\"font-weight: 400;\"><img loading=\"lazy\" decoding=\"async\" class=\"aligncenter size-full wp-image-76367\" src=\"https:\/\/www.ucaldas.edu.co\/portal\/wp-content\/uploads\/2023\/06\/tele.jpg\" alt=\"\" width=\"900\" height=\"510\" srcset=\"https:\/\/www.ucaldas.edu.co\/portal\/wp-content\/uploads\/2023\/06\/tele.jpg 900w, https:\/\/www.ucaldas.edu.co\/portal\/wp-content\/uploads\/2023\/06\/tele-300x170.jpg 300w, https:\/\/www.ucaldas.edu.co\/portal\/wp-content\/uploads\/2023\/06\/tele-768x435.jpg 768w\" sizes=\"auto, (max-width: 900px) 100vw, 900px\" \/><\/p>\n<p style=\"font-weight: 400;\">Telesalud Colombia de la Universidad de Caldas sigue creciendo a nivel mundial y gracias a su valiosa labor obtiene reconocimiento internacional. Esta distinci\u00f3n se logra por el liderazgo de Telesalud en la implementaci\u00f3n de telemedicina satelital para beneficiar poblaciones en situaci\u00f3n de vulnerabilidad, problemas de salud mental,\u00a0\u00a0telenutrici\u00f3n\u00a0y el desarrollo de aplicativos m\u00f3viles para promover h\u00e1bitos de vida saludables. <!--more--><\/p>\n<p style=\"font-weight: 400;\">El reconocimiento ser\u00e1 entregado en la reuni\u00f3n anual de la Sociedad Espa\u00f1ola de Epidemiolog\u00eda y en el Congreso de Asociaci\u00f3n Portuguesa de Epidemiolog\u00eda que se llevar\u00e1 a cabo en el mes de septiembre en\u00a0 Porto, Portugal.\u00a0\u00a0Esteban Granada Aguirre, Director de Telesalud manifest\u00f3 que se sigue dejando en alto el nombre de la Universidad de Caldas a nivel internacional haciendo presencia en estos eventos y recibiendo este reconocimiento gracias a\u00a0la valiosa labor que se realiza en Colombia y el mundo.<\/p>\n<p style=\"font-weight: 400;\">Durante este viaje, el equipo de Telesalud tambi\u00e9n har\u00e1 presencia en sus sedes en Espa\u00f1a y Francia\u00a0 y llevar\u00e1 las atenciones de la Ruta de la Telemedicina para seguir beneficiando a poblaci\u00f3n migrante.<\/p>\n","protected":false},"excerpt":{"rendered":"<p>Telesalud Colombia de la Universidad de Caldas sigue creciendo a nivel mundial y gracias a su valiosa labor obtiene reconocimiento internacional. Esta distinci\u00f3n se logra por el liderazgo de Telesalud en la implementaci\u00f3n de telemedicina satelital para beneficiar poblaciones en situaci\u00f3n de vulnerabilidad, problemas de salud mental,\u00a0\u00a0telenutrici\u00f3n\u00a0y el desarrollo de aplicativos m\u00f3viles para promover h\u00e1bitos [&hellip;]<\/p>\n","protected":false},"author":2,"featured_media":76367,"comment_status":"closed","ping_status":"open","sticky":false,"template":"","format":"standard","meta":{"footnotes":""},"categories":[48,53],"tags":[],"class_list":["post-76366","post","type-post","status-publish","format-standard","has-post-thumbnail","hentry","category-actualidad","category-universidad-al-dia"],"yoast_head":"<!-- This site is optimized with the Yoast SEO plugin v27.5 - https:\/\/yoast.com\/product\/yoast-seo-wordpress\/ -->\n<title>Telesalud obtiene reconocimiento internacional de la Sociedad Espa\u00f1ola de Epidemiolog\u00eda y la Asociaci\u00f3n Portuguesa de Epidemiolog\u00eda .<\/title>\n<meta name=\"robots\" content=\"index, follow, max-snippet:-1, max-image-preview:large, max-video-preview:-1\" \/>\n<link rel=\"canonical\" href=\"https:\/\/www.ucaldas.edu.co\/portal\/telesalud-obtiene-reconocimiento-internacional-de-la-sociedad-espanola-de-epidemiologia-y-la-asociacion-portuguesa-de-epidemiologia\/\" \/>\n<script type=\"application\/ld+json\" class=\"yoast-schema-graph\">{\"@context\":\"https:\\\/\\\/schema.org\",\"@graph\":[{\"@type\":\"Article\",\"@id\":\"https:\\\/\\\/www.ucaldas.edu.co\\\/portal\\\/telesalud-obtiene-reconocimiento-internacional-de-la-sociedad-espanola-de-epidemiologia-y-la-asociacion-portuguesa-de-epidemiologia\\\/#article\",\"isPartOf\":{\"@id\":\"https:\\\/\\\/www.ucaldas.edu.co\\\/portal\\\/telesalud-obtiene-reconocimiento-internacional-de-la-sociedad-espanola-de-epidemiologia-y-la-asociacion-portuguesa-de-epidemiologia\\\/\"},\"author\":{\"name\":\"ofiprensa\",\"@id\":\"https:\\\/\\\/www.ucaldas.edu.co\\\/portal\\\/#\\\/schema\\\/person\\\/a1b482e23449158b4bc319926c074fdf\"},\"headline\":\"Telesalud obtiene reconocimiento internacional de la Sociedad Espa\u00f1ola de Epidemiolog\u00eda y la Asociaci\u00f3n Portuguesa de Epidemiolog\u00eda\",\"datePublished\":\"2023-06-20T18:55:45+00:00\",\"dateModified\":\"2023-06-20T20:54:58+00:00\",\"mainEntityOfPage\":{\"@id\":\"https:\\\/\\\/www.ucaldas.edu.co\\\/portal\\\/telesalud-obtiene-reconocimiento-internacional-de-la-sociedad-espanola-de-epidemiologia-y-la-asociacion-portuguesa-de-epidemiologia\\\/\"},\"wordCount\":208,\"publisher\":{\"@id\":\"https:\\\/\\\/www.ucaldas.edu.co\\\/portal\\\/#organization\"},\"image\":{\"@id\":\"https:\\\/\\\/www.ucaldas.edu.co\\\/portal\\\/telesalud-obtiene-reconocimiento-internacional-de-la-sociedad-espanola-de-epidemiologia-y-la-asociacion-portuguesa-de-epidemiologia\\\/#primaryimage\"},\"thumbnailUrl\":\"https:\\\/\\\/www.ucaldas.edu.co\\\/portal\\\/wp-content\\\/uploads\\\/2023\\\/06\\\/tele.jpg\",\"articleSection\":[\"Actualidad\",\"Universidad al D\u00eda\"],\"inLanguage\":\"es\"},{\"@type\":\"WebPage\",\"@id\":\"https:\\\/\\\/www.ucaldas.edu.co\\\/portal\\\/telesalud-obtiene-reconocimiento-internacional-de-la-sociedad-espanola-de-epidemiologia-y-la-asociacion-portuguesa-de-epidemiologia\\\/\",\"url\":\"https:\\\/\\\/www.ucaldas.edu.co\\\/portal\\\/telesalud-obtiene-reconocimiento-internacional-de-la-sociedad-espanola-de-epidemiologia-y-la-asociacion-portuguesa-de-epidemiologia\\\/\",\"name\":\"Telesalud obtiene reconocimiento internacional de la Sociedad Espa\u00f1ola de Epidemiolog\u00eda y la Asociaci\u00f3n Portuguesa de Epidemiolog\u00eda .\",\"isPartOf\":{\"@id\":\"https:\\\/\\\/www.ucaldas.edu.co\\\/portal\\\/#website\"},\"primaryImageOfPage\":{\"@id\":\"https:\\\/\\\/www.ucaldas.edu.co\\\/portal\\\/telesalud-obtiene-reconocimiento-internacional-de-la-sociedad-espanola-de-epidemiologia-y-la-asociacion-portuguesa-de-epidemiologia\\\/#primaryimage\"},\"image\":{\"@id\":\"https:\\\/\\\/www.ucaldas.edu.co\\\/portal\\\/telesalud-obtiene-reconocimiento-internacional-de-la-sociedad-espanola-de-epidemiologia-y-la-asociacion-portuguesa-de-epidemiologia\\\/#primaryimage\"},\"thumbnailUrl\":\"https:\\\/\\\/www.ucaldas.edu.co\\\/portal\\\/wp-content\\\/uploads\\\/2023\\\/06\\\/tele.jpg\",\"datePublished\":\"2023-06-20T18:55:45+00:00\",\"dateModified\":\"2023-06-20T20:54:58+00:00\",\"breadcrumb\":{\"@id\":\"https:\\\/\\\/www.ucaldas.edu.co\\\/portal\\\/telesalud-obtiene-reconocimiento-internacional-de-la-sociedad-espanola-de-epidemiologia-y-la-asociacion-portuguesa-de-epidemiologia\\\/#breadcrumb\"},\"inLanguage\":\"es\",\"potentialAction\":[{\"@type\":\"ReadAction\",\"target\":[\"https:\\\/\\\/www.ucaldas.edu.co\\\/portal\\\/telesalud-obtiene-reconocimiento-internacional-de-la-sociedad-espanola-de-epidemiologia-y-la-asociacion-portuguesa-de-epidemiologia\\\/\"]}]},{\"@type\":\"ImageObject\",\"inLanguage\":\"es\",\"@id\":\"https:\\\/\\\/www.ucaldas.edu.co\\\/portal\\\/telesalud-obtiene-reconocimiento-internacional-de-la-sociedad-espanola-de-epidemiologia-y-la-asociacion-portuguesa-de-epidemiologia\\\/#primaryimage\",\"url\":\"https:\\\/\\\/www.ucaldas.edu.co\\\/portal\\\/wp-content\\\/uploads\\\/2023\\\/06\\\/tele.jpg\",\"contentUrl\":\"https:\\\/\\\/www.ucaldas.edu.co\\\/portal\\\/wp-content\\\/uploads\\\/2023\\\/06\\\/tele.jpg\",\"width\":900,\"height\":510},{\"@type\":\"BreadcrumbList\",\"@id\":\"https:\\\/\\\/www.ucaldas.edu.co\\\/portal\\\/telesalud-obtiene-reconocimiento-internacional-de-la-sociedad-espanola-de-epidemiologia-y-la-asociacion-portuguesa-de-epidemiologia\\\/#breadcrumb\",\"itemListElement\":[{\"@type\":\"ListItem\",\"position\":1,\"name\":\"Portada\",\"item\":\"https:\\\/\\\/www.ucaldas.edu.co\\\/portal\\\/\"},{\"@type\":\"ListItem\",\"position\":2,\"name\":\"Telesalud obtiene reconocimiento internacional de la Sociedad Espa\u00f1ola de Epidemiolog\u00eda y la Asociaci\u00f3n Portuguesa de Epidemiolog\u00eda\"}]},{\"@type\":\"WebSite\",\"@id\":\"https:\\\/\\\/www.ucaldas.edu.co\\\/portal\\\/#website\",\"url\":\"https:\\\/\\\/www.ucaldas.edu.co\\\/portal\\\/\",\"name\":\"Universidad de Caldas\",\"description\":\"\",\"publisher\":{\"@id\":\"https:\\\/\\\/www.ucaldas.edu.co\\\/portal\\\/#organization\"},\"alternateName\":\"U. de Caldas\",\"potentialAction\":[{\"@type\":\"SearchAction\",\"target\":{\"@type\":\"EntryPoint\",\"urlTemplate\":\"https:\\\/\\\/www.ucaldas.edu.co\\\/portal\\\/?s={search_term_string}\"},\"query-input\":{\"@type\":\"PropertyValueSpecification\",\"valueRequired\":true,\"valueName\":\"search_term_string\"}}],\"inLanguage\":\"es\"},{\"@type\":\"Organization\",\"@id\":\"https:\\\/\\\/www.ucaldas.edu.co\\\/portal\\\/#organization\",\"name\":\"Universidad de Caldas\",\"alternateName\":\"U. de Caldas\",\"url\":\"https:\\\/\\\/www.ucaldas.edu.co\\\/portal\\\/\",\"logo\":{\"@type\":\"ImageObject\",\"inLanguage\":\"es\",\"@id\":\"https:\\\/\\\/www.ucaldas.edu.co\\\/portal\\\/#\\\/schema\\\/logo\\\/image\\\/\",\"url\":\"https:\\\/\\\/www.ucaldas.edu.co\\\/portal\\\/wp-content\\\/uploads\\\/2023\\\/11\\\/Logo_horizontal_oscuroU-2023.png\",\"contentUrl\":\"https:\\\/\\\/www.ucaldas.edu.co\\\/portal\\\/wp-content\\\/uploads\\\/2023\\\/11\\\/Logo_horizontal_oscuroU-2023.png\",\"width\":263,\"height\":101,\"caption\":\"Universidad de Caldas\"},\"image\":{\"@id\":\"https:\\\/\\\/www.ucaldas.edu.co\\\/portal\\\/#\\\/schema\\\/logo\\\/image\\\/\"},\"sameAs\":[\"https:\\\/\\\/www.facebook.com\\\/udecaldas\",\"https:\\\/\\\/x.com\\\/udecaldas\",\"https:\\\/\\\/www.youtube.com\\\/universidadcaldas\",\"https:\\\/\\\/www.instagram.com\\\/udecaldas\\\/\"]},{\"@type\":\"Person\",\"@id\":\"https:\\\/\\\/www.ucaldas.edu.co\\\/portal\\\/#\\\/schema\\\/person\\\/a1b482e23449158b4bc319926c074fdf\",\"name\":\"ofiprensa\",\"image\":{\"@type\":\"ImageObject\",\"inLanguage\":\"es\",\"@id\":\"https:\\\/\\\/www.ucaldas.edu.co\\\/portal\\\/wp-content\\\/litespeed\\\/avatar\\\/09ea5085e600095a7a811142c6944527.jpg?ver=1777497608\",\"url\":\"https:\\\/\\\/www.ucaldas.edu.co\\\/portal\\\/wp-content\\\/litespeed\\\/avatar\\\/09ea5085e600095a7a811142c6944527.jpg?ver=1777497608\",\"contentUrl\":\"https:\\\/\\\/www.ucaldas.edu.co\\\/portal\\\/wp-content\\\/litespeed\\\/avatar\\\/09ea5085e600095a7a811142c6944527.jpg?ver=1777497608\",\"caption\":\"ofiprensa\"},\"url\":\"https:\\\/\\\/www.ucaldas.edu.co\\\/portal\\\/author\\\/ofiprensa\\\/\"}]}<\/script>\n<!-- \/ Yoast SEO plugin. -->","yoast_head_json":{"title":"Telesalud obtiene reconocimiento internacional de la Sociedad Espa\u00f1ola de Epidemiolog\u00eda y la Asociaci\u00f3n Portuguesa de Epidemiolog\u00eda .","robots":{"index":"index","follow":"follow","max-snippet":"max-snippet:-1","max-image-preview":"max-image-preview:large","max-video-preview":"max-video-preview:-1"},"canonical":"https:\/\/www.ucaldas.edu.co\/portal\/telesalud-obtiene-reconocimiento-internacional-de-la-sociedad-espanola-de-epidemiologia-y-la-asociacion-portuguesa-de-epidemiologia\/","schema":{"@context":"https:\/\/schema.org","@graph":[{"@type":"Article","@id":"https:\/\/www.ucaldas.edu.co\/portal\/telesalud-obtiene-reconocimiento-internacional-de-la-sociedad-espanola-de-epidemiologia-y-la-asociacion-portuguesa-de-epidemiologia\/#article","isPartOf":{"@id":"https:\/\/www.ucaldas.edu.co\/portal\/telesalud-obtiene-reconocimiento-internacional-de-la-sociedad-espanola-de-epidemiologia-y-la-asociacion-portuguesa-de-epidemiologia\/"},"author":{"name":"ofiprensa","@id":"https:\/\/www.ucaldas.edu.co\/portal\/#\/schema\/person\/a1b482e23449158b4bc319926c074fdf"},"headline":"Telesalud obtiene reconocimiento internacional de la Sociedad Espa\u00f1ola de Epidemiolog\u00eda y la Asociaci\u00f3n Portuguesa de Epidemiolog\u00eda","datePublished":"2023-06-20T18:55:45+00:00","dateModified":"2023-06-20T20:54:58+00:00","mainEntityOfPage":{"@id":"https:\/\/www.ucaldas.edu.co\/portal\/telesalud-obtiene-reconocimiento-internacional-de-la-sociedad-espanola-de-epidemiologia-y-la-asociacion-portuguesa-de-epidemiologia\/"},"wordCount":208,"publisher":{"@id":"https:\/\/www.ucaldas.edu.co\/portal\/#organization"},"image":{"@id":"https:\/\/www.ucaldas.edu.co\/portal\/telesalud-obtiene-reconocimiento-internacional-de-la-sociedad-espanola-de-epidemiologia-y-la-asociacion-portuguesa-de-epidemiologia\/#primaryimage"},"thumbnailUrl":"https:\/\/www.ucaldas.edu.co\/portal\/wp-content\/uploads\/2023\/06\/tele.jpg","articleSection":["Actualidad","Universidad al D\u00eda"],"inLanguage":"es"},{"@type":"WebPage","@id":"https:\/\/www.ucaldas.edu.co\/portal\/telesalud-obtiene-reconocimiento-internacional-de-la-sociedad-espanola-de-epidemiologia-y-la-asociacion-portuguesa-de-epidemiologia\/","url":"https:\/\/www.ucaldas.edu.co\/portal\/telesalud-obtiene-reconocimiento-internacional-de-la-sociedad-espanola-de-epidemiologia-y-la-asociacion-portuguesa-de-epidemiologia\/","name":"Telesalud obtiene reconocimiento internacional de la Sociedad Espa\u00f1ola de Epidemiolog\u00eda y la Asociaci\u00f3n Portuguesa de Epidemiolog\u00eda .","isPartOf":{"@id":"https:\/\/www.ucaldas.edu.co\/portal\/#website"},"primaryImageOfPage":{"@id":"https:\/\/www.ucaldas.edu.co\/portal\/telesalud-obtiene-reconocimiento-internacional-de-la-sociedad-espanola-de-epidemiologia-y-la-asociacion-portuguesa-de-epidemiologia\/#primaryimage"},"image":{"@id":"https:\/\/www.ucaldas.edu.co\/portal\/telesalud-obtiene-reconocimiento-internacional-de-la-sociedad-espanola-de-epidemiologia-y-la-asociacion-portuguesa-de-epidemiologia\/#primaryimage"},"thumbnailUrl":"https:\/\/www.ucaldas.edu.co\/portal\/wp-content\/uploads\/2023\/06\/tele.jpg","datePublished":"2023-06-20T18:55:45+00:00","dateModified":"2023-06-20T20:54:58+00:00","breadcrumb":{"@id":"https:\/\/www.ucaldas.edu.co\/portal\/telesalud-obtiene-reconocimiento-internacional-de-la-sociedad-espanola-de-epidemiologia-y-la-asociacion-portuguesa-de-epidemiologia\/#breadcrumb"},"inLanguage":"es","potentialAction":[{"@type":"ReadAction","target":["https:\/\/www.ucaldas.edu.co\/portal\/telesalud-obtiene-reconocimiento-internacional-de-la-sociedad-espanola-de-epidemiologia-y-la-asociacion-portuguesa-de-epidemiologia\/"]}]},{"@type":"ImageObject","inLanguage":"es","@id":"https:\/\/www.ucaldas.edu.co\/portal\/telesalud-obtiene-reconocimiento-internacional-de-la-sociedad-espanola-de-epidemiologia-y-la-asociacion-portuguesa-de-epidemiologia\/#primaryimage","url":"https:\/\/www.ucaldas.edu.co\/portal\/wp-content\/uploads\/2023\/06\/tele.jpg","contentUrl":"https:\/\/www.ucaldas.edu.co\/portal\/wp-content\/uploads\/2023\/06\/tele.jpg","width":900,"height":510},{"@type":"BreadcrumbList","@id":"https:\/\/www.ucaldas.edu.co\/portal\/telesalud-obtiene-reconocimiento-internacional-de-la-sociedad-espanola-de-epidemiologia-y-la-asociacion-portuguesa-de-epidemiologia\/#breadcrumb","itemListElement":[{"@type":"ListItem","position":1,"name":"Portada","item":"https:\/\/www.ucaldas.edu.co\/portal\/"},{"@type":"ListItem","position":2,"name":"Telesalud obtiene reconocimiento internacional de la Sociedad Espa\u00f1ola de Epidemiolog\u00eda y la Asociaci\u00f3n Portuguesa de Epidemiolog\u00eda"}]},{"@type":"WebSite","@id":"https:\/\/www.ucaldas.edu.co\/portal\/#website","url":"https:\/\/www.ucaldas.edu.co\/portal\/","name":"Universidad de Caldas","description":"","publisher":{"@id":"https:\/\/www.ucaldas.edu.co\/portal\/#organization"},"alternateName":"U. de Caldas","potentialAction":[{"@type":"SearchAction","target":{"@type":"EntryPoint","urlTemplate":"https:\/\/www.ucaldas.edu.co\/portal\/?s={search_term_string}"},"query-input":{"@type":"PropertyValueSpecification","valueRequired":true,"valueName":"search_term_string"}}],"inLanguage":"es"},{"@type":"Organization","@id":"https:\/\/www.ucaldas.edu.co\/portal\/#organization","name":"Universidad de Caldas","alternateName":"U. de Caldas","url":"https:\/\/www.ucaldas.edu.co\/portal\/","logo":{"@type":"ImageObject","inLanguage":"es","@id":"https:\/\/www.ucaldas.edu.co\/portal\/#\/schema\/logo\/image\/","url":"https:\/\/www.ucaldas.edu.co\/portal\/wp-content\/uploads\/2023\/11\/Logo_horizontal_oscuroU-2023.png","contentUrl":"https:\/\/www.ucaldas.edu.co\/portal\/wp-content\/uploads\/2023\/11\/Logo_horizontal_oscuroU-2023.png","width":263,"height":101,"caption":"Universidad de Caldas"},"image":{"@id":"https:\/\/www.ucaldas.edu.co\/portal\/#\/schema\/logo\/image\/"},"sameAs":["https:\/\/www.facebook.com\/udecaldas","https:\/\/x.com\/udecaldas","https:\/\/www.youtube.com\/universidadcaldas","https:\/\/www.instagram.com\/udecaldas\/"]},{"@type":"Person","@id":"https:\/\/www.ucaldas.edu.co\/portal\/#\/schema\/person\/a1b482e23449158b4bc319926c074fdf","name":"ofiprensa","image":{"@type":"ImageObject","inLanguage":"es","@id":"https:\/\/www.ucaldas.edu.co\/portal\/wp-content\/litespeed\/avatar\/09ea5085e600095a7a811142c6944527.jpg?ver=1777497608","url":"https:\/\/www.ucaldas.edu.co\/portal\/wp-content\/litespeed\/avatar\/09ea5085e600095a7a811142c6944527.jpg?ver=1777497608","contentUrl":"https:\/\/www.ucaldas.edu.co\/portal\/wp-content\/litespeed\/avatar\/09ea5085e600095a7a811142c6944527.jpg?ver=1777497608","caption":"ofiprensa"},"url":"https:\/\/www.ucaldas.edu.co\/portal\/author\/ofiprensa\/"}]}},"_links":{"self":[{"href":"https:\/\/www.ucaldas.edu.co\/portal\/wp-json\/wp\/v2\/posts\/76366","targetHints":{"allow":["GET"]}}],"collection":[{"href":"https:\/\/www.ucaldas.edu.co\/portal\/wp-json\/wp\/v2\/posts"}],"about":[{"href":"https:\/\/www.ucaldas.edu.co\/portal\/wp-json\/wp\/v2\/types\/post"}],"author":[{"embeddable":true,"href":"https:\/\/www.ucaldas.edu.co\/portal\/wp-json\/wp\/v2\/users\/2"}],"replies":[{"embeddable":true,"href":"https:\/\/www.ucaldas.edu.co\/portal\/wp-json\/wp\/v2\/comments?post=76366"}],"version-history":[{"count":0,"href":"https:\/\/www.ucaldas.edu.co\/portal\/wp-json\/wp\/v2\/posts\/76366\/revisions"}],"wp:featuredmedia":[{"embeddable":true,"href":"https:\/\/www.ucaldas.edu.co\/portal\/wp-json\/wp\/v2\/media\/76367"}],"wp:attachment":[{"href":"https:\/\/www.ucaldas.edu.co\/portal\/wp-json\/wp\/v2\/media?parent=76366"}],"wp:term":[{"taxonomy":"category","embeddable":true,"href":"https:\/\/www.ucaldas.edu.co\/portal\/wp-json\/wp\/v2\/categories?post=76366"},{"taxonomy":"post_tag","embeddable":true,"href":"https:\/\/www.ucaldas.edu.co\/portal\/wp-json\/wp\/v2\/tags?post=76366"}],"curies":[{"name":"wp","href":"https:\/\/api.w.org\/{rel}","templated":true}]}}