{"id":76359,"date":"2023-06-20T18:58:13","date_gmt":"2023-06-20T18:58:13","guid":{"rendered":"https:\/\/www.ucaldas.edu.co\/portal\/?p=76359"},"modified":"2023-06-20T18:58:13","modified_gmt":"2023-06-20T18:58:13","slug":"esta-semana-inicia-el-congreso-internacional-sobre-ciudades-y-territorios-inteligentes","status":"publish","type":"post","link":"https:\/\/www.ucaldas.edu.co\/portal\/esta-semana-inicia-el-congreso-internacional-sobre-ciudades-y-territorios-inteligentes\/","title":{"rendered":"Esta semana inicia el Congreso Internacional sobre ciudades y territorios inteligentes"},"content":{"rendered":"<p><img loading=\"lazy\" decoding=\"async\" class=\"aligncenter size-full wp-image-76360\" src=\"https:\/\/www.ucaldas.edu.co\/portal\/wp-content\/uploads\/2023\/06\/smart.jpg\" alt=\"ssct2023\" width=\"900\" height=\"510\" srcset=\"https:\/\/www.ucaldas.edu.co\/portal\/wp-content\/uploads\/2023\/06\/smart.jpg 900w, https:\/\/www.ucaldas.edu.co\/portal\/wp-content\/uploads\/2023\/06\/smart-300x170.jpg 300w, https:\/\/www.ucaldas.edu.co\/portal\/wp-content\/uploads\/2023\/06\/smart-768x435.jpg 768w\" sizes=\"auto, (max-width: 900px) 100vw, 900px\" \/><\/p>\n<p>La Universidad de Caldas y la Universidad de Salamanca organizan la Conferencia Internacional sobre Ciudades y Territorios Inteligentes Sostenibles, SSCt2023, la cual inicia a partir de ma\u00f1ana mi\u00e9rcoles 21 de junio y culmina el viernes 23.<!--more--><\/p>\n<p>Aunque las conferencias y encuentros acad\u00e9micos comienzan este mi\u00e9rcoles, el d\u00eda central ser\u00e1 el Jueves en Termales el Oto\u00f1o, con la presencia de autoridades de la Universidad de Caldas, Alcald\u00eda de Manizales, Universidad de Salamanca, Gobernaci\u00f3n de Caldas y por parte del Gobierno Nacional la Directora de Gobierno Digital de MinTic.<\/p>\n<p>SSCt2023 es un espacio que re\u00fane a investigadores y desarrolladores del mundo acad\u00e9mico y de la industria para presentar y debatir los \u00faltimos avances cient\u00edficos y t\u00e9cnicos en los campos de las Ciudades y Territorios Inteligentes, con el fin de promover un entorno de debate sobre c\u00f3mo las t\u00e9cnicas, m\u00e9todos y herramientas ayudan a los dise\u00f1adores de sistemas a llevar a cabo la transici\u00f3n de las ciudades actuales hacia las que necesitamos en un mundo cambiante.<\/p>\n<p>Se contar\u00e1 con invitados internacionales de amplio reconocimiento, ponencias a cargo de expertos, presentaciones de trabajos de investigaci\u00f3n y un foro industrial con profesionales de primera l\u00ednea y pioneros de la industria que compartir\u00e1n sus conocimientos, casos de \u00e9xito y estrategias.<\/p>\n<p>El evento tiene como patrocinadores a la Gobernaci\u00f3n de Caldas, People Contact, Alcald\u00eda de Manizales, Universidad Nacional de Colombia, Universidad Aut\u00f3noma de Manizales, Universidad de Manizales, Visit Manizales, C\u00e1mara de Comercio de Manizales y BIOS.<\/p>\n<p>La edici\u00f3n pasada se realiz\u00f3 en Doha, Catar y para este a\u00f1o algunos de los\u00a0temas de inter\u00e9s\u00a0que se tratar\u00e1n en el evento son:<\/p>\n<ul>\n<li>Casos de \u00e9xito y retos de las ciudades y territorios inteligentes.<\/li>\n<li>Hogares y edificios inteligentes.<\/li>\n<li>Infraestructuras inteligentes (redes, 5G, agua y residuo).<\/li>\n<li>Movilidad urbana y sistemas de transporte inteligentes.<\/li>\n<li>Viajes y turismo inteligente.<\/li>\n<li>Gesti\u00f3n inteligente de la salud y emergencias (control de epidemias).<\/li>\n<li>Interacciones humanos-m\u00e1quinas.<\/li>\n<li>Seguridad de datos y\u00a0blockchain.<\/li>\n<li>Pol\u00edtica energ\u00e9tica y clim\u00e1tica.<\/li>\n<\/ul>\n<p>&nbsp;<\/p>\n","protected":false},"excerpt":{"rendered":"<p>La Universidad de Caldas y la Universidad de Salamanca organizan la Conferencia Internacional sobre Ciudades y Territorios Inteligentes Sostenibles, SSCt2023, la cual inicia a partir de ma\u00f1ana mi\u00e9rcoles 21 de junio y culmina el viernes 23.<\/p>\n","protected":false},"author":2,"featured_media":76360,"comment_status":"closed","ping_status":"open","sticky":false,"template":"","format":"standard","meta":{"footnotes":""},"categories":[48,53,614],"tags":[9707],"class_list":["post-76359","post","type-post","status-publish","format-standard","has-post-thumbnail","hentry","category-actualidad","category-universidad-al-dia","category-ucaldas-internacional","tag-ssct2023"],"yoast_head":"<!-- This site is optimized with the Yoast SEO plugin v27.5 - https:\/\/yoast.com\/product\/yoast-seo-wordpress\/ -->\n<title>Esta semana inicia el Congreso Internacional sobre ciudades y territorios inteligentes .<\/title>\n<meta name=\"robots\" content=\"index, follow, max-snippet:-1, max-image-preview:large, max-video-preview:-1\" \/>\n<link rel=\"canonical\" href=\"https:\/\/www.ucaldas.edu.co\/portal\/esta-semana-inicia-el-congreso-internacional-sobre-ciudades-y-territorios-inteligentes\/\" \/>\n<script type=\"application\/ld+json\" class=\"yoast-schema-graph\">{\"@context\":\"https:\\\/\\\/schema.org\",\"@graph\":[{\"@type\":\"Article\",\"@id\":\"https:\\\/\\\/www.ucaldas.edu.co\\\/portal\\\/esta-semana-inicia-el-congreso-internacional-sobre-ciudades-y-territorios-inteligentes\\\/#article\",\"isPartOf\":{\"@id\":\"https:\\\/\\\/www.ucaldas.edu.co\\\/portal\\\/esta-semana-inicia-el-congreso-internacional-sobre-ciudades-y-territorios-inteligentes\\\/\"},\"author\":{\"name\":\"ofiprensa\",\"@id\":\"https:\\\/\\\/www.ucaldas.edu.co\\\/portal\\\/#\\\/schema\\\/person\\\/a1b482e23449158b4bc319926c074fdf\"},\"headline\":\"Esta semana inicia el Congreso Internacional sobre ciudades y territorios inteligentes\",\"datePublished\":\"2023-06-20T18:58:13+00:00\",\"mainEntityOfPage\":{\"@id\":\"https:\\\/\\\/www.ucaldas.edu.co\\\/portal\\\/esta-semana-inicia-el-congreso-internacional-sobre-ciudades-y-territorios-inteligentes\\\/\"},\"wordCount\":361,\"publisher\":{\"@id\":\"https:\\\/\\\/www.ucaldas.edu.co\\\/portal\\\/#organization\"},\"image\":{\"@id\":\"https:\\\/\\\/www.ucaldas.edu.co\\\/portal\\\/esta-semana-inicia-el-congreso-internacional-sobre-ciudades-y-territorios-inteligentes\\\/#primaryimage\"},\"thumbnailUrl\":\"https:\\\/\\\/www.ucaldas.edu.co\\\/portal\\\/wp-content\\\/uploads\\\/2023\\\/06\\\/smart.jpg\",\"keywords\":[\"ssct2023\"],\"articleSection\":[\"Actualidad\",\"Universidad al D\u00eda\",\"Ucaldas Internacional\"],\"inLanguage\":\"es\"},{\"@type\":\"WebPage\",\"@id\":\"https:\\\/\\\/www.ucaldas.edu.co\\\/portal\\\/esta-semana-inicia-el-congreso-internacional-sobre-ciudades-y-territorios-inteligentes\\\/\",\"url\":\"https:\\\/\\\/www.ucaldas.edu.co\\\/portal\\\/esta-semana-inicia-el-congreso-internacional-sobre-ciudades-y-territorios-inteligentes\\\/\",\"name\":\"Esta semana inicia el Congreso Internacional sobre ciudades y territorios inteligentes .\",\"isPartOf\":{\"@id\":\"https:\\\/\\\/www.ucaldas.edu.co\\\/portal\\\/#website\"},\"primaryImageOfPage\":{\"@id\":\"https:\\\/\\\/www.ucaldas.edu.co\\\/portal\\\/esta-semana-inicia-el-congreso-internacional-sobre-ciudades-y-territorios-inteligentes\\\/#primaryimage\"},\"image\":{\"@id\":\"https:\\\/\\\/www.ucaldas.edu.co\\\/portal\\\/esta-semana-inicia-el-congreso-internacional-sobre-ciudades-y-territorios-inteligentes\\\/#primaryimage\"},\"thumbnailUrl\":\"https:\\\/\\\/www.ucaldas.edu.co\\\/portal\\\/wp-content\\\/uploads\\\/2023\\\/06\\\/smart.jpg\",\"datePublished\":\"2023-06-20T18:58:13+00:00\",\"breadcrumb\":{\"@id\":\"https:\\\/\\\/www.ucaldas.edu.co\\\/portal\\\/esta-semana-inicia-el-congreso-internacional-sobre-ciudades-y-territorios-inteligentes\\\/#breadcrumb\"},\"inLanguage\":\"es\",\"potentialAction\":[{\"@type\":\"ReadAction\",\"target\":[\"https:\\\/\\\/www.ucaldas.edu.co\\\/portal\\\/esta-semana-inicia-el-congreso-internacional-sobre-ciudades-y-territorios-inteligentes\\\/\"]}]},{\"@type\":\"ImageObject\",\"inLanguage\":\"es\",\"@id\":\"https:\\\/\\\/www.ucaldas.edu.co\\\/portal\\\/esta-semana-inicia-el-congreso-internacional-sobre-ciudades-y-territorios-inteligentes\\\/#primaryimage\",\"url\":\"https:\\\/\\\/www.ucaldas.edu.co\\\/portal\\\/wp-content\\\/uploads\\\/2023\\\/06\\\/smart.jpg\",\"contentUrl\":\"https:\\\/\\\/www.ucaldas.edu.co\\\/portal\\\/wp-content\\\/uploads\\\/2023\\\/06\\\/smart.jpg\",\"width\":900,\"height\":510,\"caption\":\"ssct2023\"},{\"@type\":\"BreadcrumbList\",\"@id\":\"https:\\\/\\\/www.ucaldas.edu.co\\\/portal\\\/esta-semana-inicia-el-congreso-internacional-sobre-ciudades-y-territorios-inteligentes\\\/#breadcrumb\",\"itemListElement\":[{\"@type\":\"ListItem\",\"position\":1,\"name\":\"Portada\",\"item\":\"https:\\\/\\\/www.ucaldas.edu.co\\\/portal\\\/\"},{\"@type\":\"ListItem\",\"position\":2,\"name\":\"Esta semana inicia el Congreso Internacional sobre ciudades y territorios inteligentes\"}]},{\"@type\":\"WebSite\",\"@id\":\"https:\\\/\\\/www.ucaldas.edu.co\\\/portal\\\/#website\",\"url\":\"https:\\\/\\\/www.ucaldas.edu.co\\\/portal\\\/\",\"name\":\"Universidad de Caldas\",\"description\":\"\",\"publisher\":{\"@id\":\"https:\\\/\\\/www.ucaldas.edu.co\\\/portal\\\/#organization\"},\"alternateName\":\"U. de Caldas\",\"potentialAction\":[{\"@type\":\"SearchAction\",\"target\":{\"@type\":\"EntryPoint\",\"urlTemplate\":\"https:\\\/\\\/www.ucaldas.edu.co\\\/portal\\\/?s={search_term_string}\"},\"query-input\":{\"@type\":\"PropertyValueSpecification\",\"valueRequired\":true,\"valueName\":\"search_term_string\"}}],\"inLanguage\":\"es\"},{\"@type\":\"Organization\",\"@id\":\"https:\\\/\\\/www.ucaldas.edu.co\\\/portal\\\/#organization\",\"name\":\"Universidad de Caldas\",\"alternateName\":\"U. de Caldas\",\"url\":\"https:\\\/\\\/www.ucaldas.edu.co\\\/portal\\\/\",\"logo\":{\"@type\":\"ImageObject\",\"inLanguage\":\"es\",\"@id\":\"https:\\\/\\\/www.ucaldas.edu.co\\\/portal\\\/#\\\/schema\\\/logo\\\/image\\\/\",\"url\":\"https:\\\/\\\/www.ucaldas.edu.co\\\/portal\\\/wp-content\\\/uploads\\\/2023\\\/11\\\/Logo_horizontal_oscuroU-2023.png\",\"contentUrl\":\"https:\\\/\\\/www.ucaldas.edu.co\\\/portal\\\/wp-content\\\/uploads\\\/2023\\\/11\\\/Logo_horizontal_oscuroU-2023.png\",\"width\":263,\"height\":101,\"caption\":\"Universidad de Caldas\"},\"image\":{\"@id\":\"https:\\\/\\\/www.ucaldas.edu.co\\\/portal\\\/#\\\/schema\\\/logo\\\/image\\\/\"},\"sameAs\":[\"https:\\\/\\\/www.facebook.com\\\/udecaldas\",\"https:\\\/\\\/x.com\\\/udecaldas\",\"https:\\\/\\\/www.youtube.com\\\/universidadcaldas\",\"https:\\\/\\\/www.instagram.com\\\/udecaldas\\\/\"]},{\"@type\":\"Person\",\"@id\":\"https:\\\/\\\/www.ucaldas.edu.co\\\/portal\\\/#\\\/schema\\\/person\\\/a1b482e23449158b4bc319926c074fdf\",\"name\":\"ofiprensa\",\"image\":{\"@type\":\"ImageObject\",\"inLanguage\":\"es\",\"@id\":\"https:\\\/\\\/www.ucaldas.edu.co\\\/portal\\\/wp-content\\\/litespeed\\\/avatar\\\/09ea5085e600095a7a811142c6944527.jpg?ver=1777497608\",\"url\":\"https:\\\/\\\/www.ucaldas.edu.co\\\/portal\\\/wp-content\\\/litespeed\\\/avatar\\\/09ea5085e600095a7a811142c6944527.jpg?ver=1777497608\",\"contentUrl\":\"https:\\\/\\\/www.ucaldas.edu.co\\\/portal\\\/wp-content\\\/litespeed\\\/avatar\\\/09ea5085e600095a7a811142c6944527.jpg?ver=1777497608\",\"caption\":\"ofiprensa\"},\"url\":\"https:\\\/\\\/www.ucaldas.edu.co\\\/portal\\\/author\\\/ofiprensa\\\/\"}]}<\/script>\n<!-- \/ Yoast SEO plugin. -->","yoast_head_json":{"title":"Esta semana inicia el Congreso Internacional sobre ciudades y territorios inteligentes .","robots":{"index":"index","follow":"follow","max-snippet":"max-snippet:-1","max-image-preview":"max-image-preview:large","max-video-preview":"max-video-preview:-1"},"canonical":"https:\/\/www.ucaldas.edu.co\/portal\/esta-semana-inicia-el-congreso-internacional-sobre-ciudades-y-territorios-inteligentes\/","schema":{"@context":"https:\/\/schema.org","@graph":[{"@type":"Article","@id":"https:\/\/www.ucaldas.edu.co\/portal\/esta-semana-inicia-el-congreso-internacional-sobre-ciudades-y-territorios-inteligentes\/#article","isPartOf":{"@id":"https:\/\/www.ucaldas.edu.co\/portal\/esta-semana-inicia-el-congreso-internacional-sobre-ciudades-y-territorios-inteligentes\/"},"author":{"name":"ofiprensa","@id":"https:\/\/www.ucaldas.edu.co\/portal\/#\/schema\/person\/a1b482e23449158b4bc319926c074fdf"},"headline":"Esta semana inicia el Congreso Internacional sobre ciudades y territorios inteligentes","datePublished":"2023-06-20T18:58:13+00:00","mainEntityOfPage":{"@id":"https:\/\/www.ucaldas.edu.co\/portal\/esta-semana-inicia-el-congreso-internacional-sobre-ciudades-y-territorios-inteligentes\/"},"wordCount":361,"publisher":{"@id":"https:\/\/www.ucaldas.edu.co\/portal\/#organization"},"image":{"@id":"https:\/\/www.ucaldas.edu.co\/portal\/esta-semana-inicia-el-congreso-internacional-sobre-ciudades-y-territorios-inteligentes\/#primaryimage"},"thumbnailUrl":"https:\/\/www.ucaldas.edu.co\/portal\/wp-content\/uploads\/2023\/06\/smart.jpg","keywords":["ssct2023"],"articleSection":["Actualidad","Universidad al D\u00eda","Ucaldas Internacional"],"inLanguage":"es"},{"@type":"WebPage","@id":"https:\/\/www.ucaldas.edu.co\/portal\/esta-semana-inicia-el-congreso-internacional-sobre-ciudades-y-territorios-inteligentes\/","url":"https:\/\/www.ucaldas.edu.co\/portal\/esta-semana-inicia-el-congreso-internacional-sobre-ciudades-y-territorios-inteligentes\/","name":"Esta semana inicia el Congreso Internacional sobre ciudades y territorios inteligentes .","isPartOf":{"@id":"https:\/\/www.ucaldas.edu.co\/portal\/#website"},"primaryImageOfPage":{"@id":"https:\/\/www.ucaldas.edu.co\/portal\/esta-semana-inicia-el-congreso-internacional-sobre-ciudades-y-territorios-inteligentes\/#primaryimage"},"image":{"@id":"https:\/\/www.ucaldas.edu.co\/portal\/esta-semana-inicia-el-congreso-internacional-sobre-ciudades-y-territorios-inteligentes\/#primaryimage"},"thumbnailUrl":"https:\/\/www.ucaldas.edu.co\/portal\/wp-content\/uploads\/2023\/06\/smart.jpg","datePublished":"2023-06-20T18:58:13+00:00","breadcrumb":{"@id":"https:\/\/www.ucaldas.edu.co\/portal\/esta-semana-inicia-el-congreso-internacional-sobre-ciudades-y-territorios-inteligentes\/#breadcrumb"},"inLanguage":"es","potentialAction":[{"@type":"ReadAction","target":["https:\/\/www.ucaldas.edu.co\/portal\/esta-semana-inicia-el-congreso-internacional-sobre-ciudades-y-territorios-inteligentes\/"]}]},{"@type":"ImageObject","inLanguage":"es","@id":"https:\/\/www.ucaldas.edu.co\/portal\/esta-semana-inicia-el-congreso-internacional-sobre-ciudades-y-territorios-inteligentes\/#primaryimage","url":"https:\/\/www.ucaldas.edu.co\/portal\/wp-content\/uploads\/2023\/06\/smart.jpg","contentUrl":"https:\/\/www.ucaldas.edu.co\/portal\/wp-content\/uploads\/2023\/06\/smart.jpg","width":900,"height":510,"caption":"ssct2023"},{"@type":"BreadcrumbList","@id":"https:\/\/www.ucaldas.edu.co\/portal\/esta-semana-inicia-el-congreso-internacional-sobre-ciudades-y-territorios-inteligentes\/#breadcrumb","itemListElement":[{"@type":"ListItem","position":1,"name":"Portada","item":"https:\/\/www.ucaldas.edu.co\/portal\/"},{"@type":"ListItem","position":2,"name":"Esta semana inicia el Congreso Internacional sobre ciudades y territorios inteligentes"}]},{"@type":"WebSite","@id":"https:\/\/www.ucaldas.edu.co\/portal\/#website","url":"https:\/\/www.ucaldas.edu.co\/portal\/","name":"Universidad de Caldas","description":"","publisher":{"@id":"https:\/\/www.ucaldas.edu.co\/portal\/#organization"},"alternateName":"U. de Caldas","potentialAction":[{"@type":"SearchAction","target":{"@type":"EntryPoint","urlTemplate":"https:\/\/www.ucaldas.edu.co\/portal\/?s={search_term_string}"},"query-input":{"@type":"PropertyValueSpecification","valueRequired":true,"valueName":"search_term_string"}}],"inLanguage":"es"},{"@type":"Organization","@id":"https:\/\/www.ucaldas.edu.co\/portal\/#organization","name":"Universidad de Caldas","alternateName":"U. de Caldas","url":"https:\/\/www.ucaldas.edu.co\/portal\/","logo":{"@type":"ImageObject","inLanguage":"es","@id":"https:\/\/www.ucaldas.edu.co\/portal\/#\/schema\/logo\/image\/","url":"https:\/\/www.ucaldas.edu.co\/portal\/wp-content\/uploads\/2023\/11\/Logo_horizontal_oscuroU-2023.png","contentUrl":"https:\/\/www.ucaldas.edu.co\/portal\/wp-content\/uploads\/2023\/11\/Logo_horizontal_oscuroU-2023.png","width":263,"height":101,"caption":"Universidad de Caldas"},"image":{"@id":"https:\/\/www.ucaldas.edu.co\/portal\/#\/schema\/logo\/image\/"},"sameAs":["https:\/\/www.facebook.com\/udecaldas","https:\/\/x.com\/udecaldas","https:\/\/www.youtube.com\/universidadcaldas","https:\/\/www.instagram.com\/udecaldas\/"]},{"@type":"Person","@id":"https:\/\/www.ucaldas.edu.co\/portal\/#\/schema\/person\/a1b482e23449158b4bc319926c074fdf","name":"ofiprensa","image":{"@type":"ImageObject","inLanguage":"es","@id":"https:\/\/www.ucaldas.edu.co\/portal\/wp-content\/litespeed\/avatar\/09ea5085e600095a7a811142c6944527.jpg?ver=1777497608","url":"https:\/\/www.ucaldas.edu.co\/portal\/wp-content\/litespeed\/avatar\/09ea5085e600095a7a811142c6944527.jpg?ver=1777497608","contentUrl":"https:\/\/www.ucaldas.edu.co\/portal\/wp-content\/litespeed\/avatar\/09ea5085e600095a7a811142c6944527.jpg?ver=1777497608","caption":"ofiprensa"},"url":"https:\/\/www.ucaldas.edu.co\/portal\/author\/ofiprensa\/"}]}},"_links":{"self":[{"href":"https:\/\/www.ucaldas.edu.co\/portal\/wp-json\/wp\/v2\/posts\/76359","targetHints":{"allow":["GET"]}}],"collection":[{"href":"https:\/\/www.ucaldas.edu.co\/portal\/wp-json\/wp\/v2\/posts"}],"about":[{"href":"https:\/\/www.ucaldas.edu.co\/portal\/wp-json\/wp\/v2\/types\/post"}],"author":[{"embeddable":true,"href":"https:\/\/www.ucaldas.edu.co\/portal\/wp-json\/wp\/v2\/users\/2"}],"replies":[{"embeddable":true,"href":"https:\/\/www.ucaldas.edu.co\/portal\/wp-json\/wp\/v2\/comments?post=76359"}],"version-history":[{"count":0,"href":"https:\/\/www.ucaldas.edu.co\/portal\/wp-json\/wp\/v2\/posts\/76359\/revisions"}],"wp:featuredmedia":[{"embeddable":true,"href":"https:\/\/www.ucaldas.edu.co\/portal\/wp-json\/wp\/v2\/media\/76360"}],"wp:attachment":[{"href":"https:\/\/www.ucaldas.edu.co\/portal\/wp-json\/wp\/v2\/media?parent=76359"}],"wp:term":[{"taxonomy":"category","embeddable":true,"href":"https:\/\/www.ucaldas.edu.co\/portal\/wp-json\/wp\/v2\/categories?post=76359"},{"taxonomy":"post_tag","embeddable":true,"href":"https:\/\/www.ucaldas.edu.co\/portal\/wp-json\/wp\/v2\/tags?post=76359"}],"curies":[{"name":"wp","href":"https:\/\/api.w.org\/{rel}","templated":true}]}}