{"id":76355,"date":"2023-06-20T18:56:41","date_gmt":"2023-06-20T18:56:41","guid":{"rendered":"https:\/\/www.ucaldas.edu.co\/portal\/?p=76355"},"modified":"2023-06-20T18:56:41","modified_gmt":"2023-06-20T18:56:41","slug":"por-medio-del-diseno-se-recrean-relatos-de-infancia-de-15-mujeres-de-la-tercera-edad-en-el-taller-bordado-y-memoria","status":"publish","type":"post","link":"https:\/\/www.ucaldas.edu.co\/portal\/por-medio-del-diseno-se-recrean-relatos-de-infancia-de-15-mujeres-de-la-tercera-edad-en-el-taller-bordado-y-memoria\/","title":{"rendered":"Por medio del dise\u00f1o se recrean relatos de infancia de 15 mujeres de la tercera edad en el taller \u201cbordado y memoria\u201d"},"content":{"rendered":"<p><img loading=\"lazy\" decoding=\"async\" class=\"aligncenter size-full wp-image-76356\" src=\"https:\/\/www.ucaldas.edu.co\/portal\/wp-content\/uploads\/2023\/06\/tejiendo.jpg\" alt=\"bordado y memoria\" width=\"900\" height=\"510\" srcset=\"https:\/\/www.ucaldas.edu.co\/portal\/wp-content\/uploads\/2023\/06\/tejiendo.jpg 900w, https:\/\/www.ucaldas.edu.co\/portal\/wp-content\/uploads\/2023\/06\/tejiendo-300x170.jpg 300w, https:\/\/www.ucaldas.edu.co\/portal\/wp-content\/uploads\/2023\/06\/tejiendo-768x435.jpg 768w\" sizes=\"auto, (max-width: 900px) 100vw, 900px\" \/><\/p>\n<p>El Doctorado en Dise\u00f1o y Creaci\u00f3n de la Universidad de Caldas, en alianza con el Banco de la Rep\u00fablica,\u00a0 el grupo Coomeva y el Laboratorio Vivelab, realizan el taller de \u201cBordado y Memoria\u201d, en el que se busca retratar las memorias de la ni\u00f1ez de un grupo de mujeres de la tercera edad a trav\u00e9s un ejercicio co creativo por medio del dise\u00f1o.<!--more--><\/p>\n<p>Este espacio que tiene 4 sesiones durante los mi\u00e9rcoles del presente mes, cuenta adem\u00e1s con el apoyo de siete estudiantes de Dise\u00f1o, encargados de ilustrar las memorias de la infancia de 15 mujeres de la tercera edad, convocadas por el Banco de la Rep\u00fablica y el grupo Coomeva, quienes por medio de actividades l\u00fadicas, recreativas y de tertulias, representar\u00e1n las historias de vida, con hilos de diversos colores en el ejercicio de bordar por medio de relatos orales de infancia.<\/p>\n<p>Al final del taller, el pr\u00f3ximo 28 de junio, se realizar\u00e1 en el Centro Cultural Universitario Rogelio Salmona una muestra art\u00edstica de los resultados y las experiencias de las mujeres e ilustradores.<\/p>\n<p>\u201cEntendiendo que el acto de tejer, es una acci\u00f3n que metaforiza el ejercicio de contar relatos de vida que conectan los recuerdos de las personas con la memoria de una comunidad; cada historia es hilo y cuando cada historia es escuchada por otros se crea un tejido que cobija experiencias y tradiciones, algunas que no se podr\u00e1n volver a recrear, pero que s\u00ed se podr\u00e1n visibilizar de otras maneras para mantenerlas vivas\u201d expresan las talleristas Margarita Villegas y Elizabeth Bol\u00edvar.<\/p>\n<p>&nbsp;<\/p>\n<p><strong>Anexo:<\/strong><\/p>\n<p><a href=\"https:\/\/www.ucaldas.edu.co\/portal\/wp-content\/uploads\/2023\/06\/Coordinadora-del-Laboratorio-ViveLab-Laura-Garcia.mp3\"><strong>Audio Coordinadora del Laboratorio ViveLab, Laura Garc\u00eda<\/strong><\/a><\/p>\n<audio class=\"wp-audio-shortcode\" id=\"audio-76355-1\" preload=\"none\" style=\"width: 100%;\" controls=\"controls\"><source type=\"audio\/mpeg\" src=\"https:\/\/www.ucaldas.edu.co\/portal\/wp-content\/uploads\/2023\/06\/Coordinadora-del-Laboratorio-ViveLab-Laura-Garcia.mp3?_=1\" \/><a href=\"https:\/\/www.ucaldas.edu.co\/portal\/wp-content\/uploads\/2023\/06\/Coordinadora-del-Laboratorio-ViveLab-Laura-Garcia.mp3\">https:\/\/www.ucaldas.edu.co\/portal\/wp-content\/uploads\/2023\/06\/Coordinadora-del-Laboratorio-ViveLab-Laura-Garcia.mp3<\/a><\/audio>\n","protected":false},"excerpt":{"rendered":"<p>El Doctorado en Dise\u00f1o y Creaci\u00f3n de la Universidad de Caldas, en alianza con el Banco de la Rep\u00fablica,\u00a0 el grupo Coomeva y el Laboratorio Vivelab, realizan el taller de \u201cBordado y Memoria\u201d, en el que se busca retratar las memorias de la ni\u00f1ez de un grupo de mujeres de la tercera edad a trav\u00e9s [&hellip;]<\/p>\n","protected":false},"author":2,"featured_media":76356,"comment_status":"closed","ping_status":"open","sticky":false,"template":"","format":"standard","meta":{"footnotes":""},"categories":[48,53],"tags":[9706],"class_list":["post-76355","post","type-post","status-publish","format-standard","has-post-thumbnail","hentry","category-actualidad","category-universidad-al-dia","tag-bordado-y-memoria"],"yoast_head":"<!-- This site is optimized with the Yoast SEO plugin v27.5 - https:\/\/yoast.com\/product\/yoast-seo-wordpress\/ -->\n<title>Por medio del dise\u00f1o se recrean relatos de infancia de 15 mujeres de la tercera edad en el taller \u201cbordado y memoria\u201d .<\/title>\n<meta name=\"robots\" content=\"index, follow, max-snippet:-1, max-image-preview:large, max-video-preview:-1\" \/>\n<link rel=\"canonical\" href=\"https:\/\/www.ucaldas.edu.co\/portal\/por-medio-del-diseno-se-recrean-relatos-de-infancia-de-15-mujeres-de-la-tercera-edad-en-el-taller-bordado-y-memoria\/\" \/>\n<script type=\"application\/ld+json\" class=\"yoast-schema-graph\">{\"@context\":\"https:\\\/\\\/schema.org\",\"@graph\":[{\"@type\":\"Article\",\"@id\":\"https:\\\/\\\/www.ucaldas.edu.co\\\/portal\\\/por-medio-del-diseno-se-recrean-relatos-de-infancia-de-15-mujeres-de-la-tercera-edad-en-el-taller-bordado-y-memoria\\\/#article\",\"isPartOf\":{\"@id\":\"https:\\\/\\\/www.ucaldas.edu.co\\\/portal\\\/por-medio-del-diseno-se-recrean-relatos-de-infancia-de-15-mujeres-de-la-tercera-edad-en-el-taller-bordado-y-memoria\\\/\"},\"author\":{\"name\":\"ofiprensa\",\"@id\":\"https:\\\/\\\/www.ucaldas.edu.co\\\/portal\\\/#\\\/schema\\\/person\\\/a1b482e23449158b4bc319926c074fdf\"},\"headline\":\"Por medio del dise\u00f1o se recrean relatos de infancia de 15 mujeres de la tercera edad en el taller \u201cbordado y memoria\u201d\",\"datePublished\":\"2023-06-20T18:56:41+00:00\",\"mainEntityOfPage\":{\"@id\":\"https:\\\/\\\/www.ucaldas.edu.co\\\/portal\\\/por-medio-del-diseno-se-recrean-relatos-de-infancia-de-15-mujeres-de-la-tercera-edad-en-el-taller-bordado-y-memoria\\\/\"},\"wordCount\":315,\"publisher\":{\"@id\":\"https:\\\/\\\/www.ucaldas.edu.co\\\/portal\\\/#organization\"},\"image\":{\"@id\":\"https:\\\/\\\/www.ucaldas.edu.co\\\/portal\\\/por-medio-del-diseno-se-recrean-relatos-de-infancia-de-15-mujeres-de-la-tercera-edad-en-el-taller-bordado-y-memoria\\\/#primaryimage\"},\"thumbnailUrl\":\"https:\\\/\\\/www.ucaldas.edu.co\\\/portal\\\/wp-content\\\/uploads\\\/2023\\\/06\\\/tejiendo.jpg\",\"keywords\":[\"bordado y memoria\"],\"articleSection\":[\"Actualidad\",\"Universidad al D\u00eda\"],\"inLanguage\":\"es\"},{\"@type\":\"WebPage\",\"@id\":\"https:\\\/\\\/www.ucaldas.edu.co\\\/portal\\\/por-medio-del-diseno-se-recrean-relatos-de-infancia-de-15-mujeres-de-la-tercera-edad-en-el-taller-bordado-y-memoria\\\/\",\"url\":\"https:\\\/\\\/www.ucaldas.edu.co\\\/portal\\\/por-medio-del-diseno-se-recrean-relatos-de-infancia-de-15-mujeres-de-la-tercera-edad-en-el-taller-bordado-y-memoria\\\/\",\"name\":\"Por medio del dise\u00f1o se recrean relatos de infancia de 15 mujeres de la tercera edad en el taller \u201cbordado y memoria\u201d .\",\"isPartOf\":{\"@id\":\"https:\\\/\\\/www.ucaldas.edu.co\\\/portal\\\/#website\"},\"primaryImageOfPage\":{\"@id\":\"https:\\\/\\\/www.ucaldas.edu.co\\\/portal\\\/por-medio-del-diseno-se-recrean-relatos-de-infancia-de-15-mujeres-de-la-tercera-edad-en-el-taller-bordado-y-memoria\\\/#primaryimage\"},\"image\":{\"@id\":\"https:\\\/\\\/www.ucaldas.edu.co\\\/portal\\\/por-medio-del-diseno-se-recrean-relatos-de-infancia-de-15-mujeres-de-la-tercera-edad-en-el-taller-bordado-y-memoria\\\/#primaryimage\"},\"thumbnailUrl\":\"https:\\\/\\\/www.ucaldas.edu.co\\\/portal\\\/wp-content\\\/uploads\\\/2023\\\/06\\\/tejiendo.jpg\",\"datePublished\":\"2023-06-20T18:56:41+00:00\",\"breadcrumb\":{\"@id\":\"https:\\\/\\\/www.ucaldas.edu.co\\\/portal\\\/por-medio-del-diseno-se-recrean-relatos-de-infancia-de-15-mujeres-de-la-tercera-edad-en-el-taller-bordado-y-memoria\\\/#breadcrumb\"},\"inLanguage\":\"es\",\"potentialAction\":[{\"@type\":\"ReadAction\",\"target\":[\"https:\\\/\\\/www.ucaldas.edu.co\\\/portal\\\/por-medio-del-diseno-se-recrean-relatos-de-infancia-de-15-mujeres-de-la-tercera-edad-en-el-taller-bordado-y-memoria\\\/\"]}]},{\"@type\":\"ImageObject\",\"inLanguage\":\"es\",\"@id\":\"https:\\\/\\\/www.ucaldas.edu.co\\\/portal\\\/por-medio-del-diseno-se-recrean-relatos-de-infancia-de-15-mujeres-de-la-tercera-edad-en-el-taller-bordado-y-memoria\\\/#primaryimage\",\"url\":\"https:\\\/\\\/www.ucaldas.edu.co\\\/portal\\\/wp-content\\\/uploads\\\/2023\\\/06\\\/tejiendo.jpg\",\"contentUrl\":\"https:\\\/\\\/www.ucaldas.edu.co\\\/portal\\\/wp-content\\\/uploads\\\/2023\\\/06\\\/tejiendo.jpg\",\"width\":900,\"height\":510,\"caption\":\"bordado y memoria\"},{\"@type\":\"BreadcrumbList\",\"@id\":\"https:\\\/\\\/www.ucaldas.edu.co\\\/portal\\\/por-medio-del-diseno-se-recrean-relatos-de-infancia-de-15-mujeres-de-la-tercera-edad-en-el-taller-bordado-y-memoria\\\/#breadcrumb\",\"itemListElement\":[{\"@type\":\"ListItem\",\"position\":1,\"name\":\"Portada\",\"item\":\"https:\\\/\\\/www.ucaldas.edu.co\\\/portal\\\/\"},{\"@type\":\"ListItem\",\"position\":2,\"name\":\"Por medio del dise\u00f1o se recrean relatos de infancia de 15 mujeres de la tercera edad en el taller \u201cbordado y memoria\u201d\"}]},{\"@type\":\"WebSite\",\"@id\":\"https:\\\/\\\/www.ucaldas.edu.co\\\/portal\\\/#website\",\"url\":\"https:\\\/\\\/www.ucaldas.edu.co\\\/portal\\\/\",\"name\":\"Universidad de Caldas\",\"description\":\"\",\"publisher\":{\"@id\":\"https:\\\/\\\/www.ucaldas.edu.co\\\/portal\\\/#organization\"},\"alternateName\":\"U. de Caldas\",\"potentialAction\":[{\"@type\":\"SearchAction\",\"target\":{\"@type\":\"EntryPoint\",\"urlTemplate\":\"https:\\\/\\\/www.ucaldas.edu.co\\\/portal\\\/?s={search_term_string}\"},\"query-input\":{\"@type\":\"PropertyValueSpecification\",\"valueRequired\":true,\"valueName\":\"search_term_string\"}}],\"inLanguage\":\"es\"},{\"@type\":\"Organization\",\"@id\":\"https:\\\/\\\/www.ucaldas.edu.co\\\/portal\\\/#organization\",\"name\":\"Universidad de Caldas\",\"alternateName\":\"U. de Caldas\",\"url\":\"https:\\\/\\\/www.ucaldas.edu.co\\\/portal\\\/\",\"logo\":{\"@type\":\"ImageObject\",\"inLanguage\":\"es\",\"@id\":\"https:\\\/\\\/www.ucaldas.edu.co\\\/portal\\\/#\\\/schema\\\/logo\\\/image\\\/\",\"url\":\"https:\\\/\\\/www.ucaldas.edu.co\\\/portal\\\/wp-content\\\/uploads\\\/2023\\\/11\\\/Logo_horizontal_oscuroU-2023.png\",\"contentUrl\":\"https:\\\/\\\/www.ucaldas.edu.co\\\/portal\\\/wp-content\\\/uploads\\\/2023\\\/11\\\/Logo_horizontal_oscuroU-2023.png\",\"width\":263,\"height\":101,\"caption\":\"Universidad de Caldas\"},\"image\":{\"@id\":\"https:\\\/\\\/www.ucaldas.edu.co\\\/portal\\\/#\\\/schema\\\/logo\\\/image\\\/\"},\"sameAs\":[\"https:\\\/\\\/www.facebook.com\\\/udecaldas\",\"https:\\\/\\\/x.com\\\/udecaldas\",\"https:\\\/\\\/www.youtube.com\\\/universidadcaldas\",\"https:\\\/\\\/www.instagram.com\\\/udecaldas\\\/\"]},{\"@type\":\"Person\",\"@id\":\"https:\\\/\\\/www.ucaldas.edu.co\\\/portal\\\/#\\\/schema\\\/person\\\/a1b482e23449158b4bc319926c074fdf\",\"name\":\"ofiprensa\",\"image\":{\"@type\":\"ImageObject\",\"inLanguage\":\"es\",\"@id\":\"https:\\\/\\\/www.ucaldas.edu.co\\\/portal\\\/wp-content\\\/litespeed\\\/avatar\\\/09ea5085e600095a7a811142c6944527.jpg?ver=1777497608\",\"url\":\"https:\\\/\\\/www.ucaldas.edu.co\\\/portal\\\/wp-content\\\/litespeed\\\/avatar\\\/09ea5085e600095a7a811142c6944527.jpg?ver=1777497608\",\"contentUrl\":\"https:\\\/\\\/www.ucaldas.edu.co\\\/portal\\\/wp-content\\\/litespeed\\\/avatar\\\/09ea5085e600095a7a811142c6944527.jpg?ver=1777497608\",\"caption\":\"ofiprensa\"},\"url\":\"https:\\\/\\\/www.ucaldas.edu.co\\\/portal\\\/author\\\/ofiprensa\\\/\"}]}<\/script>\n<!-- \/ Yoast SEO plugin. -->","yoast_head_json":{"title":"Por medio del dise\u00f1o se recrean relatos de infancia de 15 mujeres de la tercera edad en el taller \u201cbordado y memoria\u201d .","robots":{"index":"index","follow":"follow","max-snippet":"max-snippet:-1","max-image-preview":"max-image-preview:large","max-video-preview":"max-video-preview:-1"},"canonical":"https:\/\/www.ucaldas.edu.co\/portal\/por-medio-del-diseno-se-recrean-relatos-de-infancia-de-15-mujeres-de-la-tercera-edad-en-el-taller-bordado-y-memoria\/","schema":{"@context":"https:\/\/schema.org","@graph":[{"@type":"Article","@id":"https:\/\/www.ucaldas.edu.co\/portal\/por-medio-del-diseno-se-recrean-relatos-de-infancia-de-15-mujeres-de-la-tercera-edad-en-el-taller-bordado-y-memoria\/#article","isPartOf":{"@id":"https:\/\/www.ucaldas.edu.co\/portal\/por-medio-del-diseno-se-recrean-relatos-de-infancia-de-15-mujeres-de-la-tercera-edad-en-el-taller-bordado-y-memoria\/"},"author":{"name":"ofiprensa","@id":"https:\/\/www.ucaldas.edu.co\/portal\/#\/schema\/person\/a1b482e23449158b4bc319926c074fdf"},"headline":"Por medio del dise\u00f1o se recrean relatos de infancia de 15 mujeres de la tercera edad en el taller \u201cbordado y memoria\u201d","datePublished":"2023-06-20T18:56:41+00:00","mainEntityOfPage":{"@id":"https:\/\/www.ucaldas.edu.co\/portal\/por-medio-del-diseno-se-recrean-relatos-de-infancia-de-15-mujeres-de-la-tercera-edad-en-el-taller-bordado-y-memoria\/"},"wordCount":315,"publisher":{"@id":"https:\/\/www.ucaldas.edu.co\/portal\/#organization"},"image":{"@id":"https:\/\/www.ucaldas.edu.co\/portal\/por-medio-del-diseno-se-recrean-relatos-de-infancia-de-15-mujeres-de-la-tercera-edad-en-el-taller-bordado-y-memoria\/#primaryimage"},"thumbnailUrl":"https:\/\/www.ucaldas.edu.co\/portal\/wp-content\/uploads\/2023\/06\/tejiendo.jpg","keywords":["bordado y memoria"],"articleSection":["Actualidad","Universidad al D\u00eda"],"inLanguage":"es"},{"@type":"WebPage","@id":"https:\/\/www.ucaldas.edu.co\/portal\/por-medio-del-diseno-se-recrean-relatos-de-infancia-de-15-mujeres-de-la-tercera-edad-en-el-taller-bordado-y-memoria\/","url":"https:\/\/www.ucaldas.edu.co\/portal\/por-medio-del-diseno-se-recrean-relatos-de-infancia-de-15-mujeres-de-la-tercera-edad-en-el-taller-bordado-y-memoria\/","name":"Por medio del dise\u00f1o se recrean relatos de infancia de 15 mujeres de la tercera edad en el taller \u201cbordado y memoria\u201d .","isPartOf":{"@id":"https:\/\/www.ucaldas.edu.co\/portal\/#website"},"primaryImageOfPage":{"@id":"https:\/\/www.ucaldas.edu.co\/portal\/por-medio-del-diseno-se-recrean-relatos-de-infancia-de-15-mujeres-de-la-tercera-edad-en-el-taller-bordado-y-memoria\/#primaryimage"},"image":{"@id":"https:\/\/www.ucaldas.edu.co\/portal\/por-medio-del-diseno-se-recrean-relatos-de-infancia-de-15-mujeres-de-la-tercera-edad-en-el-taller-bordado-y-memoria\/#primaryimage"},"thumbnailUrl":"https:\/\/www.ucaldas.edu.co\/portal\/wp-content\/uploads\/2023\/06\/tejiendo.jpg","datePublished":"2023-06-20T18:56:41+00:00","breadcrumb":{"@id":"https:\/\/www.ucaldas.edu.co\/portal\/por-medio-del-diseno-se-recrean-relatos-de-infancia-de-15-mujeres-de-la-tercera-edad-en-el-taller-bordado-y-memoria\/#breadcrumb"},"inLanguage":"es","potentialAction":[{"@type":"ReadAction","target":["https:\/\/www.ucaldas.edu.co\/portal\/por-medio-del-diseno-se-recrean-relatos-de-infancia-de-15-mujeres-de-la-tercera-edad-en-el-taller-bordado-y-memoria\/"]}]},{"@type":"ImageObject","inLanguage":"es","@id":"https:\/\/www.ucaldas.edu.co\/portal\/por-medio-del-diseno-se-recrean-relatos-de-infancia-de-15-mujeres-de-la-tercera-edad-en-el-taller-bordado-y-memoria\/#primaryimage","url":"https:\/\/www.ucaldas.edu.co\/portal\/wp-content\/uploads\/2023\/06\/tejiendo.jpg","contentUrl":"https:\/\/www.ucaldas.edu.co\/portal\/wp-content\/uploads\/2023\/06\/tejiendo.jpg","width":900,"height":510,"caption":"bordado y memoria"},{"@type":"BreadcrumbList","@id":"https:\/\/www.ucaldas.edu.co\/portal\/por-medio-del-diseno-se-recrean-relatos-de-infancia-de-15-mujeres-de-la-tercera-edad-en-el-taller-bordado-y-memoria\/#breadcrumb","itemListElement":[{"@type":"ListItem","position":1,"name":"Portada","item":"https:\/\/www.ucaldas.edu.co\/portal\/"},{"@type":"ListItem","position":2,"name":"Por medio del dise\u00f1o se recrean relatos de infancia de 15 mujeres de la tercera edad en el taller \u201cbordado y memoria\u201d"}]},{"@type":"WebSite","@id":"https:\/\/www.ucaldas.edu.co\/portal\/#website","url":"https:\/\/www.ucaldas.edu.co\/portal\/","name":"Universidad de Caldas","description":"","publisher":{"@id":"https:\/\/www.ucaldas.edu.co\/portal\/#organization"},"alternateName":"U. de Caldas","potentialAction":[{"@type":"SearchAction","target":{"@type":"EntryPoint","urlTemplate":"https:\/\/www.ucaldas.edu.co\/portal\/?s={search_term_string}"},"query-input":{"@type":"PropertyValueSpecification","valueRequired":true,"valueName":"search_term_string"}}],"inLanguage":"es"},{"@type":"Organization","@id":"https:\/\/www.ucaldas.edu.co\/portal\/#organization","name":"Universidad de Caldas","alternateName":"U. de Caldas","url":"https:\/\/www.ucaldas.edu.co\/portal\/","logo":{"@type":"ImageObject","inLanguage":"es","@id":"https:\/\/www.ucaldas.edu.co\/portal\/#\/schema\/logo\/image\/","url":"https:\/\/www.ucaldas.edu.co\/portal\/wp-content\/uploads\/2023\/11\/Logo_horizontal_oscuroU-2023.png","contentUrl":"https:\/\/www.ucaldas.edu.co\/portal\/wp-content\/uploads\/2023\/11\/Logo_horizontal_oscuroU-2023.png","width":263,"height":101,"caption":"Universidad de Caldas"},"image":{"@id":"https:\/\/www.ucaldas.edu.co\/portal\/#\/schema\/logo\/image\/"},"sameAs":["https:\/\/www.facebook.com\/udecaldas","https:\/\/x.com\/udecaldas","https:\/\/www.youtube.com\/universidadcaldas","https:\/\/www.instagram.com\/udecaldas\/"]},{"@type":"Person","@id":"https:\/\/www.ucaldas.edu.co\/portal\/#\/schema\/person\/a1b482e23449158b4bc319926c074fdf","name":"ofiprensa","image":{"@type":"ImageObject","inLanguage":"es","@id":"https:\/\/www.ucaldas.edu.co\/portal\/wp-content\/litespeed\/avatar\/09ea5085e600095a7a811142c6944527.jpg?ver=1777497608","url":"https:\/\/www.ucaldas.edu.co\/portal\/wp-content\/litespeed\/avatar\/09ea5085e600095a7a811142c6944527.jpg?ver=1777497608","contentUrl":"https:\/\/www.ucaldas.edu.co\/portal\/wp-content\/litespeed\/avatar\/09ea5085e600095a7a811142c6944527.jpg?ver=1777497608","caption":"ofiprensa"},"url":"https:\/\/www.ucaldas.edu.co\/portal\/author\/ofiprensa\/"}]}},"_links":{"self":[{"href":"https:\/\/www.ucaldas.edu.co\/portal\/wp-json\/wp\/v2\/posts\/76355","targetHints":{"allow":["GET"]}}],"collection":[{"href":"https:\/\/www.ucaldas.edu.co\/portal\/wp-json\/wp\/v2\/posts"}],"about":[{"href":"https:\/\/www.ucaldas.edu.co\/portal\/wp-json\/wp\/v2\/types\/post"}],"author":[{"embeddable":true,"href":"https:\/\/www.ucaldas.edu.co\/portal\/wp-json\/wp\/v2\/users\/2"}],"replies":[{"embeddable":true,"href":"https:\/\/www.ucaldas.edu.co\/portal\/wp-json\/wp\/v2\/comments?post=76355"}],"version-history":[{"count":0,"href":"https:\/\/www.ucaldas.edu.co\/portal\/wp-json\/wp\/v2\/posts\/76355\/revisions"}],"wp:featuredmedia":[{"embeddable":true,"href":"https:\/\/www.ucaldas.edu.co\/portal\/wp-json\/wp\/v2\/media\/76356"}],"wp:attachment":[{"href":"https:\/\/www.ucaldas.edu.co\/portal\/wp-json\/wp\/v2\/media?parent=76355"}],"wp:term":[{"taxonomy":"category","embeddable":true,"href":"https:\/\/www.ucaldas.edu.co\/portal\/wp-json\/wp\/v2\/categories?post=76355"},{"taxonomy":"post_tag","embeddable":true,"href":"https:\/\/www.ucaldas.edu.co\/portal\/wp-json\/wp\/v2\/tags?post=76355"}],"curies":[{"name":"wp","href":"https:\/\/api.w.org\/{rel}","templated":true}]}}