{"id":76352,"date":"2023-06-20T18:54:55","date_gmt":"2023-06-20T18:54:55","guid":{"rendered":"https:\/\/www.ucaldas.edu.co\/portal\/?p=76352"},"modified":"2023-06-20T19:46:20","modified_gmt":"2023-06-20T19:46:20","slug":"telesalud-y-vehicaldas-unidos-para-llevar-la-telemedicina-a-las-zonas-mas-distantes-del-campo-colombiano","status":"publish","type":"post","link":"https:\/\/www.ucaldas.edu.co\/portal\/telesalud-y-vehicaldas-unidos-para-llevar-la-telemedicina-a-las-zonas-mas-distantes-del-campo-colombiano\/","title":{"rendered":"Telesalud y Vehicaldas llevar\u00e1n atenciones por telemedicina a las zonas rurales m\u00e1s distantes de Colombia"},"content":{"rendered":"<p><img loading=\"lazy\" decoding=\"async\" class=\"aligncenter size-full wp-image-76353\" src=\"https:\/\/www.ucaldas.edu.co\/portal\/wp-content\/uploads\/2023\/06\/telesalud.jpg\" alt=\"telesalud\" width=\"900\" height=\"510\" srcset=\"https:\/\/www.ucaldas.edu.co\/portal\/wp-content\/uploads\/2023\/06\/telesalud.jpg 900w, https:\/\/www.ucaldas.edu.co\/portal\/wp-content\/uploads\/2023\/06\/telesalud-300x170.jpg 300w, https:\/\/www.ucaldas.edu.co\/portal\/wp-content\/uploads\/2023\/06\/telesalud-768x435.jpg 768w\" sizes=\"auto, (max-width: 900px) 100vw, 900px\" \/><\/p>\n<p>Con la firma de la alianza entre Telesalud Colombia de la Universidad de Caldas y Vehicaldas, se materializa la posibilidad de llevar atenciones especializadas por telemedicina a los sitios m\u00e1s distantes de zona rural del pa\u00eds. <!--more--><\/p>\n<p>De la mano de Vehicaldas, el equipo de Telesalud podr\u00e1 desplazarse a sitios de poca accesibilidad y donde reside poblaci\u00f3n\u00a0vulnerable, para brindarles atenciones especializadas a trav\u00e9s de la tecnolog\u00eda.<\/p>\n<p>Esta labor conjunta de ambas organizaciones no solo permitir\u00e1 salvar vidas en el campo, sino que tambi\u00e9n contribuir\u00e1 a reducir la brecha en la atenci\u00f3n m\u00e9dica entre zonas rurales y urbanas\u00a0en Colombia.<\/p>\n<p>El primer viaje de la alianza se llevar\u00e1 a cabo del 25 al 28 de junio, en la zona rural de Saman\u00e1, Caldas. Hasta las veredas y caser\u00edos\u00a0lejanos llegar\u00e1 el equipo de Telesalud\u00a0para desde all\u00ed conectar a los pacientes con los especialistas.<\/p>\n<p>&nbsp;<\/p>\n<p><strong>Anexo:<\/strong><\/p>\n<p><a href=\"https:\/\/www.ucaldas.edu.co\/portal\/wp-content\/uploads\/2023\/06\/Audio-Esteban-Granada-Director-Telesalud-Alianza-Vehicaldas.mp3\"><strong>Audio Director Telesalud, Esteban Granada<\/strong><\/a><\/p>\n<audio class=\"wp-audio-shortcode\" id=\"audio-76352-1\" preload=\"none\" style=\"width: 100%;\" controls=\"controls\"><source type=\"audio\/mpeg\" src=\"https:\/\/www.ucaldas.edu.co\/portal\/wp-content\/uploads\/2023\/06\/Audio-Esteban-Granada-Director-Telesalud-Alianza-Vehicaldas.mp3?_=1\" \/><a href=\"https:\/\/www.ucaldas.edu.co\/portal\/wp-content\/uploads\/2023\/06\/Audio-Esteban-Granada-Director-Telesalud-Alianza-Vehicaldas.mp3\">https:\/\/www.ucaldas.edu.co\/portal\/wp-content\/uploads\/2023\/06\/Audio-Esteban-Granada-Director-Telesalud-Alianza-Vehicaldas.mp3<\/a><\/audio>\n","protected":false},"excerpt":{"rendered":"<p>Con la firma de la alianza entre Telesalud Colombia de la Universidad de Caldas y Vehicaldas, se materializa la posibilidad de llevar atenciones especializadas por telemedicina a los sitios m\u00e1s distantes de zona rural del pa\u00eds.<\/p>\n","protected":false},"author":2,"featured_media":76353,"comment_status":"closed","ping_status":"open","sticky":false,"template":"","format":"standard","meta":{"footnotes":""},"categories":[48,53],"tags":[275],"class_list":["post-76352","post","type-post","status-publish","format-standard","has-post-thumbnail","hentry","category-actualidad","category-universidad-al-dia","tag-telesalud"],"yoast_head":"<!-- This site is optimized with the Yoast SEO plugin v27.5 - https:\/\/yoast.com\/product\/yoast-seo-wordpress\/ -->\n<title>Telesalud y Vehicaldas llevar\u00e1n atenciones por telemedicina a las zonas rurales m\u00e1s distantes de Colombia .<\/title>\n<meta name=\"robots\" content=\"index, follow, max-snippet:-1, max-image-preview:large, max-video-preview:-1\" \/>\n<link rel=\"canonical\" href=\"https:\/\/www.ucaldas.edu.co\/portal\/telesalud-y-vehicaldas-unidos-para-llevar-la-telemedicina-a-las-zonas-mas-distantes-del-campo-colombiano\/\" \/>\n<script type=\"application\/ld+json\" class=\"yoast-schema-graph\">{\"@context\":\"https:\\\/\\\/schema.org\",\"@graph\":[{\"@type\":\"Article\",\"@id\":\"https:\\\/\\\/www.ucaldas.edu.co\\\/portal\\\/telesalud-y-vehicaldas-unidos-para-llevar-la-telemedicina-a-las-zonas-mas-distantes-del-campo-colombiano\\\/#article\",\"isPartOf\":{\"@id\":\"https:\\\/\\\/www.ucaldas.edu.co\\\/portal\\\/telesalud-y-vehicaldas-unidos-para-llevar-la-telemedicina-a-las-zonas-mas-distantes-del-campo-colombiano\\\/\"},\"author\":{\"name\":\"ofiprensa\",\"@id\":\"https:\\\/\\\/www.ucaldas.edu.co\\\/portal\\\/#\\\/schema\\\/person\\\/a1b482e23449158b4bc319926c074fdf\"},\"headline\":\"Telesalud y Vehicaldas llevar\u00e1n atenciones por telemedicina a las zonas rurales m\u00e1s distantes de Colombia\",\"datePublished\":\"2023-06-20T18:54:55+00:00\",\"dateModified\":\"2023-06-20T19:46:20+00:00\",\"mainEntityOfPage\":{\"@id\":\"https:\\\/\\\/www.ucaldas.edu.co\\\/portal\\\/telesalud-y-vehicaldas-unidos-para-llevar-la-telemedicina-a-las-zonas-mas-distantes-del-campo-colombiano\\\/\"},\"wordCount\":187,\"publisher\":{\"@id\":\"https:\\\/\\\/www.ucaldas.edu.co\\\/portal\\\/#organization\"},\"image\":{\"@id\":\"https:\\\/\\\/www.ucaldas.edu.co\\\/portal\\\/telesalud-y-vehicaldas-unidos-para-llevar-la-telemedicina-a-las-zonas-mas-distantes-del-campo-colombiano\\\/#primaryimage\"},\"thumbnailUrl\":\"https:\\\/\\\/www.ucaldas.edu.co\\\/portal\\\/wp-content\\\/uploads\\\/2023\\\/06\\\/telesalud.jpg\",\"keywords\":[\"Telesalud\"],\"articleSection\":[\"Actualidad\",\"Universidad al D\u00eda\"],\"inLanguage\":\"es\"},{\"@type\":\"WebPage\",\"@id\":\"https:\\\/\\\/www.ucaldas.edu.co\\\/portal\\\/telesalud-y-vehicaldas-unidos-para-llevar-la-telemedicina-a-las-zonas-mas-distantes-del-campo-colombiano\\\/\",\"url\":\"https:\\\/\\\/www.ucaldas.edu.co\\\/portal\\\/telesalud-y-vehicaldas-unidos-para-llevar-la-telemedicina-a-las-zonas-mas-distantes-del-campo-colombiano\\\/\",\"name\":\"Telesalud y Vehicaldas llevar\u00e1n atenciones por telemedicina a las zonas rurales m\u00e1s distantes de Colombia .\",\"isPartOf\":{\"@id\":\"https:\\\/\\\/www.ucaldas.edu.co\\\/portal\\\/#website\"},\"primaryImageOfPage\":{\"@id\":\"https:\\\/\\\/www.ucaldas.edu.co\\\/portal\\\/telesalud-y-vehicaldas-unidos-para-llevar-la-telemedicina-a-las-zonas-mas-distantes-del-campo-colombiano\\\/#primaryimage\"},\"image\":{\"@id\":\"https:\\\/\\\/www.ucaldas.edu.co\\\/portal\\\/telesalud-y-vehicaldas-unidos-para-llevar-la-telemedicina-a-las-zonas-mas-distantes-del-campo-colombiano\\\/#primaryimage\"},\"thumbnailUrl\":\"https:\\\/\\\/www.ucaldas.edu.co\\\/portal\\\/wp-content\\\/uploads\\\/2023\\\/06\\\/telesalud.jpg\",\"datePublished\":\"2023-06-20T18:54:55+00:00\",\"dateModified\":\"2023-06-20T19:46:20+00:00\",\"breadcrumb\":{\"@id\":\"https:\\\/\\\/www.ucaldas.edu.co\\\/portal\\\/telesalud-y-vehicaldas-unidos-para-llevar-la-telemedicina-a-las-zonas-mas-distantes-del-campo-colombiano\\\/#breadcrumb\"},\"inLanguage\":\"es\",\"potentialAction\":[{\"@type\":\"ReadAction\",\"target\":[\"https:\\\/\\\/www.ucaldas.edu.co\\\/portal\\\/telesalud-y-vehicaldas-unidos-para-llevar-la-telemedicina-a-las-zonas-mas-distantes-del-campo-colombiano\\\/\"]}]},{\"@type\":\"ImageObject\",\"inLanguage\":\"es\",\"@id\":\"https:\\\/\\\/www.ucaldas.edu.co\\\/portal\\\/telesalud-y-vehicaldas-unidos-para-llevar-la-telemedicina-a-las-zonas-mas-distantes-del-campo-colombiano\\\/#primaryimage\",\"url\":\"https:\\\/\\\/www.ucaldas.edu.co\\\/portal\\\/wp-content\\\/uploads\\\/2023\\\/06\\\/telesalud.jpg\",\"contentUrl\":\"https:\\\/\\\/www.ucaldas.edu.co\\\/portal\\\/wp-content\\\/uploads\\\/2023\\\/06\\\/telesalud.jpg\",\"width\":900,\"height\":510,\"caption\":\"telesalud\"},{\"@type\":\"BreadcrumbList\",\"@id\":\"https:\\\/\\\/www.ucaldas.edu.co\\\/portal\\\/telesalud-y-vehicaldas-unidos-para-llevar-la-telemedicina-a-las-zonas-mas-distantes-del-campo-colombiano\\\/#breadcrumb\",\"itemListElement\":[{\"@type\":\"ListItem\",\"position\":1,\"name\":\"Portada\",\"item\":\"https:\\\/\\\/www.ucaldas.edu.co\\\/portal\\\/\"},{\"@type\":\"ListItem\",\"position\":2,\"name\":\"Telesalud y Vehicaldas llevar\u00e1n atenciones por telemedicina a las zonas rurales m\u00e1s distantes de Colombia\"}]},{\"@type\":\"WebSite\",\"@id\":\"https:\\\/\\\/www.ucaldas.edu.co\\\/portal\\\/#website\",\"url\":\"https:\\\/\\\/www.ucaldas.edu.co\\\/portal\\\/\",\"name\":\"Universidad de Caldas\",\"description\":\"\",\"publisher\":{\"@id\":\"https:\\\/\\\/www.ucaldas.edu.co\\\/portal\\\/#organization\"},\"alternateName\":\"U. de Caldas\",\"potentialAction\":[{\"@type\":\"SearchAction\",\"target\":{\"@type\":\"EntryPoint\",\"urlTemplate\":\"https:\\\/\\\/www.ucaldas.edu.co\\\/portal\\\/?s={search_term_string}\"},\"query-input\":{\"@type\":\"PropertyValueSpecification\",\"valueRequired\":true,\"valueName\":\"search_term_string\"}}],\"inLanguage\":\"es\"},{\"@type\":\"Organization\",\"@id\":\"https:\\\/\\\/www.ucaldas.edu.co\\\/portal\\\/#organization\",\"name\":\"Universidad de Caldas\",\"alternateName\":\"U. de Caldas\",\"url\":\"https:\\\/\\\/www.ucaldas.edu.co\\\/portal\\\/\",\"logo\":{\"@type\":\"ImageObject\",\"inLanguage\":\"es\",\"@id\":\"https:\\\/\\\/www.ucaldas.edu.co\\\/portal\\\/#\\\/schema\\\/logo\\\/image\\\/\",\"url\":\"https:\\\/\\\/www.ucaldas.edu.co\\\/portal\\\/wp-content\\\/uploads\\\/2023\\\/11\\\/Logo_horizontal_oscuroU-2023.png\",\"contentUrl\":\"https:\\\/\\\/www.ucaldas.edu.co\\\/portal\\\/wp-content\\\/uploads\\\/2023\\\/11\\\/Logo_horizontal_oscuroU-2023.png\",\"width\":263,\"height\":101,\"caption\":\"Universidad de Caldas\"},\"image\":{\"@id\":\"https:\\\/\\\/www.ucaldas.edu.co\\\/portal\\\/#\\\/schema\\\/logo\\\/image\\\/\"},\"sameAs\":[\"https:\\\/\\\/www.facebook.com\\\/udecaldas\",\"https:\\\/\\\/x.com\\\/udecaldas\",\"https:\\\/\\\/www.youtube.com\\\/universidadcaldas\",\"https:\\\/\\\/www.instagram.com\\\/udecaldas\\\/\"]},{\"@type\":\"Person\",\"@id\":\"https:\\\/\\\/www.ucaldas.edu.co\\\/portal\\\/#\\\/schema\\\/person\\\/a1b482e23449158b4bc319926c074fdf\",\"name\":\"ofiprensa\",\"image\":{\"@type\":\"ImageObject\",\"inLanguage\":\"es\",\"@id\":\"https:\\\/\\\/www.ucaldas.edu.co\\\/portal\\\/wp-content\\\/litespeed\\\/avatar\\\/09ea5085e600095a7a811142c6944527.jpg?ver=1777497608\",\"url\":\"https:\\\/\\\/www.ucaldas.edu.co\\\/portal\\\/wp-content\\\/litespeed\\\/avatar\\\/09ea5085e600095a7a811142c6944527.jpg?ver=1777497608\",\"contentUrl\":\"https:\\\/\\\/www.ucaldas.edu.co\\\/portal\\\/wp-content\\\/litespeed\\\/avatar\\\/09ea5085e600095a7a811142c6944527.jpg?ver=1777497608\",\"caption\":\"ofiprensa\"},\"url\":\"https:\\\/\\\/www.ucaldas.edu.co\\\/portal\\\/author\\\/ofiprensa\\\/\"}]}<\/script>\n<!-- \/ Yoast SEO plugin. -->","yoast_head_json":{"title":"Telesalud y Vehicaldas llevar\u00e1n atenciones por telemedicina a las zonas rurales m\u00e1s distantes de Colombia .","robots":{"index":"index","follow":"follow","max-snippet":"max-snippet:-1","max-image-preview":"max-image-preview:large","max-video-preview":"max-video-preview:-1"},"canonical":"https:\/\/www.ucaldas.edu.co\/portal\/telesalud-y-vehicaldas-unidos-para-llevar-la-telemedicina-a-las-zonas-mas-distantes-del-campo-colombiano\/","schema":{"@context":"https:\/\/schema.org","@graph":[{"@type":"Article","@id":"https:\/\/www.ucaldas.edu.co\/portal\/telesalud-y-vehicaldas-unidos-para-llevar-la-telemedicina-a-las-zonas-mas-distantes-del-campo-colombiano\/#article","isPartOf":{"@id":"https:\/\/www.ucaldas.edu.co\/portal\/telesalud-y-vehicaldas-unidos-para-llevar-la-telemedicina-a-las-zonas-mas-distantes-del-campo-colombiano\/"},"author":{"name":"ofiprensa","@id":"https:\/\/www.ucaldas.edu.co\/portal\/#\/schema\/person\/a1b482e23449158b4bc319926c074fdf"},"headline":"Telesalud y Vehicaldas llevar\u00e1n atenciones por telemedicina a las zonas rurales m\u00e1s distantes de Colombia","datePublished":"2023-06-20T18:54:55+00:00","dateModified":"2023-06-20T19:46:20+00:00","mainEntityOfPage":{"@id":"https:\/\/www.ucaldas.edu.co\/portal\/telesalud-y-vehicaldas-unidos-para-llevar-la-telemedicina-a-las-zonas-mas-distantes-del-campo-colombiano\/"},"wordCount":187,"publisher":{"@id":"https:\/\/www.ucaldas.edu.co\/portal\/#organization"},"image":{"@id":"https:\/\/www.ucaldas.edu.co\/portal\/telesalud-y-vehicaldas-unidos-para-llevar-la-telemedicina-a-las-zonas-mas-distantes-del-campo-colombiano\/#primaryimage"},"thumbnailUrl":"https:\/\/www.ucaldas.edu.co\/portal\/wp-content\/uploads\/2023\/06\/telesalud.jpg","keywords":["Telesalud"],"articleSection":["Actualidad","Universidad al D\u00eda"],"inLanguage":"es"},{"@type":"WebPage","@id":"https:\/\/www.ucaldas.edu.co\/portal\/telesalud-y-vehicaldas-unidos-para-llevar-la-telemedicina-a-las-zonas-mas-distantes-del-campo-colombiano\/","url":"https:\/\/www.ucaldas.edu.co\/portal\/telesalud-y-vehicaldas-unidos-para-llevar-la-telemedicina-a-las-zonas-mas-distantes-del-campo-colombiano\/","name":"Telesalud y Vehicaldas llevar\u00e1n atenciones por telemedicina a las zonas rurales m\u00e1s distantes de Colombia .","isPartOf":{"@id":"https:\/\/www.ucaldas.edu.co\/portal\/#website"},"primaryImageOfPage":{"@id":"https:\/\/www.ucaldas.edu.co\/portal\/telesalud-y-vehicaldas-unidos-para-llevar-la-telemedicina-a-las-zonas-mas-distantes-del-campo-colombiano\/#primaryimage"},"image":{"@id":"https:\/\/www.ucaldas.edu.co\/portal\/telesalud-y-vehicaldas-unidos-para-llevar-la-telemedicina-a-las-zonas-mas-distantes-del-campo-colombiano\/#primaryimage"},"thumbnailUrl":"https:\/\/www.ucaldas.edu.co\/portal\/wp-content\/uploads\/2023\/06\/telesalud.jpg","datePublished":"2023-06-20T18:54:55+00:00","dateModified":"2023-06-20T19:46:20+00:00","breadcrumb":{"@id":"https:\/\/www.ucaldas.edu.co\/portal\/telesalud-y-vehicaldas-unidos-para-llevar-la-telemedicina-a-las-zonas-mas-distantes-del-campo-colombiano\/#breadcrumb"},"inLanguage":"es","potentialAction":[{"@type":"ReadAction","target":["https:\/\/www.ucaldas.edu.co\/portal\/telesalud-y-vehicaldas-unidos-para-llevar-la-telemedicina-a-las-zonas-mas-distantes-del-campo-colombiano\/"]}]},{"@type":"ImageObject","inLanguage":"es","@id":"https:\/\/www.ucaldas.edu.co\/portal\/telesalud-y-vehicaldas-unidos-para-llevar-la-telemedicina-a-las-zonas-mas-distantes-del-campo-colombiano\/#primaryimage","url":"https:\/\/www.ucaldas.edu.co\/portal\/wp-content\/uploads\/2023\/06\/telesalud.jpg","contentUrl":"https:\/\/www.ucaldas.edu.co\/portal\/wp-content\/uploads\/2023\/06\/telesalud.jpg","width":900,"height":510,"caption":"telesalud"},{"@type":"BreadcrumbList","@id":"https:\/\/www.ucaldas.edu.co\/portal\/telesalud-y-vehicaldas-unidos-para-llevar-la-telemedicina-a-las-zonas-mas-distantes-del-campo-colombiano\/#breadcrumb","itemListElement":[{"@type":"ListItem","position":1,"name":"Portada","item":"https:\/\/www.ucaldas.edu.co\/portal\/"},{"@type":"ListItem","position":2,"name":"Telesalud y Vehicaldas llevar\u00e1n atenciones por telemedicina a las zonas rurales m\u00e1s distantes de Colombia"}]},{"@type":"WebSite","@id":"https:\/\/www.ucaldas.edu.co\/portal\/#website","url":"https:\/\/www.ucaldas.edu.co\/portal\/","name":"Universidad de Caldas","description":"","publisher":{"@id":"https:\/\/www.ucaldas.edu.co\/portal\/#organization"},"alternateName":"U. de Caldas","potentialAction":[{"@type":"SearchAction","target":{"@type":"EntryPoint","urlTemplate":"https:\/\/www.ucaldas.edu.co\/portal\/?s={search_term_string}"},"query-input":{"@type":"PropertyValueSpecification","valueRequired":true,"valueName":"search_term_string"}}],"inLanguage":"es"},{"@type":"Organization","@id":"https:\/\/www.ucaldas.edu.co\/portal\/#organization","name":"Universidad de Caldas","alternateName":"U. de Caldas","url":"https:\/\/www.ucaldas.edu.co\/portal\/","logo":{"@type":"ImageObject","inLanguage":"es","@id":"https:\/\/www.ucaldas.edu.co\/portal\/#\/schema\/logo\/image\/","url":"https:\/\/www.ucaldas.edu.co\/portal\/wp-content\/uploads\/2023\/11\/Logo_horizontal_oscuroU-2023.png","contentUrl":"https:\/\/www.ucaldas.edu.co\/portal\/wp-content\/uploads\/2023\/11\/Logo_horizontal_oscuroU-2023.png","width":263,"height":101,"caption":"Universidad de Caldas"},"image":{"@id":"https:\/\/www.ucaldas.edu.co\/portal\/#\/schema\/logo\/image\/"},"sameAs":["https:\/\/www.facebook.com\/udecaldas","https:\/\/x.com\/udecaldas","https:\/\/www.youtube.com\/universidadcaldas","https:\/\/www.instagram.com\/udecaldas\/"]},{"@type":"Person","@id":"https:\/\/www.ucaldas.edu.co\/portal\/#\/schema\/person\/a1b482e23449158b4bc319926c074fdf","name":"ofiprensa","image":{"@type":"ImageObject","inLanguage":"es","@id":"https:\/\/www.ucaldas.edu.co\/portal\/wp-content\/litespeed\/avatar\/09ea5085e600095a7a811142c6944527.jpg?ver=1777497608","url":"https:\/\/www.ucaldas.edu.co\/portal\/wp-content\/litespeed\/avatar\/09ea5085e600095a7a811142c6944527.jpg?ver=1777497608","contentUrl":"https:\/\/www.ucaldas.edu.co\/portal\/wp-content\/litespeed\/avatar\/09ea5085e600095a7a811142c6944527.jpg?ver=1777497608","caption":"ofiprensa"},"url":"https:\/\/www.ucaldas.edu.co\/portal\/author\/ofiprensa\/"}]}},"_links":{"self":[{"href":"https:\/\/www.ucaldas.edu.co\/portal\/wp-json\/wp\/v2\/posts\/76352","targetHints":{"allow":["GET"]}}],"collection":[{"href":"https:\/\/www.ucaldas.edu.co\/portal\/wp-json\/wp\/v2\/posts"}],"about":[{"href":"https:\/\/www.ucaldas.edu.co\/portal\/wp-json\/wp\/v2\/types\/post"}],"author":[{"embeddable":true,"href":"https:\/\/www.ucaldas.edu.co\/portal\/wp-json\/wp\/v2\/users\/2"}],"replies":[{"embeddable":true,"href":"https:\/\/www.ucaldas.edu.co\/portal\/wp-json\/wp\/v2\/comments?post=76352"}],"version-history":[{"count":0,"href":"https:\/\/www.ucaldas.edu.co\/portal\/wp-json\/wp\/v2\/posts\/76352\/revisions"}],"wp:featuredmedia":[{"embeddable":true,"href":"https:\/\/www.ucaldas.edu.co\/portal\/wp-json\/wp\/v2\/media\/76353"}],"wp:attachment":[{"href":"https:\/\/www.ucaldas.edu.co\/portal\/wp-json\/wp\/v2\/media?parent=76352"}],"wp:term":[{"taxonomy":"category","embeddable":true,"href":"https:\/\/www.ucaldas.edu.co\/portal\/wp-json\/wp\/v2\/categories?post=76352"},{"taxonomy":"post_tag","embeddable":true,"href":"https:\/\/www.ucaldas.edu.co\/portal\/wp-json\/wp\/v2\/tags?post=76352"}],"curies":[{"name":"wp","href":"https:\/\/api.w.org\/{rel}","templated":true}]}}