{"id":76312,"date":"2023-06-15T13:39:58","date_gmt":"2023-06-15T13:39:58","guid":{"rendered":"https:\/\/www.ucaldas.edu.co\/portal\/?p=76312"},"modified":"2023-06-15T13:39:58","modified_gmt":"2023-06-15T13:39:58","slug":"universidades-publicas-del-sistema-universitario-estatal-sue-envian-comunicado-al-gobierno-nacional","status":"publish","type":"post","link":"https:\/\/www.ucaldas.edu.co\/portal\/universidades-publicas-del-sistema-universitario-estatal-sue-envian-comunicado-al-gobierno-nacional\/","title":{"rendered":"Universidades p\u00fablicas del Sistema Universitario Estatal, SUE, env\u00edan comunicado al Gobierno Nacional"},"content":{"rendered":"<p><img loading=\"lazy\" decoding=\"async\" class=\"aligncenter size-full wp-image-76315\" src=\"https:\/\/www.ucaldas.edu.co\/portal\/wp-content\/uploads\/2023\/06\/sue.jpg\" alt=\"reuni\u00f3n sue\" width=\"900\" height=\"510\" srcset=\"https:\/\/www.ucaldas.edu.co\/portal\/wp-content\/uploads\/2023\/06\/sue.jpg 900w, https:\/\/www.ucaldas.edu.co\/portal\/wp-content\/uploads\/2023\/06\/sue-300x170.jpg 300w, https:\/\/www.ucaldas.edu.co\/portal\/wp-content\/uploads\/2023\/06\/sue-768x435.jpg 768w\" sizes=\"auto, (max-width: 900px) 100vw, 900px\" \/><\/p>\n<p>El Rector de la Universidad de Caldas, Fabio Hernando Arias Orozco, particip\u00f3 en el Consejo Nacional de Rectores del Sistema Universitario Estatal, SUE, en el cual participan 34 universidades p\u00fablicas del pa\u00eds.<!--more--><\/p>\n<p>Durante el encuentro se socializ\u00f3 un comunicado que ser\u00e1 enviado al presidente de Colombia, Gustavo Petro, en el que se destacan temas como ampliaci\u00f3n de la cobertura educativa, financiamiento y acompa\u00f1amiento en la ejecuci\u00f3n del Plan Nacional de Desarrollo, PND.<\/p>\n<p>En el documento, los rectores integrantes del SUE explican que la ampliaci\u00f3n de cobertura implica un modelo de regionalizaci\u00f3n de la universidad p\u00fablica, con enfoque territorial, lo cual exige un plan de infraestructura f\u00edsica y tecnol\u00f3gica que modernice las instituciones. Tambi\u00e9n mencionan que para aumentar la cobertura es necesaria la concertaci\u00f3n con el Ministerio de Educaci\u00f3n Nacional, lo que garantizar\u00eda los par\u00e1metros de calidad, por lo cual es necesario que se reconozca a la base presupuestal el costo per c\u00e1pita por estudiante adicional al a\u00f1o.<\/p>\n<p>Otro aspecto abordado en el comunicado fueron las sedes regionales con oferta de programas acad\u00e9micos pertinentes y necesarios para el desarrollo del pa\u00eds, por lo que solicitan por parte del MEN una restructuraci\u00f3n normativa que regule el actual Sistema de Aseguramiento de la Calidad, permitiendo compartir registros calificados entre las universidades p\u00fablicas.<\/p>\n<p>El presidente del Sistema Universitario Estatal SUE, Jairo Torres Oviedo, afirma que este documento es un llamado al Ministerio de Educaci\u00f3n Nacional y al Gobierno con el fin de integrar las agendas de trabajo en torno a las metas dispuestas en el Plan Nacional de Desarrollo en cuanto a la educaci\u00f3n, donde las universidades son actores fundamentales del proceso para dar celeridad a los objetivos establecidos.<\/p>\n<p>Entre tanto el Rector de la Universidad de Caldas, Fabio Hernando Arias Orozco, mencion\u00f3 que el comunicado adem\u00e1s es un llamado de disposici\u00f3n de las Universidades para apoyar y aportar en las metas del Plan de Desarrollo y agreg\u00f3 que al Consejo Nacional asisti\u00f3 la Ministra de Educaci\u00f3n, quien resalt\u00f3 el trabajo que adelanta la Universidad de Caldas en la regionalizaci\u00f3n.<\/p>\n<p><a href=\"https:\/\/www.ucaldas.edu.co\/portal\/wp-content\/uploads\/2023\/06\/CARTA-AL-PREESIDENTE-EN-ARMENIA.pdf\"><strong>Conozca aqu\u00ed el comunicado.<\/strong><\/a><\/p>\n<p><strong>\u00a0<\/strong><\/p>\n<p><strong>Anexo:<\/strong><\/p>\n<p><a href=\"https:\/\/www.ucaldas.edu.co\/portal\/wp-content\/uploads\/2023\/06\/Presidente-del-Sistema-Universitario-Estatal-SUE-Jairo-Torres-Oviedo.mp3\"><strong>-Audio Presidente del Sistema Universitario Estatal SUE, Jairo Torres Oviedo.<\/strong><\/a><\/p>\n<audio class=\"wp-audio-shortcode\" id=\"audio-76312-1\" preload=\"none\" style=\"width: 100%;\" controls=\"controls\"><source type=\"audio\/mpeg\" src=\"https:\/\/www.ucaldas.edu.co\/portal\/wp-content\/uploads\/2023\/06\/Presidente-del-Sistema-Universitario-Estatal-SUE-Jairo-Torres-Oviedo.mp3?_=1\" \/><a href=\"https:\/\/www.ucaldas.edu.co\/portal\/wp-content\/uploads\/2023\/06\/Presidente-del-Sistema-Universitario-Estatal-SUE-Jairo-Torres-Oviedo.mp3\">https:\/\/www.ucaldas.edu.co\/portal\/wp-content\/uploads\/2023\/06\/Presidente-del-Sistema-Universitario-Estatal-SUE-Jairo-Torres-Oviedo.mp3<\/a><\/audio>\n<p><a href=\"https:\/\/www.ucaldas.edu.co\/portal\/wp-content\/uploads\/2023\/06\/sue-Rector-Universidad-de-Caldas-Fabio-Hernando-Arias-Orozco.mp3\"><strong>-Audio Rector Universidad de Caldas, Fabio Hernando Arias Orozco.<\/strong><\/a><\/p>\n<audio class=\"wp-audio-shortcode\" id=\"audio-76312-2\" preload=\"none\" style=\"width: 100%;\" controls=\"controls\"><source type=\"audio\/mpeg\" src=\"https:\/\/www.ucaldas.edu.co\/portal\/wp-content\/uploads\/2023\/06\/sue-Rector-Universidad-de-Caldas-Fabio-Hernando-Arias-Orozco.mp3?_=2\" \/><a href=\"https:\/\/www.ucaldas.edu.co\/portal\/wp-content\/uploads\/2023\/06\/sue-Rector-Universidad-de-Caldas-Fabio-Hernando-Arias-Orozco.mp3\">https:\/\/www.ucaldas.edu.co\/portal\/wp-content\/uploads\/2023\/06\/sue-Rector-Universidad-de-Caldas-Fabio-Hernando-Arias-Orozco.mp3<\/a><\/audio>\n","protected":false},"excerpt":{"rendered":"<p>El Rector de la Universidad de Caldas, Fabio Hernando Arias Orozco, particip\u00f3 en el Consejo Nacional de Rectores del Sistema Universitario Estatal, SUE, en el cual participan 34 universidades p\u00fablicas del pa\u00eds.<\/p>\n","protected":false},"author":2,"featured_media":76315,"comment_status":"closed","ping_status":"open","sticky":false,"template":"","format":"standard","meta":{"footnotes":""},"categories":[48,53],"tags":[1928],"class_list":["post-76312","post","type-post","status-publish","format-standard","has-post-thumbnail","hentry","category-actualidad","category-universidad-al-dia","tag-sue"],"yoast_head":"<!-- This site is optimized with the Yoast SEO plugin v27.5 - https:\/\/yoast.com\/product\/yoast-seo-wordpress\/ -->\n<title>Universidades p\u00fablicas del Sistema Universitario Estatal, SUE, env\u00edan comunicado al Gobierno Nacional .<\/title>\n<meta name=\"robots\" content=\"index, follow, max-snippet:-1, max-image-preview:large, max-video-preview:-1\" \/>\n<link rel=\"canonical\" href=\"https:\/\/www.ucaldas.edu.co\/portal\/universidades-publicas-del-sistema-universitario-estatal-sue-envian-comunicado-al-gobierno-nacional\/\" \/>\n<script type=\"application\/ld+json\" class=\"yoast-schema-graph\">{\"@context\":\"https:\\\/\\\/schema.org\",\"@graph\":[{\"@type\":\"Article\",\"@id\":\"https:\\\/\\\/www.ucaldas.edu.co\\\/portal\\\/universidades-publicas-del-sistema-universitario-estatal-sue-envian-comunicado-al-gobierno-nacional\\\/#article\",\"isPartOf\":{\"@id\":\"https:\\\/\\\/www.ucaldas.edu.co\\\/portal\\\/universidades-publicas-del-sistema-universitario-estatal-sue-envian-comunicado-al-gobierno-nacional\\\/\"},\"author\":{\"name\":\"ofiprensa\",\"@id\":\"https:\\\/\\\/www.ucaldas.edu.co\\\/portal\\\/#\\\/schema\\\/person\\\/a1b482e23449158b4bc319926c074fdf\"},\"headline\":\"Universidades p\u00fablicas del Sistema Universitario Estatal, SUE, env\u00edan comunicado al Gobierno Nacional\",\"datePublished\":\"2023-06-15T13:39:58+00:00\",\"mainEntityOfPage\":{\"@id\":\"https:\\\/\\\/www.ucaldas.edu.co\\\/portal\\\/universidades-publicas-del-sistema-universitario-estatal-sue-envian-comunicado-al-gobierno-nacional\\\/\"},\"wordCount\":426,\"publisher\":{\"@id\":\"https:\\\/\\\/www.ucaldas.edu.co\\\/portal\\\/#organization\"},\"image\":{\"@id\":\"https:\\\/\\\/www.ucaldas.edu.co\\\/portal\\\/universidades-publicas-del-sistema-universitario-estatal-sue-envian-comunicado-al-gobierno-nacional\\\/#primaryimage\"},\"thumbnailUrl\":\"https:\\\/\\\/www.ucaldas.edu.co\\\/portal\\\/wp-content\\\/uploads\\\/2023\\\/06\\\/sue.jpg\",\"keywords\":[\"SUE\"],\"articleSection\":[\"Actualidad\",\"Universidad al D\u00eda\"],\"inLanguage\":\"es\"},{\"@type\":\"WebPage\",\"@id\":\"https:\\\/\\\/www.ucaldas.edu.co\\\/portal\\\/universidades-publicas-del-sistema-universitario-estatal-sue-envian-comunicado-al-gobierno-nacional\\\/\",\"url\":\"https:\\\/\\\/www.ucaldas.edu.co\\\/portal\\\/universidades-publicas-del-sistema-universitario-estatal-sue-envian-comunicado-al-gobierno-nacional\\\/\",\"name\":\"Universidades p\u00fablicas del Sistema Universitario Estatal, SUE, env\u00edan comunicado al Gobierno Nacional .\",\"isPartOf\":{\"@id\":\"https:\\\/\\\/www.ucaldas.edu.co\\\/portal\\\/#website\"},\"primaryImageOfPage\":{\"@id\":\"https:\\\/\\\/www.ucaldas.edu.co\\\/portal\\\/universidades-publicas-del-sistema-universitario-estatal-sue-envian-comunicado-al-gobierno-nacional\\\/#primaryimage\"},\"image\":{\"@id\":\"https:\\\/\\\/www.ucaldas.edu.co\\\/portal\\\/universidades-publicas-del-sistema-universitario-estatal-sue-envian-comunicado-al-gobierno-nacional\\\/#primaryimage\"},\"thumbnailUrl\":\"https:\\\/\\\/www.ucaldas.edu.co\\\/portal\\\/wp-content\\\/uploads\\\/2023\\\/06\\\/sue.jpg\",\"datePublished\":\"2023-06-15T13:39:58+00:00\",\"breadcrumb\":{\"@id\":\"https:\\\/\\\/www.ucaldas.edu.co\\\/portal\\\/universidades-publicas-del-sistema-universitario-estatal-sue-envian-comunicado-al-gobierno-nacional\\\/#breadcrumb\"},\"inLanguage\":\"es\",\"potentialAction\":[{\"@type\":\"ReadAction\",\"target\":[\"https:\\\/\\\/www.ucaldas.edu.co\\\/portal\\\/universidades-publicas-del-sistema-universitario-estatal-sue-envian-comunicado-al-gobierno-nacional\\\/\"]}]},{\"@type\":\"ImageObject\",\"inLanguage\":\"es\",\"@id\":\"https:\\\/\\\/www.ucaldas.edu.co\\\/portal\\\/universidades-publicas-del-sistema-universitario-estatal-sue-envian-comunicado-al-gobierno-nacional\\\/#primaryimage\",\"url\":\"https:\\\/\\\/www.ucaldas.edu.co\\\/portal\\\/wp-content\\\/uploads\\\/2023\\\/06\\\/sue.jpg\",\"contentUrl\":\"https:\\\/\\\/www.ucaldas.edu.co\\\/portal\\\/wp-content\\\/uploads\\\/2023\\\/06\\\/sue.jpg\",\"width\":900,\"height\":510,\"caption\":\"reuni\u00f3n sue\"},{\"@type\":\"BreadcrumbList\",\"@id\":\"https:\\\/\\\/www.ucaldas.edu.co\\\/portal\\\/universidades-publicas-del-sistema-universitario-estatal-sue-envian-comunicado-al-gobierno-nacional\\\/#breadcrumb\",\"itemListElement\":[{\"@type\":\"ListItem\",\"position\":1,\"name\":\"Portada\",\"item\":\"https:\\\/\\\/www.ucaldas.edu.co\\\/portal\\\/\"},{\"@type\":\"ListItem\",\"position\":2,\"name\":\"Universidades p\u00fablicas del Sistema Universitario Estatal, SUE, env\u00edan comunicado al Gobierno Nacional\"}]},{\"@type\":\"WebSite\",\"@id\":\"https:\\\/\\\/www.ucaldas.edu.co\\\/portal\\\/#website\",\"url\":\"https:\\\/\\\/www.ucaldas.edu.co\\\/portal\\\/\",\"name\":\"Universidad de Caldas\",\"description\":\"\",\"publisher\":{\"@id\":\"https:\\\/\\\/www.ucaldas.edu.co\\\/portal\\\/#organization\"},\"alternateName\":\"U. de Caldas\",\"potentialAction\":[{\"@type\":\"SearchAction\",\"target\":{\"@type\":\"EntryPoint\",\"urlTemplate\":\"https:\\\/\\\/www.ucaldas.edu.co\\\/portal\\\/?s={search_term_string}\"},\"query-input\":{\"@type\":\"PropertyValueSpecification\",\"valueRequired\":true,\"valueName\":\"search_term_string\"}}],\"inLanguage\":\"es\"},{\"@type\":\"Organization\",\"@id\":\"https:\\\/\\\/www.ucaldas.edu.co\\\/portal\\\/#organization\",\"name\":\"Universidad de Caldas\",\"alternateName\":\"U. de Caldas\",\"url\":\"https:\\\/\\\/www.ucaldas.edu.co\\\/portal\\\/\",\"logo\":{\"@type\":\"ImageObject\",\"inLanguage\":\"es\",\"@id\":\"https:\\\/\\\/www.ucaldas.edu.co\\\/portal\\\/#\\\/schema\\\/logo\\\/image\\\/\",\"url\":\"https:\\\/\\\/www.ucaldas.edu.co\\\/portal\\\/wp-content\\\/uploads\\\/2023\\\/11\\\/Logo_horizontal_oscuroU-2023.png\",\"contentUrl\":\"https:\\\/\\\/www.ucaldas.edu.co\\\/portal\\\/wp-content\\\/uploads\\\/2023\\\/11\\\/Logo_horizontal_oscuroU-2023.png\",\"width\":263,\"height\":101,\"caption\":\"Universidad de Caldas\"},\"image\":{\"@id\":\"https:\\\/\\\/www.ucaldas.edu.co\\\/portal\\\/#\\\/schema\\\/logo\\\/image\\\/\"},\"sameAs\":[\"https:\\\/\\\/www.facebook.com\\\/udecaldas\",\"https:\\\/\\\/x.com\\\/udecaldas\",\"https:\\\/\\\/www.youtube.com\\\/universidadcaldas\",\"https:\\\/\\\/www.instagram.com\\\/udecaldas\\\/\"]},{\"@type\":\"Person\",\"@id\":\"https:\\\/\\\/www.ucaldas.edu.co\\\/portal\\\/#\\\/schema\\\/person\\\/a1b482e23449158b4bc319926c074fdf\",\"name\":\"ofiprensa\",\"image\":{\"@type\":\"ImageObject\",\"inLanguage\":\"es\",\"@id\":\"https:\\\/\\\/www.ucaldas.edu.co\\\/portal\\\/wp-content\\\/litespeed\\\/avatar\\\/09ea5085e600095a7a811142c6944527.jpg?ver=1777497608\",\"url\":\"https:\\\/\\\/www.ucaldas.edu.co\\\/portal\\\/wp-content\\\/litespeed\\\/avatar\\\/09ea5085e600095a7a811142c6944527.jpg?ver=1777497608\",\"contentUrl\":\"https:\\\/\\\/www.ucaldas.edu.co\\\/portal\\\/wp-content\\\/litespeed\\\/avatar\\\/09ea5085e600095a7a811142c6944527.jpg?ver=1777497608\",\"caption\":\"ofiprensa\"},\"url\":\"https:\\\/\\\/www.ucaldas.edu.co\\\/portal\\\/author\\\/ofiprensa\\\/\"}]}<\/script>\n<!-- \/ Yoast SEO plugin. -->","yoast_head_json":{"title":"Universidades p\u00fablicas del Sistema Universitario Estatal, SUE, env\u00edan comunicado al Gobierno Nacional .","robots":{"index":"index","follow":"follow","max-snippet":"max-snippet:-1","max-image-preview":"max-image-preview:large","max-video-preview":"max-video-preview:-1"},"canonical":"https:\/\/www.ucaldas.edu.co\/portal\/universidades-publicas-del-sistema-universitario-estatal-sue-envian-comunicado-al-gobierno-nacional\/","schema":{"@context":"https:\/\/schema.org","@graph":[{"@type":"Article","@id":"https:\/\/www.ucaldas.edu.co\/portal\/universidades-publicas-del-sistema-universitario-estatal-sue-envian-comunicado-al-gobierno-nacional\/#article","isPartOf":{"@id":"https:\/\/www.ucaldas.edu.co\/portal\/universidades-publicas-del-sistema-universitario-estatal-sue-envian-comunicado-al-gobierno-nacional\/"},"author":{"name":"ofiprensa","@id":"https:\/\/www.ucaldas.edu.co\/portal\/#\/schema\/person\/a1b482e23449158b4bc319926c074fdf"},"headline":"Universidades p\u00fablicas del Sistema Universitario Estatal, SUE, env\u00edan comunicado al Gobierno Nacional","datePublished":"2023-06-15T13:39:58+00:00","mainEntityOfPage":{"@id":"https:\/\/www.ucaldas.edu.co\/portal\/universidades-publicas-del-sistema-universitario-estatal-sue-envian-comunicado-al-gobierno-nacional\/"},"wordCount":426,"publisher":{"@id":"https:\/\/www.ucaldas.edu.co\/portal\/#organization"},"image":{"@id":"https:\/\/www.ucaldas.edu.co\/portal\/universidades-publicas-del-sistema-universitario-estatal-sue-envian-comunicado-al-gobierno-nacional\/#primaryimage"},"thumbnailUrl":"https:\/\/www.ucaldas.edu.co\/portal\/wp-content\/uploads\/2023\/06\/sue.jpg","keywords":["SUE"],"articleSection":["Actualidad","Universidad al D\u00eda"],"inLanguage":"es"},{"@type":"WebPage","@id":"https:\/\/www.ucaldas.edu.co\/portal\/universidades-publicas-del-sistema-universitario-estatal-sue-envian-comunicado-al-gobierno-nacional\/","url":"https:\/\/www.ucaldas.edu.co\/portal\/universidades-publicas-del-sistema-universitario-estatal-sue-envian-comunicado-al-gobierno-nacional\/","name":"Universidades p\u00fablicas del Sistema Universitario Estatal, SUE, env\u00edan comunicado al Gobierno Nacional .","isPartOf":{"@id":"https:\/\/www.ucaldas.edu.co\/portal\/#website"},"primaryImageOfPage":{"@id":"https:\/\/www.ucaldas.edu.co\/portal\/universidades-publicas-del-sistema-universitario-estatal-sue-envian-comunicado-al-gobierno-nacional\/#primaryimage"},"image":{"@id":"https:\/\/www.ucaldas.edu.co\/portal\/universidades-publicas-del-sistema-universitario-estatal-sue-envian-comunicado-al-gobierno-nacional\/#primaryimage"},"thumbnailUrl":"https:\/\/www.ucaldas.edu.co\/portal\/wp-content\/uploads\/2023\/06\/sue.jpg","datePublished":"2023-06-15T13:39:58+00:00","breadcrumb":{"@id":"https:\/\/www.ucaldas.edu.co\/portal\/universidades-publicas-del-sistema-universitario-estatal-sue-envian-comunicado-al-gobierno-nacional\/#breadcrumb"},"inLanguage":"es","potentialAction":[{"@type":"ReadAction","target":["https:\/\/www.ucaldas.edu.co\/portal\/universidades-publicas-del-sistema-universitario-estatal-sue-envian-comunicado-al-gobierno-nacional\/"]}]},{"@type":"ImageObject","inLanguage":"es","@id":"https:\/\/www.ucaldas.edu.co\/portal\/universidades-publicas-del-sistema-universitario-estatal-sue-envian-comunicado-al-gobierno-nacional\/#primaryimage","url":"https:\/\/www.ucaldas.edu.co\/portal\/wp-content\/uploads\/2023\/06\/sue.jpg","contentUrl":"https:\/\/www.ucaldas.edu.co\/portal\/wp-content\/uploads\/2023\/06\/sue.jpg","width":900,"height":510,"caption":"reuni\u00f3n sue"},{"@type":"BreadcrumbList","@id":"https:\/\/www.ucaldas.edu.co\/portal\/universidades-publicas-del-sistema-universitario-estatal-sue-envian-comunicado-al-gobierno-nacional\/#breadcrumb","itemListElement":[{"@type":"ListItem","position":1,"name":"Portada","item":"https:\/\/www.ucaldas.edu.co\/portal\/"},{"@type":"ListItem","position":2,"name":"Universidades p\u00fablicas del Sistema Universitario Estatal, SUE, env\u00edan comunicado al Gobierno Nacional"}]},{"@type":"WebSite","@id":"https:\/\/www.ucaldas.edu.co\/portal\/#website","url":"https:\/\/www.ucaldas.edu.co\/portal\/","name":"Universidad de Caldas","description":"","publisher":{"@id":"https:\/\/www.ucaldas.edu.co\/portal\/#organization"},"alternateName":"U. de Caldas","potentialAction":[{"@type":"SearchAction","target":{"@type":"EntryPoint","urlTemplate":"https:\/\/www.ucaldas.edu.co\/portal\/?s={search_term_string}"},"query-input":{"@type":"PropertyValueSpecification","valueRequired":true,"valueName":"search_term_string"}}],"inLanguage":"es"},{"@type":"Organization","@id":"https:\/\/www.ucaldas.edu.co\/portal\/#organization","name":"Universidad de Caldas","alternateName":"U. de Caldas","url":"https:\/\/www.ucaldas.edu.co\/portal\/","logo":{"@type":"ImageObject","inLanguage":"es","@id":"https:\/\/www.ucaldas.edu.co\/portal\/#\/schema\/logo\/image\/","url":"https:\/\/www.ucaldas.edu.co\/portal\/wp-content\/uploads\/2023\/11\/Logo_horizontal_oscuroU-2023.png","contentUrl":"https:\/\/www.ucaldas.edu.co\/portal\/wp-content\/uploads\/2023\/11\/Logo_horizontal_oscuroU-2023.png","width":263,"height":101,"caption":"Universidad de Caldas"},"image":{"@id":"https:\/\/www.ucaldas.edu.co\/portal\/#\/schema\/logo\/image\/"},"sameAs":["https:\/\/www.facebook.com\/udecaldas","https:\/\/x.com\/udecaldas","https:\/\/www.youtube.com\/universidadcaldas","https:\/\/www.instagram.com\/udecaldas\/"]},{"@type":"Person","@id":"https:\/\/www.ucaldas.edu.co\/portal\/#\/schema\/person\/a1b482e23449158b4bc319926c074fdf","name":"ofiprensa","image":{"@type":"ImageObject","inLanguage":"es","@id":"https:\/\/www.ucaldas.edu.co\/portal\/wp-content\/litespeed\/avatar\/09ea5085e600095a7a811142c6944527.jpg?ver=1777497608","url":"https:\/\/www.ucaldas.edu.co\/portal\/wp-content\/litespeed\/avatar\/09ea5085e600095a7a811142c6944527.jpg?ver=1777497608","contentUrl":"https:\/\/www.ucaldas.edu.co\/portal\/wp-content\/litespeed\/avatar\/09ea5085e600095a7a811142c6944527.jpg?ver=1777497608","caption":"ofiprensa"},"url":"https:\/\/www.ucaldas.edu.co\/portal\/author\/ofiprensa\/"}]}},"_links":{"self":[{"href":"https:\/\/www.ucaldas.edu.co\/portal\/wp-json\/wp\/v2\/posts\/76312","targetHints":{"allow":["GET"]}}],"collection":[{"href":"https:\/\/www.ucaldas.edu.co\/portal\/wp-json\/wp\/v2\/posts"}],"about":[{"href":"https:\/\/www.ucaldas.edu.co\/portal\/wp-json\/wp\/v2\/types\/post"}],"author":[{"embeddable":true,"href":"https:\/\/www.ucaldas.edu.co\/portal\/wp-json\/wp\/v2\/users\/2"}],"replies":[{"embeddable":true,"href":"https:\/\/www.ucaldas.edu.co\/portal\/wp-json\/wp\/v2\/comments?post=76312"}],"version-history":[{"count":0,"href":"https:\/\/www.ucaldas.edu.co\/portal\/wp-json\/wp\/v2\/posts\/76312\/revisions"}],"wp:featuredmedia":[{"embeddable":true,"href":"https:\/\/www.ucaldas.edu.co\/portal\/wp-json\/wp\/v2\/media\/76315"}],"wp:attachment":[{"href":"https:\/\/www.ucaldas.edu.co\/portal\/wp-json\/wp\/v2\/media?parent=76312"}],"wp:term":[{"taxonomy":"category","embeddable":true,"href":"https:\/\/www.ucaldas.edu.co\/portal\/wp-json\/wp\/v2\/categories?post=76312"},{"taxonomy":"post_tag","embeddable":true,"href":"https:\/\/www.ucaldas.edu.co\/portal\/wp-json\/wp\/v2\/tags?post=76312"}],"curies":[{"name":"wp","href":"https:\/\/api.w.org\/{rel}","templated":true}]}}