{"id":76309,"date":"2023-06-15T13:37:36","date_gmt":"2023-06-15T13:37:36","guid":{"rendered":"https:\/\/www.ucaldas.edu.co\/portal\/?p=76309"},"modified":"2023-06-15T13:37:36","modified_gmt":"2023-06-15T13:37:36","slug":"docente-universidad-de-caldas-invitado-como-conferencista-por-la-secretaria-distrital-de-educacion-de-bogota-y-fulbright-colombia","status":"publish","type":"post","link":"https:\/\/www.ucaldas.edu.co\/portal\/docente-universidad-de-caldas-invitado-como-conferencista-por-la-secretaria-distrital-de-educacion-de-bogota-y-fulbright-colombia\/","title":{"rendered":"Docente Universidad de Caldas invitado como conferencista por la Secretar\u00eda Distrital de Educaci\u00f3n de Bogot\u00e1 y Fulbright Colombia"},"content":{"rendered":"<p><img loading=\"lazy\" decoding=\"async\" class=\"aligncenter size-full wp-image-76310\" src=\"https:\/\/www.ucaldas.edu.co\/portal\/wp-content\/uploads\/2023\/06\/ingles.jpg\" alt=\"ense\u00f1anza ingl\u00e9s\" width=\"900\" height=\"510\" srcset=\"https:\/\/www.ucaldas.edu.co\/portal\/wp-content\/uploads\/2023\/06\/ingles.jpg 900w, https:\/\/www.ucaldas.edu.co\/portal\/wp-content\/uploads\/2023\/06\/ingles-300x170.jpg 300w, https:\/\/www.ucaldas.edu.co\/portal\/wp-content\/uploads\/2023\/06\/ingles-768x435.jpg 768w\" sizes=\"auto, (max-width: 900px) 100vw, 900px\" \/><\/p>\n<p>El Director de la Maestr\u00eda en Did\u00e1ctica del Ingl\u00e9s de la Universidad de Caldas, Frank Giraldo, fue invitado por la Secretar\u00eda Distrital de Educaci\u00f3n de Bogot\u00e1 y Fulbright Colombia, para realizar una capacitaci\u00f3n sobre la ense\u00f1anza del ingl\u00e9s dirigida a docentes y directivas de colegios de la capital.<!--more--><\/p>\n<p>La capacitaci\u00f3n \u201cLa literacidad en evaluaci\u00f3n de lenguas: Hacia pr\u00e1cticas evaluativas profesionales, v\u00e1lidas y justas\u00bb, abord\u00f3 temas fundamentales relacionados con la evaluaci\u00f3n del aprendizaje del idioma ingl\u00e9s, donde los participantes tuvieron la oportunidad de aprender estrategias efectivas para evaluar el progreso y el desarrollo de los estudiantes en el dominio de este idioma.<\/p>\n<p>El objetivo de esta sesi\u00f3n, fue brindar a docentes los elementos y herramientas pr\u00e1cticas de evaluaci\u00f3n para el seguimiento, recolecci\u00f3n, an\u00e1lisis y sistematizaci\u00f3n de datos, a partir de las experiencias de docentes en torno al biling\u00fcismo y el c\u00f3mo generar, fomentar y sostener espacios de trabajo colaborativo entre pares, para la formulaci\u00f3n de acciones de evaluaci\u00f3n del aprendizaje de los estudiantes.<\/p>\n<p>Frank Giraldo es docente investigador de la Universidad de Caldas, cuenta con maestr\u00eda en Did\u00e1ctica del Ingl\u00e9s y una maestr\u00eda en Ense\u00f1anza del Ingl\u00e9s como Segunda Lengua en la Universidad de Illinois, Estados Unidos.<\/p>\n<p>Los interesados puede revivir la transmisi\u00f3n en el siguiente link: <a href=\"https:\/\/www.youtube.com\/@PortalEducativoRedAcademica\/streams\"><strong>Transmisi\u00f3n.<\/strong><\/a><\/p>\n","protected":false},"excerpt":{"rendered":"<p>El Director de la Maestr\u00eda en Did\u00e1ctica del Ingl\u00e9s de la Universidad de Caldas, Frank Giraldo, fue invitado por la Secretar\u00eda Distrital de Educaci\u00f3n de Bogot\u00e1 y Fulbright Colombia, para realizar una capacitaci\u00f3n sobre la ense\u00f1anza del ingl\u00e9s dirigida a docentes y directivas de colegios de la capital.<\/p>\n","protected":false},"author":2,"featured_media":76310,"comment_status":"closed","ping_status":"open","sticky":false,"template":"","format":"standard","meta":{"footnotes":""},"categories":[48,53],"tags":[125],"class_list":["post-76309","post","type-post","status-publish","format-standard","has-post-thumbnail","hentry","category-actualidad","category-universidad-al-dia","tag-conferencia"],"yoast_head":"<!-- This site is optimized with the Yoast SEO plugin v27.5 - https:\/\/yoast.com\/product\/yoast-seo-wordpress\/ -->\n<title>Docente Universidad de Caldas invitado como conferencista por la Secretar\u00eda Distrital de Educaci\u00f3n de Bogot\u00e1 y Fulbright Colombia .<\/title>\n<meta name=\"robots\" content=\"index, follow, max-snippet:-1, max-image-preview:large, max-video-preview:-1\" \/>\n<link rel=\"canonical\" href=\"https:\/\/www.ucaldas.edu.co\/portal\/docente-universidad-de-caldas-invitado-como-conferencista-por-la-secretaria-distrital-de-educacion-de-bogota-y-fulbright-colombia\/\" \/>\n<script type=\"application\/ld+json\" class=\"yoast-schema-graph\">{\"@context\":\"https:\\\/\\\/schema.org\",\"@graph\":[{\"@type\":\"Article\",\"@id\":\"https:\\\/\\\/www.ucaldas.edu.co\\\/portal\\\/docente-universidad-de-caldas-invitado-como-conferencista-por-la-secretaria-distrital-de-educacion-de-bogota-y-fulbright-colombia\\\/#article\",\"isPartOf\":{\"@id\":\"https:\\\/\\\/www.ucaldas.edu.co\\\/portal\\\/docente-universidad-de-caldas-invitado-como-conferencista-por-la-secretaria-distrital-de-educacion-de-bogota-y-fulbright-colombia\\\/\"},\"author\":{\"name\":\"ofiprensa\",\"@id\":\"https:\\\/\\\/www.ucaldas.edu.co\\\/portal\\\/#\\\/schema\\\/person\\\/a1b482e23449158b4bc319926c074fdf\"},\"headline\":\"Docente Universidad de Caldas invitado como conferencista por la Secretar\u00eda Distrital de Educaci\u00f3n de Bogot\u00e1 y Fulbright Colombia\",\"datePublished\":\"2023-06-15T13:37:36+00:00\",\"mainEntityOfPage\":{\"@id\":\"https:\\\/\\\/www.ucaldas.edu.co\\\/portal\\\/docente-universidad-de-caldas-invitado-como-conferencista-por-la-secretaria-distrital-de-educacion-de-bogota-y-fulbright-colombia\\\/\"},\"wordCount\":259,\"publisher\":{\"@id\":\"https:\\\/\\\/www.ucaldas.edu.co\\\/portal\\\/#organization\"},\"image\":{\"@id\":\"https:\\\/\\\/www.ucaldas.edu.co\\\/portal\\\/docente-universidad-de-caldas-invitado-como-conferencista-por-la-secretaria-distrital-de-educacion-de-bogota-y-fulbright-colombia\\\/#primaryimage\"},\"thumbnailUrl\":\"https:\\\/\\\/www.ucaldas.edu.co\\\/portal\\\/wp-content\\\/uploads\\\/2023\\\/06\\\/ingles.jpg\",\"keywords\":[\"conferencia\"],\"articleSection\":[\"Actualidad\",\"Universidad al D\u00eda\"],\"inLanguage\":\"es\"},{\"@type\":\"WebPage\",\"@id\":\"https:\\\/\\\/www.ucaldas.edu.co\\\/portal\\\/docente-universidad-de-caldas-invitado-como-conferencista-por-la-secretaria-distrital-de-educacion-de-bogota-y-fulbright-colombia\\\/\",\"url\":\"https:\\\/\\\/www.ucaldas.edu.co\\\/portal\\\/docente-universidad-de-caldas-invitado-como-conferencista-por-la-secretaria-distrital-de-educacion-de-bogota-y-fulbright-colombia\\\/\",\"name\":\"Docente Universidad de Caldas invitado como conferencista por la Secretar\u00eda Distrital de Educaci\u00f3n de Bogot\u00e1 y Fulbright Colombia .\",\"isPartOf\":{\"@id\":\"https:\\\/\\\/www.ucaldas.edu.co\\\/portal\\\/#website\"},\"primaryImageOfPage\":{\"@id\":\"https:\\\/\\\/www.ucaldas.edu.co\\\/portal\\\/docente-universidad-de-caldas-invitado-como-conferencista-por-la-secretaria-distrital-de-educacion-de-bogota-y-fulbright-colombia\\\/#primaryimage\"},\"image\":{\"@id\":\"https:\\\/\\\/www.ucaldas.edu.co\\\/portal\\\/docente-universidad-de-caldas-invitado-como-conferencista-por-la-secretaria-distrital-de-educacion-de-bogota-y-fulbright-colombia\\\/#primaryimage\"},\"thumbnailUrl\":\"https:\\\/\\\/www.ucaldas.edu.co\\\/portal\\\/wp-content\\\/uploads\\\/2023\\\/06\\\/ingles.jpg\",\"datePublished\":\"2023-06-15T13:37:36+00:00\",\"breadcrumb\":{\"@id\":\"https:\\\/\\\/www.ucaldas.edu.co\\\/portal\\\/docente-universidad-de-caldas-invitado-como-conferencista-por-la-secretaria-distrital-de-educacion-de-bogota-y-fulbright-colombia\\\/#breadcrumb\"},\"inLanguage\":\"es\",\"potentialAction\":[{\"@type\":\"ReadAction\",\"target\":[\"https:\\\/\\\/www.ucaldas.edu.co\\\/portal\\\/docente-universidad-de-caldas-invitado-como-conferencista-por-la-secretaria-distrital-de-educacion-de-bogota-y-fulbright-colombia\\\/\"]}]},{\"@type\":\"ImageObject\",\"inLanguage\":\"es\",\"@id\":\"https:\\\/\\\/www.ucaldas.edu.co\\\/portal\\\/docente-universidad-de-caldas-invitado-como-conferencista-por-la-secretaria-distrital-de-educacion-de-bogota-y-fulbright-colombia\\\/#primaryimage\",\"url\":\"https:\\\/\\\/www.ucaldas.edu.co\\\/portal\\\/wp-content\\\/uploads\\\/2023\\\/06\\\/ingles.jpg\",\"contentUrl\":\"https:\\\/\\\/www.ucaldas.edu.co\\\/portal\\\/wp-content\\\/uploads\\\/2023\\\/06\\\/ingles.jpg\",\"width\":900,\"height\":510,\"caption\":\"ense\u00f1anza ingl\u00e9s\"},{\"@type\":\"BreadcrumbList\",\"@id\":\"https:\\\/\\\/www.ucaldas.edu.co\\\/portal\\\/docente-universidad-de-caldas-invitado-como-conferencista-por-la-secretaria-distrital-de-educacion-de-bogota-y-fulbright-colombia\\\/#breadcrumb\",\"itemListElement\":[{\"@type\":\"ListItem\",\"position\":1,\"name\":\"Portada\",\"item\":\"https:\\\/\\\/www.ucaldas.edu.co\\\/portal\\\/\"},{\"@type\":\"ListItem\",\"position\":2,\"name\":\"Docente Universidad de Caldas invitado como conferencista por la Secretar\u00eda Distrital de Educaci\u00f3n de Bogot\u00e1 y Fulbright Colombia\"}]},{\"@type\":\"WebSite\",\"@id\":\"https:\\\/\\\/www.ucaldas.edu.co\\\/portal\\\/#website\",\"url\":\"https:\\\/\\\/www.ucaldas.edu.co\\\/portal\\\/\",\"name\":\"Universidad de Caldas\",\"description\":\"\",\"publisher\":{\"@id\":\"https:\\\/\\\/www.ucaldas.edu.co\\\/portal\\\/#organization\"},\"alternateName\":\"U. de Caldas\",\"potentialAction\":[{\"@type\":\"SearchAction\",\"target\":{\"@type\":\"EntryPoint\",\"urlTemplate\":\"https:\\\/\\\/www.ucaldas.edu.co\\\/portal\\\/?s={search_term_string}\"},\"query-input\":{\"@type\":\"PropertyValueSpecification\",\"valueRequired\":true,\"valueName\":\"search_term_string\"}}],\"inLanguage\":\"es\"},{\"@type\":\"Organization\",\"@id\":\"https:\\\/\\\/www.ucaldas.edu.co\\\/portal\\\/#organization\",\"name\":\"Universidad de Caldas\",\"alternateName\":\"U. de Caldas\",\"url\":\"https:\\\/\\\/www.ucaldas.edu.co\\\/portal\\\/\",\"logo\":{\"@type\":\"ImageObject\",\"inLanguage\":\"es\",\"@id\":\"https:\\\/\\\/www.ucaldas.edu.co\\\/portal\\\/#\\\/schema\\\/logo\\\/image\\\/\",\"url\":\"https:\\\/\\\/www.ucaldas.edu.co\\\/portal\\\/wp-content\\\/uploads\\\/2023\\\/11\\\/Logo_horizontal_oscuroU-2023.png\",\"contentUrl\":\"https:\\\/\\\/www.ucaldas.edu.co\\\/portal\\\/wp-content\\\/uploads\\\/2023\\\/11\\\/Logo_horizontal_oscuroU-2023.png\",\"width\":263,\"height\":101,\"caption\":\"Universidad de Caldas\"},\"image\":{\"@id\":\"https:\\\/\\\/www.ucaldas.edu.co\\\/portal\\\/#\\\/schema\\\/logo\\\/image\\\/\"},\"sameAs\":[\"https:\\\/\\\/www.facebook.com\\\/udecaldas\",\"https:\\\/\\\/x.com\\\/udecaldas\",\"https:\\\/\\\/www.youtube.com\\\/universidadcaldas\",\"https:\\\/\\\/www.instagram.com\\\/udecaldas\\\/\"]},{\"@type\":\"Person\",\"@id\":\"https:\\\/\\\/www.ucaldas.edu.co\\\/portal\\\/#\\\/schema\\\/person\\\/a1b482e23449158b4bc319926c074fdf\",\"name\":\"ofiprensa\",\"image\":{\"@type\":\"ImageObject\",\"inLanguage\":\"es\",\"@id\":\"https:\\\/\\\/www.ucaldas.edu.co\\\/portal\\\/wp-content\\\/litespeed\\\/avatar\\\/09ea5085e600095a7a811142c6944527.jpg?ver=1777497608\",\"url\":\"https:\\\/\\\/www.ucaldas.edu.co\\\/portal\\\/wp-content\\\/litespeed\\\/avatar\\\/09ea5085e600095a7a811142c6944527.jpg?ver=1777497608\",\"contentUrl\":\"https:\\\/\\\/www.ucaldas.edu.co\\\/portal\\\/wp-content\\\/litespeed\\\/avatar\\\/09ea5085e600095a7a811142c6944527.jpg?ver=1777497608\",\"caption\":\"ofiprensa\"},\"url\":\"https:\\\/\\\/www.ucaldas.edu.co\\\/portal\\\/author\\\/ofiprensa\\\/\"}]}<\/script>\n<!-- \/ Yoast SEO plugin. -->","yoast_head_json":{"title":"Docente Universidad de Caldas invitado como conferencista por la Secretar\u00eda Distrital de Educaci\u00f3n de Bogot\u00e1 y Fulbright Colombia .","robots":{"index":"index","follow":"follow","max-snippet":"max-snippet:-1","max-image-preview":"max-image-preview:large","max-video-preview":"max-video-preview:-1"},"canonical":"https:\/\/www.ucaldas.edu.co\/portal\/docente-universidad-de-caldas-invitado-como-conferencista-por-la-secretaria-distrital-de-educacion-de-bogota-y-fulbright-colombia\/","schema":{"@context":"https:\/\/schema.org","@graph":[{"@type":"Article","@id":"https:\/\/www.ucaldas.edu.co\/portal\/docente-universidad-de-caldas-invitado-como-conferencista-por-la-secretaria-distrital-de-educacion-de-bogota-y-fulbright-colombia\/#article","isPartOf":{"@id":"https:\/\/www.ucaldas.edu.co\/portal\/docente-universidad-de-caldas-invitado-como-conferencista-por-la-secretaria-distrital-de-educacion-de-bogota-y-fulbright-colombia\/"},"author":{"name":"ofiprensa","@id":"https:\/\/www.ucaldas.edu.co\/portal\/#\/schema\/person\/a1b482e23449158b4bc319926c074fdf"},"headline":"Docente Universidad de Caldas invitado como conferencista por la Secretar\u00eda Distrital de Educaci\u00f3n de Bogot\u00e1 y Fulbright Colombia","datePublished":"2023-06-15T13:37:36+00:00","mainEntityOfPage":{"@id":"https:\/\/www.ucaldas.edu.co\/portal\/docente-universidad-de-caldas-invitado-como-conferencista-por-la-secretaria-distrital-de-educacion-de-bogota-y-fulbright-colombia\/"},"wordCount":259,"publisher":{"@id":"https:\/\/www.ucaldas.edu.co\/portal\/#organization"},"image":{"@id":"https:\/\/www.ucaldas.edu.co\/portal\/docente-universidad-de-caldas-invitado-como-conferencista-por-la-secretaria-distrital-de-educacion-de-bogota-y-fulbright-colombia\/#primaryimage"},"thumbnailUrl":"https:\/\/www.ucaldas.edu.co\/portal\/wp-content\/uploads\/2023\/06\/ingles.jpg","keywords":["conferencia"],"articleSection":["Actualidad","Universidad al D\u00eda"],"inLanguage":"es"},{"@type":"WebPage","@id":"https:\/\/www.ucaldas.edu.co\/portal\/docente-universidad-de-caldas-invitado-como-conferencista-por-la-secretaria-distrital-de-educacion-de-bogota-y-fulbright-colombia\/","url":"https:\/\/www.ucaldas.edu.co\/portal\/docente-universidad-de-caldas-invitado-como-conferencista-por-la-secretaria-distrital-de-educacion-de-bogota-y-fulbright-colombia\/","name":"Docente Universidad de Caldas invitado como conferencista por la Secretar\u00eda Distrital de Educaci\u00f3n de Bogot\u00e1 y Fulbright Colombia .","isPartOf":{"@id":"https:\/\/www.ucaldas.edu.co\/portal\/#website"},"primaryImageOfPage":{"@id":"https:\/\/www.ucaldas.edu.co\/portal\/docente-universidad-de-caldas-invitado-como-conferencista-por-la-secretaria-distrital-de-educacion-de-bogota-y-fulbright-colombia\/#primaryimage"},"image":{"@id":"https:\/\/www.ucaldas.edu.co\/portal\/docente-universidad-de-caldas-invitado-como-conferencista-por-la-secretaria-distrital-de-educacion-de-bogota-y-fulbright-colombia\/#primaryimage"},"thumbnailUrl":"https:\/\/www.ucaldas.edu.co\/portal\/wp-content\/uploads\/2023\/06\/ingles.jpg","datePublished":"2023-06-15T13:37:36+00:00","breadcrumb":{"@id":"https:\/\/www.ucaldas.edu.co\/portal\/docente-universidad-de-caldas-invitado-como-conferencista-por-la-secretaria-distrital-de-educacion-de-bogota-y-fulbright-colombia\/#breadcrumb"},"inLanguage":"es","potentialAction":[{"@type":"ReadAction","target":["https:\/\/www.ucaldas.edu.co\/portal\/docente-universidad-de-caldas-invitado-como-conferencista-por-la-secretaria-distrital-de-educacion-de-bogota-y-fulbright-colombia\/"]}]},{"@type":"ImageObject","inLanguage":"es","@id":"https:\/\/www.ucaldas.edu.co\/portal\/docente-universidad-de-caldas-invitado-como-conferencista-por-la-secretaria-distrital-de-educacion-de-bogota-y-fulbright-colombia\/#primaryimage","url":"https:\/\/www.ucaldas.edu.co\/portal\/wp-content\/uploads\/2023\/06\/ingles.jpg","contentUrl":"https:\/\/www.ucaldas.edu.co\/portal\/wp-content\/uploads\/2023\/06\/ingles.jpg","width":900,"height":510,"caption":"ense\u00f1anza ingl\u00e9s"},{"@type":"BreadcrumbList","@id":"https:\/\/www.ucaldas.edu.co\/portal\/docente-universidad-de-caldas-invitado-como-conferencista-por-la-secretaria-distrital-de-educacion-de-bogota-y-fulbright-colombia\/#breadcrumb","itemListElement":[{"@type":"ListItem","position":1,"name":"Portada","item":"https:\/\/www.ucaldas.edu.co\/portal\/"},{"@type":"ListItem","position":2,"name":"Docente Universidad de Caldas invitado como conferencista por la Secretar\u00eda Distrital de Educaci\u00f3n de Bogot\u00e1 y Fulbright Colombia"}]},{"@type":"WebSite","@id":"https:\/\/www.ucaldas.edu.co\/portal\/#website","url":"https:\/\/www.ucaldas.edu.co\/portal\/","name":"Universidad de Caldas","description":"","publisher":{"@id":"https:\/\/www.ucaldas.edu.co\/portal\/#organization"},"alternateName":"U. de Caldas","potentialAction":[{"@type":"SearchAction","target":{"@type":"EntryPoint","urlTemplate":"https:\/\/www.ucaldas.edu.co\/portal\/?s={search_term_string}"},"query-input":{"@type":"PropertyValueSpecification","valueRequired":true,"valueName":"search_term_string"}}],"inLanguage":"es"},{"@type":"Organization","@id":"https:\/\/www.ucaldas.edu.co\/portal\/#organization","name":"Universidad de Caldas","alternateName":"U. de Caldas","url":"https:\/\/www.ucaldas.edu.co\/portal\/","logo":{"@type":"ImageObject","inLanguage":"es","@id":"https:\/\/www.ucaldas.edu.co\/portal\/#\/schema\/logo\/image\/","url":"https:\/\/www.ucaldas.edu.co\/portal\/wp-content\/uploads\/2023\/11\/Logo_horizontal_oscuroU-2023.png","contentUrl":"https:\/\/www.ucaldas.edu.co\/portal\/wp-content\/uploads\/2023\/11\/Logo_horizontal_oscuroU-2023.png","width":263,"height":101,"caption":"Universidad de Caldas"},"image":{"@id":"https:\/\/www.ucaldas.edu.co\/portal\/#\/schema\/logo\/image\/"},"sameAs":["https:\/\/www.facebook.com\/udecaldas","https:\/\/x.com\/udecaldas","https:\/\/www.youtube.com\/universidadcaldas","https:\/\/www.instagram.com\/udecaldas\/"]},{"@type":"Person","@id":"https:\/\/www.ucaldas.edu.co\/portal\/#\/schema\/person\/a1b482e23449158b4bc319926c074fdf","name":"ofiprensa","image":{"@type":"ImageObject","inLanguage":"es","@id":"https:\/\/www.ucaldas.edu.co\/portal\/wp-content\/litespeed\/avatar\/09ea5085e600095a7a811142c6944527.jpg?ver=1777497608","url":"https:\/\/www.ucaldas.edu.co\/portal\/wp-content\/litespeed\/avatar\/09ea5085e600095a7a811142c6944527.jpg?ver=1777497608","contentUrl":"https:\/\/www.ucaldas.edu.co\/portal\/wp-content\/litespeed\/avatar\/09ea5085e600095a7a811142c6944527.jpg?ver=1777497608","caption":"ofiprensa"},"url":"https:\/\/www.ucaldas.edu.co\/portal\/author\/ofiprensa\/"}]}},"_links":{"self":[{"href":"https:\/\/www.ucaldas.edu.co\/portal\/wp-json\/wp\/v2\/posts\/76309","targetHints":{"allow":["GET"]}}],"collection":[{"href":"https:\/\/www.ucaldas.edu.co\/portal\/wp-json\/wp\/v2\/posts"}],"about":[{"href":"https:\/\/www.ucaldas.edu.co\/portal\/wp-json\/wp\/v2\/types\/post"}],"author":[{"embeddable":true,"href":"https:\/\/www.ucaldas.edu.co\/portal\/wp-json\/wp\/v2\/users\/2"}],"replies":[{"embeddable":true,"href":"https:\/\/www.ucaldas.edu.co\/portal\/wp-json\/wp\/v2\/comments?post=76309"}],"version-history":[{"count":0,"href":"https:\/\/www.ucaldas.edu.co\/portal\/wp-json\/wp\/v2\/posts\/76309\/revisions"}],"wp:featuredmedia":[{"embeddable":true,"href":"https:\/\/www.ucaldas.edu.co\/portal\/wp-json\/wp\/v2\/media\/76310"}],"wp:attachment":[{"href":"https:\/\/www.ucaldas.edu.co\/portal\/wp-json\/wp\/v2\/media?parent=76309"}],"wp:term":[{"taxonomy":"category","embeddable":true,"href":"https:\/\/www.ucaldas.edu.co\/portal\/wp-json\/wp\/v2\/categories?post=76309"},{"taxonomy":"post_tag","embeddable":true,"href":"https:\/\/www.ucaldas.edu.co\/portal\/wp-json\/wp\/v2\/tags?post=76309"}],"curies":[{"name":"wp","href":"https:\/\/api.w.org\/{rel}","templated":true}]}}