{"id":76279,"date":"2023-06-13T13:30:51","date_gmt":"2023-06-13T13:30:51","guid":{"rendered":"https:\/\/www.ucaldas.edu.co\/portal\/?p=76279"},"modified":"2023-06-13T20:21:46","modified_gmt":"2023-06-13T20:21:46","slug":"conoce-la-vida-nos-mueve-una-experiencia-digital-co-creada-entre-el-c-transmedia-de-la-universidad-de-caldas-y-chec","status":"publish","type":"post","link":"https:\/\/www.ucaldas.edu.co\/portal\/conoce-la-vida-nos-mueve-una-experiencia-digital-co-creada-entre-el-c-transmedia-de-la-universidad-de-caldas-y-chec\/","title":{"rendered":"Conoce La Vida Nos Mueve, una experiencia digital co-creada entre el C-Transmedia de la Universidad de Caldas y CHEC"},"content":{"rendered":"<p><img loading=\"lazy\" decoding=\"async\" class=\"aligncenter wp-image-76280\" src=\"https:\/\/www.ucaldas.edu.co\/portal\/wp-content\/uploads\/2023\/06\/CHEC.png\" alt=\"CHEC\" width=\"900\" height=\"534\" srcset=\"https:\/\/www.ucaldas.edu.co\/portal\/wp-content\/uploads\/2023\/06\/CHEC.png 1075w, https:\/\/www.ucaldas.edu.co\/portal\/wp-content\/uploads\/2023\/06\/CHEC-300x178.png 300w, https:\/\/www.ucaldas.edu.co\/portal\/wp-content\/uploads\/2023\/06\/CHEC-1024x608.png 1024w, https:\/\/www.ucaldas.edu.co\/portal\/wp-content\/uploads\/2023\/06\/CHEC-768x456.png 768w\" sizes=\"auto, (max-width: 900px) 100vw, 900px\" \/><\/p>\n<p>Una verdadera experiencia digital es <strong>La Vida Nos Mueve, <\/strong>la nueva plataforma del territorio de marca CHEC sobre sostenibilidad, innovaci\u00f3n, generaci\u00f3n de energ\u00eda, digitalizaci\u00f3n y trabajo con las comunidades, realizada para ciudadanos de Caldas, Risaralda y en general del mundo, en la que podr\u00e1n adquirir conocimiento y disfrutar de los paisajes del Eje Cafetero. Un proyecto de investigaci\u00f3n &#8211; creaci\u00f3n, cocreado con la Universidad de Caldas a trav\u00e9s del C-Transmedia que deja resultados sociales, ambientales y educativos. <!--more--><\/p>\n<p>En este <a href=\"https:\/\/transmedia.ucaldas.edu.co\/services\/\"><strong>universo digital<\/strong><\/a> se aloja variedad de contenidos digitales como art\u00edculos, galer\u00edas fotogr\u00e1ficas, infograf\u00edas y una serie web. A trav\u00e9s de una narrativa transmedia se visibiliza la riqueza natural del territorio, los planes de acci\u00f3n para la protecci\u00f3n del medio ambiente, la transparencia de los procesos de generaci\u00f3n de energ\u00eda, la relaci\u00f3n con las comunidades y las diversas especies; consolid\u00e1ndose como un espacio para el acceso al conocimiento y las nuevas experiencias digitales.<\/p>\n<p>Desde el C-Transmedia de la Facultad de Artes y Humanidades se realiz\u00f3 una investigaci\u00f3n de narrativas transmedia para identificar aspectos de comunicaci\u00f3n y dise\u00f1o espec\u00edficos para el proyecto, adem\u00e1s de su participaci\u00f3n activa en la co-creaci\u00f3n de la producci\u00f3n audiovisual, ilustraci\u00f3n, storytelling, estrategia, desarrollo TI y experiencia de usuario.<\/p>\n<p>Seg\u00fan German Vinasco, L\u00edder del Equipo T\u00e9cnico del C-Transmedia \u201cla idea es seguir nutriendo y fortaleciendo este espacio digital,\u00a0 por eso actualmente trabajamos con CHEC en la elaboraci\u00f3n de recursos educativos de acceso libre para la ciudadan\u00eda, los cuales integrar\u00e1n el universo de La Vida Nos Mueve\u201d.<\/p>\n<p>La experiencia universidad y empresa deja resultados de investigaci\u00f3n, investigaci\u00f3n-creaci\u00f3n, transferencia y apropiaci\u00f3n del conocimiento, as\u00ed como colaboraciones en red con otras universidades, agencias y diversos actores sociales, que permiten el crecimiento regional en diferentes indicadores y en los ODS.<\/p>\n<p><strong>\u00a0<\/strong><\/p>\n<p><strong>Conoce: <\/strong><a href=\"https:\/\/lavidanosmueve.com\"><strong>https:\/\/lavidanosmueve.com<\/strong><\/a><\/p>\n<p><strong>\u00a0<\/strong><\/p>\n<p><strong>Si quieres realizar una investigaci\u00f3n, investigaci\u00f3n-creaci\u00f3n o desarrollo digital ingresa: <\/strong><a href=\"https:\/\/transmedia.ucaldas.edu.co\"><strong>https:\/\/transmedia.ucaldas.edu.co<\/strong><\/a><\/p>\n<p>&nbsp;<\/p>\n","protected":false},"excerpt":{"rendered":"<p>Una verdadera experiencia digital es La Vida Nos Mueve, la nueva plataforma del territorio de marca CHEC sobre sostenibilidad, innovaci\u00f3n, generaci\u00f3n de energ\u00eda, digitalizaci\u00f3n y trabajo con las comunidades, realizada para ciudadanos de Caldas, Risaralda y en general del mundo, en la que podr\u00e1n adquirir conocimiento y disfrutar de los paisajes del Eje Cafetero. Un [&hellip;]<\/p>\n","protected":false},"author":2,"featured_media":76280,"comment_status":"closed","ping_status":"open","sticky":false,"template":"","format":"standard","meta":{"footnotes":""},"categories":[48,53],"tags":[1345],"class_list":["post-76279","post","type-post","status-publish","format-standard","has-post-thumbnail","hentry","category-actualidad","category-universidad-al-dia","tag-chec"],"yoast_head":"<!-- This site is optimized with the Yoast SEO plugin v27.5 - https:\/\/yoast.com\/product\/yoast-seo-wordpress\/ -->\n<title>Conoce La Vida Nos Mueve, una experiencia digital co-creada entre el C-Transmedia de la Universidad de Caldas y CHEC .<\/title>\n<meta name=\"robots\" content=\"index, follow, max-snippet:-1, max-image-preview:large, max-video-preview:-1\" \/>\n<link rel=\"canonical\" href=\"https:\/\/www.ucaldas.edu.co\/portal\/conoce-la-vida-nos-mueve-una-experiencia-digital-co-creada-entre-el-c-transmedia-de-la-universidad-de-caldas-y-chec\/\" \/>\n<script type=\"application\/ld+json\" class=\"yoast-schema-graph\">{\"@context\":\"https:\\\/\\\/schema.org\",\"@graph\":[{\"@type\":\"Article\",\"@id\":\"https:\\\/\\\/www.ucaldas.edu.co\\\/portal\\\/conoce-la-vida-nos-mueve-una-experiencia-digital-co-creada-entre-el-c-transmedia-de-la-universidad-de-caldas-y-chec\\\/#article\",\"isPartOf\":{\"@id\":\"https:\\\/\\\/www.ucaldas.edu.co\\\/portal\\\/conoce-la-vida-nos-mueve-una-experiencia-digital-co-creada-entre-el-c-transmedia-de-la-universidad-de-caldas-y-chec\\\/\"},\"author\":{\"name\":\"ofiprensa\",\"@id\":\"https:\\\/\\\/www.ucaldas.edu.co\\\/portal\\\/#\\\/schema\\\/person\\\/a1b482e23449158b4bc319926c074fdf\"},\"headline\":\"Conoce La Vida Nos Mueve, una experiencia digital co-creada entre el C-Transmedia de la Universidad de Caldas y CHEC\",\"datePublished\":\"2023-06-13T13:30:51+00:00\",\"dateModified\":\"2023-06-13T20:21:46+00:00\",\"mainEntityOfPage\":{\"@id\":\"https:\\\/\\\/www.ucaldas.edu.co\\\/portal\\\/conoce-la-vida-nos-mueve-una-experiencia-digital-co-creada-entre-el-c-transmedia-de-la-universidad-de-caldas-y-chec\\\/\"},\"wordCount\":367,\"publisher\":{\"@id\":\"https:\\\/\\\/www.ucaldas.edu.co\\\/portal\\\/#organization\"},\"image\":{\"@id\":\"https:\\\/\\\/www.ucaldas.edu.co\\\/portal\\\/conoce-la-vida-nos-mueve-una-experiencia-digital-co-creada-entre-el-c-transmedia-de-la-universidad-de-caldas-y-chec\\\/#primaryimage\"},\"thumbnailUrl\":\"https:\\\/\\\/www.ucaldas.edu.co\\\/portal\\\/wp-content\\\/uploads\\\/2023\\\/06\\\/CHEC.png\",\"keywords\":[\"Chec\"],\"articleSection\":[\"Actualidad\",\"Universidad al D\u00eda\"],\"inLanguage\":\"es\"},{\"@type\":\"WebPage\",\"@id\":\"https:\\\/\\\/www.ucaldas.edu.co\\\/portal\\\/conoce-la-vida-nos-mueve-una-experiencia-digital-co-creada-entre-el-c-transmedia-de-la-universidad-de-caldas-y-chec\\\/\",\"url\":\"https:\\\/\\\/www.ucaldas.edu.co\\\/portal\\\/conoce-la-vida-nos-mueve-una-experiencia-digital-co-creada-entre-el-c-transmedia-de-la-universidad-de-caldas-y-chec\\\/\",\"name\":\"Conoce La Vida Nos Mueve, una experiencia digital co-creada entre el C-Transmedia de la Universidad de Caldas y CHEC .\",\"isPartOf\":{\"@id\":\"https:\\\/\\\/www.ucaldas.edu.co\\\/portal\\\/#website\"},\"primaryImageOfPage\":{\"@id\":\"https:\\\/\\\/www.ucaldas.edu.co\\\/portal\\\/conoce-la-vida-nos-mueve-una-experiencia-digital-co-creada-entre-el-c-transmedia-de-la-universidad-de-caldas-y-chec\\\/#primaryimage\"},\"image\":{\"@id\":\"https:\\\/\\\/www.ucaldas.edu.co\\\/portal\\\/conoce-la-vida-nos-mueve-una-experiencia-digital-co-creada-entre-el-c-transmedia-de-la-universidad-de-caldas-y-chec\\\/#primaryimage\"},\"thumbnailUrl\":\"https:\\\/\\\/www.ucaldas.edu.co\\\/portal\\\/wp-content\\\/uploads\\\/2023\\\/06\\\/CHEC.png\",\"datePublished\":\"2023-06-13T13:30:51+00:00\",\"dateModified\":\"2023-06-13T20:21:46+00:00\",\"breadcrumb\":{\"@id\":\"https:\\\/\\\/www.ucaldas.edu.co\\\/portal\\\/conoce-la-vida-nos-mueve-una-experiencia-digital-co-creada-entre-el-c-transmedia-de-la-universidad-de-caldas-y-chec\\\/#breadcrumb\"},\"inLanguage\":\"es\",\"potentialAction\":[{\"@type\":\"ReadAction\",\"target\":[\"https:\\\/\\\/www.ucaldas.edu.co\\\/portal\\\/conoce-la-vida-nos-mueve-una-experiencia-digital-co-creada-entre-el-c-transmedia-de-la-universidad-de-caldas-y-chec\\\/\"]}]},{\"@type\":\"ImageObject\",\"inLanguage\":\"es\",\"@id\":\"https:\\\/\\\/www.ucaldas.edu.co\\\/portal\\\/conoce-la-vida-nos-mueve-una-experiencia-digital-co-creada-entre-el-c-transmedia-de-la-universidad-de-caldas-y-chec\\\/#primaryimage\",\"url\":\"https:\\\/\\\/www.ucaldas.edu.co\\\/portal\\\/wp-content\\\/uploads\\\/2023\\\/06\\\/CHEC.png\",\"contentUrl\":\"https:\\\/\\\/www.ucaldas.edu.co\\\/portal\\\/wp-content\\\/uploads\\\/2023\\\/06\\\/CHEC.png\",\"width\":1075,\"height\":638,\"caption\":\"CHEC\"},{\"@type\":\"BreadcrumbList\",\"@id\":\"https:\\\/\\\/www.ucaldas.edu.co\\\/portal\\\/conoce-la-vida-nos-mueve-una-experiencia-digital-co-creada-entre-el-c-transmedia-de-la-universidad-de-caldas-y-chec\\\/#breadcrumb\",\"itemListElement\":[{\"@type\":\"ListItem\",\"position\":1,\"name\":\"Portada\",\"item\":\"https:\\\/\\\/www.ucaldas.edu.co\\\/portal\\\/\"},{\"@type\":\"ListItem\",\"position\":2,\"name\":\"Conoce La Vida Nos Mueve, una experiencia digital co-creada entre el C-Transmedia de la Universidad de Caldas y CHEC\"}]},{\"@type\":\"WebSite\",\"@id\":\"https:\\\/\\\/www.ucaldas.edu.co\\\/portal\\\/#website\",\"url\":\"https:\\\/\\\/www.ucaldas.edu.co\\\/portal\\\/\",\"name\":\"Universidad de Caldas\",\"description\":\"\",\"publisher\":{\"@id\":\"https:\\\/\\\/www.ucaldas.edu.co\\\/portal\\\/#organization\"},\"alternateName\":\"U. de Caldas\",\"potentialAction\":[{\"@type\":\"SearchAction\",\"target\":{\"@type\":\"EntryPoint\",\"urlTemplate\":\"https:\\\/\\\/www.ucaldas.edu.co\\\/portal\\\/?s={search_term_string}\"},\"query-input\":{\"@type\":\"PropertyValueSpecification\",\"valueRequired\":true,\"valueName\":\"search_term_string\"}}],\"inLanguage\":\"es\"},{\"@type\":\"Organization\",\"@id\":\"https:\\\/\\\/www.ucaldas.edu.co\\\/portal\\\/#organization\",\"name\":\"Universidad de Caldas\",\"alternateName\":\"U. de Caldas\",\"url\":\"https:\\\/\\\/www.ucaldas.edu.co\\\/portal\\\/\",\"logo\":{\"@type\":\"ImageObject\",\"inLanguage\":\"es\",\"@id\":\"https:\\\/\\\/www.ucaldas.edu.co\\\/portal\\\/#\\\/schema\\\/logo\\\/image\\\/\",\"url\":\"https:\\\/\\\/www.ucaldas.edu.co\\\/portal\\\/wp-content\\\/uploads\\\/2023\\\/11\\\/Logo_horizontal_oscuroU-2023.png\",\"contentUrl\":\"https:\\\/\\\/www.ucaldas.edu.co\\\/portal\\\/wp-content\\\/uploads\\\/2023\\\/11\\\/Logo_horizontal_oscuroU-2023.png\",\"width\":263,\"height\":101,\"caption\":\"Universidad de Caldas\"},\"image\":{\"@id\":\"https:\\\/\\\/www.ucaldas.edu.co\\\/portal\\\/#\\\/schema\\\/logo\\\/image\\\/\"},\"sameAs\":[\"https:\\\/\\\/www.facebook.com\\\/udecaldas\",\"https:\\\/\\\/x.com\\\/udecaldas\",\"https:\\\/\\\/www.youtube.com\\\/universidadcaldas\",\"https:\\\/\\\/www.instagram.com\\\/udecaldas\\\/\"]},{\"@type\":\"Person\",\"@id\":\"https:\\\/\\\/www.ucaldas.edu.co\\\/portal\\\/#\\\/schema\\\/person\\\/a1b482e23449158b4bc319926c074fdf\",\"name\":\"ofiprensa\",\"image\":{\"@type\":\"ImageObject\",\"inLanguage\":\"es\",\"@id\":\"https:\\\/\\\/www.ucaldas.edu.co\\\/portal\\\/wp-content\\\/litespeed\\\/avatar\\\/09ea5085e600095a7a811142c6944527.jpg?ver=1777497608\",\"url\":\"https:\\\/\\\/www.ucaldas.edu.co\\\/portal\\\/wp-content\\\/litespeed\\\/avatar\\\/09ea5085e600095a7a811142c6944527.jpg?ver=1777497608\",\"contentUrl\":\"https:\\\/\\\/www.ucaldas.edu.co\\\/portal\\\/wp-content\\\/litespeed\\\/avatar\\\/09ea5085e600095a7a811142c6944527.jpg?ver=1777497608\",\"caption\":\"ofiprensa\"},\"url\":\"https:\\\/\\\/www.ucaldas.edu.co\\\/portal\\\/author\\\/ofiprensa\\\/\"}]}<\/script>\n<!-- \/ Yoast SEO plugin. -->","yoast_head_json":{"title":"Conoce La Vida Nos Mueve, una experiencia digital co-creada entre el C-Transmedia de la Universidad de Caldas y CHEC .","robots":{"index":"index","follow":"follow","max-snippet":"max-snippet:-1","max-image-preview":"max-image-preview:large","max-video-preview":"max-video-preview:-1"},"canonical":"https:\/\/www.ucaldas.edu.co\/portal\/conoce-la-vida-nos-mueve-una-experiencia-digital-co-creada-entre-el-c-transmedia-de-la-universidad-de-caldas-y-chec\/","schema":{"@context":"https:\/\/schema.org","@graph":[{"@type":"Article","@id":"https:\/\/www.ucaldas.edu.co\/portal\/conoce-la-vida-nos-mueve-una-experiencia-digital-co-creada-entre-el-c-transmedia-de-la-universidad-de-caldas-y-chec\/#article","isPartOf":{"@id":"https:\/\/www.ucaldas.edu.co\/portal\/conoce-la-vida-nos-mueve-una-experiencia-digital-co-creada-entre-el-c-transmedia-de-la-universidad-de-caldas-y-chec\/"},"author":{"name":"ofiprensa","@id":"https:\/\/www.ucaldas.edu.co\/portal\/#\/schema\/person\/a1b482e23449158b4bc319926c074fdf"},"headline":"Conoce La Vida Nos Mueve, una experiencia digital co-creada entre el C-Transmedia de la Universidad de Caldas y CHEC","datePublished":"2023-06-13T13:30:51+00:00","dateModified":"2023-06-13T20:21:46+00:00","mainEntityOfPage":{"@id":"https:\/\/www.ucaldas.edu.co\/portal\/conoce-la-vida-nos-mueve-una-experiencia-digital-co-creada-entre-el-c-transmedia-de-la-universidad-de-caldas-y-chec\/"},"wordCount":367,"publisher":{"@id":"https:\/\/www.ucaldas.edu.co\/portal\/#organization"},"image":{"@id":"https:\/\/www.ucaldas.edu.co\/portal\/conoce-la-vida-nos-mueve-una-experiencia-digital-co-creada-entre-el-c-transmedia-de-la-universidad-de-caldas-y-chec\/#primaryimage"},"thumbnailUrl":"https:\/\/www.ucaldas.edu.co\/portal\/wp-content\/uploads\/2023\/06\/CHEC.png","keywords":["Chec"],"articleSection":["Actualidad","Universidad al D\u00eda"],"inLanguage":"es"},{"@type":"WebPage","@id":"https:\/\/www.ucaldas.edu.co\/portal\/conoce-la-vida-nos-mueve-una-experiencia-digital-co-creada-entre-el-c-transmedia-de-la-universidad-de-caldas-y-chec\/","url":"https:\/\/www.ucaldas.edu.co\/portal\/conoce-la-vida-nos-mueve-una-experiencia-digital-co-creada-entre-el-c-transmedia-de-la-universidad-de-caldas-y-chec\/","name":"Conoce La Vida Nos Mueve, una experiencia digital co-creada entre el C-Transmedia de la Universidad de Caldas y CHEC .","isPartOf":{"@id":"https:\/\/www.ucaldas.edu.co\/portal\/#website"},"primaryImageOfPage":{"@id":"https:\/\/www.ucaldas.edu.co\/portal\/conoce-la-vida-nos-mueve-una-experiencia-digital-co-creada-entre-el-c-transmedia-de-la-universidad-de-caldas-y-chec\/#primaryimage"},"image":{"@id":"https:\/\/www.ucaldas.edu.co\/portal\/conoce-la-vida-nos-mueve-una-experiencia-digital-co-creada-entre-el-c-transmedia-de-la-universidad-de-caldas-y-chec\/#primaryimage"},"thumbnailUrl":"https:\/\/www.ucaldas.edu.co\/portal\/wp-content\/uploads\/2023\/06\/CHEC.png","datePublished":"2023-06-13T13:30:51+00:00","dateModified":"2023-06-13T20:21:46+00:00","breadcrumb":{"@id":"https:\/\/www.ucaldas.edu.co\/portal\/conoce-la-vida-nos-mueve-una-experiencia-digital-co-creada-entre-el-c-transmedia-de-la-universidad-de-caldas-y-chec\/#breadcrumb"},"inLanguage":"es","potentialAction":[{"@type":"ReadAction","target":["https:\/\/www.ucaldas.edu.co\/portal\/conoce-la-vida-nos-mueve-una-experiencia-digital-co-creada-entre-el-c-transmedia-de-la-universidad-de-caldas-y-chec\/"]}]},{"@type":"ImageObject","inLanguage":"es","@id":"https:\/\/www.ucaldas.edu.co\/portal\/conoce-la-vida-nos-mueve-una-experiencia-digital-co-creada-entre-el-c-transmedia-de-la-universidad-de-caldas-y-chec\/#primaryimage","url":"https:\/\/www.ucaldas.edu.co\/portal\/wp-content\/uploads\/2023\/06\/CHEC.png","contentUrl":"https:\/\/www.ucaldas.edu.co\/portal\/wp-content\/uploads\/2023\/06\/CHEC.png","width":1075,"height":638,"caption":"CHEC"},{"@type":"BreadcrumbList","@id":"https:\/\/www.ucaldas.edu.co\/portal\/conoce-la-vida-nos-mueve-una-experiencia-digital-co-creada-entre-el-c-transmedia-de-la-universidad-de-caldas-y-chec\/#breadcrumb","itemListElement":[{"@type":"ListItem","position":1,"name":"Portada","item":"https:\/\/www.ucaldas.edu.co\/portal\/"},{"@type":"ListItem","position":2,"name":"Conoce La Vida Nos Mueve, una experiencia digital co-creada entre el C-Transmedia de la Universidad de Caldas y CHEC"}]},{"@type":"WebSite","@id":"https:\/\/www.ucaldas.edu.co\/portal\/#website","url":"https:\/\/www.ucaldas.edu.co\/portal\/","name":"Universidad de Caldas","description":"","publisher":{"@id":"https:\/\/www.ucaldas.edu.co\/portal\/#organization"},"alternateName":"U. de Caldas","potentialAction":[{"@type":"SearchAction","target":{"@type":"EntryPoint","urlTemplate":"https:\/\/www.ucaldas.edu.co\/portal\/?s={search_term_string}"},"query-input":{"@type":"PropertyValueSpecification","valueRequired":true,"valueName":"search_term_string"}}],"inLanguage":"es"},{"@type":"Organization","@id":"https:\/\/www.ucaldas.edu.co\/portal\/#organization","name":"Universidad de Caldas","alternateName":"U. de Caldas","url":"https:\/\/www.ucaldas.edu.co\/portal\/","logo":{"@type":"ImageObject","inLanguage":"es","@id":"https:\/\/www.ucaldas.edu.co\/portal\/#\/schema\/logo\/image\/","url":"https:\/\/www.ucaldas.edu.co\/portal\/wp-content\/uploads\/2023\/11\/Logo_horizontal_oscuroU-2023.png","contentUrl":"https:\/\/www.ucaldas.edu.co\/portal\/wp-content\/uploads\/2023\/11\/Logo_horizontal_oscuroU-2023.png","width":263,"height":101,"caption":"Universidad de Caldas"},"image":{"@id":"https:\/\/www.ucaldas.edu.co\/portal\/#\/schema\/logo\/image\/"},"sameAs":["https:\/\/www.facebook.com\/udecaldas","https:\/\/x.com\/udecaldas","https:\/\/www.youtube.com\/universidadcaldas","https:\/\/www.instagram.com\/udecaldas\/"]},{"@type":"Person","@id":"https:\/\/www.ucaldas.edu.co\/portal\/#\/schema\/person\/a1b482e23449158b4bc319926c074fdf","name":"ofiprensa","image":{"@type":"ImageObject","inLanguage":"es","@id":"https:\/\/www.ucaldas.edu.co\/portal\/wp-content\/litespeed\/avatar\/09ea5085e600095a7a811142c6944527.jpg?ver=1777497608","url":"https:\/\/www.ucaldas.edu.co\/portal\/wp-content\/litespeed\/avatar\/09ea5085e600095a7a811142c6944527.jpg?ver=1777497608","contentUrl":"https:\/\/www.ucaldas.edu.co\/portal\/wp-content\/litespeed\/avatar\/09ea5085e600095a7a811142c6944527.jpg?ver=1777497608","caption":"ofiprensa"},"url":"https:\/\/www.ucaldas.edu.co\/portal\/author\/ofiprensa\/"}]}},"_links":{"self":[{"href":"https:\/\/www.ucaldas.edu.co\/portal\/wp-json\/wp\/v2\/posts\/76279","targetHints":{"allow":["GET"]}}],"collection":[{"href":"https:\/\/www.ucaldas.edu.co\/portal\/wp-json\/wp\/v2\/posts"}],"about":[{"href":"https:\/\/www.ucaldas.edu.co\/portal\/wp-json\/wp\/v2\/types\/post"}],"author":[{"embeddable":true,"href":"https:\/\/www.ucaldas.edu.co\/portal\/wp-json\/wp\/v2\/users\/2"}],"replies":[{"embeddable":true,"href":"https:\/\/www.ucaldas.edu.co\/portal\/wp-json\/wp\/v2\/comments?post=76279"}],"version-history":[{"count":0,"href":"https:\/\/www.ucaldas.edu.co\/portal\/wp-json\/wp\/v2\/posts\/76279\/revisions"}],"wp:featuredmedia":[{"embeddable":true,"href":"https:\/\/www.ucaldas.edu.co\/portal\/wp-json\/wp\/v2\/media\/76280"}],"wp:attachment":[{"href":"https:\/\/www.ucaldas.edu.co\/portal\/wp-json\/wp\/v2\/media?parent=76279"}],"wp:term":[{"taxonomy":"category","embeddable":true,"href":"https:\/\/www.ucaldas.edu.co\/portal\/wp-json\/wp\/v2\/categories?post=76279"},{"taxonomy":"post_tag","embeddable":true,"href":"https:\/\/www.ucaldas.edu.co\/portal\/wp-json\/wp\/v2\/tags?post=76279"}],"curies":[{"name":"wp","href":"https:\/\/api.w.org\/{rel}","templated":true}]}}