{"id":76263,"date":"2023-06-13T13:38:55","date_gmt":"2023-06-13T13:38:55","guid":{"rendered":"https:\/\/www.ucaldas.edu.co\/portal\/?p=76263"},"modified":"2023-06-13T13:38:55","modified_gmt":"2023-06-13T13:38:55","slug":"docente-de-la-universidad-de-caldas-participo-en-el-primer-simposio-internacional-sobre-ejercicio-fisico-y-envejecimiento","status":"publish","type":"post","link":"https:\/\/www.ucaldas.edu.co\/portal\/docente-de-la-universidad-de-caldas-participo-en-el-primer-simposio-internacional-sobre-ejercicio-fisico-y-envejecimiento\/","title":{"rendered":"Docente de la Universidad de Caldas particip\u00f3 en el Primer Simposio Internacional sobre Ejercicio F\u00edsico y Envejecimiento"},"content":{"rendered":"<p><img loading=\"lazy\" decoding=\"async\" class=\"aligncenter size-full wp-image-76265\" src=\"https:\/\/www.ucaldas.edu.co\/portal\/wp-content\/uploads\/2023\/06\/eder.jpg\" alt=\"eder pe\u00f1a\" width=\"900\" height=\"510\" srcset=\"https:\/\/www.ucaldas.edu.co\/portal\/wp-content\/uploads\/2023\/06\/eder.jpg 900w, https:\/\/www.ucaldas.edu.co\/portal\/wp-content\/uploads\/2023\/06\/eder-300x170.jpg 300w, https:\/\/www.ucaldas.edu.co\/portal\/wp-content\/uploads\/2023\/06\/eder-768x435.jpg 768w\" sizes=\"auto, (max-width: 900px) 100vw, 900px\" \/><\/p>\n<p>El Director de la Maestr\u00eda en Actividad F\u00edsica para la Salud de la Universidad de Caldas, Eder Pe\u00f1a Quimbaya, fue invitado como ponente en el Primer Simposio Internacional sobre Ejercicio F\u00edsico y Envejecimiento, el cual se llev\u00f3 a cabo en la ciudad de Villavicencio.<!--more--><\/p>\n<p>El evento ten\u00eda como prop\u00f3sito resaltar la necesidad que existe en la poblaci\u00f3n de la tercera edad de tener procesos pertinentes de actividad f\u00edsica, siendo la academia un importante actor para la exploraci\u00f3n de nuevas e innovadoras estrategias desarrolladas por investigadores, docentes y estudiantes.<\/p>\n<p>El docente Pe\u00f1a, junto a integrantes del Grupo de Investigaci\u00f3n en Gerontolog\u00eda y Geriatr\u00eda de la Universidad de Caldas, presentaron una serie de conferencias y talleres enfocados en la gerontolog\u00eda aplicada al adulto mayor, donde precisaron la importancia de abordar los conceptos de la capacidad funcional, medidas de ejecuci\u00f3n f\u00edsica y la movilidad en las personas de la tercera edad.<\/p>\n<p>Pe\u00f1a manifest\u00f3 la importancia de realizar este tipo de espacios, donde profesionales de diversas instituciones educativas puedan compartir y presentar sus estudios en esta \u00e1rea, propendiendo as\u00ed la realizaci\u00f3n de pol\u00edticas p\u00fablicas que mejoren la calidad de vida de las personas mayores.<\/p>\n<p>Durante el encuentro participaron investigadores, docentes y estudiantes de universidad y centros educativos de toda Colombia.<\/p>\n<p>&nbsp;<\/p>\n<p><strong>Anexo:<\/strong><\/p>\n<p><a href=\"https:\/\/www.ucaldas.edu.co\/portal\/wp-content\/uploads\/2023\/06\/Director-Maestria-en-Actividad-Fisica-para-la-Salud-Eder-Pena-Quimbaya.mp3\"><strong>Audio Director Maestr\u00eda en Actividad F\u00edsica para la Salud, Eder Pe\u00f1a Quimbaya.<\/strong><\/a><\/p>\n<audio class=\"wp-audio-shortcode\" id=\"audio-76263-1\" preload=\"none\" style=\"width: 100%;\" controls=\"controls\"><source type=\"audio\/mpeg\" src=\"https:\/\/www.ucaldas.edu.co\/portal\/wp-content\/uploads\/2023\/06\/Director-Maestria-en-Actividad-Fisica-para-la-Salud-Eder-Pena-Quimbaya.mp3?_=1\" \/><a href=\"https:\/\/www.ucaldas.edu.co\/portal\/wp-content\/uploads\/2023\/06\/Director-Maestria-en-Actividad-Fisica-para-la-Salud-Eder-Pena-Quimbaya.mp3\">https:\/\/www.ucaldas.edu.co\/portal\/wp-content\/uploads\/2023\/06\/Director-Maestria-en-Actividad-Fisica-para-la-Salud-Eder-Pena-Quimbaya.mp3<\/a><\/audio>\n","protected":false},"excerpt":{"rendered":"<p>El Director de la Maestr\u00eda en Actividad F\u00edsica para la Salud de la Universidad de Caldas, Eder Pe\u00f1a Quimbaya, fue invitado como ponente en el Primer Simposio Internacional sobre Ejercicio F\u00edsico y Envejecimiento, el cual se llev\u00f3 a cabo en la ciudad de Villavicencio.<\/p>\n","protected":false},"author":2,"featured_media":76265,"comment_status":"closed","ping_status":"open","sticky":false,"template":"","format":"standard","meta":{"footnotes":""},"categories":[48,53],"tags":[9705],"class_list":["post-76263","post","type-post","status-publish","format-standard","has-post-thumbnail","hentry","category-actualidad","category-universidad-al-dia","tag-actividad-fisica-adulto-mayor"],"yoast_head":"<!-- This site is optimized with the Yoast SEO plugin v27.5 - https:\/\/yoast.com\/product\/yoast-seo-wordpress\/ -->\n<title>Docente de la Universidad de Caldas particip\u00f3 en el Primer Simposio Internacional sobre Ejercicio F\u00edsico y Envejecimiento .<\/title>\n<meta name=\"robots\" content=\"index, follow, max-snippet:-1, max-image-preview:large, max-video-preview:-1\" \/>\n<link rel=\"canonical\" href=\"https:\/\/www.ucaldas.edu.co\/portal\/docente-de-la-universidad-de-caldas-participo-en-el-primer-simposio-internacional-sobre-ejercicio-fisico-y-envejecimiento\/\" \/>\n<script type=\"application\/ld+json\" class=\"yoast-schema-graph\">{\"@context\":\"https:\\\/\\\/schema.org\",\"@graph\":[{\"@type\":\"Article\",\"@id\":\"https:\\\/\\\/www.ucaldas.edu.co\\\/portal\\\/docente-de-la-universidad-de-caldas-participo-en-el-primer-simposio-internacional-sobre-ejercicio-fisico-y-envejecimiento\\\/#article\",\"isPartOf\":{\"@id\":\"https:\\\/\\\/www.ucaldas.edu.co\\\/portal\\\/docente-de-la-universidad-de-caldas-participo-en-el-primer-simposio-internacional-sobre-ejercicio-fisico-y-envejecimiento\\\/\"},\"author\":{\"name\":\"ofiprensa\",\"@id\":\"https:\\\/\\\/www.ucaldas.edu.co\\\/portal\\\/#\\\/schema\\\/person\\\/a1b482e23449158b4bc319926c074fdf\"},\"headline\":\"Docente de la Universidad de Caldas particip\u00f3 en el Primer Simposio Internacional sobre Ejercicio F\u00edsico y Envejecimiento\",\"datePublished\":\"2023-06-13T13:38:55+00:00\",\"mainEntityOfPage\":{\"@id\":\"https:\\\/\\\/www.ucaldas.edu.co\\\/portal\\\/docente-de-la-universidad-de-caldas-participo-en-el-primer-simposio-internacional-sobre-ejercicio-fisico-y-envejecimiento\\\/\"},\"wordCount\":274,\"publisher\":{\"@id\":\"https:\\\/\\\/www.ucaldas.edu.co\\\/portal\\\/#organization\"},\"image\":{\"@id\":\"https:\\\/\\\/www.ucaldas.edu.co\\\/portal\\\/docente-de-la-universidad-de-caldas-participo-en-el-primer-simposio-internacional-sobre-ejercicio-fisico-y-envejecimiento\\\/#primaryimage\"},\"thumbnailUrl\":\"https:\\\/\\\/www.ucaldas.edu.co\\\/portal\\\/wp-content\\\/uploads\\\/2023\\\/06\\\/eder.jpg\",\"keywords\":[\"actividad f\u00edsica adulto mayor\"],\"articleSection\":[\"Actualidad\",\"Universidad al D\u00eda\"],\"inLanguage\":\"es\"},{\"@type\":\"WebPage\",\"@id\":\"https:\\\/\\\/www.ucaldas.edu.co\\\/portal\\\/docente-de-la-universidad-de-caldas-participo-en-el-primer-simposio-internacional-sobre-ejercicio-fisico-y-envejecimiento\\\/\",\"url\":\"https:\\\/\\\/www.ucaldas.edu.co\\\/portal\\\/docente-de-la-universidad-de-caldas-participo-en-el-primer-simposio-internacional-sobre-ejercicio-fisico-y-envejecimiento\\\/\",\"name\":\"Docente de la Universidad de Caldas particip\u00f3 en el Primer Simposio Internacional sobre Ejercicio F\u00edsico y Envejecimiento .\",\"isPartOf\":{\"@id\":\"https:\\\/\\\/www.ucaldas.edu.co\\\/portal\\\/#website\"},\"primaryImageOfPage\":{\"@id\":\"https:\\\/\\\/www.ucaldas.edu.co\\\/portal\\\/docente-de-la-universidad-de-caldas-participo-en-el-primer-simposio-internacional-sobre-ejercicio-fisico-y-envejecimiento\\\/#primaryimage\"},\"image\":{\"@id\":\"https:\\\/\\\/www.ucaldas.edu.co\\\/portal\\\/docente-de-la-universidad-de-caldas-participo-en-el-primer-simposio-internacional-sobre-ejercicio-fisico-y-envejecimiento\\\/#primaryimage\"},\"thumbnailUrl\":\"https:\\\/\\\/www.ucaldas.edu.co\\\/portal\\\/wp-content\\\/uploads\\\/2023\\\/06\\\/eder.jpg\",\"datePublished\":\"2023-06-13T13:38:55+00:00\",\"breadcrumb\":{\"@id\":\"https:\\\/\\\/www.ucaldas.edu.co\\\/portal\\\/docente-de-la-universidad-de-caldas-participo-en-el-primer-simposio-internacional-sobre-ejercicio-fisico-y-envejecimiento\\\/#breadcrumb\"},\"inLanguage\":\"es\",\"potentialAction\":[{\"@type\":\"ReadAction\",\"target\":[\"https:\\\/\\\/www.ucaldas.edu.co\\\/portal\\\/docente-de-la-universidad-de-caldas-participo-en-el-primer-simposio-internacional-sobre-ejercicio-fisico-y-envejecimiento\\\/\"]}]},{\"@type\":\"ImageObject\",\"inLanguage\":\"es\",\"@id\":\"https:\\\/\\\/www.ucaldas.edu.co\\\/portal\\\/docente-de-la-universidad-de-caldas-participo-en-el-primer-simposio-internacional-sobre-ejercicio-fisico-y-envejecimiento\\\/#primaryimage\",\"url\":\"https:\\\/\\\/www.ucaldas.edu.co\\\/portal\\\/wp-content\\\/uploads\\\/2023\\\/06\\\/eder.jpg\",\"contentUrl\":\"https:\\\/\\\/www.ucaldas.edu.co\\\/portal\\\/wp-content\\\/uploads\\\/2023\\\/06\\\/eder.jpg\",\"width\":900,\"height\":510,\"caption\":\"eder pe\u00f1a\"},{\"@type\":\"BreadcrumbList\",\"@id\":\"https:\\\/\\\/www.ucaldas.edu.co\\\/portal\\\/docente-de-la-universidad-de-caldas-participo-en-el-primer-simposio-internacional-sobre-ejercicio-fisico-y-envejecimiento\\\/#breadcrumb\",\"itemListElement\":[{\"@type\":\"ListItem\",\"position\":1,\"name\":\"Portada\",\"item\":\"https:\\\/\\\/www.ucaldas.edu.co\\\/portal\\\/\"},{\"@type\":\"ListItem\",\"position\":2,\"name\":\"Docente de la Universidad de Caldas particip\u00f3 en el Primer Simposio Internacional sobre Ejercicio F\u00edsico y Envejecimiento\"}]},{\"@type\":\"WebSite\",\"@id\":\"https:\\\/\\\/www.ucaldas.edu.co\\\/portal\\\/#website\",\"url\":\"https:\\\/\\\/www.ucaldas.edu.co\\\/portal\\\/\",\"name\":\"Universidad de Caldas\",\"description\":\"\",\"publisher\":{\"@id\":\"https:\\\/\\\/www.ucaldas.edu.co\\\/portal\\\/#organization\"},\"alternateName\":\"U. de Caldas\",\"potentialAction\":[{\"@type\":\"SearchAction\",\"target\":{\"@type\":\"EntryPoint\",\"urlTemplate\":\"https:\\\/\\\/www.ucaldas.edu.co\\\/portal\\\/?s={search_term_string}\"},\"query-input\":{\"@type\":\"PropertyValueSpecification\",\"valueRequired\":true,\"valueName\":\"search_term_string\"}}],\"inLanguage\":\"es\"},{\"@type\":\"Organization\",\"@id\":\"https:\\\/\\\/www.ucaldas.edu.co\\\/portal\\\/#organization\",\"name\":\"Universidad de Caldas\",\"alternateName\":\"U. de Caldas\",\"url\":\"https:\\\/\\\/www.ucaldas.edu.co\\\/portal\\\/\",\"logo\":{\"@type\":\"ImageObject\",\"inLanguage\":\"es\",\"@id\":\"https:\\\/\\\/www.ucaldas.edu.co\\\/portal\\\/#\\\/schema\\\/logo\\\/image\\\/\",\"url\":\"https:\\\/\\\/www.ucaldas.edu.co\\\/portal\\\/wp-content\\\/uploads\\\/2023\\\/11\\\/Logo_horizontal_oscuroU-2023.png\",\"contentUrl\":\"https:\\\/\\\/www.ucaldas.edu.co\\\/portal\\\/wp-content\\\/uploads\\\/2023\\\/11\\\/Logo_horizontal_oscuroU-2023.png\",\"width\":263,\"height\":101,\"caption\":\"Universidad de Caldas\"},\"image\":{\"@id\":\"https:\\\/\\\/www.ucaldas.edu.co\\\/portal\\\/#\\\/schema\\\/logo\\\/image\\\/\"},\"sameAs\":[\"https:\\\/\\\/www.facebook.com\\\/udecaldas\",\"https:\\\/\\\/x.com\\\/udecaldas\",\"https:\\\/\\\/www.youtube.com\\\/universidadcaldas\",\"https:\\\/\\\/www.instagram.com\\\/udecaldas\\\/\"]},{\"@type\":\"Person\",\"@id\":\"https:\\\/\\\/www.ucaldas.edu.co\\\/portal\\\/#\\\/schema\\\/person\\\/a1b482e23449158b4bc319926c074fdf\",\"name\":\"ofiprensa\",\"image\":{\"@type\":\"ImageObject\",\"inLanguage\":\"es\",\"@id\":\"https:\\\/\\\/www.ucaldas.edu.co\\\/portal\\\/wp-content\\\/litespeed\\\/avatar\\\/09ea5085e600095a7a811142c6944527.jpg?ver=1777497608\",\"url\":\"https:\\\/\\\/www.ucaldas.edu.co\\\/portal\\\/wp-content\\\/litespeed\\\/avatar\\\/09ea5085e600095a7a811142c6944527.jpg?ver=1777497608\",\"contentUrl\":\"https:\\\/\\\/www.ucaldas.edu.co\\\/portal\\\/wp-content\\\/litespeed\\\/avatar\\\/09ea5085e600095a7a811142c6944527.jpg?ver=1777497608\",\"caption\":\"ofiprensa\"},\"url\":\"https:\\\/\\\/www.ucaldas.edu.co\\\/portal\\\/author\\\/ofiprensa\\\/\"}]}<\/script>\n<!-- \/ Yoast SEO plugin. -->","yoast_head_json":{"title":"Docente de la Universidad de Caldas particip\u00f3 en el Primer Simposio Internacional sobre Ejercicio F\u00edsico y Envejecimiento .","robots":{"index":"index","follow":"follow","max-snippet":"max-snippet:-1","max-image-preview":"max-image-preview:large","max-video-preview":"max-video-preview:-1"},"canonical":"https:\/\/www.ucaldas.edu.co\/portal\/docente-de-la-universidad-de-caldas-participo-en-el-primer-simposio-internacional-sobre-ejercicio-fisico-y-envejecimiento\/","schema":{"@context":"https:\/\/schema.org","@graph":[{"@type":"Article","@id":"https:\/\/www.ucaldas.edu.co\/portal\/docente-de-la-universidad-de-caldas-participo-en-el-primer-simposio-internacional-sobre-ejercicio-fisico-y-envejecimiento\/#article","isPartOf":{"@id":"https:\/\/www.ucaldas.edu.co\/portal\/docente-de-la-universidad-de-caldas-participo-en-el-primer-simposio-internacional-sobre-ejercicio-fisico-y-envejecimiento\/"},"author":{"name":"ofiprensa","@id":"https:\/\/www.ucaldas.edu.co\/portal\/#\/schema\/person\/a1b482e23449158b4bc319926c074fdf"},"headline":"Docente de la Universidad de Caldas particip\u00f3 en el Primer Simposio Internacional sobre Ejercicio F\u00edsico y Envejecimiento","datePublished":"2023-06-13T13:38:55+00:00","mainEntityOfPage":{"@id":"https:\/\/www.ucaldas.edu.co\/portal\/docente-de-la-universidad-de-caldas-participo-en-el-primer-simposio-internacional-sobre-ejercicio-fisico-y-envejecimiento\/"},"wordCount":274,"publisher":{"@id":"https:\/\/www.ucaldas.edu.co\/portal\/#organization"},"image":{"@id":"https:\/\/www.ucaldas.edu.co\/portal\/docente-de-la-universidad-de-caldas-participo-en-el-primer-simposio-internacional-sobre-ejercicio-fisico-y-envejecimiento\/#primaryimage"},"thumbnailUrl":"https:\/\/www.ucaldas.edu.co\/portal\/wp-content\/uploads\/2023\/06\/eder.jpg","keywords":["actividad f\u00edsica adulto mayor"],"articleSection":["Actualidad","Universidad al D\u00eda"],"inLanguage":"es"},{"@type":"WebPage","@id":"https:\/\/www.ucaldas.edu.co\/portal\/docente-de-la-universidad-de-caldas-participo-en-el-primer-simposio-internacional-sobre-ejercicio-fisico-y-envejecimiento\/","url":"https:\/\/www.ucaldas.edu.co\/portal\/docente-de-la-universidad-de-caldas-participo-en-el-primer-simposio-internacional-sobre-ejercicio-fisico-y-envejecimiento\/","name":"Docente de la Universidad de Caldas particip\u00f3 en el Primer Simposio Internacional sobre Ejercicio F\u00edsico y Envejecimiento .","isPartOf":{"@id":"https:\/\/www.ucaldas.edu.co\/portal\/#website"},"primaryImageOfPage":{"@id":"https:\/\/www.ucaldas.edu.co\/portal\/docente-de-la-universidad-de-caldas-participo-en-el-primer-simposio-internacional-sobre-ejercicio-fisico-y-envejecimiento\/#primaryimage"},"image":{"@id":"https:\/\/www.ucaldas.edu.co\/portal\/docente-de-la-universidad-de-caldas-participo-en-el-primer-simposio-internacional-sobre-ejercicio-fisico-y-envejecimiento\/#primaryimage"},"thumbnailUrl":"https:\/\/www.ucaldas.edu.co\/portal\/wp-content\/uploads\/2023\/06\/eder.jpg","datePublished":"2023-06-13T13:38:55+00:00","breadcrumb":{"@id":"https:\/\/www.ucaldas.edu.co\/portal\/docente-de-la-universidad-de-caldas-participo-en-el-primer-simposio-internacional-sobre-ejercicio-fisico-y-envejecimiento\/#breadcrumb"},"inLanguage":"es","potentialAction":[{"@type":"ReadAction","target":["https:\/\/www.ucaldas.edu.co\/portal\/docente-de-la-universidad-de-caldas-participo-en-el-primer-simposio-internacional-sobre-ejercicio-fisico-y-envejecimiento\/"]}]},{"@type":"ImageObject","inLanguage":"es","@id":"https:\/\/www.ucaldas.edu.co\/portal\/docente-de-la-universidad-de-caldas-participo-en-el-primer-simposio-internacional-sobre-ejercicio-fisico-y-envejecimiento\/#primaryimage","url":"https:\/\/www.ucaldas.edu.co\/portal\/wp-content\/uploads\/2023\/06\/eder.jpg","contentUrl":"https:\/\/www.ucaldas.edu.co\/portal\/wp-content\/uploads\/2023\/06\/eder.jpg","width":900,"height":510,"caption":"eder pe\u00f1a"},{"@type":"BreadcrumbList","@id":"https:\/\/www.ucaldas.edu.co\/portal\/docente-de-la-universidad-de-caldas-participo-en-el-primer-simposio-internacional-sobre-ejercicio-fisico-y-envejecimiento\/#breadcrumb","itemListElement":[{"@type":"ListItem","position":1,"name":"Portada","item":"https:\/\/www.ucaldas.edu.co\/portal\/"},{"@type":"ListItem","position":2,"name":"Docente de la Universidad de Caldas particip\u00f3 en el Primer Simposio Internacional sobre Ejercicio F\u00edsico y Envejecimiento"}]},{"@type":"WebSite","@id":"https:\/\/www.ucaldas.edu.co\/portal\/#website","url":"https:\/\/www.ucaldas.edu.co\/portal\/","name":"Universidad de Caldas","description":"","publisher":{"@id":"https:\/\/www.ucaldas.edu.co\/portal\/#organization"},"alternateName":"U. de Caldas","potentialAction":[{"@type":"SearchAction","target":{"@type":"EntryPoint","urlTemplate":"https:\/\/www.ucaldas.edu.co\/portal\/?s={search_term_string}"},"query-input":{"@type":"PropertyValueSpecification","valueRequired":true,"valueName":"search_term_string"}}],"inLanguage":"es"},{"@type":"Organization","@id":"https:\/\/www.ucaldas.edu.co\/portal\/#organization","name":"Universidad de Caldas","alternateName":"U. de Caldas","url":"https:\/\/www.ucaldas.edu.co\/portal\/","logo":{"@type":"ImageObject","inLanguage":"es","@id":"https:\/\/www.ucaldas.edu.co\/portal\/#\/schema\/logo\/image\/","url":"https:\/\/www.ucaldas.edu.co\/portal\/wp-content\/uploads\/2023\/11\/Logo_horizontal_oscuroU-2023.png","contentUrl":"https:\/\/www.ucaldas.edu.co\/portal\/wp-content\/uploads\/2023\/11\/Logo_horizontal_oscuroU-2023.png","width":263,"height":101,"caption":"Universidad de Caldas"},"image":{"@id":"https:\/\/www.ucaldas.edu.co\/portal\/#\/schema\/logo\/image\/"},"sameAs":["https:\/\/www.facebook.com\/udecaldas","https:\/\/x.com\/udecaldas","https:\/\/www.youtube.com\/universidadcaldas","https:\/\/www.instagram.com\/udecaldas\/"]},{"@type":"Person","@id":"https:\/\/www.ucaldas.edu.co\/portal\/#\/schema\/person\/a1b482e23449158b4bc319926c074fdf","name":"ofiprensa","image":{"@type":"ImageObject","inLanguage":"es","@id":"https:\/\/www.ucaldas.edu.co\/portal\/wp-content\/litespeed\/avatar\/09ea5085e600095a7a811142c6944527.jpg?ver=1777497608","url":"https:\/\/www.ucaldas.edu.co\/portal\/wp-content\/litespeed\/avatar\/09ea5085e600095a7a811142c6944527.jpg?ver=1777497608","contentUrl":"https:\/\/www.ucaldas.edu.co\/portal\/wp-content\/litespeed\/avatar\/09ea5085e600095a7a811142c6944527.jpg?ver=1777497608","caption":"ofiprensa"},"url":"https:\/\/www.ucaldas.edu.co\/portal\/author\/ofiprensa\/"}]}},"_links":{"self":[{"href":"https:\/\/www.ucaldas.edu.co\/portal\/wp-json\/wp\/v2\/posts\/76263","targetHints":{"allow":["GET"]}}],"collection":[{"href":"https:\/\/www.ucaldas.edu.co\/portal\/wp-json\/wp\/v2\/posts"}],"about":[{"href":"https:\/\/www.ucaldas.edu.co\/portal\/wp-json\/wp\/v2\/types\/post"}],"author":[{"embeddable":true,"href":"https:\/\/www.ucaldas.edu.co\/portal\/wp-json\/wp\/v2\/users\/2"}],"replies":[{"embeddable":true,"href":"https:\/\/www.ucaldas.edu.co\/portal\/wp-json\/wp\/v2\/comments?post=76263"}],"version-history":[{"count":0,"href":"https:\/\/www.ucaldas.edu.co\/portal\/wp-json\/wp\/v2\/posts\/76263\/revisions"}],"wp:featuredmedia":[{"embeddable":true,"href":"https:\/\/www.ucaldas.edu.co\/portal\/wp-json\/wp\/v2\/media\/76265"}],"wp:attachment":[{"href":"https:\/\/www.ucaldas.edu.co\/portal\/wp-json\/wp\/v2\/media?parent=76263"}],"wp:term":[{"taxonomy":"category","embeddable":true,"href":"https:\/\/www.ucaldas.edu.co\/portal\/wp-json\/wp\/v2\/categories?post=76263"},{"taxonomy":"post_tag","embeddable":true,"href":"https:\/\/www.ucaldas.edu.co\/portal\/wp-json\/wp\/v2\/tags?post=76263"}],"curies":[{"name":"wp","href":"https:\/\/api.w.org\/{rel}","templated":true}]}}