{"id":76212,"date":"2023-06-07T16:11:36","date_gmt":"2023-06-07T16:11:36","guid":{"rendered":"https:\/\/www.ucaldas.edu.co\/portal\/?p=76212"},"modified":"2023-06-07T16:11:36","modified_gmt":"2023-06-07T16:11:36","slug":"cafe-multilingue-de-la-universidad-de-caldas-un-espacio-para-la-practica-de-lenguas-extranjeras","status":"publish","type":"post","link":"https:\/\/www.ucaldas.edu.co\/portal\/cafe-multilingue-de-la-universidad-de-caldas-un-espacio-para-la-practica-de-lenguas-extranjeras\/","title":{"rendered":"Caf\u00e9 Multiling\u00fce de la Universidad de Caldas, un espacio para la pr\u00e1ctica de lenguas extranjeras"},"content":{"rendered":"<p><img loading=\"lazy\" decoding=\"async\" class=\"aligncenter size-full wp-image-76213\" src=\"https:\/\/www.ucaldas.edu.co\/portal\/wp-content\/uploads\/2023\/06\/cafe.jpg\" alt=\"caf\u00e9 multiling\u00fce\" width=\"900\" height=\"510\" srcset=\"https:\/\/www.ucaldas.edu.co\/portal\/wp-content\/uploads\/2023\/06\/cafe.jpg 900w, https:\/\/www.ucaldas.edu.co\/portal\/wp-content\/uploads\/2023\/06\/cafe-300x170.jpg 300w, https:\/\/www.ucaldas.edu.co\/portal\/wp-content\/uploads\/2023\/06\/cafe-768x435.jpg 768w\" sizes=\"auto, (max-width: 900px) 100vw, 900px\" \/><\/p>\n<p>Caf\u00e9 Multiling\u00fce regres\u00f3 el pasado mi\u00e9rcoles 7 de junio, un espacio de encuentro y di\u00e1logo para conversar alrededor de la literatura en diferentes idiomas, desarrollado por el programa de Ense\u00f1anza de Lenguas Extranjeras, PRELEX,\u00a0 de la Universidad de Caldas.<!--more--><\/p>\n<p>Este espacio tiene como objetivo reunir diversas lenguas y abrir espacios para su pr\u00e1ctica y encuentro con diferentes ciudadanos del mundo en la ciudad de Manizales. Caf\u00e9 Multiling\u00fce es una iniciativa que re\u00fane diferentes instituciones de la ciudad como el Centro Cultural Banco de la Rep\u00fablica, Centro Colombo Americano, Alianza Francesa, Asorcal y la Universidad de Caldas.<\/p>\n<p>Para esta ocasi\u00f3n el tema central fue la obra \u201cLa Sexta Extinci\u00f3n: una historia nada natural\u201d de la escritora estadounidense Elizabeth Kolbert. El invitado especial del espacio fue Diego Alejandro Mart\u00ednez Valderrama, docente de espa\u00f1ol y literatura del Colegio Aspaen Horizontes.<\/p>\n<p>La sesi\u00f3n se desarroll\u00f3 en el auditorio Roberto V\u00e9lez Correa de la sede central de la Universidad de Caldas.<\/p>\n","protected":false},"excerpt":{"rendered":"<p>Caf\u00e9 Multiling\u00fce regres\u00f3 el pasado mi\u00e9rcoles 7 de junio, un espacio de encuentro y di\u00e1logo para conversar alrededor de la literatura en diferentes idiomas, desarrollado por el programa de Ense\u00f1anza de Lenguas Extranjeras, PRELEX,\u00a0 de la Universidad de Caldas.<\/p>\n","protected":false},"author":2,"featured_media":76213,"comment_status":"closed","ping_status":"open","sticky":false,"template":"","format":"standard","meta":{"footnotes":""},"categories":[48,53],"tags":[4928],"class_list":["post-76212","post","type-post","status-publish","format-standard","has-post-thumbnail","hentry","category-actualidad","category-universidad-al-dia","tag-cafe-multilingue"],"yoast_head":"<!-- This site is optimized with the Yoast SEO plugin v27.5 - https:\/\/yoast.com\/product\/yoast-seo-wordpress\/ -->\n<title>Caf\u00e9 Multiling\u00fce de la Universidad de Caldas, un espacio para la pr\u00e1ctica de lenguas extranjeras .<\/title>\n<meta name=\"robots\" content=\"index, follow, max-snippet:-1, max-image-preview:large, max-video-preview:-1\" \/>\n<link rel=\"canonical\" href=\"https:\/\/www.ucaldas.edu.co\/portal\/cafe-multilingue-de-la-universidad-de-caldas-un-espacio-para-la-practica-de-lenguas-extranjeras\/\" \/>\n<script type=\"application\/ld+json\" class=\"yoast-schema-graph\">{\"@context\":\"https:\\\/\\\/schema.org\",\"@graph\":[{\"@type\":\"Article\",\"@id\":\"https:\\\/\\\/www.ucaldas.edu.co\\\/portal\\\/cafe-multilingue-de-la-universidad-de-caldas-un-espacio-para-la-practica-de-lenguas-extranjeras\\\/#article\",\"isPartOf\":{\"@id\":\"https:\\\/\\\/www.ucaldas.edu.co\\\/portal\\\/cafe-multilingue-de-la-universidad-de-caldas-un-espacio-para-la-practica-de-lenguas-extranjeras\\\/\"},\"author\":{\"name\":\"ofiprensa\",\"@id\":\"https:\\\/\\\/www.ucaldas.edu.co\\\/portal\\\/#\\\/schema\\\/person\\\/a1b482e23449158b4bc319926c074fdf\"},\"headline\":\"Caf\u00e9 Multiling\u00fce de la Universidad de Caldas, un espacio para la pr\u00e1ctica de lenguas extranjeras\",\"datePublished\":\"2023-06-07T16:11:36+00:00\",\"mainEntityOfPage\":{\"@id\":\"https:\\\/\\\/www.ucaldas.edu.co\\\/portal\\\/cafe-multilingue-de-la-universidad-de-caldas-un-espacio-para-la-practica-de-lenguas-extranjeras\\\/\"},\"wordCount\":186,\"publisher\":{\"@id\":\"https:\\\/\\\/www.ucaldas.edu.co\\\/portal\\\/#organization\"},\"image\":{\"@id\":\"https:\\\/\\\/www.ucaldas.edu.co\\\/portal\\\/cafe-multilingue-de-la-universidad-de-caldas-un-espacio-para-la-practica-de-lenguas-extranjeras\\\/#primaryimage\"},\"thumbnailUrl\":\"https:\\\/\\\/www.ucaldas.edu.co\\\/portal\\\/wp-content\\\/uploads\\\/2023\\\/06\\\/cafe.jpg\",\"keywords\":[\"caf\u00e9 multiling\u00fce\"],\"articleSection\":[\"Actualidad\",\"Universidad al D\u00eda\"],\"inLanguage\":\"es\"},{\"@type\":\"WebPage\",\"@id\":\"https:\\\/\\\/www.ucaldas.edu.co\\\/portal\\\/cafe-multilingue-de-la-universidad-de-caldas-un-espacio-para-la-practica-de-lenguas-extranjeras\\\/\",\"url\":\"https:\\\/\\\/www.ucaldas.edu.co\\\/portal\\\/cafe-multilingue-de-la-universidad-de-caldas-un-espacio-para-la-practica-de-lenguas-extranjeras\\\/\",\"name\":\"Caf\u00e9 Multiling\u00fce de la Universidad de Caldas, un espacio para la pr\u00e1ctica de lenguas extranjeras .\",\"isPartOf\":{\"@id\":\"https:\\\/\\\/www.ucaldas.edu.co\\\/portal\\\/#website\"},\"primaryImageOfPage\":{\"@id\":\"https:\\\/\\\/www.ucaldas.edu.co\\\/portal\\\/cafe-multilingue-de-la-universidad-de-caldas-un-espacio-para-la-practica-de-lenguas-extranjeras\\\/#primaryimage\"},\"image\":{\"@id\":\"https:\\\/\\\/www.ucaldas.edu.co\\\/portal\\\/cafe-multilingue-de-la-universidad-de-caldas-un-espacio-para-la-practica-de-lenguas-extranjeras\\\/#primaryimage\"},\"thumbnailUrl\":\"https:\\\/\\\/www.ucaldas.edu.co\\\/portal\\\/wp-content\\\/uploads\\\/2023\\\/06\\\/cafe.jpg\",\"datePublished\":\"2023-06-07T16:11:36+00:00\",\"breadcrumb\":{\"@id\":\"https:\\\/\\\/www.ucaldas.edu.co\\\/portal\\\/cafe-multilingue-de-la-universidad-de-caldas-un-espacio-para-la-practica-de-lenguas-extranjeras\\\/#breadcrumb\"},\"inLanguage\":\"es\",\"potentialAction\":[{\"@type\":\"ReadAction\",\"target\":[\"https:\\\/\\\/www.ucaldas.edu.co\\\/portal\\\/cafe-multilingue-de-la-universidad-de-caldas-un-espacio-para-la-practica-de-lenguas-extranjeras\\\/\"]}]},{\"@type\":\"ImageObject\",\"inLanguage\":\"es\",\"@id\":\"https:\\\/\\\/www.ucaldas.edu.co\\\/portal\\\/cafe-multilingue-de-la-universidad-de-caldas-un-espacio-para-la-practica-de-lenguas-extranjeras\\\/#primaryimage\",\"url\":\"https:\\\/\\\/www.ucaldas.edu.co\\\/portal\\\/wp-content\\\/uploads\\\/2023\\\/06\\\/cafe.jpg\",\"contentUrl\":\"https:\\\/\\\/www.ucaldas.edu.co\\\/portal\\\/wp-content\\\/uploads\\\/2023\\\/06\\\/cafe.jpg\",\"width\":900,\"height\":510,\"caption\":\"caf\u00e9 multiling\u00fce\"},{\"@type\":\"BreadcrumbList\",\"@id\":\"https:\\\/\\\/www.ucaldas.edu.co\\\/portal\\\/cafe-multilingue-de-la-universidad-de-caldas-un-espacio-para-la-practica-de-lenguas-extranjeras\\\/#breadcrumb\",\"itemListElement\":[{\"@type\":\"ListItem\",\"position\":1,\"name\":\"Portada\",\"item\":\"https:\\\/\\\/www.ucaldas.edu.co\\\/portal\\\/\"},{\"@type\":\"ListItem\",\"position\":2,\"name\":\"Caf\u00e9 Multiling\u00fce de la Universidad de Caldas, un espacio para la pr\u00e1ctica de lenguas extranjeras\"}]},{\"@type\":\"WebSite\",\"@id\":\"https:\\\/\\\/www.ucaldas.edu.co\\\/portal\\\/#website\",\"url\":\"https:\\\/\\\/www.ucaldas.edu.co\\\/portal\\\/\",\"name\":\"Universidad de Caldas\",\"description\":\"\",\"publisher\":{\"@id\":\"https:\\\/\\\/www.ucaldas.edu.co\\\/portal\\\/#organization\"},\"alternateName\":\"U. de Caldas\",\"potentialAction\":[{\"@type\":\"SearchAction\",\"target\":{\"@type\":\"EntryPoint\",\"urlTemplate\":\"https:\\\/\\\/www.ucaldas.edu.co\\\/portal\\\/?s={search_term_string}\"},\"query-input\":{\"@type\":\"PropertyValueSpecification\",\"valueRequired\":true,\"valueName\":\"search_term_string\"}}],\"inLanguage\":\"es\"},{\"@type\":\"Organization\",\"@id\":\"https:\\\/\\\/www.ucaldas.edu.co\\\/portal\\\/#organization\",\"name\":\"Universidad de Caldas\",\"alternateName\":\"U. de Caldas\",\"url\":\"https:\\\/\\\/www.ucaldas.edu.co\\\/portal\\\/\",\"logo\":{\"@type\":\"ImageObject\",\"inLanguage\":\"es\",\"@id\":\"https:\\\/\\\/www.ucaldas.edu.co\\\/portal\\\/#\\\/schema\\\/logo\\\/image\\\/\",\"url\":\"https:\\\/\\\/www.ucaldas.edu.co\\\/portal\\\/wp-content\\\/uploads\\\/2023\\\/11\\\/Logo_horizontal_oscuroU-2023.png\",\"contentUrl\":\"https:\\\/\\\/www.ucaldas.edu.co\\\/portal\\\/wp-content\\\/uploads\\\/2023\\\/11\\\/Logo_horizontal_oscuroU-2023.png\",\"width\":263,\"height\":101,\"caption\":\"Universidad de Caldas\"},\"image\":{\"@id\":\"https:\\\/\\\/www.ucaldas.edu.co\\\/portal\\\/#\\\/schema\\\/logo\\\/image\\\/\"},\"sameAs\":[\"https:\\\/\\\/www.facebook.com\\\/udecaldas\",\"https:\\\/\\\/x.com\\\/udecaldas\",\"https:\\\/\\\/www.youtube.com\\\/universidadcaldas\",\"https:\\\/\\\/www.instagram.com\\\/udecaldas\\\/\"]},{\"@type\":\"Person\",\"@id\":\"https:\\\/\\\/www.ucaldas.edu.co\\\/portal\\\/#\\\/schema\\\/person\\\/a1b482e23449158b4bc319926c074fdf\",\"name\":\"ofiprensa\",\"image\":{\"@type\":\"ImageObject\",\"inLanguage\":\"es\",\"@id\":\"https:\\\/\\\/www.ucaldas.edu.co\\\/portal\\\/wp-content\\\/litespeed\\\/avatar\\\/09ea5085e600095a7a811142c6944527.jpg?ver=1777497608\",\"url\":\"https:\\\/\\\/www.ucaldas.edu.co\\\/portal\\\/wp-content\\\/litespeed\\\/avatar\\\/09ea5085e600095a7a811142c6944527.jpg?ver=1777497608\",\"contentUrl\":\"https:\\\/\\\/www.ucaldas.edu.co\\\/portal\\\/wp-content\\\/litespeed\\\/avatar\\\/09ea5085e600095a7a811142c6944527.jpg?ver=1777497608\",\"caption\":\"ofiprensa\"},\"url\":\"https:\\\/\\\/www.ucaldas.edu.co\\\/portal\\\/author\\\/ofiprensa\\\/\"}]}<\/script>\n<!-- \/ Yoast SEO plugin. -->","yoast_head_json":{"title":"Caf\u00e9 Multiling\u00fce de la Universidad de Caldas, un espacio para la pr\u00e1ctica de lenguas extranjeras .","robots":{"index":"index","follow":"follow","max-snippet":"max-snippet:-1","max-image-preview":"max-image-preview:large","max-video-preview":"max-video-preview:-1"},"canonical":"https:\/\/www.ucaldas.edu.co\/portal\/cafe-multilingue-de-la-universidad-de-caldas-un-espacio-para-la-practica-de-lenguas-extranjeras\/","schema":{"@context":"https:\/\/schema.org","@graph":[{"@type":"Article","@id":"https:\/\/www.ucaldas.edu.co\/portal\/cafe-multilingue-de-la-universidad-de-caldas-un-espacio-para-la-practica-de-lenguas-extranjeras\/#article","isPartOf":{"@id":"https:\/\/www.ucaldas.edu.co\/portal\/cafe-multilingue-de-la-universidad-de-caldas-un-espacio-para-la-practica-de-lenguas-extranjeras\/"},"author":{"name":"ofiprensa","@id":"https:\/\/www.ucaldas.edu.co\/portal\/#\/schema\/person\/a1b482e23449158b4bc319926c074fdf"},"headline":"Caf\u00e9 Multiling\u00fce de la Universidad de Caldas, un espacio para la pr\u00e1ctica de lenguas extranjeras","datePublished":"2023-06-07T16:11:36+00:00","mainEntityOfPage":{"@id":"https:\/\/www.ucaldas.edu.co\/portal\/cafe-multilingue-de-la-universidad-de-caldas-un-espacio-para-la-practica-de-lenguas-extranjeras\/"},"wordCount":186,"publisher":{"@id":"https:\/\/www.ucaldas.edu.co\/portal\/#organization"},"image":{"@id":"https:\/\/www.ucaldas.edu.co\/portal\/cafe-multilingue-de-la-universidad-de-caldas-un-espacio-para-la-practica-de-lenguas-extranjeras\/#primaryimage"},"thumbnailUrl":"https:\/\/www.ucaldas.edu.co\/portal\/wp-content\/uploads\/2023\/06\/cafe.jpg","keywords":["caf\u00e9 multiling\u00fce"],"articleSection":["Actualidad","Universidad al D\u00eda"],"inLanguage":"es"},{"@type":"WebPage","@id":"https:\/\/www.ucaldas.edu.co\/portal\/cafe-multilingue-de-la-universidad-de-caldas-un-espacio-para-la-practica-de-lenguas-extranjeras\/","url":"https:\/\/www.ucaldas.edu.co\/portal\/cafe-multilingue-de-la-universidad-de-caldas-un-espacio-para-la-practica-de-lenguas-extranjeras\/","name":"Caf\u00e9 Multiling\u00fce de la Universidad de Caldas, un espacio para la pr\u00e1ctica de lenguas extranjeras .","isPartOf":{"@id":"https:\/\/www.ucaldas.edu.co\/portal\/#website"},"primaryImageOfPage":{"@id":"https:\/\/www.ucaldas.edu.co\/portal\/cafe-multilingue-de-la-universidad-de-caldas-un-espacio-para-la-practica-de-lenguas-extranjeras\/#primaryimage"},"image":{"@id":"https:\/\/www.ucaldas.edu.co\/portal\/cafe-multilingue-de-la-universidad-de-caldas-un-espacio-para-la-practica-de-lenguas-extranjeras\/#primaryimage"},"thumbnailUrl":"https:\/\/www.ucaldas.edu.co\/portal\/wp-content\/uploads\/2023\/06\/cafe.jpg","datePublished":"2023-06-07T16:11:36+00:00","breadcrumb":{"@id":"https:\/\/www.ucaldas.edu.co\/portal\/cafe-multilingue-de-la-universidad-de-caldas-un-espacio-para-la-practica-de-lenguas-extranjeras\/#breadcrumb"},"inLanguage":"es","potentialAction":[{"@type":"ReadAction","target":["https:\/\/www.ucaldas.edu.co\/portal\/cafe-multilingue-de-la-universidad-de-caldas-un-espacio-para-la-practica-de-lenguas-extranjeras\/"]}]},{"@type":"ImageObject","inLanguage":"es","@id":"https:\/\/www.ucaldas.edu.co\/portal\/cafe-multilingue-de-la-universidad-de-caldas-un-espacio-para-la-practica-de-lenguas-extranjeras\/#primaryimage","url":"https:\/\/www.ucaldas.edu.co\/portal\/wp-content\/uploads\/2023\/06\/cafe.jpg","contentUrl":"https:\/\/www.ucaldas.edu.co\/portal\/wp-content\/uploads\/2023\/06\/cafe.jpg","width":900,"height":510,"caption":"caf\u00e9 multiling\u00fce"},{"@type":"BreadcrumbList","@id":"https:\/\/www.ucaldas.edu.co\/portal\/cafe-multilingue-de-la-universidad-de-caldas-un-espacio-para-la-practica-de-lenguas-extranjeras\/#breadcrumb","itemListElement":[{"@type":"ListItem","position":1,"name":"Portada","item":"https:\/\/www.ucaldas.edu.co\/portal\/"},{"@type":"ListItem","position":2,"name":"Caf\u00e9 Multiling\u00fce de la Universidad de Caldas, un espacio para la pr\u00e1ctica de lenguas extranjeras"}]},{"@type":"WebSite","@id":"https:\/\/www.ucaldas.edu.co\/portal\/#website","url":"https:\/\/www.ucaldas.edu.co\/portal\/","name":"Universidad de Caldas","description":"","publisher":{"@id":"https:\/\/www.ucaldas.edu.co\/portal\/#organization"},"alternateName":"U. de Caldas","potentialAction":[{"@type":"SearchAction","target":{"@type":"EntryPoint","urlTemplate":"https:\/\/www.ucaldas.edu.co\/portal\/?s={search_term_string}"},"query-input":{"@type":"PropertyValueSpecification","valueRequired":true,"valueName":"search_term_string"}}],"inLanguage":"es"},{"@type":"Organization","@id":"https:\/\/www.ucaldas.edu.co\/portal\/#organization","name":"Universidad de Caldas","alternateName":"U. de Caldas","url":"https:\/\/www.ucaldas.edu.co\/portal\/","logo":{"@type":"ImageObject","inLanguage":"es","@id":"https:\/\/www.ucaldas.edu.co\/portal\/#\/schema\/logo\/image\/","url":"https:\/\/www.ucaldas.edu.co\/portal\/wp-content\/uploads\/2023\/11\/Logo_horizontal_oscuroU-2023.png","contentUrl":"https:\/\/www.ucaldas.edu.co\/portal\/wp-content\/uploads\/2023\/11\/Logo_horizontal_oscuroU-2023.png","width":263,"height":101,"caption":"Universidad de Caldas"},"image":{"@id":"https:\/\/www.ucaldas.edu.co\/portal\/#\/schema\/logo\/image\/"},"sameAs":["https:\/\/www.facebook.com\/udecaldas","https:\/\/x.com\/udecaldas","https:\/\/www.youtube.com\/universidadcaldas","https:\/\/www.instagram.com\/udecaldas\/"]},{"@type":"Person","@id":"https:\/\/www.ucaldas.edu.co\/portal\/#\/schema\/person\/a1b482e23449158b4bc319926c074fdf","name":"ofiprensa","image":{"@type":"ImageObject","inLanguage":"es","@id":"https:\/\/www.ucaldas.edu.co\/portal\/wp-content\/litespeed\/avatar\/09ea5085e600095a7a811142c6944527.jpg?ver=1777497608","url":"https:\/\/www.ucaldas.edu.co\/portal\/wp-content\/litespeed\/avatar\/09ea5085e600095a7a811142c6944527.jpg?ver=1777497608","contentUrl":"https:\/\/www.ucaldas.edu.co\/portal\/wp-content\/litespeed\/avatar\/09ea5085e600095a7a811142c6944527.jpg?ver=1777497608","caption":"ofiprensa"},"url":"https:\/\/www.ucaldas.edu.co\/portal\/author\/ofiprensa\/"}]}},"_links":{"self":[{"href":"https:\/\/www.ucaldas.edu.co\/portal\/wp-json\/wp\/v2\/posts\/76212","targetHints":{"allow":["GET"]}}],"collection":[{"href":"https:\/\/www.ucaldas.edu.co\/portal\/wp-json\/wp\/v2\/posts"}],"about":[{"href":"https:\/\/www.ucaldas.edu.co\/portal\/wp-json\/wp\/v2\/types\/post"}],"author":[{"embeddable":true,"href":"https:\/\/www.ucaldas.edu.co\/portal\/wp-json\/wp\/v2\/users\/2"}],"replies":[{"embeddable":true,"href":"https:\/\/www.ucaldas.edu.co\/portal\/wp-json\/wp\/v2\/comments?post=76212"}],"version-history":[{"count":0,"href":"https:\/\/www.ucaldas.edu.co\/portal\/wp-json\/wp\/v2\/posts\/76212\/revisions"}],"wp:featuredmedia":[{"embeddable":true,"href":"https:\/\/www.ucaldas.edu.co\/portal\/wp-json\/wp\/v2\/media\/76213"}],"wp:attachment":[{"href":"https:\/\/www.ucaldas.edu.co\/portal\/wp-json\/wp\/v2\/media?parent=76212"}],"wp:term":[{"taxonomy":"category","embeddable":true,"href":"https:\/\/www.ucaldas.edu.co\/portal\/wp-json\/wp\/v2\/categories?post=76212"},{"taxonomy":"post_tag","embeddable":true,"href":"https:\/\/www.ucaldas.edu.co\/portal\/wp-json\/wp\/v2\/tags?post=76212"}],"curies":[{"name":"wp","href":"https:\/\/api.w.org\/{rel}","templated":true}]}}